{"id":66125,"date":"2012-11-27T09:06:33","date_gmt":"2012-11-27T08:06:33","guid":{"rendered":"http:\/\/www.visit-ulcinj.com\/blog\/?p=66125"},"modified":"2012-12-02T08:11:28","modified_gmt":"2012-12-02T07:11:28","slug":"koreodrama-kalendari-mahniti-edhe-kosovaret","status":"publish","type":"post","link":"https:\/\/www.visit-ulcinj.com\/blog\/2012\/11\/27\/koreodrama-kalendari-mahniti-edhe-kosovaret\/","title":{"rendered":"Koreodrama &#8220;Kalendari&#8221; mahniti edhe kosovaret &#8211; Video"},"content":{"rendered":"<p><a href=\"http:\/\/www.visit-ulcinj.com\/blog\/wp-content\/uploads\/2012\/11\/koreodrama-kalendari.jpg\"><img loading=\"lazy\" class=\"alignleft  wp-image-66126\" title=\"koreodrama kalendari\" src=\"http:\/\/www.visit-ulcinj.com\/blog\/wp-content\/uploads\/2012\/11\/koreodrama-kalendari.jpg\" alt=\"\" width=\"300\" height=\"200\" \/><\/a>M\u00eb 26.11.2012 Ne Teatrin Komb\u00ebtar\u00eb t\u00eb Prishtines u shfaq koreodrama &#8220;Kalendari&#8221; nga shqip\u00ebtaret ne Malin e Zi .Me regji te Munib Abazit,tekst te Valbona Hoxhes,koreografi te Musa Hoxhes,muzik\u00eb te Ardian Hasanages,skenografi te Agron Ujkashit si dhe udheq\u00ebs artistik Basri Milla.Koreodrama perfshinte tri pjes\u00eb, nje zinxhir vallesh trAdicionale dhe bashkohore, duke v\u00ebn\u00eb ne qend\u00ebr te vemendjes nje pjese tragjike te nj\u00eb familjes s\u00eb ndar\u00eb n\u00eb dy\u00a0shtete, nga\u00a0vija kufitare\u00a0me Shqip\u00ebrine.Interpretuan Atif Hasanaga, Flutur Mustafa, Jenuz Abazi, Anida Kollari, Shkolla e vallzimit Porta Didanza dhe shka Zana. Salla e mbushur plot me vllez\u00ebrit e moterat kosovare, mbizotroj emocioni dhe duartrokitjet nuk\u00a0kishin t\u00eb ndaluar.<\/p>\n<p><strong>Arbra Kurmemi\u00a0<\/strong><\/p>\n<p><iframe loading=\"lazy\" width=\"508\" height=\"360\" src=\"http:\/\/www.youtube.com\/embed\/8M88-Bz5TAs?rel=0\" frameborder=\"0\" allowfullscreen><\/iframe><\/p>\n","protected":false},"excerpt":{"rendered":"<p>M\u00eb 26.11.2012 Ne Teatrin Komb\u00ebtar\u00eb t\u00eb Prishtines u shfaq koreodrama &#8220;Kalendari&#8221; nga shqip\u00ebtaret ne Malin e Zi .Me regji te Munib Abazit,tekst te Valbona Hoxhes,koreografi te Musa Hoxhes,muzik\u00eb te Ardian Hasanages,skenografi te Agron Ujkashit si dhe udheq\u00ebs artistik Basri Milla.Koreodrama perfshinte tri pjes\u00eb, nje zinxhir vallesh trAdicionale dhe bashkohore, duke v\u00ebn\u00eb ne qend\u00ebr te vemendjes [&hellip;]<\/p>\n","protected":false},"author":1,"featured_media":0,"comment_status":"open","ping_status":"closed","sticky":false,"template":"","format":"standard","meta":{"spay_email":"","jetpack_publicize_message":"","jetpack_is_tweetstorm":false,"jetpack_publicize_feature_enabled":true},"categories":[1],"tags":[2306,200,18],"jetpack_publicize_connections":[],"yoast_head":"<!-- This site is optimized with the Yoast SEO plugin v19.1 - https:\/\/yoast.com\/wordpress\/plugins\/seo\/ -->\n<title>Koreodrama &quot;Kalendari&quot; mahniti edhe kosovaret - Video - Lajme nga Ulqini<\/title>\n<meta name=\"description\" content=\"M\u00eb 26.11.2012 Ne Teatrin Komb\u00ebtar\u00eb t\u00eb Prishtines u shfaq koreodrama &quot;Kalendari&quot; nga shqip\u00ebtaret ne Malin e Zi .Me regji te Munib Abazit,tekst te Valbona\" \/>\n<meta name=\"robots\" content=\"index, follow, max-snippet:-1, max-image-preview:large, max-video-preview:-1\" \/>\n<link rel=\"canonical\" href=\"https:\/\/www.visit-ulcinj.com\/blog\/2012\/11\/27\/koreodrama-kalendari-mahniti-edhe-kosovaret\/\" \/>\n<meta property=\"og:locale\" content=\"en_US\" \/>\n<meta property=\"og:type\" content=\"article\" \/>\n<meta property=\"og:title\" content=\"Koreodrama &quot;Kalendari&quot; mahniti edhe kosovaret - Video - Lajme nga Ulqini\" \/>\n<meta property=\"og:description\" content=\"M\u00eb 26.11.2012 Ne Teatrin Komb\u00ebtar\u00eb t\u00eb Prishtines u shfaq koreodrama &quot;Kalendari&quot; nga shqip\u00ebtaret ne Malin e Zi .Me regji te Munib Abazit,tekst te Valbona\" \/>\n<meta property=\"og:url\" content=\"https:\/\/www.visit-ulcinj.com\/blog\/2012\/11\/27\/koreodrama-kalendari-mahniti-edhe-kosovaret\/\" \/>\n<meta property=\"og:site_name\" content=\"Lajme nga Ulqini\" \/>\n<meta property=\"article:published_time\" content=\"2012-11-27T08:06:33+00:00\" \/>\n<meta property=\"article:modified_time\" content=\"2012-12-02T07:11:28+00:00\" \/>\n<meta property=\"og:image\" content=\"http:\/\/www.visit-ulcinj.com\/blog\/wp-content\/uploads\/2012\/11\/koreodrama-kalendari.jpg\" \/>\n<meta name=\"twitter:label1\" content=\"Written by\" \/>\n\t<meta name=\"twitter:data1\" content=\"ulqini\" \/>\n\t<meta name=\"twitter:label2\" content=\"Est. reading time\" \/>\n\t<meta name=\"twitter:data2\" content=\"1 minute\" \/>\n<script type=\"application\/ld+json\" class=\"yoast-schema-graph\">{\"@context\":\"https:\/\/schema.org\",\"@graph\":[{\"@type\":\"WebSite\",\"@id\":\"https:\/\/www.visit-ulcinj.com\/blog\/#website\",\"url\":\"https:\/\/www.visit-ulcinj.com\/blog\/\",\"name\":\"Lajme nga Ulqini\",\"description\":\"Lajme,Vijesti,Ulqini,Ulqin,Crna Gora,Mali i Zi\",\"potentialAction\":[{\"@type\":\"SearchAction\",\"target\":{\"@type\":\"EntryPoint\",\"urlTemplate\":\"https:\/\/www.visit-ulcinj.com\/blog\/?s={search_term_string}\"},\"query-input\":\"required name=search_term_string\"}],\"inLanguage\":\"en-US\"},{\"@type\":\"ImageObject\",\"inLanguage\":\"en-US\",\"@id\":\"https:\/\/www.visit-ulcinj.com\/blog\/2012\/11\/27\/koreodrama-kalendari-mahniti-edhe-kosovaret\/#primaryimage\",\"url\":\"https:\/\/www.visit-ulcinj.com\/blog\/wp-content\/uploads\/2012\/11\/koreodrama-kalendari.jpg\",\"contentUrl\":\"https:\/\/www.visit-ulcinj.com\/blog\/wp-content\/uploads\/2012\/11\/koreodrama-kalendari.jpg\",\"width\":\"214\",\"height\":\"159\"},{\"@type\":\"WebPage\",\"@id\":\"https:\/\/www.visit-ulcinj.com\/blog\/2012\/11\/27\/koreodrama-kalendari-mahniti-edhe-kosovaret\/#webpage\",\"url\":\"https:\/\/www.visit-ulcinj.com\/blog\/2012\/11\/27\/koreodrama-kalendari-mahniti-edhe-kosovaret\/\",\"name\":\"Koreodrama \\\"Kalendari\\\" mahniti edhe kosovaret - Video - Lajme nga Ulqini\",\"isPartOf\":{\"@id\":\"https:\/\/www.visit-ulcinj.com\/blog\/#website\"},\"primaryImageOfPage\":{\"@id\":\"https:\/\/www.visit-ulcinj.com\/blog\/2012\/11\/27\/koreodrama-kalendari-mahniti-edhe-kosovaret\/#primaryimage\"},\"datePublished\":\"2012-11-27T08:06:33+00:00\",\"dateModified\":\"2012-12-02T07:11:28+00:00\",\"author\":{\"@id\":\"https:\/\/www.visit-ulcinj.com\/blog\/#\/schema\/person\/dcab619c614d3038751c63bc2aadc06d\"},\"description\":\"M\u00eb 26.11.2012 Ne Teatrin Komb\u00ebtar\u00eb t\u00eb Prishtines u shfaq koreodrama \\\"Kalendari\\\" nga shqip\u00ebtaret ne Malin e Zi .Me regji te Munib Abazit,tekst te Valbona\",\"breadcrumb\":{\"@id\":\"https:\/\/www.visit-ulcinj.com\/blog\/2012\/11\/27\/koreodrama-kalendari-mahniti-edhe-kosovaret\/#breadcrumb\"},\"inLanguage\":\"en-US\",\"potentialAction\":[{\"@type\":\"ReadAction\",\"target\":[\"https:\/\/www.visit-ulcinj.com\/blog\/2012\/11\/27\/koreodrama-kalendari-mahniti-edhe-kosovaret\/\"]}]},{\"@type\":\"BreadcrumbList\",\"@id\":\"https:\/\/www.visit-ulcinj.com\/blog\/2012\/11\/27\/koreodrama-kalendari-mahniti-edhe-kosovaret\/#breadcrumb\",\"itemListElement\":[{\"@type\":\"ListItem\",\"position\":1,\"name\":\"Koreodrama &#8220;Kalendari&#8221; mahniti edhe kosovaret &#8211; Video\"}]},{\"@type\":\"Person\",\"@id\":\"https:\/\/www.visit-ulcinj.com\/blog\/#\/schema\/person\/dcab619c614d3038751c63bc2aadc06d\",\"name\":\"ulqini\",\"sameAs\":[\"http:\/\/www.visit-ulcinj.com\"],\"url\":\"https:\/\/www.visit-ulcinj.com\/blog\/author\/admin\/\"}]}<\/script>\n<!-- \/ Yoast SEO plugin. -->","yoast_head_json":{"title":"Koreodrama \"Kalendari\" mahniti edhe kosovaret - Video - Lajme nga Ulqini","description":"M\u00eb 26.11.2012 Ne Teatrin Komb\u00ebtar\u00eb t\u00eb Prishtines u shfaq koreodrama \"Kalendari\" nga shqip\u00ebtaret ne Malin e Zi .Me regji te Munib Abazit,tekst te Valbona","robots":{"index":"index","follow":"follow","max-snippet":"max-snippet:-1","max-image-preview":"max-image-preview:large","max-video-preview":"max-video-preview:-1"},"canonical":"https:\/\/www.visit-ulcinj.com\/blog\/2012\/11\/27\/koreodrama-kalendari-mahniti-edhe-kosovaret\/","og_locale":"en_US","og_type":"article","og_title":"Koreodrama \"Kalendari\" mahniti edhe kosovaret - Video - Lajme nga Ulqini","og_description":"M\u00eb 26.11.2012 Ne Teatrin Komb\u00ebtar\u00eb t\u00eb Prishtines u shfaq koreodrama \"Kalendari\" nga shqip\u00ebtaret ne Malin e Zi .Me regji te Munib Abazit,tekst te Valbona","og_url":"https:\/\/www.visit-ulcinj.com\/blog\/2012\/11\/27\/koreodrama-kalendari-mahniti-edhe-kosovaret\/","og_site_name":"Lajme nga Ulqini","article_published_time":"2012-11-27T08:06:33+00:00","article_modified_time":"2012-12-02T07:11:28+00:00","og_image":[{"url":"http:\/\/www.visit-ulcinj.com\/blog\/wp-content\/uploads\/2012\/11\/koreodrama-kalendari.jpg"}],"twitter_misc":{"Written by":"ulqini","Est. reading time":"1 minute"},"schema":{"@context":"https:\/\/schema.org","@graph":[{"@type":"WebSite","@id":"https:\/\/www.visit-ulcinj.com\/blog\/#website","url":"https:\/\/www.visit-ulcinj.com\/blog\/","name":"Lajme nga Ulqini","description":"Lajme,Vijesti,Ulqini,Ulqin,Crna Gora,Mali i Zi","potentialAction":[{"@type":"SearchAction","target":{"@type":"EntryPoint","urlTemplate":"https:\/\/www.visit-ulcinj.com\/blog\/?s={search_term_string}"},"query-input":"required name=search_term_string"}],"inLanguage":"en-US"},{"@type":"ImageObject","inLanguage":"en-US","@id":"https:\/\/www.visit-ulcinj.com\/blog\/2012\/11\/27\/koreodrama-kalendari-mahniti-edhe-kosovaret\/#primaryimage","url":"https:\/\/www.visit-ulcinj.com\/blog\/wp-content\/uploads\/2012\/11\/koreodrama-kalendari.jpg","contentUrl":"https:\/\/www.visit-ulcinj.com\/blog\/wp-content\/uploads\/2012\/11\/koreodrama-kalendari.jpg","width":"214","height":"159"},{"@type":"WebPage","@id":"https:\/\/www.visit-ulcinj.com\/blog\/2012\/11\/27\/koreodrama-kalendari-mahniti-edhe-kosovaret\/#webpage","url":"https:\/\/www.visit-ulcinj.com\/blog\/2012\/11\/27\/koreodrama-kalendari-mahniti-edhe-kosovaret\/","name":"Koreodrama \"Kalendari\" mahniti edhe kosovaret - Video - Lajme nga Ulqini","isPartOf":{"@id":"https:\/\/www.visit-ulcinj.com\/blog\/#website"},"primaryImageOfPage":{"@id":"https:\/\/www.visit-ulcinj.com\/blog\/2012\/11\/27\/koreodrama-kalendari-mahniti-edhe-kosovaret\/#primaryimage"},"datePublished":"2012-11-27T08:06:33+00:00","dateModified":"2012-12-02T07:11:28+00:00","author":{"@id":"https:\/\/www.visit-ulcinj.com\/blog\/#\/schema\/person\/dcab619c614d3038751c63bc2aadc06d"},"description":"M\u00eb 26.11.2012 Ne Teatrin Komb\u00ebtar\u00eb t\u00eb Prishtines u shfaq koreodrama \"Kalendari\" nga shqip\u00ebtaret ne Malin e Zi .Me regji te Munib Abazit,tekst te Valbona","breadcrumb":{"@id":"https:\/\/www.visit-ulcinj.com\/blog\/2012\/11\/27\/koreodrama-kalendari-mahniti-edhe-kosovaret\/#breadcrumb"},"inLanguage":"en-US","potentialAction":[{"@type":"ReadAction","target":["https:\/\/www.visit-ulcinj.com\/blog\/2012\/11\/27\/koreodrama-kalendari-mahniti-edhe-kosovaret\/"]}]},{"@type":"BreadcrumbList","@id":"https:\/\/www.visit-ulcinj.com\/blog\/2012\/11\/27\/koreodrama-kalendari-mahniti-edhe-kosovaret\/#breadcrumb","itemListElement":[{"@type":"ListItem","position":1,"name":"Koreodrama &#8220;Kalendari&#8221; mahniti edhe kosovaret &#8211; Video"}]},{"@type":"Person","@id":"https:\/\/www.visit-ulcinj.com\/blog\/#\/schema\/person\/dcab619c614d3038751c63bc2aadc06d","name":"ulqini","sameAs":["http:\/\/www.visit-ulcinj.com"],"url":"https:\/\/www.visit-ulcinj.com\/blog\/author\/admin\/"}]}},"jetpack_featured_media_url":"","jetpack_sharing_enabled":true,"jetpack_shortlink":"https:\/\/wp.me\/pe6lTn-hcx","_links":{"self":[{"href":"https:\/\/www.visit-ulcinj.com\/blog\/wp-json\/wp\/v2\/posts\/66125"}],"collection":[{"href":"https:\/\/www.visit-ulcinj.com\/blog\/wp-json\/wp\/v2\/posts"}],"about":[{"href":"https:\/\/www.visit-ulcinj.com\/blog\/wp-json\/wp\/v2\/types\/post"}],"author":[{"embeddable":true,"href":"https:\/\/www.visit-ulcinj.com\/blog\/wp-json\/wp\/v2\/users\/1"}],"replies":[{"embeddable":true,"href":"https:\/\/www.visit-ulcinj.com\/blog\/wp-json\/wp\/v2\/comments?post=66125"}],"version-history":[{"count":3,"href":"https:\/\/www.visit-ulcinj.com\/blog\/wp-json\/wp\/v2\/posts\/66125\/revisions"}],"predecessor-version":[{"id":66340,"href":"https:\/\/www.visit-ulcinj.com\/blog\/wp-json\/wp\/v2\/posts\/66125\/revisions\/66340"}],"wp:attachment":[{"href":"https:\/\/www.visit-ulcinj.com\/blog\/wp-json\/wp\/v2\/media?parent=66125"}],"wp:term":[{"taxonomy":"category","embeddable":true,"href":"https:\/\/www.visit-ulcinj.com\/blog\/wp-json\/wp\/v2\/categories?post=66125"},{"taxonomy":"post_tag","embeddable":true,"href":"https:\/\/www.visit-ulcinj.com\/blog\/wp-json\/wp\/v2\/tags?post=66125"}],"curies":[{"name":"wp","href":"https:\/\/api.w.org\/{rel}","templated":true}]}}