{"id":66128,"date":"2012-11-27T18:37:03","date_gmt":"2012-11-27T17:37:03","guid":{"rendered":"http:\/\/www.visit-ulcinj.com\/blog\/?p=66128"},"modified":"2012-11-30T17:40:09","modified_gmt":"2012-11-30T16:40:09","slug":"ulqini-ne-kohen-e-shpalljes-se-pavaresise-se-shqiperise-video","status":"publish","type":"post","link":"https:\/\/www.visit-ulcinj.com\/blog\/2012\/11\/27\/ulqini-ne-kohen-e-shpalljes-se-pavaresise-se-shqiperise-video\/","title":{"rendered":"Ulqini n\u00eb koh\u00ebn e shpalljes s\u00eb pavar\u00ebsis\u00eb s\u00eb Shqip\u00ebris\u00eb + Video"},"content":{"rendered":"<p align=\"center\"><strong><a href=\"http:\/\/www.visit-ulcinj.com\/blog\/wp-content\/uploads\/2012\/11\/Ulqini-dhe-100-vjetori-i-pavarsise.jpg\"><img loading=\"lazy\" class=\"alignleft  wp-image-66129\" title=\"Ulqini dhe 100 vjetori i pavarsise\" src=\"http:\/\/www.visit-ulcinj.com\/blog\/wp-content\/uploads\/2012\/11\/Ulqini-dhe-100-vjetori-i-pavarsise-1024x397.jpg\" alt=\"\" width=\"508\" height=\"360\" \/><\/a>Q\u00cbNDRESA ME DINJITET N\u00cb KAMPIN USHTARAK<\/strong><\/p>\n<p style=\"text-align: left;\" align=\"center\">Shpalljen e pavar\u00ebsis\u00eb s\u00eb shtetit shqiptar Ulqini e priti si nj\u00eb kamp i madh\u00eb ushtarak. Ulqinak\u00ebve n\u00eb at\u00eb koh\u00eb u mbeti q\u00eb t\u00eb jetojn\u00eb dhe t\u00eb mbijetojn\u00eb me kujtimin p\u00ebr lavdin\u00eb e dikurshme, me frik\u00ebn e p\u00ebrhershme, por me shpres\u00ebn se e ardhmja m\u00eb e mir\u00eb patjet\u00ebr do t\u00eb vij\u00eb.<\/p>\n<p>Mbas anektimit nga Mali i Zi, m\u00eb 26 n\u00ebntor 1880, Ulqini stagnoi n\u00eb zhvillim. P\u00ebrs\u00ebri mbeti n\u00eb margjinat e historis\u00eb. Kontinuiteti u nd\u00ebrpre, trash\u00ebgimia filloi t\u00eb shkat\u00ebrrohet n\u00eb m\u00ebnyr\u00eb dramatike. Administruesit e rinj nuk mund t\u00eb kuptonin shpirtin dhe d\u00ebshirat e ulqinak\u00ebve, por as planet e tyre nuk p\u00ebrputheshin. Derisa banor\u00ebt e k\u00ebtij qyteti donin t\u00eb mbeteshin ata q\u00eb ishin dhe t\u00eb punonin p\u00ebr prosperitetin e vet dhe prosperitetin e bashk\u00ebsis\u00eb s\u00eb vet, pushteti b\u00ebnte p\u00ebrpjekje q\u00eb t\u2019i varf\u00ebroj\u00eb dhe t\u2019i asimiloj\u00eb ata. N\u00eb t\u00eb par\u00ebn ia arrit\u00ebn q\u00ebllimit, n\u00eb t\u00eb dyt\u00ebn jo.<\/p>\n<p>Kur malazez\u00ebt e mor\u00ebn Ulqinin, ai kishte rreth 170 velanije, nd\u00ebrsa jo m\u00eb shum\u00eb se tridhjet\u00eb vjet m\u00eb von\u00eb ky num\u00ebr ra n\u00eb 15!? \u201cUlqini me anijet e veta ka nj\u00eb dometh\u00ebnie t\u00eb madhe, nd\u00ebrsa pa to asgj\u00eb\u201d, shkruante vojvoda malazez Sima Popoviqi. Sepse, detaria ishte profesioni kryesor i ulqinak\u00ebve, zanati i detarit rridhte n\u00eb damar\u00ebt e tyre, deti ishte baza kryesore e ekonomis\u00eb dhe e jet\u00ebs s\u00eb tyre. Gjat\u00eb shekujve t\u00eb t\u00ebr\u00eb rrjedhat ekonomike detare caktonin kryesisht edhe jet\u00ebn shoq\u00ebrore t\u00eb Ulqinit dhe t\u00eb t\u00ebr\u00eb k\u00ebsaj treve, e madje edhe gjith\u00eb bregdetit shqiptar. Gjithmon\u00eb kur n\u00eb Shqip\u00ebri flitej p\u00ebr detin dhe detar\u00ebt, asocimi i par\u00eb ishte p\u00ebr Ulqinin dhe ulqinak\u00ebt.<\/p>\n<p>Pushteti malazez me nj\u00eb politik\u00eb t\u00eb paramenduar e p\u00ebrkeq\u00ebsoi situat\u00ebn. Edhe pse pas anektimit zyrtar\u00ebt thoshin se ulqinak\u00ebt nuk do t\u00eb ken\u00eb detyrime ushtarake, urdh\u00ebruan q\u00eb \u00e7do mashkull i mosh\u00ebs 18 deri 50 vje\u00e7are duhet t\u00eb sh\u00ebrbej\u00eb patjet\u00ebr n\u00eb ushtrin\u00eb malazeze. Nj\u00eb urdh\u00ebr t\u00eb till\u00eb pronar\u00ebt e anijeve, an\u00ebtar\u00ebt e familjeve t\u00eb tyre dhe t\u00eb ekuipazhit (rreth 900 persona), refuzuan dhe u detyruan t\u00eb shp\u00ebrnguleshin n\u00eb Shqip\u00ebri.<\/p>\n<p>Ulqini n\u00eb vitin 1912 kishte di\u00e7 m\u00eb pak se kat\u00ebr mij\u00eb banor\u00eb. Prej tyre pothuaj nj\u00eb t\u00eb tret\u00ebn e b\u00ebnin joshqiptar\u00ebt. M\u00eb par\u00eb se Mali i Zi ta aneksonte Ulqini kishte rreth shtat\u00eb mij\u00eb banor\u00eb, t\u00eb cil\u00ebt pothuaj q\u00eb t\u00eb gjith\u00eb ishin shqiptar\u00eb. N\u00eb Shkod\u00ebr dhe n\u00eb qytete t\u00eb tjera n\u00eb Shqip\u00ebri pas viteve 1878 dhe 1880 emigruan 413 familje, q\u00eb p\u00ebrb\u00ebnte pothuaj gjysm\u00ebn e popullsis\u00eb s\u00eb qytetit. Pronat e tyre pushteti malazez i ndante pa kurrfar\u00eb sistemi: kryesisht 10-20 rala tok\u00eb n\u00eb fush\u00ebn e Ulqinit. Toka ndahej sipas d\u00ebshir\u00ebs s\u00eb atij q\u00eb e k\u00ebrkonte ose e kishte t\u00eb njohur at\u00eb q\u00eb e ndante. Madje n\u00eb fillim t\u00eb vitit 1910 Kuvendi n\u00eb Cetin\u00eb \u201cp\u00ebr tu forcuar siguria e shtetit t\u00eb zgjeruar n\u00eb zonat kufitare\u201d pruri \u201cLigjin p\u00ebr ndarjen dhe shfryt\u00ebzimin e Malit t\u00eb Brinj\u00ebs\u201d. Nga kjo zon\u00eb jan\u00eb d\u00ebbuar rreth 350 njer\u00ebz. Pjesa m\u00eb e madhe e tyre iku n\u00eb Shqip\u00ebri dhe n\u00eb fshatin Ambull, n\u00eb zon\u00ebn e An\u00ebs s\u00eb Malit, e cila deri n\u00eb vitin 1912 gjendej n\u00eb Perandorin\u00eb turke.<\/p>\n<p>Mir\u00ebpo, as kjo nuk u mjaftonte kolonizuesve. Mendonin se gjithmon\u00eb do t\u00eb jetonin nga meritat, e jo nga puna e tyre. Shum\u00eb nga ata, nga varf\u00ebria dhe borxhet, qen\u00eb t\u00eb detyruar q\u00eb pas disa vjet\u00ebve t\u00eb shp\u00ebrngulen dhe t\u2019i shesin \u201cpronat e veta\u201d n\u00eb Ulqin. Edhe m\u00eb r\u00ebnd\u00eb u binte fakti se ishin gjendur n\u00eb rrethin q\u00eb absolutisht nuk e kuptonin. \u201cUlqini p\u00ebr malazez\u00ebt ishte i larg\u00ebt, i huaj p\u00ebr nga gjuha, feja dhe gjendja ekonomike\u201d, shkruan n\u00eb vitin 1909 shkenc\u00ebtari \u00e7ek Viktor Dvorski.<\/p>\n<p>Edhe ulqinak\u00ebt v\u00ebshtir\u00eb e pranonin pushtetin malazez, gj\u00eb q\u00eb mund t\u00eb shihet nga fakti q\u00eb vijon. N\u00eb zgjedhjet e mbajtura n\u00eb shtator t\u00eb vitit 1911 votuan vet\u00ebm nj\u00eb e kat\u00ebrta e atyre\u00a0 q\u00eb kishin t\u00eb drejt\u00eb vote. N\u00ebse m\u00eb par\u00eb kemi cekur se joshqiptar\u00ebt p\u00ebrb\u00ebnin nj\u00eb t\u00eb tret\u00ebn e banor\u00ebve t\u00eb qytetit at\u00ebher\u00eb \u00ebsht\u00eb e qart\u00eb se numri i atyre shqiptar\u00ebve q\u00eb tregonin besnik\u00ebri ndaj pushtetit autokrat t\u00eb krajl Nikoll\u00ebs ishte tep\u00ebr i vog\u00ebl.<\/p>\n<p>Pushteti malazez p\u00ebrpiqej dhe d\u00ebshironte q\u00eb gjithmon\u00eb n\u00eb mesin e shqiptar\u00ebve t\u00eb ket\u00eb njer\u00ebzit e vet duke i shp\u00ebrblyer me para dhe pozita p\u00ebr besnik\u00ebrin\u00eb e tyre. Po ashtu i shfryt\u00ebzonte p\u00ebr planet e veta p\u00ebr cop\u00ebtimin e Shqip\u00ebris\u00eb dhe \u201c\u00e7lirimin e Shkodr\u00ebs\u201d. Andaj edhe krajl Nikolla armatosi dhe ndihmoi n\u00eb t\u00eb gjitha m\u00ebnyrat kryengritjet e fiseve mal\u00ebsore n\u00eb Shqip\u00ebrin\u00eb Veriore gjat\u00eb viteve 1911 dhe 1912 kund\u00ebr pushtetit osman. Madje n\u00eb Cetin\u00eb, n\u00eb korrik t\u00eb vitit 1912, u zhvilluan bisedime n\u00eb mes p\u00ebrfaq\u00ebsuesve t\u00eb Malit t\u00eb Zi dhe Perandoris\u00eb Osmane p\u00ebr nd\u00ebrprerjen e kryengritjes s\u00eb shqiptar\u00ebve.<\/p>\n<p>Mir\u00ebpo, Mali i Zi ndaj shqiptar\u00ebve udh\u00ebhoqi nj\u00eb politik\u00eb jokorrekte. K\u00ebshtu n\u00eb tetor t\u00eb vitit 1911 ushtria malazeze e hoqi me dhun\u00eb flamurin shqiptar q\u00eb ishte ngritur n\u00eb Tuz, n\u00eb qendr\u00ebn e Mal\u00ebsis\u00eb.<\/p>\n<p>Populli malazez p\u00ebr \u201cq\u00ebrimin definitiv t\u00eb hesapeve me turqit\u201d u mobilizua me propagand\u00ebn e fuqishme q\u00eb b\u00ebhej n\u00eb shkolla, si dhe me p\u00ebrrallat se \u201cShkodra gjithmon\u00eb ka qen\u00eb pjes\u00eb e Malit t\u00eb Zi\u201d. Duke mos e kuptuar se kjo pik\u00ebrisht \u00ebsht\u00eb nj\u00eb grack\u00eb p\u00ebr Beogradin q\u00eb nuk e p\u00ebrkrahte, krajl Nikolla i moshuar dhe me ambicie t\u00eb s\u00ebmura \u201cSerbis\u00eb si mot\u00ebr\u201d i propozoi q\u00eb mos t\u00eb lejojn\u00eb q\u00eb t\u00eb krijohet nj\u00eb Shqip\u00ebri e pavarur dhe se kryengritjet e shqiptar\u00ebve t\u2019i shfryt\u00ebzojn\u00eb p\u00ebr t\u00eb ndar\u00eb Shqip\u00ebrin\u00eb dhe Kosov\u00ebn. Malit t\u00eb Zi, sipas propozimit t\u00eb tij, duhet t\u2019i takonin Metohia (Rrafshi i Dukagjinit), Prizreni, Shkodra dhe gjysma e Sanxhakut, nd\u00ebrsa Serbis\u00eb gjysma tjet\u00ebr e Sanxhakut, Kosova, Shkupi, Dibra dhe Durr\u00ebsi!?<\/p>\n<p>Ulqini me rrethin\u00ebn e gjer\u00eb gjat\u00eb t\u00ebr\u00eb atij viti ishte kamp ushtarak. N\u00eb k\u00ebt\u00eb hap\u00ebsir\u00eb ishin vendosur rreth tet\u00eb mij\u00eb ushtar\u00eb t\u00eb cil\u00ebt, n\u00eb sinjalin e \u201cGospodarit Nikoll\u00ebs\u201d, p\u00ebrgatiteshin q\u00eb p\u00ebrmes malit t\u00eb Taraboshit t\u00eb v\u00ebrsulen p\u00ebr pushtimin e Shkodr\u00ebs. Urdhri p\u00ebr t\u00eb filluar operacionet erdhi m\u00eb 24 shtator t\u00eb vitit 1912 kur Mali i Zi i shpalli luft\u00eb Turqis\u00eb; Serbia k\u00ebt\u00eb e b\u00ebri dhjet\u00eb dit\u00eb m\u00eb von\u00eb. Menj\u00ebher\u00eb u pushtua zona tep\u00ebr pjellore e An\u00ebs s\u00eb Malit, ku n\u00eb rreth nj\u00ebzet fshatra jetonin rreth shtat\u00eb mij\u00eb shqiptar\u00eb, si dhe disa pjes\u00eb t\u00eb Kraj\u00ebs.<\/p>\n<p>\u00cbsht\u00eb evidente, pra, se d\u00ebshira p\u00ebr grabitje territoresh t\u00eb reja dhe lajmi se po p\u00ebrgatitej shpallja e pavar\u00ebsis\u00eb s\u00eb Shqip\u00ebris\u00eb e shtyu Cetin\u00ebn dhe Beogradin q\u00eb, n\u00eb kund\u00ebrshtim me men\u00e7urin\u00eb ushtarake, n\u00eb vjesht\u00eb t\u00eb hyjn\u00eb n\u00eb nj\u00eb luft\u00eb t\u00eb re. Mir\u00ebpo, trupat malazeze dhe serbe p\u00ebrparuan shum\u00eb shpejt. K\u00ebshtu q\u00eb m\u00eb 7 n\u00ebntor ushtria malazeze pushtoi Sh\u00ebngjinin dhe Lezh\u00ebn, n\u00eb m\u00ebnyr\u00eb q\u00eb t\u2019i siguroj\u00eb ushtris\u00eb serbe dep\u00ebrtim m\u00eb t\u00eb leht\u00eb n\u00eb drejtim t\u00eb Durr\u00ebsit, t\u00eb cilin ajo e pushtoi m\u00eb 29 n\u00ebntor. Shkodra n\u00eb gjasht\u00eb muajt e radh\u00ebs p\u00ebrjetoi dram\u00ebn m\u00eb t\u00eb madhe n\u00eb historin\u00eb e vet.<\/p>\n<p>Gjat\u00eb k\u00ebtyre p\u00ebrleshjeve pushteti malazez kund\u00ebr d\u00ebshir\u00ebs s\u00eb tyre mobilizoi shum\u00eb ulqinak\u00eb p\u00ebr t\u00eb luftuar p\u00ebr pushtimin e Shkodr\u00ebs, nd\u00ebrsa anijet e tyre i p\u00ebrdori p\u00ebr nevojat ushtarake. K\u00ebshtu, p\u00ebr shembull, anija \u201cPrinc Mema\u201d, pron\u00eb e ulqinakut Mustaf\u00eb Balezi, gjat\u00eb vitit 1912 u vu n\u00ebn flamurin malazez. Ekuipazhin e paguante ushtria malazeze, sikur anija t\u00eb gjendej n\u00eb lundrim t\u00eb lir\u00eb. Pas p\u00ebrfundimit t\u00eb luft\u00ebs iu kthye pronarit.<\/p>\n<p>Sido q\u00eb t\u00eb jet\u00eb, ulqinak\u00ebt nuk e kishin aspak t\u00eb leht\u00eb t\u00eb mbijetonin n\u00eb vatrat e tyre n\u00eb rrethana t\u00eb tilla, posa\u00e7\u00ebrisht kur dihet se gjat\u00eb t\u00ebr\u00eb historis\u00eb s\u00eb tyre ishin t\u00eb mb\u00ebshtetur n\u00eb Shkodr\u00ebn, e cila gjat\u00eb dy mij\u00ebvje\u00e7ar\u00ebve e gjysm\u00eb ishte qend\u00ebr kulturore dhe politike e popullit shqiptar. Mir\u00ebpo, me besim, durim dhe toleranc\u00eb, megjithat\u00eb ia arrit\u00ebn q\u00eb t\u00eb mbijetojn\u00eb n\u00eb k\u00ebt\u00eb vend t\u00eb rrahur nga er\u00ebrat. Shkenc\u00ebtari rus Pavle Apollonovi\u00e7 Rovinski, i cili q\u00ebndroi gjat\u00eb n\u00eb Ulqin, shkruan se ata posedojn\u00eb \u201ckarakteristika t\u00eb ve\u00e7anta t\u00eb cilat malazez\u00ebt nuk i kan\u00eb, si\u00e7 jan\u00eb zgjuarsia, dashuria ndaj pun\u00ebs dhe k\u00ebnaqja n\u00eb mas\u00eb t\u00eb caktuar me nevojat materiale jet\u00ebsore\u201d.<\/p>\n<p>Mir\u00ebpo, edhe p\u00ebrkund\u00ebr t\u00eb gjitha k\u00ebtyre pushteti i p\u00ebrjetonte shqiptar\u00ebt si trup i huaj. \u201cNuk \u00ebsht\u00eb larg koha kur ata do t\u00eb zhduken t\u00ebr\u00ebsisht. Kjo do t\u00eb ndodh\u00eb dal\u00ebngadal\u00eb, pothuaj n\u00eb m\u00ebnyr\u00eb t\u00eb padukshme\u201d, shkruante vojvoda i lartp\u00ebrmendur Popoviq. Kjo, fatmir\u00ebsisht, nuk ndodhi, sepse edhe Popoviqi erdhi n\u00eb p\u00ebrfundim se ulqinak\u00ebt e duan vendin e vet jasht\u00ebzakonisht: \u201cUlqinak\u00ebt pothuaj t\u00eb gjith\u00eb jan\u00eb detar\u00eb. Ata t\u00eb cil\u00ebt nuk marrin pjes\u00eb n\u00eb lundrim kan\u00eb nga nj\u00eb cop\u00eb tok\u00eb, kryesisht ullishta, e gjithashtu edhe pemishte dhe bah\u00e7e. T\u00eb gjitha k\u00ebto s\u00eb bashku me magjin\u00eb dhe rehatin\u00eb e jet\u00ebs pran\u00eb detit t\u00eb ngroht\u00eb kan\u00eb zhvilluar tek banor\u00ebt e Ulqinit besnik\u00ebrin\u00eb e pap\u00ebrballueshme ndaj vendit t\u00eb vet\u201d.<\/p>\n<p>Ulqinak\u00ebve n\u00eb koh\u00ebn e shpalljes s\u00eb pavar\u00ebsis\u00eb s\u00eb shtetit t\u00eb vet am\u00eb u mbeti q\u00eb t\u00eb mbijetojn\u00eb me kujtimet n\u00eb lavdin\u00eb e vjet\u00ebr, q\u00eb edhe pse n\u00eb frik\u00eb t\u00eb vazhdueshme, t\u00eb p\u00ebrpiqeshin t\u00eb ruajn\u00eb gjuh\u00ebn e vet, tradit\u00ebn dhe adetet, gjithmon\u00eb me shpres\u00ebn se e ardhmja m\u00eb e mir\u00eb do t\u00eb vij\u00eb patjet\u00ebr. Pik\u00ebrisht para nj\u00eb shekulli shkenc\u00ebtari \u00e7ek Jozef jan Svatek n\u00eb m\u00ebnyr\u00eb profetike shkroi: \u201cJam i sigurt se nuk do kaloj\u00eb shum\u00eb koh\u00eb dhe se me rritjen e numrit t\u00eb mysafir\u00ebve Ulqini do ta tejkaloj\u00eb munges\u00ebn e komforit dhe at\u00ebher\u00eb do t\u00eb b\u00ebhet nj\u00ebri nd\u00ebr k\u00ebndet m\u00eb t\u00eb bukura t\u00eb Adriatikut, po ashtu edhe m\u00eb romantiku\u201d.<\/p>\n<p>K\u00ebshtu edhe ndodhi! Fal\u00eb Zotit, sot n\u00eb Ulqin proporcionalisht jetojn\u00eb m\u00eb shum\u00eb shqiptar\u00eb sesa nj\u00ebqind vjet m\u00eb par\u00eb dhe me dinjitet festojn\u00eb jubileun e madh t\u00eb shtetit shqiptar.<\/p>\n<p>&nbsp;<\/p>\n<p align=\"right\"><strong>Mustafa CANKA<\/strong><\/p>\n<p><iframe loading=\"lazy\" src=\"http:\/\/www.youtube.com\/embed\/a1Qz4DFTIGE?rel=0\" frameborder=\"0\" width=\"508\" height=\"360\"><\/iframe><\/p>\n","protected":false},"excerpt":{"rendered":"<p>Q\u00cbNDRESA ME DINJITET N\u00cb KAMPIN USHTARAK Shpalljen e pavar\u00ebsis\u00eb s\u00eb shtetit shqiptar Ulqini e priti si nj\u00eb kamp i madh\u00eb ushtarak. Ulqinak\u00ebve n\u00eb at\u00eb koh\u00eb u mbeti q\u00eb t\u00eb jetojn\u00eb dhe t\u00eb mbijetojn\u00eb me kujtimin p\u00ebr lavdin\u00eb e dikurshme, me frik\u00ebn e p\u00ebrhershme, por me shpres\u00ebn se e ardhmja m\u00eb e mir\u00eb patjet\u00ebr do t\u00eb [&hellip;]<\/p>\n","protected":false},"author":1,"featured_media":0,"comment_status":"open","ping_status":"closed","sticky":false,"template":"","format":"standard","meta":{"spay_email":"","jetpack_publicize_message":"","jetpack_is_tweetstorm":false,"jetpack_publicize_feature_enabled":true},"categories":[7,1],"tags":[11609,21509,21512,212,17828,21239,17834,21237,18370,17811,21242,20884,7930,17831,18362,14353,17808,14354,12340,17840,17839,18363,21221,21222,18532,17835,21240,17814,17810,17816,17071,2319,21246,17807,21253,21468,21469,19517,3516,14652,17837,17827,21219,21416,8470,21244,21494,2338,21238,21248,14358,222,2321,17802,17812,17803,2323,3584,17820,1499,21236,21250,17825,17817,17805,21252,3169,305,21251,840,17823,17832,3506,17818,214,21231,3993,5913,17680,14362,14363,18371,21493,21230,21241,21513,3507,730,21471,21249,17800,498,3500,21421,21228,21255,115,14364,21234,18694,21254,21223,21418,17799,3327,21226,17841,3944,17826,15213,18236,3512,17806,18399,11648,18289,21233,17838,95,2348,21427,17813,17804,15141,347,19495,17836,14366,21510,3875,79,17073,18294,318,118,18368,18369,21417,21257,21258,1653,21420,21426,21419,2304,21261,21232,1909,21243,21224,14367,21235,2354,5380,17801,2306,2334,2335,21470,18360,21227,3577,17822,14368,14369,21225,21492,17824,14370,21247,18291,16228,21259,2083,3231,14371,21220,41,3617,5040,3582,2350,3722,21260,14372,17844,17821,18372,21256,17830,17077,18295,14375,17833,17829,899,21245,20894,3797,21229,200,18,17819,4243,16445,17809,2340,4265,14376],"jetpack_publicize_connections":[],"yoast_head":"<!-- This site is optimized with the Yoast SEO plugin v19.1 - https:\/\/yoast.com\/wordpress\/plugins\/seo\/ -->\n<title>Ulqini n\u00eb koh\u00ebn e shpalljes s\u00eb pavar\u00ebsis\u00eb s\u00eb Shqip\u00ebris\u00eb + Video - Lajme nga Ulqini<\/title>\n<meta name=\"description\" content=\"Q\u00cbNDRESA ME DINJITET N\u00cb KAMPIN USHTARAK Shpalljen e pavar\u00ebsis\u00eb s\u00eb shtetit shqiptar Ulqini e priti si nj\u00eb kamp i madh\u00eb ushtarak. Ulqinak\u00ebve n\u00eb at\u00eb koh\u00eb u\" \/>\n<meta name=\"robots\" content=\"index, follow, max-snippet:-1, max-image-preview:large, max-video-preview:-1\" \/>\n<link rel=\"canonical\" href=\"https:\/\/www.visit-ulcinj.com\/blog\/2012\/11\/27\/ulqini-ne-kohen-e-shpalljes-se-pavaresise-se-shqiperise-video\/\" \/>\n<meta property=\"og:locale\" content=\"en_US\" \/>\n<meta property=\"og:type\" content=\"article\" \/>\n<meta property=\"og:title\" content=\"Ulqini n\u00eb koh\u00ebn e shpalljes s\u00eb pavar\u00ebsis\u00eb s\u00eb Shqip\u00ebris\u00eb + Video - Lajme nga Ulqini\" \/>\n<meta property=\"og:description\" content=\"Q\u00cbNDRESA ME DINJITET N\u00cb KAMPIN USHTARAK Shpalljen e pavar\u00ebsis\u00eb s\u00eb shtetit shqiptar Ulqini e priti si nj\u00eb kamp i madh\u00eb ushtarak. Ulqinak\u00ebve n\u00eb at\u00eb koh\u00eb u\" \/>\n<meta property=\"og:url\" content=\"https:\/\/www.visit-ulcinj.com\/blog\/2012\/11\/27\/ulqini-ne-kohen-e-shpalljes-se-pavaresise-se-shqiperise-video\/\" \/>\n<meta property=\"og:site_name\" content=\"Lajme nga Ulqini\" \/>\n<meta property=\"article:published_time\" content=\"2012-11-27T17:37:03+00:00\" \/>\n<meta property=\"article:modified_time\" content=\"2012-11-30T16:40:09+00:00\" \/>\n<meta property=\"og:image\" content=\"http:\/\/www.visit-ulcinj.com\/blog\/wp-content\/uploads\/2012\/11\/Ulqini-dhe-100-vjetori-i-pavarsise-1024x397.jpg\" \/>\n<meta name=\"twitter:label1\" content=\"Written by\" \/>\n\t<meta name=\"twitter:data1\" content=\"ulqini\" \/>\n\t<meta name=\"twitter:label2\" content=\"Est. reading time\" \/>\n\t<meta name=\"twitter:data2\" content=\"9 minutes\" \/>\n<script type=\"application\/ld+json\" class=\"yoast-schema-graph\">{\"@context\":\"https:\/\/schema.org\",\"@graph\":[{\"@type\":\"WebSite\",\"@id\":\"https:\/\/www.visit-ulcinj.com\/blog\/#website\",\"url\":\"https:\/\/www.visit-ulcinj.com\/blog\/\",\"name\":\"Lajme nga Ulqini\",\"description\":\"Lajme,Vijesti,Ulqini,Ulqin,Crna Gora,Mali i Zi\",\"potentialAction\":[{\"@type\":\"SearchAction\",\"target\":{\"@type\":\"EntryPoint\",\"urlTemplate\":\"https:\/\/www.visit-ulcinj.com\/blog\/?s={search_term_string}\"},\"query-input\":\"required name=search_term_string\"}],\"inLanguage\":\"en-US\"},{\"@type\":\"ImageObject\",\"inLanguage\":\"en-US\",\"@id\":\"https:\/\/www.visit-ulcinj.com\/blog\/2012\/11\/27\/ulqini-ne-kohen-e-shpalljes-se-pavaresise-se-shqiperise-video\/#primaryimage\",\"url\":\"https:\/\/www.visit-ulcinj.com\/blog\/wp-content\/uploads\/2012\/11\/Ulqini-dhe-100-vjetori-i-pavarsise.jpg\",\"contentUrl\":\"https:\/\/www.visit-ulcinj.com\/blog\/wp-content\/uploads\/2012\/11\/Ulqini-dhe-100-vjetori-i-pavarsise.jpg\",\"width\":\"1114\",\"height\":\"432\"},{\"@type\":\"WebPage\",\"@id\":\"https:\/\/www.visit-ulcinj.com\/blog\/2012\/11\/27\/ulqini-ne-kohen-e-shpalljes-se-pavaresise-se-shqiperise-video\/#webpage\",\"url\":\"https:\/\/www.visit-ulcinj.com\/blog\/2012\/11\/27\/ulqini-ne-kohen-e-shpalljes-se-pavaresise-se-shqiperise-video\/\",\"name\":\"Ulqini n\u00eb koh\u00ebn e shpalljes s\u00eb pavar\u00ebsis\u00eb s\u00eb Shqip\u00ebris\u00eb + Video - Lajme nga Ulqini\",\"isPartOf\":{\"@id\":\"https:\/\/www.visit-ulcinj.com\/blog\/#website\"},\"primaryImageOfPage\":{\"@id\":\"https:\/\/www.visit-ulcinj.com\/blog\/2012\/11\/27\/ulqini-ne-kohen-e-shpalljes-se-pavaresise-se-shqiperise-video\/#primaryimage\"},\"datePublished\":\"2012-11-27T17:37:03+00:00\",\"dateModified\":\"2012-11-30T16:40:09+00:00\",\"author\":{\"@id\":\"https:\/\/www.visit-ulcinj.com\/blog\/#\/schema\/person\/dcab619c614d3038751c63bc2aadc06d\"},\"description\":\"Q\u00cbNDRESA ME DINJITET N\u00cb KAMPIN USHTARAK Shpalljen e pavar\u00ebsis\u00eb s\u00eb shtetit shqiptar Ulqini e priti si nj\u00eb kamp i madh\u00eb ushtarak. Ulqinak\u00ebve n\u00eb at\u00eb koh\u00eb u\",\"breadcrumb\":{\"@id\":\"https:\/\/www.visit-ulcinj.com\/blog\/2012\/11\/27\/ulqini-ne-kohen-e-shpalljes-se-pavaresise-se-shqiperise-video\/#breadcrumb\"},\"inLanguage\":\"en-US\",\"potentialAction\":[{\"@type\":\"ReadAction\",\"target\":[\"https:\/\/www.visit-ulcinj.com\/blog\/2012\/11\/27\/ulqini-ne-kohen-e-shpalljes-se-pavaresise-se-shqiperise-video\/\"]}]},{\"@type\":\"BreadcrumbList\",\"@id\":\"https:\/\/www.visit-ulcinj.com\/blog\/2012\/11\/27\/ulqini-ne-kohen-e-shpalljes-se-pavaresise-se-shqiperise-video\/#breadcrumb\",\"itemListElement\":[{\"@type\":\"ListItem\",\"position\":1,\"name\":\"Ulqini n\u00eb koh\u00ebn e shpalljes s\u00eb pavar\u00ebsis\u00eb s\u00eb Shqip\u00ebris\u00eb + Video\"}]},{\"@type\":\"Person\",\"@id\":\"https:\/\/www.visit-ulcinj.com\/blog\/#\/schema\/person\/dcab619c614d3038751c63bc2aadc06d\",\"name\":\"ulqini\",\"sameAs\":[\"http:\/\/www.visit-ulcinj.com\"],\"url\":\"https:\/\/www.visit-ulcinj.com\/blog\/author\/admin\/\"}]}<\/script>\n<!-- \/ Yoast SEO plugin. -->","yoast_head_json":{"title":"Ulqini n\u00eb koh\u00ebn e shpalljes s\u00eb pavar\u00ebsis\u00eb s\u00eb Shqip\u00ebris\u00eb + Video - Lajme nga Ulqini","description":"Q\u00cbNDRESA ME DINJITET N\u00cb KAMPIN USHTARAK Shpalljen e pavar\u00ebsis\u00eb s\u00eb shtetit shqiptar Ulqini e priti si nj\u00eb kamp i madh\u00eb ushtarak. Ulqinak\u00ebve n\u00eb at\u00eb koh\u00eb u","robots":{"index":"index","follow":"follow","max-snippet":"max-snippet:-1","max-image-preview":"max-image-preview:large","max-video-preview":"max-video-preview:-1"},"canonical":"https:\/\/www.visit-ulcinj.com\/blog\/2012\/11\/27\/ulqini-ne-kohen-e-shpalljes-se-pavaresise-se-shqiperise-video\/","og_locale":"en_US","og_type":"article","og_title":"Ulqini n\u00eb koh\u00ebn e shpalljes s\u00eb pavar\u00ebsis\u00eb s\u00eb Shqip\u00ebris\u00eb + Video - Lajme nga Ulqini","og_description":"Q\u00cbNDRESA ME DINJITET N\u00cb KAMPIN USHTARAK Shpalljen e pavar\u00ebsis\u00eb s\u00eb shtetit shqiptar Ulqini e priti si nj\u00eb kamp i madh\u00eb ushtarak. Ulqinak\u00ebve n\u00eb at\u00eb koh\u00eb u","og_url":"https:\/\/www.visit-ulcinj.com\/blog\/2012\/11\/27\/ulqini-ne-kohen-e-shpalljes-se-pavaresise-se-shqiperise-video\/","og_site_name":"Lajme nga Ulqini","article_published_time":"2012-11-27T17:37:03+00:00","article_modified_time":"2012-11-30T16:40:09+00:00","og_image":[{"url":"http:\/\/www.visit-ulcinj.com\/blog\/wp-content\/uploads\/2012\/11\/Ulqini-dhe-100-vjetori-i-pavarsise-1024x397.jpg"}],"twitter_misc":{"Written by":"ulqini","Est. reading time":"9 minutes"},"schema":{"@context":"https:\/\/schema.org","@graph":[{"@type":"WebSite","@id":"https:\/\/www.visit-ulcinj.com\/blog\/#website","url":"https:\/\/www.visit-ulcinj.com\/blog\/","name":"Lajme nga Ulqini","description":"Lajme,Vijesti,Ulqini,Ulqin,Crna Gora,Mali i Zi","potentialAction":[{"@type":"SearchAction","target":{"@type":"EntryPoint","urlTemplate":"https:\/\/www.visit-ulcinj.com\/blog\/?s={search_term_string}"},"query-input":"required name=search_term_string"}],"inLanguage":"en-US"},{"@type":"ImageObject","inLanguage":"en-US","@id":"https:\/\/www.visit-ulcinj.com\/blog\/2012\/11\/27\/ulqini-ne-kohen-e-shpalljes-se-pavaresise-se-shqiperise-video\/#primaryimage","url":"https:\/\/www.visit-ulcinj.com\/blog\/wp-content\/uploads\/2012\/11\/Ulqini-dhe-100-vjetori-i-pavarsise.jpg","contentUrl":"https:\/\/www.visit-ulcinj.com\/blog\/wp-content\/uploads\/2012\/11\/Ulqini-dhe-100-vjetori-i-pavarsise.jpg","width":"1114","height":"432"},{"@type":"WebPage","@id":"https:\/\/www.visit-ulcinj.com\/blog\/2012\/11\/27\/ulqini-ne-kohen-e-shpalljes-se-pavaresise-se-shqiperise-video\/#webpage","url":"https:\/\/www.visit-ulcinj.com\/blog\/2012\/11\/27\/ulqini-ne-kohen-e-shpalljes-se-pavaresise-se-shqiperise-video\/","name":"Ulqini n\u00eb koh\u00ebn e shpalljes s\u00eb pavar\u00ebsis\u00eb s\u00eb Shqip\u00ebris\u00eb + Video - Lajme nga Ulqini","isPartOf":{"@id":"https:\/\/www.visit-ulcinj.com\/blog\/#website"},"primaryImageOfPage":{"@id":"https:\/\/www.visit-ulcinj.com\/blog\/2012\/11\/27\/ulqini-ne-kohen-e-shpalljes-se-pavaresise-se-shqiperise-video\/#primaryimage"},"datePublished":"2012-11-27T17:37:03+00:00","dateModified":"2012-11-30T16:40:09+00:00","author":{"@id":"https:\/\/www.visit-ulcinj.com\/blog\/#\/schema\/person\/dcab619c614d3038751c63bc2aadc06d"},"description":"Q\u00cbNDRESA ME DINJITET N\u00cb KAMPIN USHTARAK Shpalljen e pavar\u00ebsis\u00eb s\u00eb shtetit shqiptar Ulqini e priti si nj\u00eb kamp i madh\u00eb ushtarak. Ulqinak\u00ebve n\u00eb at\u00eb koh\u00eb u","breadcrumb":{"@id":"https:\/\/www.visit-ulcinj.com\/blog\/2012\/11\/27\/ulqini-ne-kohen-e-shpalljes-se-pavaresise-se-shqiperise-video\/#breadcrumb"},"inLanguage":"en-US","potentialAction":[{"@type":"ReadAction","target":["https:\/\/www.visit-ulcinj.com\/blog\/2012\/11\/27\/ulqini-ne-kohen-e-shpalljes-se-pavaresise-se-shqiperise-video\/"]}]},{"@type":"BreadcrumbList","@id":"https:\/\/www.visit-ulcinj.com\/blog\/2012\/11\/27\/ulqini-ne-kohen-e-shpalljes-se-pavaresise-se-shqiperise-video\/#breadcrumb","itemListElement":[{"@type":"ListItem","position":1,"name":"Ulqini n\u00eb koh\u00ebn e shpalljes s\u00eb pavar\u00ebsis\u00eb s\u00eb Shqip\u00ebris\u00eb + Video"}]},{"@type":"Person","@id":"https:\/\/www.visit-ulcinj.com\/blog\/#\/schema\/person\/dcab619c614d3038751c63bc2aadc06d","name":"ulqini","sameAs":["http:\/\/www.visit-ulcinj.com"],"url":"https:\/\/www.visit-ulcinj.com\/blog\/author\/admin\/"}]}},"jetpack_featured_media_url":"","jetpack_sharing_enabled":true,"jetpack_shortlink":"https:\/\/wp.me\/pe6lTn-hcA","_links":{"self":[{"href":"https:\/\/www.visit-ulcinj.com\/blog\/wp-json\/wp\/v2\/posts\/66128"}],"collection":[{"href":"https:\/\/www.visit-ulcinj.com\/blog\/wp-json\/wp\/v2\/posts"}],"about":[{"href":"https:\/\/www.visit-ulcinj.com\/blog\/wp-json\/wp\/v2\/types\/post"}],"author":[{"embeddable":true,"href":"https:\/\/www.visit-ulcinj.com\/blog\/wp-json\/wp\/v2\/users\/1"}],"replies":[{"embeddable":true,"href":"https:\/\/www.visit-ulcinj.com\/blog\/wp-json\/wp\/v2\/comments?post=66128"}],"version-history":[{"count":7,"href":"https:\/\/www.visit-ulcinj.com\/blog\/wp-json\/wp\/v2\/posts\/66128\/revisions"}],"predecessor-version":[{"id":66253,"href":"https:\/\/www.visit-ulcinj.com\/blog\/wp-json\/wp\/v2\/posts\/66128\/revisions\/66253"}],"wp:attachment":[{"href":"https:\/\/www.visit-ulcinj.com\/blog\/wp-json\/wp\/v2\/media?parent=66128"}],"wp:term":[{"taxonomy":"category","embeddable":true,"href":"https:\/\/www.visit-ulcinj.com\/blog\/wp-json\/wp\/v2\/categories?post=66128"},{"taxonomy":"post_tag","embeddable":true,"href":"https:\/\/www.visit-ulcinj.com\/blog\/wp-json\/wp\/v2\/tags?post=66128"}],"curies":[{"name":"wp","href":"https:\/\/api.w.org\/{rel}","templated":true}]}}