{"id":66135,"date":"2012-11-27T18:59:54","date_gmt":"2012-11-27T17:59:54","guid":{"rendered":"http:\/\/www.visit-ulcinj.com\/blog\/?p=66135"},"modified":"2012-11-27T18:59:54","modified_gmt":"2012-11-27T17:59:54","slug":"udsh-e-uron-100-vjetorin-i-pavaresise-se-shqiperise-dhe-festa-e-flamurit","status":"publish","type":"post","link":"https:\/\/www.visit-ulcinj.com\/blog\/2012\/11\/27\/udsh-e-uron-100-vjetorin-i-pavaresise-se-shqiperise-dhe-festa-e-flamurit\/","title":{"rendered":"UDSH-\u00eb uron 100 vjetorin i Pavar\u00ebsis\u00eb s\u00eb Shqip\u00ebris\u00eb dhe festa e Flamurit"},"content":{"rendered":"<p><a href=\"http:\/\/www.visit-ulcinj.com\/blog\/wp-content\/uploads\/2012\/11\/Mehmet-Zenka-UDSH-UlqinMali-i-Zi.jpg\"><img loading=\"lazy\" class=\"alignleft  wp-image-66136\" title=\"Mehmet-Zenka-UDSH-UlqinMali-i-Zi\" src=\"http:\/\/www.visit-ulcinj.com\/blog\/wp-content\/uploads\/2012\/11\/Mehmet-Zenka-UDSH-UlqinMali-i-Zi.jpg\" alt=\"\" width=\"508\" height=\"322\" \/><\/a>Ulqin, m\u00eb 27.11.2012<\/p>\n<p>Unioni Demokratik i Shqiptar\u00ebve uron Popullin Shqiptar\u00eb p\u00ebr 100 vjetorin\u00a0 e Shqip\u00ebris\u00eb s\u00eb Pamvarme.<\/p>\n<p>Urojm\u00eb q\u00eb gjith\u00eb subjektet politike shqiptare t\u00eb jen n\u00eb nivelin e p\u00ebrgjegj\u00ebsis\u00eb t\u00eb cil\u00ebn e k\u00ebrkon ky shekull i cili mban\u00eb emrin SHEKULL I SHQIPTAR\u00cbVE.<\/p>\n<p>Zoti i ndihmoft\u00eb dhe qoft\u00eb me shqiptar\u00eb kudo q\u00eb jan\u00eb.<\/p>\n<p>&nbsp;<\/p>\n<p>&nbsp;<\/p>\n<p>Kryetari i UDSH-s\u00eb,<\/p>\n<p>Mehmed Zenka<\/p>\n","protected":false},"excerpt":{"rendered":"<p>Ulqin, m\u00eb 27.11.2012 Unioni Demokratik i Shqiptar\u00ebve uron Popullin Shqiptar\u00eb p\u00ebr 100 vjetorin\u00a0 e Shqip\u00ebris\u00eb s\u00eb Pamvarme. Urojm\u00eb q\u00eb gjith\u00eb subjektet politike shqiptare t\u00eb jen n\u00eb nivelin e p\u00ebrgjegj\u00ebsis\u00eb t\u00eb cil\u00ebn e k\u00ebrkon ky shekull i cili mban\u00eb emrin SHEKULL I SHQIPTAR\u00cbVE. Zoti i ndihmoft\u00eb dhe qoft\u00eb me shqiptar\u00eb kudo q\u00eb jan\u00eb. &nbsp; &nbsp; Kryetari [&hellip;]<\/p>\n","protected":false},"author":1,"featured_media":0,"comment_status":"open","ping_status":"closed","sticky":false,"template":"","format":"standard","meta":{"spay_email":"","jetpack_publicize_message":"","jetpack_is_tweetstorm":false,"jetpack_publicize_feature_enabled":true},"categories":[12],"tags":[2394,200],"jetpack_publicize_connections":[],"yoast_head":"<!-- This site is optimized with the Yoast SEO plugin v19.1 - https:\/\/yoast.com\/wordpress\/plugins\/seo\/ -->\n<title>UDSH-\u00eb uron 100 vjetorin i Pavar\u00ebsis\u00eb s\u00eb Shqip\u00ebris\u00eb dhe festa e Flamurit - Lajme nga Ulqini<\/title>\n<meta name=\"description\" content=\"Ulqin, m\u00eb 27.11.2012 Unioni Demokratik i Shqiptar\u00ebve uron Popullin Shqiptar\u00eb p\u00ebr 100 vjetorin\u00a0 e Shqip\u00ebris\u00eb s\u00eb Pamvarme. Urojm\u00eb q\u00eb gjith\u00eb subjektet\" \/>\n<meta name=\"robots\" content=\"index, follow, max-snippet:-1, max-image-preview:large, max-video-preview:-1\" \/>\n<link rel=\"canonical\" href=\"https:\/\/www.visit-ulcinj.com\/blog\/2012\/11\/27\/udsh-e-uron-100-vjetorin-i-pavaresise-se-shqiperise-dhe-festa-e-flamurit\/\" \/>\n<meta property=\"og:locale\" content=\"en_US\" \/>\n<meta property=\"og:type\" content=\"article\" \/>\n<meta property=\"og:title\" content=\"UDSH-\u00eb uron 100 vjetorin i Pavar\u00ebsis\u00eb s\u00eb Shqip\u00ebris\u00eb dhe festa e Flamurit - Lajme nga Ulqini\" \/>\n<meta property=\"og:description\" content=\"Ulqin, m\u00eb 27.11.2012 Unioni Demokratik i Shqiptar\u00ebve uron Popullin Shqiptar\u00eb p\u00ebr 100 vjetorin\u00a0 e Shqip\u00ebris\u00eb s\u00eb Pamvarme. Urojm\u00eb q\u00eb gjith\u00eb subjektet\" \/>\n<meta property=\"og:url\" content=\"https:\/\/www.visit-ulcinj.com\/blog\/2012\/11\/27\/udsh-e-uron-100-vjetorin-i-pavaresise-se-shqiperise-dhe-festa-e-flamurit\/\" \/>\n<meta property=\"og:site_name\" content=\"Lajme nga Ulqini\" \/>\n<meta property=\"article:published_time\" content=\"2012-11-27T17:59:54+00:00\" \/>\n<meta property=\"og:image\" content=\"http:\/\/www.visit-ulcinj.com\/blog\/wp-content\/uploads\/2012\/11\/Mehmet-Zenka-UDSH-UlqinMali-i-Zi.jpg\" \/>\n<meta name=\"twitter:label1\" content=\"Written by\" \/>\n\t<meta name=\"twitter:data1\" content=\"ulqini\" \/>\n<script type=\"application\/ld+json\" class=\"yoast-schema-graph\">{\"@context\":\"https:\/\/schema.org\",\"@graph\":[{\"@type\":\"WebSite\",\"@id\":\"https:\/\/www.visit-ulcinj.com\/blog\/#website\",\"url\":\"https:\/\/www.visit-ulcinj.com\/blog\/\",\"name\":\"Lajme nga Ulqini\",\"description\":\"Lajme,Vijesti,Ulqini,Ulqin,Crna Gora,Mali i Zi\",\"potentialAction\":[{\"@type\":\"SearchAction\",\"target\":{\"@type\":\"EntryPoint\",\"urlTemplate\":\"https:\/\/www.visit-ulcinj.com\/blog\/?s={search_term_string}\"},\"query-input\":\"required name=search_term_string\"}],\"inLanguage\":\"en-US\"},{\"@type\":\"ImageObject\",\"inLanguage\":\"en-US\",\"@id\":\"https:\/\/www.visit-ulcinj.com\/blog\/2012\/11\/27\/udsh-e-uron-100-vjetorin-i-pavaresise-se-shqiperise-dhe-festa-e-flamurit\/#primaryimage\",\"url\":\"https:\/\/www.visit-ulcinj.com\/blog\/wp-content\/uploads\/2012\/11\/Mehmet-Zenka-UDSH-UlqinMali-i-Zi.jpg\",\"contentUrl\":\"https:\/\/www.visit-ulcinj.com\/blog\/wp-content\/uploads\/2012\/11\/Mehmet-Zenka-UDSH-UlqinMali-i-Zi.jpg\",\"width\":\"478\",\"height\":\"322\"},{\"@type\":\"WebPage\",\"@id\":\"https:\/\/www.visit-ulcinj.com\/blog\/2012\/11\/27\/udsh-e-uron-100-vjetorin-i-pavaresise-se-shqiperise-dhe-festa-e-flamurit\/#webpage\",\"url\":\"https:\/\/www.visit-ulcinj.com\/blog\/2012\/11\/27\/udsh-e-uron-100-vjetorin-i-pavaresise-se-shqiperise-dhe-festa-e-flamurit\/\",\"name\":\"UDSH-\u00eb uron 100 vjetorin i Pavar\u00ebsis\u00eb s\u00eb Shqip\u00ebris\u00eb dhe festa e Flamurit - Lajme nga Ulqini\",\"isPartOf\":{\"@id\":\"https:\/\/www.visit-ulcinj.com\/blog\/#website\"},\"primaryImageOfPage\":{\"@id\":\"https:\/\/www.visit-ulcinj.com\/blog\/2012\/11\/27\/udsh-e-uron-100-vjetorin-i-pavaresise-se-shqiperise-dhe-festa-e-flamurit\/#primaryimage\"},\"datePublished\":\"2012-11-27T17:59:54+00:00\",\"dateModified\":\"2012-11-27T17:59:54+00:00\",\"author\":{\"@id\":\"https:\/\/www.visit-ulcinj.com\/blog\/#\/schema\/person\/dcab619c614d3038751c63bc2aadc06d\"},\"description\":\"Ulqin, m\u00eb 27.11.2012 Unioni Demokratik i Shqiptar\u00ebve uron Popullin Shqiptar\u00eb p\u00ebr 100 vjetorin\u00a0 e Shqip\u00ebris\u00eb s\u00eb Pamvarme. Urojm\u00eb q\u00eb gjith\u00eb subjektet\",\"breadcrumb\":{\"@id\":\"https:\/\/www.visit-ulcinj.com\/blog\/2012\/11\/27\/udsh-e-uron-100-vjetorin-i-pavaresise-se-shqiperise-dhe-festa-e-flamurit\/#breadcrumb\"},\"inLanguage\":\"en-US\",\"potentialAction\":[{\"@type\":\"ReadAction\",\"target\":[\"https:\/\/www.visit-ulcinj.com\/blog\/2012\/11\/27\/udsh-e-uron-100-vjetorin-i-pavaresise-se-shqiperise-dhe-festa-e-flamurit\/\"]}]},{\"@type\":\"BreadcrumbList\",\"@id\":\"https:\/\/www.visit-ulcinj.com\/blog\/2012\/11\/27\/udsh-e-uron-100-vjetorin-i-pavaresise-se-shqiperise-dhe-festa-e-flamurit\/#breadcrumb\",\"itemListElement\":[{\"@type\":\"ListItem\",\"position\":1,\"name\":\"UDSH-\u00eb uron 100 vjetorin i Pavar\u00ebsis\u00eb s\u00eb Shqip\u00ebris\u00eb dhe festa e Flamurit\"}]},{\"@type\":\"Person\",\"@id\":\"https:\/\/www.visit-ulcinj.com\/blog\/#\/schema\/person\/dcab619c614d3038751c63bc2aadc06d\",\"name\":\"ulqini\",\"sameAs\":[\"http:\/\/www.visit-ulcinj.com\"],\"url\":\"https:\/\/www.visit-ulcinj.com\/blog\/author\/admin\/\"}]}<\/script>\n<!-- \/ Yoast SEO plugin. -->","yoast_head_json":{"title":"UDSH-\u00eb uron 100 vjetorin i Pavar\u00ebsis\u00eb s\u00eb Shqip\u00ebris\u00eb dhe festa e Flamurit - Lajme nga Ulqini","description":"Ulqin, m\u00eb 27.11.2012 Unioni Demokratik i Shqiptar\u00ebve uron Popullin Shqiptar\u00eb p\u00ebr 100 vjetorin\u00a0 e Shqip\u00ebris\u00eb s\u00eb Pamvarme. Urojm\u00eb q\u00eb gjith\u00eb subjektet","robots":{"index":"index","follow":"follow","max-snippet":"max-snippet:-1","max-image-preview":"max-image-preview:large","max-video-preview":"max-video-preview:-1"},"canonical":"https:\/\/www.visit-ulcinj.com\/blog\/2012\/11\/27\/udsh-e-uron-100-vjetorin-i-pavaresise-se-shqiperise-dhe-festa-e-flamurit\/","og_locale":"en_US","og_type":"article","og_title":"UDSH-\u00eb uron 100 vjetorin i Pavar\u00ebsis\u00eb s\u00eb Shqip\u00ebris\u00eb dhe festa e Flamurit - Lajme nga Ulqini","og_description":"Ulqin, m\u00eb 27.11.2012 Unioni Demokratik i Shqiptar\u00ebve uron Popullin Shqiptar\u00eb p\u00ebr 100 vjetorin\u00a0 e Shqip\u00ebris\u00eb s\u00eb Pamvarme. Urojm\u00eb q\u00eb gjith\u00eb subjektet","og_url":"https:\/\/www.visit-ulcinj.com\/blog\/2012\/11\/27\/udsh-e-uron-100-vjetorin-i-pavaresise-se-shqiperise-dhe-festa-e-flamurit\/","og_site_name":"Lajme nga Ulqini","article_published_time":"2012-11-27T17:59:54+00:00","og_image":[{"url":"http:\/\/www.visit-ulcinj.com\/blog\/wp-content\/uploads\/2012\/11\/Mehmet-Zenka-UDSH-UlqinMali-i-Zi.jpg"}],"twitter_misc":{"Written by":"ulqini"},"schema":{"@context":"https:\/\/schema.org","@graph":[{"@type":"WebSite","@id":"https:\/\/www.visit-ulcinj.com\/blog\/#website","url":"https:\/\/www.visit-ulcinj.com\/blog\/","name":"Lajme nga Ulqini","description":"Lajme,Vijesti,Ulqini,Ulqin,Crna Gora,Mali i Zi","potentialAction":[{"@type":"SearchAction","target":{"@type":"EntryPoint","urlTemplate":"https:\/\/www.visit-ulcinj.com\/blog\/?s={search_term_string}"},"query-input":"required name=search_term_string"}],"inLanguage":"en-US"},{"@type":"ImageObject","inLanguage":"en-US","@id":"https:\/\/www.visit-ulcinj.com\/blog\/2012\/11\/27\/udsh-e-uron-100-vjetorin-i-pavaresise-se-shqiperise-dhe-festa-e-flamurit\/#primaryimage","url":"https:\/\/www.visit-ulcinj.com\/blog\/wp-content\/uploads\/2012\/11\/Mehmet-Zenka-UDSH-UlqinMali-i-Zi.jpg","contentUrl":"https:\/\/www.visit-ulcinj.com\/blog\/wp-content\/uploads\/2012\/11\/Mehmet-Zenka-UDSH-UlqinMali-i-Zi.jpg","width":"478","height":"322"},{"@type":"WebPage","@id":"https:\/\/www.visit-ulcinj.com\/blog\/2012\/11\/27\/udsh-e-uron-100-vjetorin-i-pavaresise-se-shqiperise-dhe-festa-e-flamurit\/#webpage","url":"https:\/\/www.visit-ulcinj.com\/blog\/2012\/11\/27\/udsh-e-uron-100-vjetorin-i-pavaresise-se-shqiperise-dhe-festa-e-flamurit\/","name":"UDSH-\u00eb uron 100 vjetorin i Pavar\u00ebsis\u00eb s\u00eb Shqip\u00ebris\u00eb dhe festa e Flamurit - Lajme nga Ulqini","isPartOf":{"@id":"https:\/\/www.visit-ulcinj.com\/blog\/#website"},"primaryImageOfPage":{"@id":"https:\/\/www.visit-ulcinj.com\/blog\/2012\/11\/27\/udsh-e-uron-100-vjetorin-i-pavaresise-se-shqiperise-dhe-festa-e-flamurit\/#primaryimage"},"datePublished":"2012-11-27T17:59:54+00:00","dateModified":"2012-11-27T17:59:54+00:00","author":{"@id":"https:\/\/www.visit-ulcinj.com\/blog\/#\/schema\/person\/dcab619c614d3038751c63bc2aadc06d"},"description":"Ulqin, m\u00eb 27.11.2012 Unioni Demokratik i Shqiptar\u00ebve uron Popullin Shqiptar\u00eb p\u00ebr 100 vjetorin\u00a0 e Shqip\u00ebris\u00eb s\u00eb Pamvarme. Urojm\u00eb q\u00eb gjith\u00eb subjektet","breadcrumb":{"@id":"https:\/\/www.visit-ulcinj.com\/blog\/2012\/11\/27\/udsh-e-uron-100-vjetorin-i-pavaresise-se-shqiperise-dhe-festa-e-flamurit\/#breadcrumb"},"inLanguage":"en-US","potentialAction":[{"@type":"ReadAction","target":["https:\/\/www.visit-ulcinj.com\/blog\/2012\/11\/27\/udsh-e-uron-100-vjetorin-i-pavaresise-se-shqiperise-dhe-festa-e-flamurit\/"]}]},{"@type":"BreadcrumbList","@id":"https:\/\/www.visit-ulcinj.com\/blog\/2012\/11\/27\/udsh-e-uron-100-vjetorin-i-pavaresise-se-shqiperise-dhe-festa-e-flamurit\/#breadcrumb","itemListElement":[{"@type":"ListItem","position":1,"name":"UDSH-\u00eb uron 100 vjetorin i Pavar\u00ebsis\u00eb s\u00eb Shqip\u00ebris\u00eb dhe festa e Flamurit"}]},{"@type":"Person","@id":"https:\/\/www.visit-ulcinj.com\/blog\/#\/schema\/person\/dcab619c614d3038751c63bc2aadc06d","name":"ulqini","sameAs":["http:\/\/www.visit-ulcinj.com"],"url":"https:\/\/www.visit-ulcinj.com\/blog\/author\/admin\/"}]}},"jetpack_featured_media_url":"","jetpack_sharing_enabled":true,"jetpack_shortlink":"https:\/\/wp.me\/pe6lTn-hcH","_links":{"self":[{"href":"https:\/\/www.visit-ulcinj.com\/blog\/wp-json\/wp\/v2\/posts\/66135"}],"collection":[{"href":"https:\/\/www.visit-ulcinj.com\/blog\/wp-json\/wp\/v2\/posts"}],"about":[{"href":"https:\/\/www.visit-ulcinj.com\/blog\/wp-json\/wp\/v2\/types\/post"}],"author":[{"embeddable":true,"href":"https:\/\/www.visit-ulcinj.com\/blog\/wp-json\/wp\/v2\/users\/1"}],"replies":[{"embeddable":true,"href":"https:\/\/www.visit-ulcinj.com\/blog\/wp-json\/wp\/v2\/comments?post=66135"}],"version-history":[{"count":1,"href":"https:\/\/www.visit-ulcinj.com\/blog\/wp-json\/wp\/v2\/posts\/66135\/revisions"}],"predecessor-version":[{"id":66137,"href":"https:\/\/www.visit-ulcinj.com\/blog\/wp-json\/wp\/v2\/posts\/66135\/revisions\/66137"}],"wp:attachment":[{"href":"https:\/\/www.visit-ulcinj.com\/blog\/wp-json\/wp\/v2\/media?parent=66135"}],"wp:term":[{"taxonomy":"category","embeddable":true,"href":"https:\/\/www.visit-ulcinj.com\/blog\/wp-json\/wp\/v2\/categories?post=66135"},{"taxonomy":"post_tag","embeddable":true,"href":"https:\/\/www.visit-ulcinj.com\/blog\/wp-json\/wp\/v2\/tags?post=66135"}],"curies":[{"name":"wp","href":"https:\/\/api.w.org\/{rel}","templated":true}]}}