{"id":66138,"date":"2012-11-27T19:49:33","date_gmt":"2012-11-27T18:49:33","guid":{"rendered":"http:\/\/www.visit-ulcinj.com\/blog\/?p=66138"},"modified":"2012-11-27T19:50:28","modified_gmt":"2012-11-27T18:50:28","slug":"tahiri-uskracena-prava-albancima-u-crnoj-gori","status":"publish","type":"post","link":"https:\/\/www.visit-ulcinj.com\/blog\/2012\/11\/27\/tahiri-uskracena-prava-albancima-u-crnoj-gori\/","title":{"rendered":"Tahiri: Uskra\u0107ena prava albancima u Crnoj Gori"},"content":{"rendered":"<p><a href=\"http:\/\/www.visit-ulcinj.com\/blog\/wp-content\/uploads\/2012\/11\/Tahir-Tahiri.jpg\"><img loading=\"lazy\" class=\"alignleft  wp-image-66139\" title=\"Tahir Tahiri\" src=\"http:\/\/www.visit-ulcinj.com\/blog\/wp-content\/uploads\/2012\/11\/Tahir-Tahiri.jpg\" alt=\"\" width=\"508\" height=\"360\" \/><\/a>Albanci u Crnoj Gori s pravom tra\u017ee bolje uslove za \u017eivot i ve\u0107a nacionalnih prava, koja su nam uskra\u0107ena, rekao je predsjednik Nacionalnog savjeta Albanaca Tahir Tahiri u Ulcinju, gdje je proslavljena stogodi\u0161njica nezavisnosti Albanije.<br \/>\n\u2013 Zato je neophodno da se svi albanski politi\u010dki faktori u Crnoj Gori ujedine. Ujedinjeni \u0107e mo\u0107i da ostvare svoje ciljeve i zahtjeve, za dobrobit na\u0161e djece i generacija koje dolaze poslije nas \u2013 poru\u010dio je Tahiri.<br \/>\nProslavi je prisustvovao veliki broj gra\u0111ana i gostiju iz Albanije, Makedonije i sa Kosova.<br \/>\n\u2013 Ovo je jedan od najdragocjenijih datuma i vrijednosti na\u0161eg naroda, jer nas zastava dr\u017ei okupljene oko ideala slobode i nezavisnosti \u2013 zaklju\u010dio je Tahiri.<br \/>\n<strong>M.K.<\/strong><br \/>\n<strong>Izvor: DAN<\/strong><\/p>\n","protected":false},"excerpt":{"rendered":"<p>Albanci u Crnoj Gori s pravom tra\u017ee bolje uslove za \u017eivot i ve\u0107a nacionalnih prava, koja su nam uskra\u0107ena, rekao je predsjednik Nacionalnog savjeta Albanaca Tahir Tahiri u Ulcinju, gdje je proslavljena stogodi\u0161njica nezavisnosti Albanije. \u2013 Zato je neophodno da se svi albanski politi\u010dki faktori u Crnoj Gori ujedine. Ujedinjeni \u0107e mo\u0107i da ostvare svoje [&hellip;]<\/p>\n","protected":false},"author":1,"featured_media":0,"comment_status":"open","ping_status":"closed","sticky":false,"template":"","format":"standard","meta":{"spay_email":"","jetpack_publicize_message":"","jetpack_is_tweetstorm":false,"jetpack_publicize_feature_enabled":true},"categories":[8337],"tags":[1520,899],"jetpack_publicize_connections":[],"yoast_head":"<!-- This site is optimized with the Yoast SEO plugin v19.1 - https:\/\/yoast.com\/wordpress\/plugins\/seo\/ -->\n<title>Tahiri: Uskra\u0107ena prava albancima u Crnoj Gori - Lajme nga Ulqini<\/title>\n<meta name=\"description\" content=\"Albanci u Crnoj Gori s pravom tra\u017ee bolje uslove za \u017eivot i ve\u0107a nacionalnih prava, koja su nam uskra\u0107ena, rekao je predsjednik Nacionalnog savjeta\" \/>\n<meta name=\"robots\" content=\"index, follow, max-snippet:-1, max-image-preview:large, max-video-preview:-1\" \/>\n<link rel=\"canonical\" href=\"https:\/\/www.visit-ulcinj.com\/blog\/2012\/11\/27\/tahiri-uskracena-prava-albancima-u-crnoj-gori\/\" \/>\n<meta property=\"og:locale\" content=\"en_US\" \/>\n<meta property=\"og:type\" content=\"article\" \/>\n<meta property=\"og:title\" content=\"Tahiri: Uskra\u0107ena prava albancima u Crnoj Gori - Lajme nga Ulqini\" \/>\n<meta property=\"og:description\" content=\"Albanci u Crnoj Gori s pravom tra\u017ee bolje uslove za \u017eivot i ve\u0107a nacionalnih prava, koja su nam uskra\u0107ena, rekao je predsjednik Nacionalnog savjeta\" \/>\n<meta property=\"og:url\" content=\"https:\/\/www.visit-ulcinj.com\/blog\/2012\/11\/27\/tahiri-uskracena-prava-albancima-u-crnoj-gori\/\" \/>\n<meta property=\"og:site_name\" content=\"Lajme nga Ulqini\" \/>\n<meta property=\"article:published_time\" content=\"2012-11-27T18:49:33+00:00\" \/>\n<meta property=\"article:modified_time\" content=\"2012-11-27T18:50:28+00:00\" \/>\n<meta property=\"og:image\" content=\"http:\/\/www.visit-ulcinj.com\/blog\/wp-content\/uploads\/2012\/11\/Tahir-Tahiri.jpg\" \/>\n<meta name=\"twitter:label1\" content=\"Written by\" \/>\n\t<meta name=\"twitter:data1\" content=\"ulqini\" \/>\n\t<meta name=\"twitter:label2\" content=\"Est. reading time\" \/>\n\t<meta name=\"twitter:data2\" content=\"1 minute\" \/>\n<script type=\"application\/ld+json\" class=\"yoast-schema-graph\">{\"@context\":\"https:\/\/schema.org\",\"@graph\":[{\"@type\":\"WebSite\",\"@id\":\"https:\/\/www.visit-ulcinj.com\/blog\/#website\",\"url\":\"https:\/\/www.visit-ulcinj.com\/blog\/\",\"name\":\"Lajme nga Ulqini\",\"description\":\"Lajme,Vijesti,Ulqini,Ulqin,Crna Gora,Mali i Zi\",\"potentialAction\":[{\"@type\":\"SearchAction\",\"target\":{\"@type\":\"EntryPoint\",\"urlTemplate\":\"https:\/\/www.visit-ulcinj.com\/blog\/?s={search_term_string}\"},\"query-input\":\"required name=search_term_string\"}],\"inLanguage\":\"en-US\"},{\"@type\":\"ImageObject\",\"inLanguage\":\"en-US\",\"@id\":\"https:\/\/www.visit-ulcinj.com\/blog\/2012\/11\/27\/tahiri-uskracena-prava-albancima-u-crnoj-gori\/#primaryimage\",\"url\":\"https:\/\/www.visit-ulcinj.com\/blog\/wp-content\/uploads\/2012\/11\/Tahir-Tahiri.jpg\",\"contentUrl\":\"https:\/\/www.visit-ulcinj.com\/blog\/wp-content\/uploads\/2012\/11\/Tahir-Tahiri.jpg\",\"width\":\"960\",\"height\":\"640\"},{\"@type\":\"WebPage\",\"@id\":\"https:\/\/www.visit-ulcinj.com\/blog\/2012\/11\/27\/tahiri-uskracena-prava-albancima-u-crnoj-gori\/#webpage\",\"url\":\"https:\/\/www.visit-ulcinj.com\/blog\/2012\/11\/27\/tahiri-uskracena-prava-albancima-u-crnoj-gori\/\",\"name\":\"Tahiri: Uskra\u0107ena prava albancima u Crnoj Gori - Lajme nga Ulqini\",\"isPartOf\":{\"@id\":\"https:\/\/www.visit-ulcinj.com\/blog\/#website\"},\"primaryImageOfPage\":{\"@id\":\"https:\/\/www.visit-ulcinj.com\/blog\/2012\/11\/27\/tahiri-uskracena-prava-albancima-u-crnoj-gori\/#primaryimage\"},\"datePublished\":\"2012-11-27T18:49:33+00:00\",\"dateModified\":\"2012-11-27T18:50:28+00:00\",\"author\":{\"@id\":\"https:\/\/www.visit-ulcinj.com\/blog\/#\/schema\/person\/dcab619c614d3038751c63bc2aadc06d\"},\"description\":\"Albanci u Crnoj Gori s pravom tra\u017ee bolje uslove za \u017eivot i ve\u0107a nacionalnih prava, koja su nam uskra\u0107ena, rekao je predsjednik Nacionalnog savjeta\",\"breadcrumb\":{\"@id\":\"https:\/\/www.visit-ulcinj.com\/blog\/2012\/11\/27\/tahiri-uskracena-prava-albancima-u-crnoj-gori\/#breadcrumb\"},\"inLanguage\":\"en-US\",\"potentialAction\":[{\"@type\":\"ReadAction\",\"target\":[\"https:\/\/www.visit-ulcinj.com\/blog\/2012\/11\/27\/tahiri-uskracena-prava-albancima-u-crnoj-gori\/\"]}]},{\"@type\":\"BreadcrumbList\",\"@id\":\"https:\/\/www.visit-ulcinj.com\/blog\/2012\/11\/27\/tahiri-uskracena-prava-albancima-u-crnoj-gori\/#breadcrumb\",\"itemListElement\":[{\"@type\":\"ListItem\",\"position\":1,\"name\":\"Tahiri: Uskra\u0107ena prava albancima u Crnoj Gori\"}]},{\"@type\":\"Person\",\"@id\":\"https:\/\/www.visit-ulcinj.com\/blog\/#\/schema\/person\/dcab619c614d3038751c63bc2aadc06d\",\"name\":\"ulqini\",\"sameAs\":[\"http:\/\/www.visit-ulcinj.com\"],\"url\":\"https:\/\/www.visit-ulcinj.com\/blog\/author\/admin\/\"}]}<\/script>\n<!-- \/ Yoast SEO plugin. -->","yoast_head_json":{"title":"Tahiri: Uskra\u0107ena prava albancima u Crnoj Gori - Lajme nga Ulqini","description":"Albanci u Crnoj Gori s pravom tra\u017ee bolje uslove za \u017eivot i ve\u0107a nacionalnih prava, koja su nam uskra\u0107ena, rekao je predsjednik Nacionalnog savjeta","robots":{"index":"index","follow":"follow","max-snippet":"max-snippet:-1","max-image-preview":"max-image-preview:large","max-video-preview":"max-video-preview:-1"},"canonical":"https:\/\/www.visit-ulcinj.com\/blog\/2012\/11\/27\/tahiri-uskracena-prava-albancima-u-crnoj-gori\/","og_locale":"en_US","og_type":"article","og_title":"Tahiri: Uskra\u0107ena prava albancima u Crnoj Gori - Lajme nga Ulqini","og_description":"Albanci u Crnoj Gori s pravom tra\u017ee bolje uslove za \u017eivot i ve\u0107a nacionalnih prava, koja su nam uskra\u0107ena, rekao je predsjednik Nacionalnog savjeta","og_url":"https:\/\/www.visit-ulcinj.com\/blog\/2012\/11\/27\/tahiri-uskracena-prava-albancima-u-crnoj-gori\/","og_site_name":"Lajme nga Ulqini","article_published_time":"2012-11-27T18:49:33+00:00","article_modified_time":"2012-11-27T18:50:28+00:00","og_image":[{"url":"http:\/\/www.visit-ulcinj.com\/blog\/wp-content\/uploads\/2012\/11\/Tahir-Tahiri.jpg"}],"twitter_misc":{"Written by":"ulqini","Est. reading time":"1 minute"},"schema":{"@context":"https:\/\/schema.org","@graph":[{"@type":"WebSite","@id":"https:\/\/www.visit-ulcinj.com\/blog\/#website","url":"https:\/\/www.visit-ulcinj.com\/blog\/","name":"Lajme nga Ulqini","description":"Lajme,Vijesti,Ulqini,Ulqin,Crna Gora,Mali i Zi","potentialAction":[{"@type":"SearchAction","target":{"@type":"EntryPoint","urlTemplate":"https:\/\/www.visit-ulcinj.com\/blog\/?s={search_term_string}"},"query-input":"required name=search_term_string"}],"inLanguage":"en-US"},{"@type":"ImageObject","inLanguage":"en-US","@id":"https:\/\/www.visit-ulcinj.com\/blog\/2012\/11\/27\/tahiri-uskracena-prava-albancima-u-crnoj-gori\/#primaryimage","url":"https:\/\/www.visit-ulcinj.com\/blog\/wp-content\/uploads\/2012\/11\/Tahir-Tahiri.jpg","contentUrl":"https:\/\/www.visit-ulcinj.com\/blog\/wp-content\/uploads\/2012\/11\/Tahir-Tahiri.jpg","width":"960","height":"640"},{"@type":"WebPage","@id":"https:\/\/www.visit-ulcinj.com\/blog\/2012\/11\/27\/tahiri-uskracena-prava-albancima-u-crnoj-gori\/#webpage","url":"https:\/\/www.visit-ulcinj.com\/blog\/2012\/11\/27\/tahiri-uskracena-prava-albancima-u-crnoj-gori\/","name":"Tahiri: Uskra\u0107ena prava albancima u Crnoj Gori - Lajme nga Ulqini","isPartOf":{"@id":"https:\/\/www.visit-ulcinj.com\/blog\/#website"},"primaryImageOfPage":{"@id":"https:\/\/www.visit-ulcinj.com\/blog\/2012\/11\/27\/tahiri-uskracena-prava-albancima-u-crnoj-gori\/#primaryimage"},"datePublished":"2012-11-27T18:49:33+00:00","dateModified":"2012-11-27T18:50:28+00:00","author":{"@id":"https:\/\/www.visit-ulcinj.com\/blog\/#\/schema\/person\/dcab619c614d3038751c63bc2aadc06d"},"description":"Albanci u Crnoj Gori s pravom tra\u017ee bolje uslove za \u017eivot i ve\u0107a nacionalnih prava, koja su nam uskra\u0107ena, rekao je predsjednik Nacionalnog savjeta","breadcrumb":{"@id":"https:\/\/www.visit-ulcinj.com\/blog\/2012\/11\/27\/tahiri-uskracena-prava-albancima-u-crnoj-gori\/#breadcrumb"},"inLanguage":"en-US","potentialAction":[{"@type":"ReadAction","target":["https:\/\/www.visit-ulcinj.com\/blog\/2012\/11\/27\/tahiri-uskracena-prava-albancima-u-crnoj-gori\/"]}]},{"@type":"BreadcrumbList","@id":"https:\/\/www.visit-ulcinj.com\/blog\/2012\/11\/27\/tahiri-uskracena-prava-albancima-u-crnoj-gori\/#breadcrumb","itemListElement":[{"@type":"ListItem","position":1,"name":"Tahiri: Uskra\u0107ena prava albancima u Crnoj Gori"}]},{"@type":"Person","@id":"https:\/\/www.visit-ulcinj.com\/blog\/#\/schema\/person\/dcab619c614d3038751c63bc2aadc06d","name":"ulqini","sameAs":["http:\/\/www.visit-ulcinj.com"],"url":"https:\/\/www.visit-ulcinj.com\/blog\/author\/admin\/"}]}},"jetpack_featured_media_url":"","jetpack_sharing_enabled":true,"jetpack_shortlink":"https:\/\/wp.me\/pe6lTn-hcK","_links":{"self":[{"href":"https:\/\/www.visit-ulcinj.com\/blog\/wp-json\/wp\/v2\/posts\/66138"}],"collection":[{"href":"https:\/\/www.visit-ulcinj.com\/blog\/wp-json\/wp\/v2\/posts"}],"about":[{"href":"https:\/\/www.visit-ulcinj.com\/blog\/wp-json\/wp\/v2\/types\/post"}],"author":[{"embeddable":true,"href":"https:\/\/www.visit-ulcinj.com\/blog\/wp-json\/wp\/v2\/users\/1"}],"replies":[{"embeddable":true,"href":"https:\/\/www.visit-ulcinj.com\/blog\/wp-json\/wp\/v2\/comments?post=66138"}],"version-history":[{"count":2,"href":"https:\/\/www.visit-ulcinj.com\/blog\/wp-json\/wp\/v2\/posts\/66138\/revisions"}],"predecessor-version":[{"id":66141,"href":"https:\/\/www.visit-ulcinj.com\/blog\/wp-json\/wp\/v2\/posts\/66138\/revisions\/66141"}],"wp:attachment":[{"href":"https:\/\/www.visit-ulcinj.com\/blog\/wp-json\/wp\/v2\/media?parent=66138"}],"wp:term":[{"taxonomy":"category","embeddable":true,"href":"https:\/\/www.visit-ulcinj.com\/blog\/wp-json\/wp\/v2\/categories?post=66138"},{"taxonomy":"post_tag","embeddable":true,"href":"https:\/\/www.visit-ulcinj.com\/blog\/wp-json\/wp\/v2\/tags?post=66138"}],"curies":[{"name":"wp","href":"https:\/\/api.w.org\/{rel}","templated":true}]}}