{"id":6614,"date":"2008-11-25T09:41:29","date_gmt":"2008-11-25T08:41:29","guid":{"rendered":"http:\/\/www.visit-ulcinj.com\/blog\/?p=6614"},"modified":"2008-11-25T09:41:29","modified_gmt":"2008-11-25T08:41:29","slug":"kengetaren-nga-ulqini-e-vlereson-juria-top-10","status":"publish","type":"post","link":"https:\/\/www.visit-ulcinj.com\/blog\/2008\/11\/25\/kengetaren-nga-ulqini-e-vlereson-juria-top-10\/","title":{"rendered":"K\u00ebng\u00ebtaren nga Ulqini e vler\u00ebson juria Top 10"},"content":{"rendered":"<p><a href=\"http:\/\/www.visit-ulcinj.com\/blog\/wp-content\/uploads\/2008\/11\/hana-cakuli.jpg\"><img loading=\"lazy\" class=\"alignleft size-medium wp-image-6615\" title=\"hana-cakuli\" src=\"http:\/\/www.visit-ulcinj.com\/blog\/wp-content\/uploads\/2008\/11\/hana-cakuli-300x165.jpg\" alt=\"\" width=\"332\" height=\"182\" srcset=\"https:\/\/www.visit-ulcinj.com\/blog\/wp-content\/uploads\/2008\/11\/hana-cakuli-300x165.jpg 300w, https:\/\/www.visit-ulcinj.com\/blog\/wp-content\/uploads\/2008\/11\/hana-cakuli.jpg 1024w\" sizes=\"(max-width: 332px) 100vw, 332px\" \/><\/a>Jonida Maliqi ka fituar \u00e7mimin e par\u00eb n\u00eb edicionin e dhjet\u00eb t\u00eb festivalit &#8220;K\u00ebnga Magjike&#8221;, me k\u00ebng\u00ebn<br \/>\n\u201cNj\u00ebri nga ata\u201d. Vendi i dyt\u00eb i ka takuar Aleksand\u00ebr Gjok\u00ebs me k\u00ebng\u00ebn \u201cDashuris\u00eb s\u00eb shkuar\u201d, nd\u00ebrsa<br \/>\ntrofeun e vendit t\u00eb tret\u00eb e ka rr\u00ebmbyer Soni Malaj me k\u00ebng\u00ebn \u201cShpirti im binjak\u201d.<br \/>\nN\u00eb dhjet\u00ebshen e k\u00ebng\u00ebve m\u00eb t\u00eb bukura, e vetmja kosovare ka qen\u00eb Eliza Hoxha, duke ndar\u00eb k\u00ebt\u00eb vend<br \/>\nme k\u00ebng\u00ebtaren nga Ulqini, Hana Cakuli. N\u00ebnt\u00eb vendet tjera i kan\u00eb fi tuar k\u00ebng\u00ebtar\u00ebt nga Shqip\u00ebria.<\/p>\n<p><strong><br \/>\n<\/strong><\/p>\n<p><strong>Dhjet\u00eb finalist\u00ebt<\/strong><\/p>\n<p>1. Jonida Maliqi \u2013 \u201cNj\u00ebri nga ata\u201d<br \/>\n2. Aleksand\u00ebr Gjoka \u2013 \u201cDashuris\u00eb s\u00eb<br \/>\nshkuar\u201d<br \/>\n3. Soni Malaj \u2013 \u201cShpirti im binjak\u201d<br \/>\n4. Pirro \u00c7ako \u2013 \u201cAnjushka\u201d<br \/>\n5. Eneda Tarifa \u2013 \u201cZ\u00ebri im\u201d<br \/>\n6. West Side Family \u2013 \u201cMbi gjith\u00e7ka<br \/>\n(n\u00ebse mundesh)\u201d<br \/>\n7. Juliana Pasha \u2013 \u201cNj\u00eb mij\u00eb arsye\u201d<br \/>\n8. Rosela Gjylbegu &#8211; \u201cTjetra\u201d<br \/>\n9. Mariza Ikonomi \u2013 \u201cMe syt\u00eb lart\u201d<br \/>\n10. Hana Cakuli \u2013 \u201cSimbol\u201d<br \/>\n11. Eliza Hoxha \u2013 \u201cShko\u201d<\/p>\n<!--YouTube Error: bad URL entered-->\n","protected":false},"excerpt":{"rendered":"<p>Jonida Maliqi ka fituar \u00e7mimin e par\u00eb n\u00eb edicionin e dhjet\u00eb t\u00eb festivalit &#8220;K\u00ebnga Magjike&#8221;, me k\u00ebng\u00ebn \u201cNj\u00ebri nga ata\u201d. Vendi i dyt\u00eb i ka takuar Aleksand\u00ebr Gjok\u00ebs me k\u00ebng\u00ebn \u201cDashuris\u00eb s\u00eb shkuar\u201d, nd\u00ebrsa trofeun e vendit t\u00eb tret\u00eb e ka rr\u00ebmbyer Soni Malaj me k\u00ebng\u00ebn \u201cShpirti im binjak\u201d. N\u00eb dhjet\u00ebshen e k\u00ebng\u00ebve m\u00eb t\u00eb [&hellip;]<\/p>\n","protected":false},"author":1,"featured_media":0,"comment_status":"open","ping_status":"closed","sticky":false,"template":"","format":"standard","meta":{"spay_email":"","jetpack_publicize_message":"","jetpack_is_tweetstorm":false,"jetpack_publicize_feature_enabled":true},"categories":[1],"tags":[3201,5134,200],"jetpack_publicize_connections":[],"yoast_head":"<!-- This site is optimized with the Yoast SEO plugin v19.1 - https:\/\/yoast.com\/wordpress\/plugins\/seo\/ -->\n<title>K\u00ebng\u00ebtaren nga Ulqini e vler\u00ebson juria Top 10 - Lajme nga Ulqini<\/title>\n<meta name=\"description\" content=\"Jonida Maliqi ka fituar \u00e7mimin e par\u00eb n\u00eb edicionin e dhjet\u00eb t\u00eb festivalit &quot;K\u00ebnga Magjike&quot;, me k\u00ebng\u00ebn \u201cNj\u00ebri nga ata\u201d. Vendi i dyt\u00eb i ka takuar Aleksand\u00ebr\" \/>\n<meta name=\"robots\" content=\"index, follow, max-snippet:-1, max-image-preview:large, max-video-preview:-1\" \/>\n<link rel=\"canonical\" href=\"https:\/\/www.visit-ulcinj.com\/blog\/2008\/11\/25\/kengetaren-nga-ulqini-e-vlereson-juria-top-10\/\" \/>\n<meta property=\"og:locale\" content=\"en_US\" \/>\n<meta property=\"og:type\" content=\"article\" \/>\n<meta property=\"og:title\" content=\"K\u00ebng\u00ebtaren nga Ulqini e vler\u00ebson juria Top 10 - Lajme nga Ulqini\" \/>\n<meta property=\"og:description\" content=\"Jonida Maliqi ka fituar \u00e7mimin e par\u00eb n\u00eb edicionin e dhjet\u00eb t\u00eb festivalit &quot;K\u00ebnga Magjike&quot;, me k\u00ebng\u00ebn \u201cNj\u00ebri nga ata\u201d. Vendi i dyt\u00eb i ka takuar Aleksand\u00ebr\" \/>\n<meta property=\"og:url\" content=\"https:\/\/www.visit-ulcinj.com\/blog\/2008\/11\/25\/kengetaren-nga-ulqini-e-vlereson-juria-top-10\/\" \/>\n<meta property=\"og:site_name\" content=\"Lajme nga Ulqini\" \/>\n<meta property=\"article:published_time\" content=\"2008-11-25T08:41:29+00:00\" \/>\n<meta property=\"og:image\" content=\"http:\/\/www.visit-ulcinj.com\/blog\/wp-content\/uploads\/2008\/11\/hana-cakuli-300x165.jpg\" \/>\n<meta name=\"twitter:label1\" content=\"Written by\" \/>\n\t<meta name=\"twitter:data1\" content=\"ulqini\" \/>\n\t<meta name=\"twitter:label2\" content=\"Est. reading time\" \/>\n\t<meta name=\"twitter:data2\" content=\"1 minute\" \/>\n<script type=\"application\/ld+json\" class=\"yoast-schema-graph\">{\"@context\":\"https:\/\/schema.org\",\"@graph\":[{\"@type\":\"WebSite\",\"@id\":\"https:\/\/www.visit-ulcinj.com\/blog\/#website\",\"url\":\"https:\/\/www.visit-ulcinj.com\/blog\/\",\"name\":\"Lajme nga Ulqini\",\"description\":\"Lajme,Vijesti,Ulqini,Ulqin,Crna Gora,Mali i Zi\",\"potentialAction\":[{\"@type\":\"SearchAction\",\"target\":{\"@type\":\"EntryPoint\",\"urlTemplate\":\"https:\/\/www.visit-ulcinj.com\/blog\/?s={search_term_string}\"},\"query-input\":\"required name=search_term_string\"}],\"inLanguage\":\"en-US\"},{\"@type\":\"ImageObject\",\"inLanguage\":\"en-US\",\"@id\":\"https:\/\/www.visit-ulcinj.com\/blog\/2008\/11\/25\/kengetaren-nga-ulqini-e-vlereson-juria-top-10\/#primaryimage\",\"url\":\"http:\/\/www.visit-ulcinj.com\/blog\/wp-content\/uploads\/2008\/11\/hana-cakuli-300x165.jpg\",\"contentUrl\":\"http:\/\/www.visit-ulcinj.com\/blog\/wp-content\/uploads\/2008\/11\/hana-cakuli-300x165.jpg\"},{\"@type\":\"WebPage\",\"@id\":\"https:\/\/www.visit-ulcinj.com\/blog\/2008\/11\/25\/kengetaren-nga-ulqini-e-vlereson-juria-top-10\/#webpage\",\"url\":\"https:\/\/www.visit-ulcinj.com\/blog\/2008\/11\/25\/kengetaren-nga-ulqini-e-vlereson-juria-top-10\/\",\"name\":\"K\u00ebng\u00ebtaren nga Ulqini e vler\u00ebson juria Top 10 - Lajme nga Ulqini\",\"isPartOf\":{\"@id\":\"https:\/\/www.visit-ulcinj.com\/blog\/#website\"},\"primaryImageOfPage\":{\"@id\":\"https:\/\/www.visit-ulcinj.com\/blog\/2008\/11\/25\/kengetaren-nga-ulqini-e-vlereson-juria-top-10\/#primaryimage\"},\"datePublished\":\"2008-11-25T08:41:29+00:00\",\"dateModified\":\"2008-11-25T08:41:29+00:00\",\"author\":{\"@id\":\"https:\/\/www.visit-ulcinj.com\/blog\/#\/schema\/person\/dcab619c614d3038751c63bc2aadc06d\"},\"description\":\"Jonida Maliqi ka fituar \u00e7mimin e par\u00eb n\u00eb edicionin e dhjet\u00eb t\u00eb festivalit \\\"K\u00ebnga Magjike\\\", me k\u00ebng\u00ebn \u201cNj\u00ebri nga ata\u201d. Vendi i dyt\u00eb i ka takuar Aleksand\u00ebr\",\"breadcrumb\":{\"@id\":\"https:\/\/www.visit-ulcinj.com\/blog\/2008\/11\/25\/kengetaren-nga-ulqini-e-vlereson-juria-top-10\/#breadcrumb\"},\"inLanguage\":\"en-US\",\"potentialAction\":[{\"@type\":\"ReadAction\",\"target\":[\"https:\/\/www.visit-ulcinj.com\/blog\/2008\/11\/25\/kengetaren-nga-ulqini-e-vlereson-juria-top-10\/\"]}]},{\"@type\":\"BreadcrumbList\",\"@id\":\"https:\/\/www.visit-ulcinj.com\/blog\/2008\/11\/25\/kengetaren-nga-ulqini-e-vlereson-juria-top-10\/#breadcrumb\",\"itemListElement\":[{\"@type\":\"ListItem\",\"position\":1,\"name\":\"K\u00ebng\u00ebtaren nga Ulqini e vler\u00ebson juria Top 10\"}]},{\"@type\":\"Person\",\"@id\":\"https:\/\/www.visit-ulcinj.com\/blog\/#\/schema\/person\/dcab619c614d3038751c63bc2aadc06d\",\"name\":\"ulqini\",\"sameAs\":[\"http:\/\/www.visit-ulcinj.com\"],\"url\":\"https:\/\/www.visit-ulcinj.com\/blog\/author\/admin\/\"}]}<\/script>\n<!-- \/ Yoast SEO plugin. -->","yoast_head_json":{"title":"K\u00ebng\u00ebtaren nga Ulqini e vler\u00ebson juria Top 10 - Lajme nga Ulqini","description":"Jonida Maliqi ka fituar \u00e7mimin e par\u00eb n\u00eb edicionin e dhjet\u00eb t\u00eb festivalit \"K\u00ebnga Magjike\", me k\u00ebng\u00ebn \u201cNj\u00ebri nga ata\u201d. Vendi i dyt\u00eb i ka takuar Aleksand\u00ebr","robots":{"index":"index","follow":"follow","max-snippet":"max-snippet:-1","max-image-preview":"max-image-preview:large","max-video-preview":"max-video-preview:-1"},"canonical":"https:\/\/www.visit-ulcinj.com\/blog\/2008\/11\/25\/kengetaren-nga-ulqini-e-vlereson-juria-top-10\/","og_locale":"en_US","og_type":"article","og_title":"K\u00ebng\u00ebtaren nga Ulqini e vler\u00ebson juria Top 10 - Lajme nga Ulqini","og_description":"Jonida Maliqi ka fituar \u00e7mimin e par\u00eb n\u00eb edicionin e dhjet\u00eb t\u00eb festivalit \"K\u00ebnga Magjike\", me k\u00ebng\u00ebn \u201cNj\u00ebri nga ata\u201d. Vendi i dyt\u00eb i ka takuar Aleksand\u00ebr","og_url":"https:\/\/www.visit-ulcinj.com\/blog\/2008\/11\/25\/kengetaren-nga-ulqini-e-vlereson-juria-top-10\/","og_site_name":"Lajme nga Ulqini","article_published_time":"2008-11-25T08:41:29+00:00","og_image":[{"url":"http:\/\/www.visit-ulcinj.com\/blog\/wp-content\/uploads\/2008\/11\/hana-cakuli-300x165.jpg"}],"twitter_misc":{"Written by":"ulqini","Est. reading time":"1 minute"},"schema":{"@context":"https:\/\/schema.org","@graph":[{"@type":"WebSite","@id":"https:\/\/www.visit-ulcinj.com\/blog\/#website","url":"https:\/\/www.visit-ulcinj.com\/blog\/","name":"Lajme nga Ulqini","description":"Lajme,Vijesti,Ulqini,Ulqin,Crna Gora,Mali i Zi","potentialAction":[{"@type":"SearchAction","target":{"@type":"EntryPoint","urlTemplate":"https:\/\/www.visit-ulcinj.com\/blog\/?s={search_term_string}"},"query-input":"required name=search_term_string"}],"inLanguage":"en-US"},{"@type":"ImageObject","inLanguage":"en-US","@id":"https:\/\/www.visit-ulcinj.com\/blog\/2008\/11\/25\/kengetaren-nga-ulqini-e-vlereson-juria-top-10\/#primaryimage","url":"http:\/\/www.visit-ulcinj.com\/blog\/wp-content\/uploads\/2008\/11\/hana-cakuli-300x165.jpg","contentUrl":"http:\/\/www.visit-ulcinj.com\/blog\/wp-content\/uploads\/2008\/11\/hana-cakuli-300x165.jpg"},{"@type":"WebPage","@id":"https:\/\/www.visit-ulcinj.com\/blog\/2008\/11\/25\/kengetaren-nga-ulqini-e-vlereson-juria-top-10\/#webpage","url":"https:\/\/www.visit-ulcinj.com\/blog\/2008\/11\/25\/kengetaren-nga-ulqini-e-vlereson-juria-top-10\/","name":"K\u00ebng\u00ebtaren nga Ulqini e vler\u00ebson juria Top 10 - Lajme nga Ulqini","isPartOf":{"@id":"https:\/\/www.visit-ulcinj.com\/blog\/#website"},"primaryImageOfPage":{"@id":"https:\/\/www.visit-ulcinj.com\/blog\/2008\/11\/25\/kengetaren-nga-ulqini-e-vlereson-juria-top-10\/#primaryimage"},"datePublished":"2008-11-25T08:41:29+00:00","dateModified":"2008-11-25T08:41:29+00:00","author":{"@id":"https:\/\/www.visit-ulcinj.com\/blog\/#\/schema\/person\/dcab619c614d3038751c63bc2aadc06d"},"description":"Jonida Maliqi ka fituar \u00e7mimin e par\u00eb n\u00eb edicionin e dhjet\u00eb t\u00eb festivalit \"K\u00ebnga Magjike\", me k\u00ebng\u00ebn \u201cNj\u00ebri nga ata\u201d. Vendi i dyt\u00eb i ka takuar Aleksand\u00ebr","breadcrumb":{"@id":"https:\/\/www.visit-ulcinj.com\/blog\/2008\/11\/25\/kengetaren-nga-ulqini-e-vlereson-juria-top-10\/#breadcrumb"},"inLanguage":"en-US","potentialAction":[{"@type":"ReadAction","target":["https:\/\/www.visit-ulcinj.com\/blog\/2008\/11\/25\/kengetaren-nga-ulqini-e-vlereson-juria-top-10\/"]}]},{"@type":"BreadcrumbList","@id":"https:\/\/www.visit-ulcinj.com\/blog\/2008\/11\/25\/kengetaren-nga-ulqini-e-vlereson-juria-top-10\/#breadcrumb","itemListElement":[{"@type":"ListItem","position":1,"name":"K\u00ebng\u00ebtaren nga Ulqini e vler\u00ebson juria Top 10"}]},{"@type":"Person","@id":"https:\/\/www.visit-ulcinj.com\/blog\/#\/schema\/person\/dcab619c614d3038751c63bc2aadc06d","name":"ulqini","sameAs":["http:\/\/www.visit-ulcinj.com"],"url":"https:\/\/www.visit-ulcinj.com\/blog\/author\/admin\/"}]}},"jetpack_featured_media_url":"","jetpack_sharing_enabled":true,"jetpack_shortlink":"https:\/\/wp.me\/pe6lTn-1IG","_links":{"self":[{"href":"https:\/\/www.visit-ulcinj.com\/blog\/wp-json\/wp\/v2\/posts\/6614"}],"collection":[{"href":"https:\/\/www.visit-ulcinj.com\/blog\/wp-json\/wp\/v2\/posts"}],"about":[{"href":"https:\/\/www.visit-ulcinj.com\/blog\/wp-json\/wp\/v2\/types\/post"}],"author":[{"embeddable":true,"href":"https:\/\/www.visit-ulcinj.com\/blog\/wp-json\/wp\/v2\/users\/1"}],"replies":[{"embeddable":true,"href":"https:\/\/www.visit-ulcinj.com\/blog\/wp-json\/wp\/v2\/comments?post=6614"}],"version-history":[{"count":0,"href":"https:\/\/www.visit-ulcinj.com\/blog\/wp-json\/wp\/v2\/posts\/6614\/revisions"}],"wp:attachment":[{"href":"https:\/\/www.visit-ulcinj.com\/blog\/wp-json\/wp\/v2\/media?parent=6614"}],"wp:term":[{"taxonomy":"category","embeddable":true,"href":"https:\/\/www.visit-ulcinj.com\/blog\/wp-json\/wp\/v2\/categories?post=6614"},{"taxonomy":"post_tag","embeddable":true,"href":"https:\/\/www.visit-ulcinj.com\/blog\/wp-json\/wp\/v2\/tags?post=6614"}],"curies":[{"name":"wp","href":"https:\/\/api.w.org\/{rel}","templated":true}]}}