{"id":66144,"date":"2012-11-28T08:32:33","date_gmt":"2012-11-28T07:32:33","guid":{"rendered":"http:\/\/www.visit-ulcinj.com\/blog\/?p=66144"},"modified":"2012-11-30T15:44:14","modified_gmt":"2012-11-30T14:44:14","slug":"flamujt-kuqezi-pushtojne-ulqinin-video","status":"publish","type":"post","link":"https:\/\/www.visit-ulcinj.com\/blog\/2012\/11\/28\/flamujt-kuqezi-pushtojne-ulqinin-video\/","title":{"rendered":"Flamujt kuqezi \u201cpushtojn\u00eb\u201d Ulqinin &#8211; Video"},"content":{"rendered":"<p><strong>Trojet Shqiptare Ulqini,Tuzi, Plava, Gucia, Rozhaja sfidojn\u00eb ligjin malazez<br \/>\n<a href=\"http:\/\/www.visit-ulcinj.com\/blog\/wp-content\/uploads\/2012\/11\/Flamuri-ne-Krythe.jpg\"><img loading=\"lazy\" class=\"alignleft  wp-image-66145\" title=\"Flamuri ne Krythe\" src=\"http:\/\/www.visit-ulcinj.com\/blog\/wp-content\/uploads\/2012\/11\/Flamuri-ne-Krythe.jpg\" alt=\"\" width=\"508\" height=\"360\" \/><\/a><br \/>\n<\/strong><\/p>\n<p>Prej disa dit\u00ebsh, shqiptar\u00ebt e Malit t\u00eb Zi kan\u00eb nisur festimet p\u00ebr 100-vjetorin e pavar\u00ebsis\u00eb. Ulqini, Tuzi, Plava, Gucia, Rozhaja jan\u00eb veshur kuqezi, duke sfiduar edhe ligjin e miratuar pak muaj m\u00eb par\u00eb nga Parlamenti malazez, q\u00eb ndalon mbajtjen e flamurit n\u00eb vende publike. Nd\u00ebrkaq, aktivitete t\u00eb ndryshme ndjekin nj\u00ebra-tjetr\u00ebn n\u00eb kujtim e nderim t\u00eb kombit shqiptar. E vetmja mund\u00ebsi p\u00ebr t\u00eb kuptuar se ke hyr\u00eb n\u00eb territorin malazez \u00ebsht\u00eb pika kufitare, pasi vendosja e flamujve kuqezi n\u00eb \u00e7do sht\u00ebpi n\u00eb fshatrat e komunat shqiptare t\u00eb krijon p\u00ebrshtypjen se je n\u00eb Shqip\u00ebri.<\/p>\n<p><a href=\"http:\/\/www.visit-ulcinj.com\/blog\/wp-content\/uploads\/2012\/11\/Ulqini-kuq-e-zi.jpg\"><img loading=\"lazy\" class=\"alignleft  wp-image-66147\" title=\"Ulqini kuq e zi\" src=\"http:\/\/www.visit-ulcinj.com\/blog\/wp-content\/uploads\/2012\/11\/Ulqini-kuq-e-zi.jpg\" alt=\"\" width=\"508\" height=\"300\" \/><\/a>Gjithashtu, komuniteti shqiptar n\u00eb Mal t\u00eb Zi \u00ebsht\u00eb p\u00ebrfshir\u00eb n\u00eb aktivitete masive, ku vet\u00ebm gjat\u00eb dit\u00ebs s\u00eb djeshme jan\u00eb mbledhur 100 rr\u00ebnj\u00eb ullinj p\u00ebr 100-vjetorin e pavar\u00ebsis\u00eb, \u00ebsht\u00eb \u00e7elur nj\u00eb ekspozit\u00eb me foto dhe piktura dhe \u00ebsht\u00eb mbajtur nj\u00eb mbr\u00ebmje gala nga student\u00ebt e Ulqinit q\u00eb studiojn\u00eb n\u00eb Universitetin e Prishtin\u00ebs. Deputeti i shqiptar\u00ebve n\u00eb Mal t\u00eb Zi, Genc Nimanbegu, shprehet se ky 100-vjetor po festohet ndryshe, pasi fal\u00eb K\u00ebshillit Nacional t\u00eb Shqiptar\u00ebve, t\u00eb gjitha partit\u00eb politike shqiptare n\u00eb Mal t\u00eb Zi po festojn\u00eb s\u00eb bashku. Ndon\u00ebse Parlamenti i Malit t\u00eb Zi, disa muaj m\u00eb par\u00eb ka nxjerr\u00eb nj\u00eb ligj q\u00eb ndalon mbajtjen e flamurit n\u00eb vende publike shqiptar\u00ebt n\u00eb Mal t\u00eb Zi kan\u00eb sfiduar k\u00ebt\u00eb ligj, duke u treguar t\u00eb gjith\u00ebve ndjenj\u00ebn dhe krenarin\u00eb e t\u00eb qenurit shqiptar. Ashtu si shqiptar\u00ebt n\u00eb Kosov\u00eb e Maqedoni, edhe shqiptar\u00ebt n\u00eb Malin e Zi, tashm\u00eb jan\u00eb duke festuar 100-vjetorin e Pavar\u00ebsis\u00eb s\u00eb Shqip\u00ebris\u00eb. Por, kjo fest\u00eb jo vet\u00ebm q\u00eb ka bashkuar t\u00eb gjith\u00eb shqiptar\u00ebt k\u00ebtu, por ka b\u00ebr\u00eb q\u00eb ato t\u00eb duken m\u00eb t\u00eb shumt\u00eb e m\u00eb kuqezi se asnj\u00ebher\u00eb m\u00eb par\u00eb.<br \/>\n<a href=\"http:\/\/www.visit-ulcinj.com\/blog\/wp-content\/uploads\/2012\/11\/Sheshi-Skenderbeg-ne-Katerkolle.jpg\"><img loading=\"lazy\" class=\"alignleft  wp-image-66146\" title=\"Sheshi Skenderbeg ne Katerkolle\" src=\"http:\/\/www.visit-ulcinj.com\/blog\/wp-content\/uploads\/2012\/11\/Sheshi-Skenderbeg-ne-Katerkolle.jpg\" alt=\"\" width=\"508\" height=\"300\" \/><\/a><\/p>\n<p>Sakaq, p\u00ebr t\u00eb gjith\u00eb shqiptar\u00ebt q\u00eb do t\u00eb vijn\u00eb n\u00eb Shqip\u00ebri p\u00ebr t\u00eb ndjekur festimet e 100-vjetorit t\u00eb pavar\u00ebsis\u00eb, m\u00ebsohet se jan\u00eb marr\u00eb masat n\u00eb pikat kufitare.<\/p>\n<p>Jan\u00eb marr\u00eb masat p\u00ebr t\u00eb normalizuar situat\u00ebn edhe p\u00ebr l\u00ebvizjen e mjeteve p\u00ebr q\u00ebllime tregtare n\u00eb t\u00eb dyja an\u00ebt e kufirit. \u201cGjat\u00eb 24 or\u00ebve t\u00eb fundit kan\u00eb hyr\u00eb n\u00eb Shqip\u00ebri p\u00ebrmes dogan\u00ebs s\u00eb Morinit 4700 shtetas t\u00eb huaj me 780 mjete dhe 680 shtetas shqiptar\u00eb me 320 mjete\u201d, pohojn\u00eb burime t\u00eb drejtoris\u00eb rajonale t\u00eb kufirit. Sipas t\u00eb nj\u00ebjtave burime, rezulton se gjat\u00eb 24 or\u00ebve t\u00eb fundit kan\u00eb hyr\u00eb nga Shqip\u00ebria n\u00eb Kosov\u00eb rreth 2300 shtetas t\u00eb huaj me 380 mjete dhe 570 shtetas shqiptar\u00eb me 280 mjete. <strong>A. Hoti<\/strong><\/p>\n<p><strong>Gazeta SHQIP<\/strong><\/p>\n<p>\n\t\t<style type=\"text\/css\">\n\t\t\t#gallery-1 {\n\t\t\t\tmargin: auto;\n\t\t\t}\n\t\t\t#gallery-1 .gallery-item {\n\t\t\t\tfloat: left;\n\t\t\t\tmargin-top: 10px;\n\t\t\t\ttext-align: center;\n\t\t\t\twidth: 33%;\n\t\t\t}\n\t\t\t#gallery-1 img {\n\t\t\t\tborder: 2px solid #cfcfcf;\n\t\t\t}\n\t\t\t#gallery-1 .gallery-caption {\n\t\t\t\tmargin-left: 0;\n\t\t\t}\n\t\t\t\/* see gallery_shortcode() in wp-includes\/media.php *\/\n\t\t<\/style>\n\t\t<div id='gallery-1' class='gallery galleryid-66144 gallery-columns-3 gallery-size-thumbnail'><dl class='gallery-item'>\n\t\t\t<dt class='gallery-icon landscape'>\n\t\t\t\t<a href='https:\/\/www.visit-ulcinj.com\/blog\/wp-content\/uploads\/2012\/11\/Flamuri-ne-Krythe.jpg'><img width=\"150\" height=\"150\" src=\"https:\/\/www.visit-ulcinj.com\/blog\/wp-content\/uploads\/2012\/11\/Flamuri-ne-Krythe-150x150.jpg\" class=\"attachment-thumbnail size-thumbnail\" alt=\"\" loading=\"lazy\" \/><\/a>\n\t\t\t<\/dt><\/dl><dl class='gallery-item'>\n\t\t\t<dt class='gallery-icon landscape'>\n\t\t\t\t<a href='https:\/\/www.visit-ulcinj.com\/blog\/wp-content\/uploads\/2012\/11\/Sheshi-Skenderbeg-ne-Katerkolle.jpg'><img width=\"150\" height=\"150\" src=\"https:\/\/www.visit-ulcinj.com\/blog\/wp-content\/uploads\/2012\/11\/Sheshi-Skenderbeg-ne-Katerkolle-150x150.jpg\" class=\"attachment-thumbnail size-thumbnail\" alt=\"\" loading=\"lazy\" \/><\/a>\n\t\t\t<\/dt><\/dl><dl class='gallery-item'>\n\t\t\t<dt class='gallery-icon landscape'>\n\t\t\t\t<a href='https:\/\/www.visit-ulcinj.com\/blog\/wp-content\/uploads\/2012\/11\/Ulqini-kuq-e-zi.jpg'><img width=\"150\" height=\"150\" src=\"https:\/\/www.visit-ulcinj.com\/blog\/wp-content\/uploads\/2012\/11\/Ulqini-kuq-e-zi-150x150.jpg\" class=\"attachment-thumbnail size-thumbnail\" alt=\"\" loading=\"lazy\" \/><\/a>\n\t\t\t<\/dt><\/dl><br style=\"clear: both\" \/><dl class='gallery-item'>\n\t\t\t<dt class='gallery-icon landscape'>\n\t\t\t\t<a href='https:\/\/www.visit-ulcinj.com\/blog\/wp-content\/uploads\/2012\/11\/Sheshi-Skenderbeg-ne-Katerkolle.2.jpg'><img width=\"150\" height=\"150\" src=\"https:\/\/www.visit-ulcinj.com\/blog\/wp-content\/uploads\/2012\/11\/Sheshi-Skenderbeg-ne-Katerkolle.2-150x150.jpg\" class=\"attachment-thumbnail size-thumbnail\" alt=\"\" loading=\"lazy\" \/><\/a>\n\t\t\t<\/dt><\/dl><dl class='gallery-item'>\n\t\t\t<dt class='gallery-icon landscape'>\n\t\t\t\t<a href='https:\/\/www.visit-ulcinj.com\/blog\/wp-content\/uploads\/2012\/11\/Sheshi-Skenderbeg-ne-Katerkolle.1.jpg'><img width=\"150\" height=\"150\" src=\"https:\/\/www.visit-ulcinj.com\/blog\/wp-content\/uploads\/2012\/11\/Sheshi-Skenderbeg-ne-Katerkolle.1-150x150.jpg\" class=\"attachment-thumbnail size-thumbnail\" alt=\"\" loading=\"lazy\" \/><\/a>\n\t\t\t<\/dt><\/dl><dl class='gallery-item'>\n\t\t\t<dt class='gallery-icon landscape'>\n\t\t\t\t<a href='https:\/\/www.visit-ulcinj.com\/blog\/wp-content\/uploads\/2012\/11\/Rruga-per-Sukobin.jpg'><img width=\"150\" height=\"150\" src=\"https:\/\/www.visit-ulcinj.com\/blog\/wp-content\/uploads\/2012\/11\/Rruga-per-Sukobin-150x150.jpg\" class=\"attachment-thumbnail size-thumbnail\" alt=\"\" loading=\"lazy\" \/><\/a>\n\t\t\t<\/dt><\/dl><br style=\"clear: both\" \/>\n\t\t<\/div>\n<br \/>\n<iframe loading=\"lazy\" src=\"http:\/\/www.youtube.com\/embed\/9TcsHoEpT2k?rel=0\" frameborder=\"0\" width=\"508\" height=\"360\"><\/iframe><\/p>\n","protected":false},"excerpt":{"rendered":"<p>Trojet Shqiptare Ulqini,Tuzi, Plava, Gucia, Rozhaja sfidojn\u00eb ligjin malazez Prej disa dit\u00ebsh, shqiptar\u00ebt e Malit t\u00eb Zi kan\u00eb nisur festimet p\u00ebr 100-vjetorin e pavar\u00ebsis\u00eb. Ulqini, Tuzi, Plava, Gucia, Rozhaja jan\u00eb veshur kuqezi, duke sfiduar edhe ligjin e miratuar pak muaj m\u00eb par\u00eb nga Parlamenti malazez, q\u00eb ndalon mbajtjen e flamurit n\u00eb vende publike. Nd\u00ebrkaq, aktivitete [&hellip;]<\/p>\n","protected":false},"author":1,"featured_media":0,"comment_status":"open","ping_status":"closed","sticky":false,"template":"","format":"standard","meta":{"spay_email":"","jetpack_publicize_message":"","jetpack_is_tweetstorm":false,"jetpack_publicize_feature_enabled":true},"categories":[1,13],"tags":[11609,21509,21512,21521,212,21522,17828,21239,17834,3382,21237,18370,17811,21523,21242,20884,7930,17831,18362,14353,17808,14354,12340,17840,17839,17468,8161,18363,21524,21221,21525,21222,18532,17835,21240,17814,17810,17816,2326,17071,2319,21246,10400,17807,21526,21253,21468,21469,19517,3516,14652,17837,2322,17827,18023,21219,21416,8470,21244,21494,2338,21238,21527,21248,14358,21528,222,2321,17802,17812,17803,2323,3584,17820,1499,21236,21250,21529,17825,21530,17817,21531,17805,21252,3169,305,21251,840,17823,2325,17832,3506,17818,214,21231,3993,5913,17680,2327,14362,21532,14363,18371,21493,21230,21241,21513,21533,3507,730,21471,21249,17800,498,3500,21421,21534,21228,21255,115,14364,21234,18694,21254,21535,21536,21223,21418,21537,17799,21538,3327,21226,17841,3944,17826,15213,18236,3512,17806,21539,18399,11648,18289,21233,21540,17838,499,21541,95,2331,21542,21543,2348,21427,17813,21544,17804,21545,15141,347,21546,19495,17836,14366,21547,21510,2332,3875,79,17073,18294,318,118,18368,18369,21417,21257,21258,1653,21420,21426,21419,21548,2304,21261,2360,21232,1909,21549,21550,21551,21243,21224,14367,500,21552,21553,21235,2354,5380,21554,17801,2306,2334,2335,21470,18360,21227,3577,17822,14368,14369,21555,208,21225,21492,17824,14370,4244,21247,18291,16228,21556,21259,2083,3231,14371,21220,41,3617,5040,3582,2350,3722,21260,2310,14372,17844,17821,2312,21557,18372,21256,17830,17077,18295,14375,17833,17829,899,21245,20894,2337,3797,3583,1655,21558,21559,21229,21560,200,18,10421,17819,21561,21562,2339,4243,16445,3333,17809,21563,2340,4265,14376],"jetpack_publicize_connections":[],"yoast_head":"<!-- This site is optimized with the Yoast SEO plugin v19.1 - https:\/\/yoast.com\/wordpress\/plugins\/seo\/ -->\n<title>Flamujt kuqezi \u201cpushtojn\u00eb\u201d Ulqinin - Video - Lajme nga Ulqini<\/title>\n<meta name=\"description\" content=\"Trojet Shqiptare Ulqini,Tuzi, Plava, Gucia, Rozhaja sfidojn\u00eb ligjin malazez Prej disa dit\u00ebsh, shqiptar\u00ebt e Malit t\u00eb Zi kan\u00eb nisur festimet p\u00ebr\" \/>\n<meta name=\"robots\" content=\"index, follow, max-snippet:-1, max-image-preview:large, max-video-preview:-1\" \/>\n<link rel=\"canonical\" href=\"https:\/\/www.visit-ulcinj.com\/blog\/2012\/11\/28\/flamujt-kuqezi-pushtojne-ulqinin-video\/\" \/>\n<meta property=\"og:locale\" content=\"en_US\" \/>\n<meta property=\"og:type\" content=\"article\" \/>\n<meta property=\"og:title\" content=\"Flamujt kuqezi \u201cpushtojn\u00eb\u201d Ulqinin - Video - Lajme nga Ulqini\" \/>\n<meta property=\"og:description\" content=\"Trojet Shqiptare Ulqini,Tuzi, Plava, Gucia, Rozhaja sfidojn\u00eb ligjin malazez Prej disa dit\u00ebsh, shqiptar\u00ebt e Malit t\u00eb Zi kan\u00eb nisur festimet p\u00ebr\" \/>\n<meta property=\"og:url\" content=\"https:\/\/www.visit-ulcinj.com\/blog\/2012\/11\/28\/flamujt-kuqezi-pushtojne-ulqinin-video\/\" \/>\n<meta property=\"og:site_name\" content=\"Lajme nga Ulqini\" \/>\n<meta property=\"article:published_time\" content=\"2012-11-28T07:32:33+00:00\" \/>\n<meta property=\"article:modified_time\" content=\"2012-11-30T14:44:14+00:00\" \/>\n<meta property=\"og:image\" content=\"https:\/\/www.visit-ulcinj.com\/blog\/wp-content\/uploads\/2012\/11\/Flamuri-ne-Krythe-150x150.jpg\" \/>\n<meta name=\"twitter:label1\" content=\"Written by\" \/>\n\t<meta name=\"twitter:data1\" content=\"ulqini\" \/>\n\t<meta name=\"twitter:label2\" content=\"Est. reading time\" \/>\n\t<meta name=\"twitter:data2\" content=\"2 minutes\" \/>\n<script type=\"application\/ld+json\" class=\"yoast-schema-graph\">{\"@context\":\"https:\/\/schema.org\",\"@graph\":[{\"@type\":\"WebSite\",\"@id\":\"https:\/\/www.visit-ulcinj.com\/blog\/#website\",\"url\":\"https:\/\/www.visit-ulcinj.com\/blog\/\",\"name\":\"Lajme nga Ulqini\",\"description\":\"Lajme,Vijesti,Ulqini,Ulqin,Crna Gora,Mali i Zi\",\"potentialAction\":[{\"@type\":\"SearchAction\",\"target\":{\"@type\":\"EntryPoint\",\"urlTemplate\":\"https:\/\/www.visit-ulcinj.com\/blog\/?s={search_term_string}\"},\"query-input\":\"required name=search_term_string\"}],\"inLanguage\":\"en-US\"},{\"@type\":\"ImageObject\",\"inLanguage\":\"en-US\",\"@id\":\"https:\/\/www.visit-ulcinj.com\/blog\/2012\/11\/28\/flamujt-kuqezi-pushtojne-ulqinin-video\/#primaryimage\",\"url\":\"https:\/\/www.visit-ulcinj.com\/blog\/wp-content\/uploads\/2012\/11\/Flamuri-ne-Krythe.jpg\",\"contentUrl\":\"https:\/\/www.visit-ulcinj.com\/blog\/wp-content\/uploads\/2012\/11\/Flamuri-ne-Krythe.jpg\",\"width\":\"720\",\"height\":\"540\"},{\"@type\":\"WebPage\",\"@id\":\"https:\/\/www.visit-ulcinj.com\/blog\/2012\/11\/28\/flamujt-kuqezi-pushtojne-ulqinin-video\/#webpage\",\"url\":\"https:\/\/www.visit-ulcinj.com\/blog\/2012\/11\/28\/flamujt-kuqezi-pushtojne-ulqinin-video\/\",\"name\":\"Flamujt kuqezi \u201cpushtojn\u00eb\u201d Ulqinin - Video - Lajme nga Ulqini\",\"isPartOf\":{\"@id\":\"https:\/\/www.visit-ulcinj.com\/blog\/#website\"},\"primaryImageOfPage\":{\"@id\":\"https:\/\/www.visit-ulcinj.com\/blog\/2012\/11\/28\/flamujt-kuqezi-pushtojne-ulqinin-video\/#primaryimage\"},\"datePublished\":\"2012-11-28T07:32:33+00:00\",\"dateModified\":\"2012-11-30T14:44:14+00:00\",\"author\":{\"@id\":\"https:\/\/www.visit-ulcinj.com\/blog\/#\/schema\/person\/dcab619c614d3038751c63bc2aadc06d\"},\"description\":\"Trojet Shqiptare Ulqini,Tuzi, Plava, Gucia, Rozhaja sfidojn\u00eb ligjin malazez Prej disa dit\u00ebsh, shqiptar\u00ebt e Malit t\u00eb Zi kan\u00eb nisur festimet p\u00ebr\",\"breadcrumb\":{\"@id\":\"https:\/\/www.visit-ulcinj.com\/blog\/2012\/11\/28\/flamujt-kuqezi-pushtojne-ulqinin-video\/#breadcrumb\"},\"inLanguage\":\"en-US\",\"potentialAction\":[{\"@type\":\"ReadAction\",\"target\":[\"https:\/\/www.visit-ulcinj.com\/blog\/2012\/11\/28\/flamujt-kuqezi-pushtojne-ulqinin-video\/\"]}]},{\"@type\":\"BreadcrumbList\",\"@id\":\"https:\/\/www.visit-ulcinj.com\/blog\/2012\/11\/28\/flamujt-kuqezi-pushtojne-ulqinin-video\/#breadcrumb\",\"itemListElement\":[{\"@type\":\"ListItem\",\"position\":1,\"name\":\"Flamujt kuqezi \u201cpushtojn\u00eb\u201d Ulqinin &#8211; Video\"}]},{\"@type\":\"Person\",\"@id\":\"https:\/\/www.visit-ulcinj.com\/blog\/#\/schema\/person\/dcab619c614d3038751c63bc2aadc06d\",\"name\":\"ulqini\",\"sameAs\":[\"http:\/\/www.visit-ulcinj.com\"],\"url\":\"https:\/\/www.visit-ulcinj.com\/blog\/author\/admin\/\"}]}<\/script>\n<!-- \/ Yoast SEO plugin. -->","yoast_head_json":{"title":"Flamujt kuqezi \u201cpushtojn\u00eb\u201d Ulqinin - Video - Lajme nga Ulqini","description":"Trojet Shqiptare Ulqini,Tuzi, Plava, Gucia, Rozhaja sfidojn\u00eb ligjin malazez Prej disa dit\u00ebsh, shqiptar\u00ebt e Malit t\u00eb Zi kan\u00eb nisur festimet p\u00ebr","robots":{"index":"index","follow":"follow","max-snippet":"max-snippet:-1","max-image-preview":"max-image-preview:large","max-video-preview":"max-video-preview:-1"},"canonical":"https:\/\/www.visit-ulcinj.com\/blog\/2012\/11\/28\/flamujt-kuqezi-pushtojne-ulqinin-video\/","og_locale":"en_US","og_type":"article","og_title":"Flamujt kuqezi \u201cpushtojn\u00eb\u201d Ulqinin - Video - Lajme nga Ulqini","og_description":"Trojet Shqiptare Ulqini,Tuzi, Plava, Gucia, Rozhaja sfidojn\u00eb ligjin malazez Prej disa dit\u00ebsh, shqiptar\u00ebt e Malit t\u00eb Zi kan\u00eb nisur festimet p\u00ebr","og_url":"https:\/\/www.visit-ulcinj.com\/blog\/2012\/11\/28\/flamujt-kuqezi-pushtojne-ulqinin-video\/","og_site_name":"Lajme nga Ulqini","article_published_time":"2012-11-28T07:32:33+00:00","article_modified_time":"2012-11-30T14:44:14+00:00","og_image":[{"url":"https:\/\/www.visit-ulcinj.com\/blog\/wp-content\/uploads\/2012\/11\/Flamuri-ne-Krythe-150x150.jpg"}],"twitter_misc":{"Written by":"ulqini","Est. reading time":"2 minutes"},"schema":{"@context":"https:\/\/schema.org","@graph":[{"@type":"WebSite","@id":"https:\/\/www.visit-ulcinj.com\/blog\/#website","url":"https:\/\/www.visit-ulcinj.com\/blog\/","name":"Lajme nga Ulqini","description":"Lajme,Vijesti,Ulqini,Ulqin,Crna Gora,Mali i Zi","potentialAction":[{"@type":"SearchAction","target":{"@type":"EntryPoint","urlTemplate":"https:\/\/www.visit-ulcinj.com\/blog\/?s={search_term_string}"},"query-input":"required name=search_term_string"}],"inLanguage":"en-US"},{"@type":"ImageObject","inLanguage":"en-US","@id":"https:\/\/www.visit-ulcinj.com\/blog\/2012\/11\/28\/flamujt-kuqezi-pushtojne-ulqinin-video\/#primaryimage","url":"https:\/\/www.visit-ulcinj.com\/blog\/wp-content\/uploads\/2012\/11\/Flamuri-ne-Krythe.jpg","contentUrl":"https:\/\/www.visit-ulcinj.com\/blog\/wp-content\/uploads\/2012\/11\/Flamuri-ne-Krythe.jpg","width":"720","height":"540"},{"@type":"WebPage","@id":"https:\/\/www.visit-ulcinj.com\/blog\/2012\/11\/28\/flamujt-kuqezi-pushtojne-ulqinin-video\/#webpage","url":"https:\/\/www.visit-ulcinj.com\/blog\/2012\/11\/28\/flamujt-kuqezi-pushtojne-ulqinin-video\/","name":"Flamujt kuqezi \u201cpushtojn\u00eb\u201d Ulqinin - Video - Lajme nga Ulqini","isPartOf":{"@id":"https:\/\/www.visit-ulcinj.com\/blog\/#website"},"primaryImageOfPage":{"@id":"https:\/\/www.visit-ulcinj.com\/blog\/2012\/11\/28\/flamujt-kuqezi-pushtojne-ulqinin-video\/#primaryimage"},"datePublished":"2012-11-28T07:32:33+00:00","dateModified":"2012-11-30T14:44:14+00:00","author":{"@id":"https:\/\/www.visit-ulcinj.com\/blog\/#\/schema\/person\/dcab619c614d3038751c63bc2aadc06d"},"description":"Trojet Shqiptare Ulqini,Tuzi, Plava, Gucia, Rozhaja sfidojn\u00eb ligjin malazez Prej disa dit\u00ebsh, shqiptar\u00ebt e Malit t\u00eb Zi kan\u00eb nisur festimet p\u00ebr","breadcrumb":{"@id":"https:\/\/www.visit-ulcinj.com\/blog\/2012\/11\/28\/flamujt-kuqezi-pushtojne-ulqinin-video\/#breadcrumb"},"inLanguage":"en-US","potentialAction":[{"@type":"ReadAction","target":["https:\/\/www.visit-ulcinj.com\/blog\/2012\/11\/28\/flamujt-kuqezi-pushtojne-ulqinin-video\/"]}]},{"@type":"BreadcrumbList","@id":"https:\/\/www.visit-ulcinj.com\/blog\/2012\/11\/28\/flamujt-kuqezi-pushtojne-ulqinin-video\/#breadcrumb","itemListElement":[{"@type":"ListItem","position":1,"name":"Flamujt kuqezi \u201cpushtojn\u00eb\u201d Ulqinin &#8211; Video"}]},{"@type":"Person","@id":"https:\/\/www.visit-ulcinj.com\/blog\/#\/schema\/person\/dcab619c614d3038751c63bc2aadc06d","name":"ulqini","sameAs":["http:\/\/www.visit-ulcinj.com"],"url":"https:\/\/www.visit-ulcinj.com\/blog\/author\/admin\/"}]}},"jetpack_featured_media_url":"","jetpack_sharing_enabled":true,"jetpack_shortlink":"https:\/\/wp.me\/pe6lTn-hcQ","_links":{"self":[{"href":"https:\/\/www.visit-ulcinj.com\/blog\/wp-json\/wp\/v2\/posts\/66144"}],"collection":[{"href":"https:\/\/www.visit-ulcinj.com\/blog\/wp-json\/wp\/v2\/posts"}],"about":[{"href":"https:\/\/www.visit-ulcinj.com\/blog\/wp-json\/wp\/v2\/types\/post"}],"author":[{"embeddable":true,"href":"https:\/\/www.visit-ulcinj.com\/blog\/wp-json\/wp\/v2\/users\/1"}],"replies":[{"embeddable":true,"href":"https:\/\/www.visit-ulcinj.com\/blog\/wp-json\/wp\/v2\/comments?post=66144"}],"version-history":[{"count":3,"href":"https:\/\/www.visit-ulcinj.com\/blog\/wp-json\/wp\/v2\/posts\/66144\/revisions"}],"predecessor-version":[{"id":66238,"href":"https:\/\/www.visit-ulcinj.com\/blog\/wp-json\/wp\/v2\/posts\/66144\/revisions\/66238"}],"wp:attachment":[{"href":"https:\/\/www.visit-ulcinj.com\/blog\/wp-json\/wp\/v2\/media?parent=66144"}],"wp:term":[{"taxonomy":"category","embeddable":true,"href":"https:\/\/www.visit-ulcinj.com\/blog\/wp-json\/wp\/v2\/categories?post=66144"},{"taxonomy":"post_tag","embeddable":true,"href":"https:\/\/www.visit-ulcinj.com\/blog\/wp-json\/wp\/v2\/tags?post=66144"}],"curies":[{"name":"wp","href":"https:\/\/api.w.org\/{rel}","templated":true}]}}