{"id":66161,"date":"2012-11-28T18:33:59","date_gmt":"2012-11-28T17:33:59","guid":{"rendered":"http:\/\/www.visit-ulcinj.com\/blog\/?p=66161"},"modified":"2012-11-28T20:03:27","modified_gmt":"2012-11-28T19:03:27","slug":"zyrtaret-e-malit-te-zi-urojne-100-vjetorin-e-shqiperise","status":"publish","type":"post","link":"https:\/\/www.visit-ulcinj.com\/blog\/2012\/11\/28\/zyrtaret-e-malit-te-zi-urojne-100-vjetorin-e-shqiperise\/","title":{"rendered":"Zyrtar\u00ebt e Malit t\u00eb Zi urojn\u00eb 100-vjetorin e Shqip\u00ebris\u00eb"},"content":{"rendered":"<p><a href=\"http:\/\/www.visit-ulcinj.com\/blog\/wp-content\/uploads\/2012\/11\/Berisha-Vujanovic.jpg\"><img loading=\"lazy\" class=\"alignleft  wp-image-66162\" title=\"Berisha-Vujanovic\" src=\"http:\/\/www.visit-ulcinj.com\/blog\/wp-content\/uploads\/2012\/11\/Berisha-Vujanovic.jpg\" alt=\"\" width=\"508\" height=\"300\" \/><\/a>Ceremonia festive m\u00eb pas zhvendoset n\u00eb Tiran\u00eb ku kan\u00eb arritur edhe personalitete t\u00eb larta shtet\u00ebrore nga rajoni e bota, midis t\u00eb cil\u00ebve edhe presidenti i Malit t\u00eb Zi Filip Vujanoviq.<\/p>\n<p>N\u00eb p\u00ebrb\u00ebrje t\u00eb delegacionit t\u00eb Malit t\u00eb Zi, p\u00ebrve\u00e7 presidentit Vujanoviq \u00ebsht\u00eb edhe ministri p\u00ebr mbrojtjen e t\u00eb drejtave t\u00eb pakicave, Hamdi Hasani. Kryetari i Parlamentit italian Gianfranko Fini \u00ebsht\u00eb nd\u00ebr t\u00eb par\u00ebt personalitete t\u00eb lart\u00eb t\u00eb ftuar q\u00eb ka mb\u00ebrritur n\u00eb Shqip\u00ebri me rastin e 100 vjetorit t\u00eb Pavar\u00ebsis\u00eb. Personalitete t\u00eb tjera t\u00eb cil\u00ebt kan\u00eb mb\u00ebrritur n\u00eb Tiran\u00eb jan\u00eb n\u00ebnkryetar\u00ebt e parlamentit Austris\u00eb, Bullgaris\u00eb, Polonis\u00eb e Marokut, parlamentar\u00eb nga Franca, Pakistani, Jordania e tjer\u00eb. Edhe nj\u00eb delegacion i Serbis\u00eb, i udh\u00ebhequr nga ndihm\u00ebsministri i Jasht\u00ebm, Zoran Vujiq, merr pjes\u00eb n\u00eb sh\u00ebnimin e 100 vjetorit t\u00eb pavar\u00ebsis\u00eb s\u00eb Shqip\u00ebris\u00eb n\u00eb Tiran\u00eb.<\/p>\n<p><a href=\"http:\/\/www.visit-ulcinj.com\/blog\/wp-content\/uploads\/2012\/11\/Igor-Luksic-Facebook.5.jpg\"><img loading=\"lazy\" class=\"alignleft  wp-image-66163\" title=\"Igor-Luksic-Facebook.5\" src=\"http:\/\/www.visit-ulcinj.com\/blog\/wp-content\/uploads\/2012\/11\/Igor-Luksic-Facebook.5.jpg\" alt=\"\" width=\"508\" height=\"300\" \/><\/a><\/p>\n<p><strong>Lukshiq uron qeverin\u00eb shqiptare p\u00ebr p\u00ebrvjetor t\u00eb 100-t\u00eb<\/strong><\/p>\n<p>Kryetari i Qeveris\u00eb Igor Llukshiq ia ka uruar kryeministrit t\u00eb Shqip\u00ebris\u00eb Sali Berisha 100 vjetorin e pavar\u00ebsis\u00eb s\u00eb vendit. Me rastin e kremtimit t\u00eb 100 vjetorit t\u00eb Pavar\u00ebsis\u00eb s\u00eb Republik\u00ebs s\u00eb Shqip\u00ebris\u00eb, n\u00eb em\u00ebr t\u00eb Qeveris\u00eb dhe n\u00eb emrin tim, shtetit tuaj dhe qytetar\u00ebve u d\u00ebshiroj sukses dhe p\u00ebrparim t\u00eb gjithanshme, thuhet n\u00eb urimin e Llukshiqit.<\/p>\n<p>Ai ka theksuar se \u00ebsht\u00eb i k\u00ebnaqur me marr\u00ebdh\u00ebniet e Malit t\u00eb Zi dhe Shqip\u00ebris\u00eb, p\u00ebr t\u00eb cilat ka th\u00ebn\u00eb se vitet e fundit jan\u00eb gjithnj\u00eb e m\u00eb t\u00eb forta. Duke pasur parasysh se s\u00eb bashku synojm\u00eb q\u00eb t\u00eb b\u00ebhemi pjes\u00eb p\u00ebrb\u00ebr\u00ebse e Bashkimit Evropian, shpreh gatishm\u00ebri q\u00eb t\u00eb vazhdojm\u00eb me zbatimin e reformave t\u00eb domosdoshme me q\u00ebllim t\u00eb arritjes s\u00eb an\u00ebtar\u00ebsis\u00eb n\u00eb BE dhe NATO. Shpresoj se Shqip\u00ebria s\u00eb shpejti do t\u00eb marr\u00eb dat\u00ebn p\u00ebr fillimin e bisedimeve p\u00ebr an\u00ebtar\u00ebsim n\u00eb BE, ka th\u00ebn\u00eb Llukshiq. Ai ka shtuar se \u00ebsht\u00eb i sigurt se Mali i ZI dhe Shqip\u00ebria, me konsultime dhe programe konkrete t\u00eb bashk\u00ebpunimit do t\u00eb p\u00ebrmir\u00ebsoj\u00eb marr\u00ebdh\u00ebniet n\u00eb t\u00eb gjitha fushat e interesit t\u00eb p\u00ebrbashk\u00ebt.<\/p>\n<p><strong>TVCG<\/strong><br \/>\n\n\t\t<style type=\"text\/css\">\n\t\t\t#gallery-1 {\n\t\t\t\tmargin: auto;\n\t\t\t}\n\t\t\t#gallery-1 .gallery-item {\n\t\t\t\tfloat: left;\n\t\t\t\tmargin-top: 10px;\n\t\t\t\ttext-align: center;\n\t\t\t\twidth: 50%;\n\t\t\t}\n\t\t\t#gallery-1 img {\n\t\t\t\tborder: 2px solid #cfcfcf;\n\t\t\t}\n\t\t\t#gallery-1 .gallery-caption {\n\t\t\t\tmargin-left: 0;\n\t\t\t}\n\t\t\t\/* see gallery_shortcode() in wp-includes\/media.php *\/\n\t\t<\/style>\n\t\t<div id='gallery-1' class='gallery galleryid-66161 gallery-columns-2 gallery-size-thumbnail'><dl class='gallery-item'>\n\t\t\t<dt class='gallery-icon landscape'>\n\t\t\t\t<a href='https:\/\/www.visit-ulcinj.com\/blog\/2012\/11\/28\/zyrtaret-e-malit-te-zi-urojne-100-vjetorin-e-shqiperise\/berisha-vujanovic\/'><img width=\"150\" height=\"150\" src=\"https:\/\/www.visit-ulcinj.com\/blog\/wp-content\/uploads\/2012\/11\/Berisha-Vujanovic-150x150.jpg\" class=\"attachment-thumbnail size-thumbnail\" alt=\"\" loading=\"lazy\" \/><\/a>\n\t\t\t<\/dt><\/dl><dl class='gallery-item'>\n\t\t\t<dt class='gallery-icon landscape'>\n\t\t\t\t<a href='https:\/\/www.visit-ulcinj.com\/blog\/2012\/11\/28\/zyrtaret-e-malit-te-zi-urojne-100-vjetorin-e-shqiperise\/igor-luksic-facebook-5-2\/'><img width=\"150\" height=\"150\" src=\"https:\/\/www.visit-ulcinj.com\/blog\/wp-content\/uploads\/2012\/11\/Igor-Luksic-Facebook.5-150x150.jpg\" class=\"attachment-thumbnail size-thumbnail\" alt=\"\" loading=\"lazy\" \/><\/a>\n\t\t\t<\/dt><\/dl><br style=\"clear: both\" \/><dl class='gallery-item'>\n\t\t\t<dt class='gallery-icon landscape'>\n\t\t\t\t<a href='https:\/\/www.visit-ulcinj.com\/blog\/2012\/11\/28\/zyrtaret-e-malit-te-zi-urojne-100-vjetorin-e-shqiperise\/vujanovic-per-100-vjetorin-1\/'><img width=\"150\" height=\"150\" src=\"https:\/\/www.visit-ulcinj.com\/blog\/wp-content\/uploads\/2012\/11\/vujanovic-per-100-vjetorin.1-150x150.jpg\" class=\"attachment-thumbnail size-thumbnail\" alt=\"\" loading=\"lazy\" \/><\/a>\n\t\t\t<\/dt><\/dl><dl class='gallery-item'>\n\t\t\t<dt class='gallery-icon landscape'>\n\t\t\t\t<a href='https:\/\/www.visit-ulcinj.com\/blog\/2012\/11\/28\/zyrtaret-e-malit-te-zi-urojne-100-vjetorin-e-shqiperise\/vujanovic-per-100-vjetorin\/'><img width=\"150\" height=\"150\" src=\"https:\/\/www.visit-ulcinj.com\/blog\/wp-content\/uploads\/2012\/11\/vujanovic-per-100-vjetorin-150x150.jpg\" class=\"attachment-thumbnail size-thumbnail\" alt=\"\" loading=\"lazy\" \/><\/a>\n\t\t\t<\/dt><\/dl><br style=\"clear: both\" \/>\n\t\t<\/div>\n<\/p>\n","protected":false},"excerpt":{"rendered":"<p>Ceremonia festive m\u00eb pas zhvendoset n\u00eb Tiran\u00eb ku kan\u00eb arritur edhe personalitete t\u00eb larta shtet\u00ebrore nga rajoni e bota, midis t\u00eb cil\u00ebve edhe presidenti i Malit t\u00eb Zi Filip Vujanoviq. N\u00eb p\u00ebrb\u00ebrje t\u00eb delegacionit t\u00eb Malit t\u00eb Zi, p\u00ebrve\u00e7 presidentit Vujanoviq \u00ebsht\u00eb edhe ministri p\u00ebr mbrojtjen e t\u00eb drejtave t\u00eb pakicave, Hamdi Hasani. Kryetari i [&hellip;]<\/p>\n","protected":false},"author":1,"featured_media":0,"comment_status":"open","ping_status":"closed","sticky":false,"template":"","format":"standard","meta":{"spay_email":"","jetpack_publicize_message":"","jetpack_is_tweetstorm":false,"jetpack_publicize_feature_enabled":true},"categories":[6950],"tags":[93,2569],"jetpack_publicize_connections":[],"yoast_head":"<!-- This site is optimized with the Yoast SEO plugin v19.1 - https:\/\/yoast.com\/wordpress\/plugins\/seo\/ -->\n<title>Zyrtar\u00ebt e Malit t\u00eb Zi urojn\u00eb 100-vjetorin e Shqip\u00ebris\u00eb - Lajme nga Ulqini<\/title>\n<meta name=\"description\" content=\"Ceremonia festive m\u00eb pas zhvendoset n\u00eb Tiran\u00eb ku kan\u00eb arritur edhe personalitete t\u00eb larta shtet\u00ebrore nga rajoni e bota, midis t\u00eb cil\u00ebve edhe presidenti i\" \/>\n<meta name=\"robots\" content=\"index, follow, max-snippet:-1, max-image-preview:large, max-video-preview:-1\" \/>\n<link rel=\"canonical\" href=\"https:\/\/www.visit-ulcinj.com\/blog\/2012\/11\/28\/zyrtaret-e-malit-te-zi-urojne-100-vjetorin-e-shqiperise\/\" \/>\n<meta property=\"og:locale\" content=\"en_US\" \/>\n<meta property=\"og:type\" content=\"article\" \/>\n<meta property=\"og:title\" content=\"Zyrtar\u00ebt e Malit t\u00eb Zi urojn\u00eb 100-vjetorin e Shqip\u00ebris\u00eb - Lajme nga Ulqini\" \/>\n<meta property=\"og:description\" content=\"Ceremonia festive m\u00eb pas zhvendoset n\u00eb Tiran\u00eb ku kan\u00eb arritur edhe personalitete t\u00eb larta shtet\u00ebrore nga rajoni e bota, midis t\u00eb cil\u00ebve edhe presidenti i\" \/>\n<meta property=\"og:url\" content=\"https:\/\/www.visit-ulcinj.com\/blog\/2012\/11\/28\/zyrtaret-e-malit-te-zi-urojne-100-vjetorin-e-shqiperise\/\" \/>\n<meta property=\"og:site_name\" content=\"Lajme nga Ulqini\" \/>\n<meta property=\"article:published_time\" content=\"2012-11-28T17:33:59+00:00\" \/>\n<meta property=\"article:modified_time\" content=\"2012-11-28T19:03:27+00:00\" \/>\n<meta property=\"og:image\" content=\"https:\/\/www.visit-ulcinj.com\/blog\/wp-content\/uploads\/2012\/11\/Berisha-Vujanovic-150x150.jpg\" \/>\n<meta name=\"twitter:label1\" content=\"Written by\" \/>\n\t<meta name=\"twitter:data1\" content=\"ulqini\" \/>\n\t<meta name=\"twitter:label2\" content=\"Est. reading time\" \/>\n\t<meta name=\"twitter:data2\" content=\"2 minutes\" \/>\n<script type=\"application\/ld+json\" class=\"yoast-schema-graph\">{\"@context\":\"https:\/\/schema.org\",\"@graph\":[{\"@type\":\"WebSite\",\"@id\":\"https:\/\/www.visit-ulcinj.com\/blog\/#website\",\"url\":\"https:\/\/www.visit-ulcinj.com\/blog\/\",\"name\":\"Lajme nga Ulqini\",\"description\":\"Lajme,Vijesti,Ulqini,Ulqin,Crna Gora,Mali i Zi\",\"potentialAction\":[{\"@type\":\"SearchAction\",\"target\":{\"@type\":\"EntryPoint\",\"urlTemplate\":\"https:\/\/www.visit-ulcinj.com\/blog\/?s={search_term_string}\"},\"query-input\":\"required name=search_term_string\"}],\"inLanguage\":\"en-US\"},{\"@type\":\"ImageObject\",\"inLanguage\":\"en-US\",\"@id\":\"https:\/\/www.visit-ulcinj.com\/blog\/2012\/11\/28\/zyrtaret-e-malit-te-zi-urojne-100-vjetorin-e-shqiperise\/#primaryimage\",\"url\":\"https:\/\/www.visit-ulcinj.com\/blog\/wp-content\/uploads\/2012\/11\/Berisha-Vujanovic.jpg\",\"contentUrl\":\"https:\/\/www.visit-ulcinj.com\/blog\/wp-content\/uploads\/2012\/11\/Berisha-Vujanovic.jpg\",\"width\":\"479\",\"height\":\"300\"},{\"@type\":\"WebPage\",\"@id\":\"https:\/\/www.visit-ulcinj.com\/blog\/2012\/11\/28\/zyrtaret-e-malit-te-zi-urojne-100-vjetorin-e-shqiperise\/#webpage\",\"url\":\"https:\/\/www.visit-ulcinj.com\/blog\/2012\/11\/28\/zyrtaret-e-malit-te-zi-urojne-100-vjetorin-e-shqiperise\/\",\"name\":\"Zyrtar\u00ebt e Malit t\u00eb Zi urojn\u00eb 100-vjetorin e Shqip\u00ebris\u00eb - Lajme nga Ulqini\",\"isPartOf\":{\"@id\":\"https:\/\/www.visit-ulcinj.com\/blog\/#website\"},\"primaryImageOfPage\":{\"@id\":\"https:\/\/www.visit-ulcinj.com\/blog\/2012\/11\/28\/zyrtaret-e-malit-te-zi-urojne-100-vjetorin-e-shqiperise\/#primaryimage\"},\"datePublished\":\"2012-11-28T17:33:59+00:00\",\"dateModified\":\"2012-11-28T19:03:27+00:00\",\"author\":{\"@id\":\"https:\/\/www.visit-ulcinj.com\/blog\/#\/schema\/person\/dcab619c614d3038751c63bc2aadc06d\"},\"description\":\"Ceremonia festive m\u00eb pas zhvendoset n\u00eb Tiran\u00eb ku kan\u00eb arritur edhe personalitete t\u00eb larta shtet\u00ebrore nga rajoni e bota, midis t\u00eb cil\u00ebve edhe presidenti i\",\"breadcrumb\":{\"@id\":\"https:\/\/www.visit-ulcinj.com\/blog\/2012\/11\/28\/zyrtaret-e-malit-te-zi-urojne-100-vjetorin-e-shqiperise\/#breadcrumb\"},\"inLanguage\":\"en-US\",\"potentialAction\":[{\"@type\":\"ReadAction\",\"target\":[\"https:\/\/www.visit-ulcinj.com\/blog\/2012\/11\/28\/zyrtaret-e-malit-te-zi-urojne-100-vjetorin-e-shqiperise\/\"]}]},{\"@type\":\"BreadcrumbList\",\"@id\":\"https:\/\/www.visit-ulcinj.com\/blog\/2012\/11\/28\/zyrtaret-e-malit-te-zi-urojne-100-vjetorin-e-shqiperise\/#breadcrumb\",\"itemListElement\":[{\"@type\":\"ListItem\",\"position\":1,\"name\":\"Zyrtar\u00ebt e Malit t\u00eb Zi urojn\u00eb 100-vjetorin e Shqip\u00ebris\u00eb\"}]},{\"@type\":\"Person\",\"@id\":\"https:\/\/www.visit-ulcinj.com\/blog\/#\/schema\/person\/dcab619c614d3038751c63bc2aadc06d\",\"name\":\"ulqini\",\"sameAs\":[\"http:\/\/www.visit-ulcinj.com\"],\"url\":\"https:\/\/www.visit-ulcinj.com\/blog\/author\/admin\/\"}]}<\/script>\n<!-- \/ Yoast SEO plugin. -->","yoast_head_json":{"title":"Zyrtar\u00ebt e Malit t\u00eb Zi urojn\u00eb 100-vjetorin e Shqip\u00ebris\u00eb - Lajme nga Ulqini","description":"Ceremonia festive m\u00eb pas zhvendoset n\u00eb Tiran\u00eb ku kan\u00eb arritur edhe personalitete t\u00eb larta shtet\u00ebrore nga rajoni e bota, midis t\u00eb cil\u00ebve edhe presidenti i","robots":{"index":"index","follow":"follow","max-snippet":"max-snippet:-1","max-image-preview":"max-image-preview:large","max-video-preview":"max-video-preview:-1"},"canonical":"https:\/\/www.visit-ulcinj.com\/blog\/2012\/11\/28\/zyrtaret-e-malit-te-zi-urojne-100-vjetorin-e-shqiperise\/","og_locale":"en_US","og_type":"article","og_title":"Zyrtar\u00ebt e Malit t\u00eb Zi urojn\u00eb 100-vjetorin e Shqip\u00ebris\u00eb - Lajme nga Ulqini","og_description":"Ceremonia festive m\u00eb pas zhvendoset n\u00eb Tiran\u00eb ku kan\u00eb arritur edhe personalitete t\u00eb larta shtet\u00ebrore nga rajoni e bota, midis t\u00eb cil\u00ebve edhe presidenti i","og_url":"https:\/\/www.visit-ulcinj.com\/blog\/2012\/11\/28\/zyrtaret-e-malit-te-zi-urojne-100-vjetorin-e-shqiperise\/","og_site_name":"Lajme nga Ulqini","article_published_time":"2012-11-28T17:33:59+00:00","article_modified_time":"2012-11-28T19:03:27+00:00","og_image":[{"url":"https:\/\/www.visit-ulcinj.com\/blog\/wp-content\/uploads\/2012\/11\/Berisha-Vujanovic-150x150.jpg"}],"twitter_misc":{"Written by":"ulqini","Est. reading time":"2 minutes"},"schema":{"@context":"https:\/\/schema.org","@graph":[{"@type":"WebSite","@id":"https:\/\/www.visit-ulcinj.com\/blog\/#website","url":"https:\/\/www.visit-ulcinj.com\/blog\/","name":"Lajme nga Ulqini","description":"Lajme,Vijesti,Ulqini,Ulqin,Crna Gora,Mali i Zi","potentialAction":[{"@type":"SearchAction","target":{"@type":"EntryPoint","urlTemplate":"https:\/\/www.visit-ulcinj.com\/blog\/?s={search_term_string}"},"query-input":"required name=search_term_string"}],"inLanguage":"en-US"},{"@type":"ImageObject","inLanguage":"en-US","@id":"https:\/\/www.visit-ulcinj.com\/blog\/2012\/11\/28\/zyrtaret-e-malit-te-zi-urojne-100-vjetorin-e-shqiperise\/#primaryimage","url":"https:\/\/www.visit-ulcinj.com\/blog\/wp-content\/uploads\/2012\/11\/Berisha-Vujanovic.jpg","contentUrl":"https:\/\/www.visit-ulcinj.com\/blog\/wp-content\/uploads\/2012\/11\/Berisha-Vujanovic.jpg","width":"479","height":"300"},{"@type":"WebPage","@id":"https:\/\/www.visit-ulcinj.com\/blog\/2012\/11\/28\/zyrtaret-e-malit-te-zi-urojne-100-vjetorin-e-shqiperise\/#webpage","url":"https:\/\/www.visit-ulcinj.com\/blog\/2012\/11\/28\/zyrtaret-e-malit-te-zi-urojne-100-vjetorin-e-shqiperise\/","name":"Zyrtar\u00ebt e Malit t\u00eb Zi urojn\u00eb 100-vjetorin e Shqip\u00ebris\u00eb - Lajme nga Ulqini","isPartOf":{"@id":"https:\/\/www.visit-ulcinj.com\/blog\/#website"},"primaryImageOfPage":{"@id":"https:\/\/www.visit-ulcinj.com\/blog\/2012\/11\/28\/zyrtaret-e-malit-te-zi-urojne-100-vjetorin-e-shqiperise\/#primaryimage"},"datePublished":"2012-11-28T17:33:59+00:00","dateModified":"2012-11-28T19:03:27+00:00","author":{"@id":"https:\/\/www.visit-ulcinj.com\/blog\/#\/schema\/person\/dcab619c614d3038751c63bc2aadc06d"},"description":"Ceremonia festive m\u00eb pas zhvendoset n\u00eb Tiran\u00eb ku kan\u00eb arritur edhe personalitete t\u00eb larta shtet\u00ebrore nga rajoni e bota, midis t\u00eb cil\u00ebve edhe presidenti i","breadcrumb":{"@id":"https:\/\/www.visit-ulcinj.com\/blog\/2012\/11\/28\/zyrtaret-e-malit-te-zi-urojne-100-vjetorin-e-shqiperise\/#breadcrumb"},"inLanguage":"en-US","potentialAction":[{"@type":"ReadAction","target":["https:\/\/www.visit-ulcinj.com\/blog\/2012\/11\/28\/zyrtaret-e-malit-te-zi-urojne-100-vjetorin-e-shqiperise\/"]}]},{"@type":"BreadcrumbList","@id":"https:\/\/www.visit-ulcinj.com\/blog\/2012\/11\/28\/zyrtaret-e-malit-te-zi-urojne-100-vjetorin-e-shqiperise\/#breadcrumb","itemListElement":[{"@type":"ListItem","position":1,"name":"Zyrtar\u00ebt e Malit t\u00eb Zi urojn\u00eb 100-vjetorin e Shqip\u00ebris\u00eb"}]},{"@type":"Person","@id":"https:\/\/www.visit-ulcinj.com\/blog\/#\/schema\/person\/dcab619c614d3038751c63bc2aadc06d","name":"ulqini","sameAs":["http:\/\/www.visit-ulcinj.com"],"url":"https:\/\/www.visit-ulcinj.com\/blog\/author\/admin\/"}]}},"jetpack_featured_media_url":"","jetpack_sharing_enabled":true,"jetpack_shortlink":"https:\/\/wp.me\/pe6lTn-hd7","_links":{"self":[{"href":"https:\/\/www.visit-ulcinj.com\/blog\/wp-json\/wp\/v2\/posts\/66161"}],"collection":[{"href":"https:\/\/www.visit-ulcinj.com\/blog\/wp-json\/wp\/v2\/posts"}],"about":[{"href":"https:\/\/www.visit-ulcinj.com\/blog\/wp-json\/wp\/v2\/types\/post"}],"author":[{"embeddable":true,"href":"https:\/\/www.visit-ulcinj.com\/blog\/wp-json\/wp\/v2\/users\/1"}],"replies":[{"embeddable":true,"href":"https:\/\/www.visit-ulcinj.com\/blog\/wp-json\/wp\/v2\/comments?post=66161"}],"version-history":[{"count":2,"href":"https:\/\/www.visit-ulcinj.com\/blog\/wp-json\/wp\/v2\/posts\/66161\/revisions"}],"predecessor-version":[{"id":66170,"href":"https:\/\/www.visit-ulcinj.com\/blog\/wp-json\/wp\/v2\/posts\/66161\/revisions\/66170"}],"wp:attachment":[{"href":"https:\/\/www.visit-ulcinj.com\/blog\/wp-json\/wp\/v2\/media?parent=66161"}],"wp:term":[{"taxonomy":"category","embeddable":true,"href":"https:\/\/www.visit-ulcinj.com\/blog\/wp-json\/wp\/v2\/categories?post=66161"},{"taxonomy":"post_tag","embeddable":true,"href":"https:\/\/www.visit-ulcinj.com\/blog\/wp-json\/wp\/v2\/tags?post=66161"}],"curies":[{"name":"wp","href":"https:\/\/api.w.org\/{rel}","templated":true}]}}