{"id":66171,"date":"2012-11-28T20:13:57","date_gmt":"2012-11-28T19:13:57","guid":{"rendered":"http:\/\/www.visit-ulcinj.com\/blog\/?p=66171"},"modified":"2012-11-28T20:18:52","modified_gmt":"2012-11-28T19:18:52","slug":"filip-vujanovic-na-proslavi-u-albaniji","status":"publish","type":"post","link":"https:\/\/www.visit-ulcinj.com\/blog\/2012\/11\/28\/filip-vujanovic-na-proslavi-u-albaniji\/","title":{"rendered":"Filip Vujanovi\u0107 na proslavi u Albaniji"},"content":{"rendered":"<p><a href=\"http:\/\/www.visit-ulcinj.com\/blog\/wp-content\/uploads\/2012\/11\/vujanovic-per-100-vjetorin.11.jpg\"><img loading=\"lazy\" class=\"alignleft  wp-image-66172\" title=\"vujanovic per 100 vjetorin.1\" src=\"http:\/\/www.visit-ulcinj.com\/blog\/wp-content\/uploads\/2012\/11\/vujanovic-per-100-vjetorin.11.jpg\" alt=\"\" width=\"508\" height=\"360\" \/><\/a><\/p>\n<p><span><strong>Predsjednik Vujanovi\u0107 na proslavi 100 godina nezavisnosti Albanije<\/strong><\/span><\/p>\n<p><span style=\"font-family: Arial;\"><span>Predsjednik Crne Gore Filip Vujanovi\u0107 predvodio je danas dr\u017eavnu delegaciju na centralnoj proslavi 100-te godi\u0161njice nezavisnosti Albanije, koja je odr\u017eana u Tirani.<\/p>\n<p>Predsjednik Vujanovi\u0107 je sve\u010danosti prisustvovao na poziv predsjednika Albanije Bujara Ni\u0161anija.<\/p>\n<p>Proslavi u Tirani prisustvovali su brojni visoki zvani\u010dnici svih dr\u017eava regiona, me\u0111u kojima i hrvatski premijer Zoran Milanovi\u0107, predsjednik Vlade Ma\u0111arske Viktor Orban, premijer Slovenije Janez Jan\u0161a, predsjednica Kosova Atifete Jahjaga, kao i predstavnici vi\u0161e evropskih zemalja.<\/p>\n<p>U okviru proslave na Trgu Skenderbeg u Tirani odr\u017ean je veliki koncert, potom i vojna parada, a otkriven je i spomenik posve\u0107en stogodi\u0161njici progla\u0161avanja nezavisnosti Albanije.<br \/>\n<a href=\"http:\/\/www.visit-ulcinj.com\/blog\/wp-content\/uploads\/2012\/11\/vujanovic-per-100-vjetorin.2.jpg\"><img loading=\"lazy\" class=\"alignleft  wp-image-66176\" title=\"vujanovic per 100 vjetorin.2\" src=\"http:\/\/www.visit-ulcinj.com\/blog\/wp-content\/uploads\/2012\/11\/vujanovic-per-100-vjetorin.2.jpg\" alt=\"\" width=\"508\" height=\"266\" \/><\/a><br \/>\nU crnogorskoj delegaciji, pored predsjednika Vujanovi\u0107a, bio je i ministar za manjinska prava Hamdi Hasani.<\/p>\n<p>Albanski nacionalni praznik 28. novembar poznat je i kao Dan zastave.<\/span><\/span><\/p>\n<p>&nbsp;<\/p>\n<p><strong><span style=\"color: #000000;\">Izvor: Predsjednik Crne Gore<\/span><\/strong><\/p>\n\n\t\t<style type=\"text\/css\">\n\t\t\t#gallery-1 {\n\t\t\t\tmargin: auto;\n\t\t\t}\n\t\t\t#gallery-1 .gallery-item {\n\t\t\t\tfloat: left;\n\t\t\t\tmargin-top: 10px;\n\t\t\t\ttext-align: center;\n\t\t\t\twidth: 33%;\n\t\t\t}\n\t\t\t#gallery-1 img {\n\t\t\t\tborder: 2px solid #cfcfcf;\n\t\t\t}\n\t\t\t#gallery-1 .gallery-caption {\n\t\t\t\tmargin-left: 0;\n\t\t\t}\n\t\t\t\/* see gallery_shortcode() in wp-includes\/media.php *\/\n\t\t<\/style>\n\t\t<div id='gallery-1' class='gallery galleryid-66171 gallery-columns-3 gallery-size-thumbnail'><dl class='gallery-item'>\n\t\t\t<dt class='gallery-icon landscape'>\n\t\t\t\t<a href='https:\/\/www.visit-ulcinj.com\/blog\/wp-content\/uploads\/2012\/11\/vujanovic-per-100-vjetorin.11.jpg'><img width=\"150\" height=\"150\" src=\"https:\/\/www.visit-ulcinj.com\/blog\/wp-content\/uploads\/2012\/11\/vujanovic-per-100-vjetorin.11-150x150.jpg\" class=\"attachment-thumbnail size-thumbnail\" alt=\"\" loading=\"lazy\" \/><\/a>\n\t\t\t<\/dt><\/dl><dl class='gallery-item'>\n\t\t\t<dt class='gallery-icon landscape'>\n\t\t\t\t<a href='https:\/\/www.visit-ulcinj.com\/blog\/wp-content\/uploads\/2012\/11\/vujanovic-per-100-vjetorin1.jpg'><img width=\"150\" height=\"150\" src=\"https:\/\/www.visit-ulcinj.com\/blog\/wp-content\/uploads\/2012\/11\/vujanovic-per-100-vjetorin1-150x150.jpg\" class=\"attachment-thumbnail size-thumbnail\" alt=\"\" loading=\"lazy\" \/><\/a>\n\t\t\t<\/dt><\/dl><dl class='gallery-item'>\n\t\t\t<dt class='gallery-icon landscape'>\n\t\t\t\t<a href='https:\/\/www.visit-ulcinj.com\/blog\/wp-content\/uploads\/2012\/11\/vujanovic-per-100-vjetorin.2.jpg'><img width=\"150\" height=\"150\" src=\"https:\/\/www.visit-ulcinj.com\/blog\/wp-content\/uploads\/2012\/11\/vujanovic-per-100-vjetorin.2-150x150.jpg\" class=\"attachment-thumbnail size-thumbnail\" alt=\"\" loading=\"lazy\" \/><\/a>\n\t\t\t<\/dt><\/dl><br style=\"clear: both\" \/>\n\t\t<\/div>\n\n","protected":false},"excerpt":{"rendered":"<p>Predsjednik Vujanovi\u0107 na proslavi 100 godina nezavisnosti Albanije Predsjednik Crne Gore Filip Vujanovi\u0107 predvodio je danas dr\u017eavnu delegaciju na centralnoj proslavi 100-te godi\u0161njice nezavisnosti Albanije, koja je odr\u017eana u Tirani. Predsjednik Vujanovi\u0107 je sve\u010danosti prisustvovao na poziv predsjednika Albanije Bujara Ni\u0161anija. Proslavi u Tirani prisustvovali su brojni visoki zvani\u010dnici svih dr\u017eava regiona, me\u0111u kojima i [&hellip;]<\/p>\n","protected":false},"author":1,"featured_media":0,"comment_status":"open","ping_status":"closed","sticky":false,"template":"","format":"standard","meta":{"spay_email":"","jetpack_publicize_message":"","jetpack_is_tweetstorm":false,"jetpack_publicize_feature_enabled":true},"categories":[8337],"tags":[20,1855],"jetpack_publicize_connections":[],"yoast_head":"<!-- This site is optimized with the Yoast SEO plugin v19.1 - https:\/\/yoast.com\/wordpress\/plugins\/seo\/ -->\n<title>Filip Vujanovi\u0107 na proslavi u Albaniji - Lajme nga Ulqini<\/title>\n<meta name=\"description\" content=\"Predsjednik Vujanovi\u0107 na proslavi 100 godina nezavisnosti Albanije Predsjednik Crne Gore Filip Vujanovi\u0107 predvodio je danas dr\u017eavnu delegaciju na\" \/>\n<meta name=\"robots\" content=\"index, follow, max-snippet:-1, max-image-preview:large, max-video-preview:-1\" \/>\n<link rel=\"canonical\" href=\"https:\/\/www.visit-ulcinj.com\/blog\/2012\/11\/28\/filip-vujanovic-na-proslavi-u-albaniji\/\" \/>\n<meta property=\"og:locale\" content=\"en_US\" \/>\n<meta property=\"og:type\" content=\"article\" \/>\n<meta property=\"og:title\" content=\"Filip Vujanovi\u0107 na proslavi u Albaniji - Lajme nga Ulqini\" \/>\n<meta property=\"og:description\" content=\"Predsjednik Vujanovi\u0107 na proslavi 100 godina nezavisnosti Albanije Predsjednik Crne Gore Filip Vujanovi\u0107 predvodio je danas dr\u017eavnu delegaciju na\" \/>\n<meta property=\"og:url\" content=\"https:\/\/www.visit-ulcinj.com\/blog\/2012\/11\/28\/filip-vujanovic-na-proslavi-u-albaniji\/\" \/>\n<meta property=\"og:site_name\" content=\"Lajme nga Ulqini\" \/>\n<meta property=\"article:published_time\" content=\"2012-11-28T19:13:57+00:00\" \/>\n<meta property=\"article:modified_time\" content=\"2012-11-28T19:18:52+00:00\" \/>\n<meta property=\"og:image\" content=\"https:\/\/www.visit-ulcinj.com\/blog\/wp-content\/uploads\/2012\/11\/vujanovic-per-100-vjetorin.11-150x150.jpg\" \/>\n<meta name=\"twitter:label1\" content=\"Written by\" \/>\n\t<meta name=\"twitter:data1\" content=\"ulqini\" \/>\n\t<meta name=\"twitter:label2\" content=\"Est. reading time\" \/>\n\t<meta name=\"twitter:data2\" content=\"1 minute\" \/>\n<script type=\"application\/ld+json\" class=\"yoast-schema-graph\">{\"@context\":\"https:\/\/schema.org\",\"@graph\":[{\"@type\":\"WebSite\",\"@id\":\"https:\/\/www.visit-ulcinj.com\/blog\/#website\",\"url\":\"https:\/\/www.visit-ulcinj.com\/blog\/\",\"name\":\"Lajme nga Ulqini\",\"description\":\"Lajme,Vijesti,Ulqini,Ulqin,Crna Gora,Mali i Zi\",\"potentialAction\":[{\"@type\":\"SearchAction\",\"target\":{\"@type\":\"EntryPoint\",\"urlTemplate\":\"https:\/\/www.visit-ulcinj.com\/blog\/?s={search_term_string}\"},\"query-input\":\"required name=search_term_string\"}],\"inLanguage\":\"en-US\"},{\"@type\":\"ImageObject\",\"inLanguage\":\"en-US\",\"@id\":\"https:\/\/www.visit-ulcinj.com\/blog\/2012\/11\/28\/filip-vujanovic-na-proslavi-u-albaniji\/#primaryimage\",\"url\":\"https:\/\/www.visit-ulcinj.com\/blog\/wp-content\/uploads\/2012\/11\/vujanovic-per-100-vjetorin.11.jpg\",\"contentUrl\":\"https:\/\/www.visit-ulcinj.com\/blog\/wp-content\/uploads\/2012\/11\/vujanovic-per-100-vjetorin.11.jpg\",\"width\":\"960\",\"height\":\"609\"},{\"@type\":\"WebPage\",\"@id\":\"https:\/\/www.visit-ulcinj.com\/blog\/2012\/11\/28\/filip-vujanovic-na-proslavi-u-albaniji\/#webpage\",\"url\":\"https:\/\/www.visit-ulcinj.com\/blog\/2012\/11\/28\/filip-vujanovic-na-proslavi-u-albaniji\/\",\"name\":\"Filip Vujanovi\u0107 na proslavi u Albaniji - Lajme nga Ulqini\",\"isPartOf\":{\"@id\":\"https:\/\/www.visit-ulcinj.com\/blog\/#website\"},\"primaryImageOfPage\":{\"@id\":\"https:\/\/www.visit-ulcinj.com\/blog\/2012\/11\/28\/filip-vujanovic-na-proslavi-u-albaniji\/#primaryimage\"},\"datePublished\":\"2012-11-28T19:13:57+00:00\",\"dateModified\":\"2012-11-28T19:18:52+00:00\",\"author\":{\"@id\":\"https:\/\/www.visit-ulcinj.com\/blog\/#\/schema\/person\/dcab619c614d3038751c63bc2aadc06d\"},\"description\":\"Predsjednik Vujanovi\u0107 na proslavi 100 godina nezavisnosti Albanije Predsjednik Crne Gore Filip Vujanovi\u0107 predvodio je danas dr\u017eavnu delegaciju na\",\"breadcrumb\":{\"@id\":\"https:\/\/www.visit-ulcinj.com\/blog\/2012\/11\/28\/filip-vujanovic-na-proslavi-u-albaniji\/#breadcrumb\"},\"inLanguage\":\"en-US\",\"potentialAction\":[{\"@type\":\"ReadAction\",\"target\":[\"https:\/\/www.visit-ulcinj.com\/blog\/2012\/11\/28\/filip-vujanovic-na-proslavi-u-albaniji\/\"]}]},{\"@type\":\"BreadcrumbList\",\"@id\":\"https:\/\/www.visit-ulcinj.com\/blog\/2012\/11\/28\/filip-vujanovic-na-proslavi-u-albaniji\/#breadcrumb\",\"itemListElement\":[{\"@type\":\"ListItem\",\"position\":1,\"name\":\"Filip Vujanovi\u0107 na proslavi u Albaniji\"}]},{\"@type\":\"Person\",\"@id\":\"https:\/\/www.visit-ulcinj.com\/blog\/#\/schema\/person\/dcab619c614d3038751c63bc2aadc06d\",\"name\":\"ulqini\",\"sameAs\":[\"http:\/\/www.visit-ulcinj.com\"],\"url\":\"https:\/\/www.visit-ulcinj.com\/blog\/author\/admin\/\"}]}<\/script>\n<!-- \/ Yoast SEO plugin. -->","yoast_head_json":{"title":"Filip Vujanovi\u0107 na proslavi u Albaniji - Lajme nga Ulqini","description":"Predsjednik Vujanovi\u0107 na proslavi 100 godina nezavisnosti Albanije Predsjednik Crne Gore Filip Vujanovi\u0107 predvodio je danas dr\u017eavnu delegaciju na","robots":{"index":"index","follow":"follow","max-snippet":"max-snippet:-1","max-image-preview":"max-image-preview:large","max-video-preview":"max-video-preview:-1"},"canonical":"https:\/\/www.visit-ulcinj.com\/blog\/2012\/11\/28\/filip-vujanovic-na-proslavi-u-albaniji\/","og_locale":"en_US","og_type":"article","og_title":"Filip Vujanovi\u0107 na proslavi u Albaniji - Lajme nga Ulqini","og_description":"Predsjednik Vujanovi\u0107 na proslavi 100 godina nezavisnosti Albanije Predsjednik Crne Gore Filip Vujanovi\u0107 predvodio je danas dr\u017eavnu delegaciju na","og_url":"https:\/\/www.visit-ulcinj.com\/blog\/2012\/11\/28\/filip-vujanovic-na-proslavi-u-albaniji\/","og_site_name":"Lajme nga Ulqini","article_published_time":"2012-11-28T19:13:57+00:00","article_modified_time":"2012-11-28T19:18:52+00:00","og_image":[{"url":"https:\/\/www.visit-ulcinj.com\/blog\/wp-content\/uploads\/2012\/11\/vujanovic-per-100-vjetorin.11-150x150.jpg"}],"twitter_misc":{"Written by":"ulqini","Est. reading time":"1 minute"},"schema":{"@context":"https:\/\/schema.org","@graph":[{"@type":"WebSite","@id":"https:\/\/www.visit-ulcinj.com\/blog\/#website","url":"https:\/\/www.visit-ulcinj.com\/blog\/","name":"Lajme nga Ulqini","description":"Lajme,Vijesti,Ulqini,Ulqin,Crna Gora,Mali i Zi","potentialAction":[{"@type":"SearchAction","target":{"@type":"EntryPoint","urlTemplate":"https:\/\/www.visit-ulcinj.com\/blog\/?s={search_term_string}"},"query-input":"required name=search_term_string"}],"inLanguage":"en-US"},{"@type":"ImageObject","inLanguage":"en-US","@id":"https:\/\/www.visit-ulcinj.com\/blog\/2012\/11\/28\/filip-vujanovic-na-proslavi-u-albaniji\/#primaryimage","url":"https:\/\/www.visit-ulcinj.com\/blog\/wp-content\/uploads\/2012\/11\/vujanovic-per-100-vjetorin.11.jpg","contentUrl":"https:\/\/www.visit-ulcinj.com\/blog\/wp-content\/uploads\/2012\/11\/vujanovic-per-100-vjetorin.11.jpg","width":"960","height":"609"},{"@type":"WebPage","@id":"https:\/\/www.visit-ulcinj.com\/blog\/2012\/11\/28\/filip-vujanovic-na-proslavi-u-albaniji\/#webpage","url":"https:\/\/www.visit-ulcinj.com\/blog\/2012\/11\/28\/filip-vujanovic-na-proslavi-u-albaniji\/","name":"Filip Vujanovi\u0107 na proslavi u Albaniji - Lajme nga Ulqini","isPartOf":{"@id":"https:\/\/www.visit-ulcinj.com\/blog\/#website"},"primaryImageOfPage":{"@id":"https:\/\/www.visit-ulcinj.com\/blog\/2012\/11\/28\/filip-vujanovic-na-proslavi-u-albaniji\/#primaryimage"},"datePublished":"2012-11-28T19:13:57+00:00","dateModified":"2012-11-28T19:18:52+00:00","author":{"@id":"https:\/\/www.visit-ulcinj.com\/blog\/#\/schema\/person\/dcab619c614d3038751c63bc2aadc06d"},"description":"Predsjednik Vujanovi\u0107 na proslavi 100 godina nezavisnosti Albanije Predsjednik Crne Gore Filip Vujanovi\u0107 predvodio je danas dr\u017eavnu delegaciju na","breadcrumb":{"@id":"https:\/\/www.visit-ulcinj.com\/blog\/2012\/11\/28\/filip-vujanovic-na-proslavi-u-albaniji\/#breadcrumb"},"inLanguage":"en-US","potentialAction":[{"@type":"ReadAction","target":["https:\/\/www.visit-ulcinj.com\/blog\/2012\/11\/28\/filip-vujanovic-na-proslavi-u-albaniji\/"]}]},{"@type":"BreadcrumbList","@id":"https:\/\/www.visit-ulcinj.com\/blog\/2012\/11\/28\/filip-vujanovic-na-proslavi-u-albaniji\/#breadcrumb","itemListElement":[{"@type":"ListItem","position":1,"name":"Filip Vujanovi\u0107 na proslavi u Albaniji"}]},{"@type":"Person","@id":"https:\/\/www.visit-ulcinj.com\/blog\/#\/schema\/person\/dcab619c614d3038751c63bc2aadc06d","name":"ulqini","sameAs":["http:\/\/www.visit-ulcinj.com"],"url":"https:\/\/www.visit-ulcinj.com\/blog\/author\/admin\/"}]}},"jetpack_featured_media_url":"","jetpack_sharing_enabled":true,"jetpack_shortlink":"https:\/\/wp.me\/pe6lTn-hdh","_links":{"self":[{"href":"https:\/\/www.visit-ulcinj.com\/blog\/wp-json\/wp\/v2\/posts\/66171"}],"collection":[{"href":"https:\/\/www.visit-ulcinj.com\/blog\/wp-json\/wp\/v2\/posts"}],"about":[{"href":"https:\/\/www.visit-ulcinj.com\/blog\/wp-json\/wp\/v2\/types\/post"}],"author":[{"embeddable":true,"href":"https:\/\/www.visit-ulcinj.com\/blog\/wp-json\/wp\/v2\/users\/1"}],"replies":[{"embeddable":true,"href":"https:\/\/www.visit-ulcinj.com\/blog\/wp-json\/wp\/v2\/comments?post=66171"}],"version-history":[{"count":3,"href":"https:\/\/www.visit-ulcinj.com\/blog\/wp-json\/wp\/v2\/posts\/66171\/revisions"}],"predecessor-version":[{"id":66175,"href":"https:\/\/www.visit-ulcinj.com\/blog\/wp-json\/wp\/v2\/posts\/66171\/revisions\/66175"}],"wp:attachment":[{"href":"https:\/\/www.visit-ulcinj.com\/blog\/wp-json\/wp\/v2\/media?parent=66171"}],"wp:term":[{"taxonomy":"category","embeddable":true,"href":"https:\/\/www.visit-ulcinj.com\/blog\/wp-json\/wp\/v2\/categories?post=66171"},{"taxonomy":"post_tag","embeddable":true,"href":"https:\/\/www.visit-ulcinj.com\/blog\/wp-json\/wp\/v2\/tags?post=66171"}],"curies":[{"name":"wp","href":"https:\/\/api.w.org\/{rel}","templated":true}]}}