{"id":66178,"date":"2012-11-28T20:24:20","date_gmt":"2012-11-28T19:24:20","guid":{"rendered":"http:\/\/www.visit-ulcinj.com\/blog\/?p=66178"},"modified":"2012-11-28T20:24:20","modified_gmt":"2012-11-28T19:24:20","slug":"sto-godina-albanske-drzave","status":"publish","type":"post","link":"https:\/\/www.visit-ulcinj.com\/blog\/2012\/11\/28\/sto-godina-albanske-drzave\/","title":{"rendered":"Sto godina albanske dr\u017eave"},"content":{"rendered":"<p><a href=\"http:\/\/www.visit-ulcinj.com\/blog\/wp-content\/uploads\/2012\/11\/100-GODINA-ALBANSKE-DRZAVE.jpg\"><img loading=\"lazy\" class=\"alignleft  wp-image-66179\" title=\"100 GODINA ALBANSKE DRZAVE\" src=\"http:\/\/www.visit-ulcinj.com\/blog\/wp-content\/uploads\/2012\/11\/100-GODINA-ALBANSKE-DRZAVE.jpg\" alt=\"\" width=\"508\" height=\"360\" \/><\/a>Albanija\u00a0sve\u010dano obilje\u017eava stogodi\u0161njicu nezavisnosti zemlje. Albanski zvani\u010dnici, politi\u010dari i gra\u0111ani, kao i predstavnici stranih zemalja u Valoni odaju po\u010dast osniva\u010du dr\u017eave Ismailju \u0106emaliju.<\/p>\n<p>Albanski predsjednik Bujar Ni\u0161ani, premijer Salji Beri\u0161a i predsjednica skup\u0161tine Jozefina Topali polo\u017eili su vijence na spomenik nezavisnosti u Valoni i na grob Ismailju \u0106emaliju, prenosi agencija ATA.<\/p>\n<p>Vijence su polo\u017eili i predsjednica Kosova Atifete Jahjaga, premijer Ha\u0161im Ta\u010di i predsjednik kosovske skup\u0161tine Jakub Krasni\u0107i, kao i mnogi drugi politi\u010dari i predstavnici diplomatskog kora.<\/p>\n<p>Sve\u010danosti na Trgu zastave u Valoni prisustvovalo je vi\u0161e hiljada Albanaca iz svih djelova zemlje i sa Kosova, navodi ATA. Hiljade Albanaca, kako navodi ATA, sa &#8220;albanskih etni\u010dkih teritorija&#8221; i dijaspore, hrle ka Tirani, gdje \u0107e proslava trajati do kasno u no\u0107.<\/p>\n<p>Kosovski Albanci se u Tirani pridru\u017euju svojim sunarodnicima iz Makedonije, Crne Gore, kao i Pre\u0161eva, Bujanovca i Medve\u0111e, kako bi proslavili jubilej nezavisnosti zemlje.<\/p>\n<p>Proslavu u Tirani obilje\u017ei\u0107e niz manifestacija, koje \u0107e kulminirati serviranjem slavljeni\u010dke torte i skokom padobranaca sa albanskom zastavom, dodaje ATA.<\/p>\n<p>Nezavisnost Albanije je progla\u0161ena 28. novembra 1912. na Velikoj narodnoj skup\u0161tini u Valoni, a potvr\u0111ena je Londonskim sporazumom kojim je okon\u010dan Prvi balkanski rat, 1913. godine.<\/p>\n<p>Albanski nacionalni praznik poznat je i kao Dan zastave. Crvenu zastavu sa crnim dvoglavim orlom prvi je 1443. godine, po povratku iz Carigrada, u rodnom mjestu Kruji nedaleko od Tirane, na jednoj kuli, istakao albanski nacionalni junak Skenderbeg.<\/p>\n<p>Poslije Velike narodne skup\u0161tine u Valoni, istu zastavu je razvio revolucionar Ismailj \u0106emalji, koji je bio izabran za prvog predsjednika Privremene vlade Albanije.<\/p>\n<p>RTCG<\/p>\n","protected":false},"excerpt":{"rendered":"<p>Albanija\u00a0sve\u010dano obilje\u017eava stogodi\u0161njicu nezavisnosti zemlje. Albanski zvani\u010dnici, politi\u010dari i gra\u0111ani, kao i predstavnici stranih zemalja u Valoni odaju po\u010dast osniva\u010du dr\u017eave Ismailju \u0106emaliju. Albanski predsjednik Bujar Ni\u0161ani, premijer Salji Beri\u0161a i predsjednica skup\u0161tine Jozefina Topali polo\u017eili su vijence na spomenik nezavisnosti u Valoni i na grob Ismailju \u0106emaliju, prenosi agencija ATA. Vijence su polo\u017eili i [&hellip;]<\/p>\n","protected":false},"author":1,"featured_media":0,"comment_status":"open","ping_status":"closed","sticky":false,"template":"","format":"standard","meta":{"spay_email":"","jetpack_publicize_message":"","jetpack_is_tweetstorm":false,"jetpack_publicize_feature_enabled":true},"categories":[6950],"tags":[21564,1667],"jetpack_publicize_connections":[],"yoast_head":"<!-- This site is optimized with the Yoast SEO plugin v19.1 - https:\/\/yoast.com\/wordpress\/plugins\/seo\/ -->\n<title>Sto godina albanske dr\u017eave - Lajme nga Ulqini<\/title>\n<meta name=\"description\" content=\"Albanija\u00a0sve\u010dano obilje\u017eava stogodi\u0161njicu nezavisnosti zemlje. Albanski zvani\u010dnici, politi\u010dari i gra\u0111ani, kao i predstavnici stranih zemalja u Valoni\" \/>\n<meta name=\"robots\" content=\"index, follow, max-snippet:-1, max-image-preview:large, max-video-preview:-1\" \/>\n<link rel=\"canonical\" href=\"https:\/\/www.visit-ulcinj.com\/blog\/2012\/11\/28\/sto-godina-albanske-drzave\/\" \/>\n<meta property=\"og:locale\" content=\"en_US\" \/>\n<meta property=\"og:type\" content=\"article\" \/>\n<meta property=\"og:title\" content=\"Sto godina albanske dr\u017eave - Lajme nga Ulqini\" \/>\n<meta property=\"og:description\" content=\"Albanija\u00a0sve\u010dano obilje\u017eava stogodi\u0161njicu nezavisnosti zemlje. Albanski zvani\u010dnici, politi\u010dari i gra\u0111ani, kao i predstavnici stranih zemalja u Valoni\" \/>\n<meta property=\"og:url\" content=\"https:\/\/www.visit-ulcinj.com\/blog\/2012\/11\/28\/sto-godina-albanske-drzave\/\" \/>\n<meta property=\"og:site_name\" content=\"Lajme nga Ulqini\" \/>\n<meta property=\"article:published_time\" content=\"2012-11-28T19:24:20+00:00\" \/>\n<meta property=\"og:image\" content=\"http:\/\/www.visit-ulcinj.com\/blog\/wp-content\/uploads\/2012\/11\/100-GODINA-ALBANSKE-DRZAVE.jpg\" \/>\n<meta name=\"twitter:label1\" content=\"Written by\" \/>\n\t<meta name=\"twitter:data1\" content=\"ulqini\" \/>\n\t<meta name=\"twitter:label2\" content=\"Est. reading time\" \/>\n\t<meta name=\"twitter:data2\" content=\"1 minute\" \/>\n<script type=\"application\/ld+json\" class=\"yoast-schema-graph\">{\"@context\":\"https:\/\/schema.org\",\"@graph\":[{\"@type\":\"WebSite\",\"@id\":\"https:\/\/www.visit-ulcinj.com\/blog\/#website\",\"url\":\"https:\/\/www.visit-ulcinj.com\/blog\/\",\"name\":\"Lajme nga Ulqini\",\"description\":\"Lajme,Vijesti,Ulqini,Ulqin,Crna Gora,Mali i Zi\",\"potentialAction\":[{\"@type\":\"SearchAction\",\"target\":{\"@type\":\"EntryPoint\",\"urlTemplate\":\"https:\/\/www.visit-ulcinj.com\/blog\/?s={search_term_string}\"},\"query-input\":\"required name=search_term_string\"}],\"inLanguage\":\"en-US\"},{\"@type\":\"ImageObject\",\"inLanguage\":\"en-US\",\"@id\":\"https:\/\/www.visit-ulcinj.com\/blog\/2012\/11\/28\/sto-godina-albanske-drzave\/#primaryimage\",\"url\":\"https:\/\/www.visit-ulcinj.com\/blog\/wp-content\/uploads\/2012\/11\/100-GODINA-ALBANSKE-DRZAVE.jpg\",\"contentUrl\":\"https:\/\/www.visit-ulcinj.com\/blog\/wp-content\/uploads\/2012\/11\/100-GODINA-ALBANSKE-DRZAVE.jpg\",\"width\":\"960\",\"height\":\"594\"},{\"@type\":\"WebPage\",\"@id\":\"https:\/\/www.visit-ulcinj.com\/blog\/2012\/11\/28\/sto-godina-albanske-drzave\/#webpage\",\"url\":\"https:\/\/www.visit-ulcinj.com\/blog\/2012\/11\/28\/sto-godina-albanske-drzave\/\",\"name\":\"Sto godina albanske dr\u017eave - Lajme nga Ulqini\",\"isPartOf\":{\"@id\":\"https:\/\/www.visit-ulcinj.com\/blog\/#website\"},\"primaryImageOfPage\":{\"@id\":\"https:\/\/www.visit-ulcinj.com\/blog\/2012\/11\/28\/sto-godina-albanske-drzave\/#primaryimage\"},\"datePublished\":\"2012-11-28T19:24:20+00:00\",\"dateModified\":\"2012-11-28T19:24:20+00:00\",\"author\":{\"@id\":\"https:\/\/www.visit-ulcinj.com\/blog\/#\/schema\/person\/dcab619c614d3038751c63bc2aadc06d\"},\"description\":\"Albanija\u00a0sve\u010dano obilje\u017eava stogodi\u0161njicu nezavisnosti zemlje. Albanski zvani\u010dnici, politi\u010dari i gra\u0111ani, kao i predstavnici stranih zemalja u Valoni\",\"breadcrumb\":{\"@id\":\"https:\/\/www.visit-ulcinj.com\/blog\/2012\/11\/28\/sto-godina-albanske-drzave\/#breadcrumb\"},\"inLanguage\":\"en-US\",\"potentialAction\":[{\"@type\":\"ReadAction\",\"target\":[\"https:\/\/www.visit-ulcinj.com\/blog\/2012\/11\/28\/sto-godina-albanske-drzave\/\"]}]},{\"@type\":\"BreadcrumbList\",\"@id\":\"https:\/\/www.visit-ulcinj.com\/blog\/2012\/11\/28\/sto-godina-albanske-drzave\/#breadcrumb\",\"itemListElement\":[{\"@type\":\"ListItem\",\"position\":1,\"name\":\"Sto godina albanske dr\u017eave\"}]},{\"@type\":\"Person\",\"@id\":\"https:\/\/www.visit-ulcinj.com\/blog\/#\/schema\/person\/dcab619c614d3038751c63bc2aadc06d\",\"name\":\"ulqini\",\"sameAs\":[\"http:\/\/www.visit-ulcinj.com\"],\"url\":\"https:\/\/www.visit-ulcinj.com\/blog\/author\/admin\/\"}]}<\/script>\n<!-- \/ Yoast SEO plugin. -->","yoast_head_json":{"title":"Sto godina albanske dr\u017eave - Lajme nga Ulqini","description":"Albanija\u00a0sve\u010dano obilje\u017eava stogodi\u0161njicu nezavisnosti zemlje. Albanski zvani\u010dnici, politi\u010dari i gra\u0111ani, kao i predstavnici stranih zemalja u Valoni","robots":{"index":"index","follow":"follow","max-snippet":"max-snippet:-1","max-image-preview":"max-image-preview:large","max-video-preview":"max-video-preview:-1"},"canonical":"https:\/\/www.visit-ulcinj.com\/blog\/2012\/11\/28\/sto-godina-albanske-drzave\/","og_locale":"en_US","og_type":"article","og_title":"Sto godina albanske dr\u017eave - Lajme nga Ulqini","og_description":"Albanija\u00a0sve\u010dano obilje\u017eava stogodi\u0161njicu nezavisnosti zemlje. Albanski zvani\u010dnici, politi\u010dari i gra\u0111ani, kao i predstavnici stranih zemalja u Valoni","og_url":"https:\/\/www.visit-ulcinj.com\/blog\/2012\/11\/28\/sto-godina-albanske-drzave\/","og_site_name":"Lajme nga Ulqini","article_published_time":"2012-11-28T19:24:20+00:00","og_image":[{"url":"http:\/\/www.visit-ulcinj.com\/blog\/wp-content\/uploads\/2012\/11\/100-GODINA-ALBANSKE-DRZAVE.jpg"}],"twitter_misc":{"Written by":"ulqini","Est. reading time":"1 minute"},"schema":{"@context":"https:\/\/schema.org","@graph":[{"@type":"WebSite","@id":"https:\/\/www.visit-ulcinj.com\/blog\/#website","url":"https:\/\/www.visit-ulcinj.com\/blog\/","name":"Lajme nga Ulqini","description":"Lajme,Vijesti,Ulqini,Ulqin,Crna Gora,Mali i Zi","potentialAction":[{"@type":"SearchAction","target":{"@type":"EntryPoint","urlTemplate":"https:\/\/www.visit-ulcinj.com\/blog\/?s={search_term_string}"},"query-input":"required name=search_term_string"}],"inLanguage":"en-US"},{"@type":"ImageObject","inLanguage":"en-US","@id":"https:\/\/www.visit-ulcinj.com\/blog\/2012\/11\/28\/sto-godina-albanske-drzave\/#primaryimage","url":"https:\/\/www.visit-ulcinj.com\/blog\/wp-content\/uploads\/2012\/11\/100-GODINA-ALBANSKE-DRZAVE.jpg","contentUrl":"https:\/\/www.visit-ulcinj.com\/blog\/wp-content\/uploads\/2012\/11\/100-GODINA-ALBANSKE-DRZAVE.jpg","width":"960","height":"594"},{"@type":"WebPage","@id":"https:\/\/www.visit-ulcinj.com\/blog\/2012\/11\/28\/sto-godina-albanske-drzave\/#webpage","url":"https:\/\/www.visit-ulcinj.com\/blog\/2012\/11\/28\/sto-godina-albanske-drzave\/","name":"Sto godina albanske dr\u017eave - Lajme nga Ulqini","isPartOf":{"@id":"https:\/\/www.visit-ulcinj.com\/blog\/#website"},"primaryImageOfPage":{"@id":"https:\/\/www.visit-ulcinj.com\/blog\/2012\/11\/28\/sto-godina-albanske-drzave\/#primaryimage"},"datePublished":"2012-11-28T19:24:20+00:00","dateModified":"2012-11-28T19:24:20+00:00","author":{"@id":"https:\/\/www.visit-ulcinj.com\/blog\/#\/schema\/person\/dcab619c614d3038751c63bc2aadc06d"},"description":"Albanija\u00a0sve\u010dano obilje\u017eava stogodi\u0161njicu nezavisnosti zemlje. Albanski zvani\u010dnici, politi\u010dari i gra\u0111ani, kao i predstavnici stranih zemalja u Valoni","breadcrumb":{"@id":"https:\/\/www.visit-ulcinj.com\/blog\/2012\/11\/28\/sto-godina-albanske-drzave\/#breadcrumb"},"inLanguage":"en-US","potentialAction":[{"@type":"ReadAction","target":["https:\/\/www.visit-ulcinj.com\/blog\/2012\/11\/28\/sto-godina-albanske-drzave\/"]}]},{"@type":"BreadcrumbList","@id":"https:\/\/www.visit-ulcinj.com\/blog\/2012\/11\/28\/sto-godina-albanske-drzave\/#breadcrumb","itemListElement":[{"@type":"ListItem","position":1,"name":"Sto godina albanske dr\u017eave"}]},{"@type":"Person","@id":"https:\/\/www.visit-ulcinj.com\/blog\/#\/schema\/person\/dcab619c614d3038751c63bc2aadc06d","name":"ulqini","sameAs":["http:\/\/www.visit-ulcinj.com"],"url":"https:\/\/www.visit-ulcinj.com\/blog\/author\/admin\/"}]}},"jetpack_featured_media_url":"","jetpack_sharing_enabled":true,"jetpack_shortlink":"https:\/\/wp.me\/pe6lTn-hdo","_links":{"self":[{"href":"https:\/\/www.visit-ulcinj.com\/blog\/wp-json\/wp\/v2\/posts\/66178"}],"collection":[{"href":"https:\/\/www.visit-ulcinj.com\/blog\/wp-json\/wp\/v2\/posts"}],"about":[{"href":"https:\/\/www.visit-ulcinj.com\/blog\/wp-json\/wp\/v2\/types\/post"}],"author":[{"embeddable":true,"href":"https:\/\/www.visit-ulcinj.com\/blog\/wp-json\/wp\/v2\/users\/1"}],"replies":[{"embeddable":true,"href":"https:\/\/www.visit-ulcinj.com\/blog\/wp-json\/wp\/v2\/comments?post=66178"}],"version-history":[{"count":1,"href":"https:\/\/www.visit-ulcinj.com\/blog\/wp-json\/wp\/v2\/posts\/66178\/revisions"}],"predecessor-version":[{"id":66180,"href":"https:\/\/www.visit-ulcinj.com\/blog\/wp-json\/wp\/v2\/posts\/66178\/revisions\/66180"}],"wp:attachment":[{"href":"https:\/\/www.visit-ulcinj.com\/blog\/wp-json\/wp\/v2\/media?parent=66178"}],"wp:term":[{"taxonomy":"category","embeddable":true,"href":"https:\/\/www.visit-ulcinj.com\/blog\/wp-json\/wp\/v2\/categories?post=66178"},{"taxonomy":"post_tag","embeddable":true,"href":"https:\/\/www.visit-ulcinj.com\/blog\/wp-json\/wp\/v2\/tags?post=66178"}],"curies":[{"name":"wp","href":"https:\/\/api.w.org\/{rel}","templated":true}]}}