{"id":6618,"date":"2008-11-25T22:46:48","date_gmt":"2008-11-25T21:46:48","guid":{"rendered":"http:\/\/www.visit-ulcinj.com\/blog\/?p=6618"},"modified":"2008-11-25T09:49:59","modified_gmt":"2008-11-25T08:49:59","slug":"kunder-rrymes-me-bosh","status":"publish","type":"post","link":"https:\/\/www.visit-ulcinj.com\/blog\/2008\/11\/25\/kunder-rrymes-me-bosh\/","title":{"rendered":"Kund\u00ebr rrym\u00ebs me Bosh"},"content":{"rendered":"<p><a href=\"http:\/\/www.visit-ulcinj.com\/blog\/wp-content\/uploads\/2008\/11\/aurela-gace.jpg\"><img loading=\"lazy\" class=\"alignleft size-medium wp-image-6619\" title=\"aurela-gace\" src=\"http:\/\/www.visit-ulcinj.com\/blog\/wp-content\/uploads\/2008\/11\/aurela-gace-300x189.jpg\" alt=\"\" width=\"388\" height=\"245\" \/><\/a>N\u00eb shtat\u00eb dit\u00ebt e jav \u00ebs \u00e7do kujt i ndodh t\u00eb ndihet pse jo nj\u00eb dit\u00eb; vet\u00ebm&#8230; pa dashuri&#8230; thjesht bosh. Nj\u00eb p\u00ebrjetim q\u00eb k\u00ebt\u00eb her\u00eb ka marr\u00eb jet\u00eb n\u00eb k\u00ebng\u00ebn m\u00eb t\u00eb re t\u00eb k\u00ebng\u00ebtares s\u00eb mir\u00ebnjohur Aurela Ga\u00e7e. Me nj\u00eb tekst ku ato pak fjal\u00eb t\u00eb Timo Fllokos thon\u00eb aq shum\u00eb, me muzik\u00eb t\u00eb Ardit Gjebreas dhe orkestrim t\u00eb Shp\u00ebtim Sara\u00e7it, Ga\u00e7e na ka servirur nj\u00eb k\u00ebng\u00eb t\u00eb mrekullueshme. E gjitha kjo e shoq\u00ebruar me nj\u00eb klip t\u00eb ideuar nga vet\u00eb k\u00ebng\u00ebtarja, e cila gjithmon\u00eb shfaqet me nj\u00eb look befasues. Po n\u00eb k\u00ebt\u00eb intervist\u00eb p\u00ebr \u201cBluetooth\u201d, Aurela flet edhe p\u00ebr ato pseudok\u00ebng\u00ebtare, q\u00eb n\u00eb vend q\u00eb t\u00eb krijojn\u00eb imazhin dhe stilin e tyre, imitojn\u00eb at\u00eb nga muzika e deri tek pamja dhe gjestet.<\/p>\n<p>P\u00ebrs\u00ebri n\u00eb ekranet shqiptare me nj\u00eb k\u00ebng\u00eb t\u00eb re. Si ndihet Aurela n\u00eb fund t\u00eb nj\u00eb pune dhe promovimit t\u00eb saj?<\/p>\n<p>Ndihem shum\u00eb mir\u00eb, aq m\u00eb tep\u00ebr tani q\u00eb kam marr\u00eb urimet e para&#8230;<\/p>\n<p>\u00c7far\u00eb \u00ebsht\u00eb k\u00ebnga \u201cBosh\u201d p\u00ebr ju dhe \u00e7far\u00eb n\u00ebnkupton titulli i saj?<\/p>\n<p>Kam th\u00ebn\u00eb me z\u00eb t\u00eb lart\u00eb at\u00eb monolog q\u00eb e ka secili nga ne. Jemi m\u00ebsuar t\u00eb themi vet\u00ebm \u201cik\u201d, \u201cS\u2019kam nevoj\u00eb p\u00ebr ty\u201d, \u201cs\u2019t\u00eb dua m\u00eb\u201d, etj&#8230; Tekstet tona vuajn\u00eb nga mos v\u00ebrtet\u00ebsia. Kjo k\u00ebng\u00eb \u00ebsht\u00eb shum\u00eb e sinqert\u00eb, si t\u00eb thuash i kam l\u00ebn\u00eb njer\u00ebzit t\u00eb m\u00eb shohin m\u00eb shum\u00eb se ajo q\u00eb paraqitem n\u00eb sken\u00eb. \u00cbsht\u00eb k\u00ebng\u00eb e guximshme. Njer\u00ebzit e kan\u00eb t\u00eb v\u00ebshtir\u00eb t\u00eb pranojn\u00eb n\u00eb jet\u00eb at\u00eb q\u00eb un\u00eb kam th\u00ebn\u00eb n\u00eb k\u00ebng\u00eb. Me ndihm\u00ebn e nj\u00eb muzike t\u00eb shkruar nga Ardit Gjebrea, me nj\u00eb poezi t\u00eb shkruar nga Timo Flloko dhe me orkestracion t\u00eb Shp\u00ebtim Sara\u00e7it, un\u00eb munda t\u00eb shpreh dhe t\u00eb flas me at\u00eb q\u00eb di t\u00eb b\u00ebj m\u00eb mir\u00eb&#8230; t\u00eb k\u00ebndoj.<\/p>\n<p>Ku \u00ebsht\u00eb realizuar klipi dhe kush ka qene ideator i saj?<\/p>\n<p>Klipi u realizua n\u00eb Maqedoni nga regjisori Alexander. Fal\u00eb bashk\u00ebpunimit q\u00eb ka \u201cK\u00ebnga Magjike\u201d me Supersonic tv (t\u00eb cil\u00ebt i falenderoj shum\u00eb), un\u00eb si fituese e vjetshme pata mund\u00ebsin\u00eb t\u00eb kem k\u00ebte video falas. \u00cbsht\u00eb v\u00ebrtet\u00eb ndihm\u00eb shum\u00eb e madhe, me \u00e7mimet q\u00eb realizohen klipet e mira sot. Ideja e klipit \u00ebsht\u00eb e nd\u00ebrtuar nga un\u00eb, pasi doja t\u00eb thosha shum\u00eb. Shkolla dhe eksperienca m\u00eb lejuan t\u2019i besoja vetes. Sigurisht q\u00eb regjisori e ka ngritur n\u00eb art at\u00eb q\u00eb une doja t\u00eb thoja.<\/p>\n<p>Duke pasur parasysh q\u00eb ju k\u00ebndoni k\u00ebng\u00eb jo n\u00eb k\u00ebt\u00eb lloj ritmi, si kan\u00eb qen\u00eb reagimet e para p\u00ebr k\u00ebng\u00ebn \u201cBosh\u201d?<\/p>\n<p>Deri m\u00eb sot, n\u00eb gjith\u00eb vitet e karrier\u00ebs kam provuar dhe k\u00ebnduar shum\u00eb; duke filluar me balada, si \u201cNata\u201d, \u201cE pafajshme jam\u201d, \u201cFati yn\u00eb shpres\u00eb e marr\u00ebzi\u201d, etj, k\u00ebng\u00eb pop me motive popullore si s\u2019jam \u201cTribu\u201d, \u201cCimica\u201d, kam provuar K\u00ebng\u00eb Polifonike, kam provuar t\u00eb aktroj duke k\u00ebnduar si \u00c7rli \u00c7plin, etj kjo \u00ebsht\u00eb jazz (pak m\u00eb i moderuar) q\u00eb sot n\u00eb bot\u00eb e k\u00ebndojn\u00eb artist\u00eb q\u00eb jan\u00eb t\u00eb vler\u00ebsuar nga kritika. Mua m\u00eb \u00ebsht\u00eb dashur t\u00eb d\u00ebgjoj k\u00ebto lloj albumesh p\u00ebr ta k\u00ebnduar n\u00eb stilin e duhur. Reagimet kan\u00eb qen\u00eb shum\u00eb t\u00eb mira, ashtu si\u00e7 i prisja. Publiku e kupton dashurin\u00eb dhe sinqeritetin, edhe pse kjo lloj muzike nuk \u00ebsht\u00eb pjes\u00eb e asaj q\u00eb \u00ebsht\u00eb n\u00eb \u201cmod\u00eb\u201d k\u00ebtu tek ne. Dhe m\u00eb besoni, e di shume mir\u00eb \u00e7far\u00eb \u00ebsht\u00eb n\u00eb mod\u00eb p\u00ebr t\u00eb shitur.<\/p>\n<p>K\u00ebt\u00eb vit nuk konkurroni n\u00eb \u201cK\u00ebng\u00ebn Magjike\u201d po jeni e ftuar e saj. Ishte zgjedhja juaj kjo?<\/p>\n<p>K\u00ebt\u00eb rradh\u00eb doja t\u00eb vija si kampione akoma n\u00eb fuqi (qesh).<\/p>\n<p>\u201cHape veten\u201d \u00ebsht\u00eb nj\u00eb k\u00ebng\u00eb q\u00eb njihet edhe tek shqiptar\u00ebt n\u00eb Amerik\u00eb apo jo? E k\u00ebrkojn\u00eb ata n\u00eb koncertet tuaja?<\/p>\n<p>Po, madje ajo k\u00ebng\u00eb pati shum\u00eb vota n\u00eb internet nga fansat e mi atje.<\/p>\n<p>Cili \u00ebsht\u00eb emocioni m\u00eb i madh q\u00eb mor\u00ebt prej saj?<\/p>\n<p>Pritja dhe reagimi i publikut m\u00eb ka b\u00ebr\u00eb t\u00eb emocionohem shum\u00eb.<\/p>\n<p>I shihni klipet shqiptare? Cili \u00ebsht\u00eb mendimi juaj p\u00ebr to?<\/p>\n<p>Kur vij k\u00ebtu, mundohem t\u00eb informohem me tregun muzikor dhe t\u00eb them t\u00eb v\u00ebrtet\u00ebn, me keqardhje po e them se shum\u00eb klipe l\u00ebn\u00eb shum\u00eb p\u00ebr t\u00eb d\u00ebshiruar.<\/p>\n<p>Dihet q\u00eb publiku \u00ebsht\u00eb gjykuesi m\u00eb i mir\u00eb. Dhe n\u00eb k\u00ebt\u00eb rast duke ju referuar atij, thuhet se jan\u00eb disa k\u00ebng\u00ebtar\u00eb q\u00eb ju imitojn\u00eb ju, e jo vet\u00ebm n\u00eb k\u00ebng\u00eb. Ju vet\u00eb Aurela, mendoni se ka k\u00ebng\u00ebtar\u00eb, q\u00eb ju imitojn\u00eb dhe \u00e7far\u00eb do t\u2019u thoshit atyre?<\/p>\n<p>Nga sa kam par\u00eb i bashkohem mendimit t\u00eb publikut. Un\u00eb kur kam dal\u00eb n\u00eb sken\u00eb dhe kur kam nxjerr\u00eb n\u00eb treg albumet e mia, nuk e kisha menduar se do t\u00eb vinte nj\u00eb dit\u00eb q\u00eb t\u00eb b\u00ebhesha pik\u00eb referimi, dhe p\u00ebr k\u00ebt\u00eb m\u00eb vjen mir\u00eb nese kam ndihmuar dik\u00eb. Edhe un\u00eb kam pasur dhe kam k\u00ebng\u00ebtare q\u00eb referohem, por nuk i kopjoj, pasi kam shum\u00eb nga vetja p\u00ebr t\u00eb dh\u00ebn\u00eb. M\u00eb vjen mir\u00eb q\u00eb m\u00eb shohin mua si burim frym\u00ebzimi n\u00eb vend t\u00eb nj\u00eb k\u00ebng\u00ebtareje t\u00eb huaj. Nuk bezdisem fare kur shoh nj\u00eb klip t\u00eb dit\u00ebve t\u00eb sotme i ngjan kryek\u00ebput klipit tim \u201cOh n\u00ebn\u00eb\u201d i realizuar 8 vjet m\u00eb par\u00eb, qoft\u00eb potpuri t\u00eb k\u00ebnduara nj\u00ebsoj (t\u00eb pakt\u00ebn t\u00eb kishin marr\u00eb koh\u00ebn t\u2019i nd\u00ebrtonin ndryshe), ose qoft\u00eb edhe ndonj\u00eb l\u00ebvizje t\u00eb b\u00ebr\u00eb n\u00eb sken\u00eb ose n\u00eb Klipe. Nuk m\u00eb bezdis as fakti kur m\u00eb imitojn\u00eb n\u00eb look e gjeste. Lumturohem q\u00eb mund t\u2019i ndihmoj. Vet\u00ebm kam nj\u00eb k\u00ebshill\u00eb; n\u00eb an\u00ebn e bregut tjet\u00ebr t\u00eb nxjerrin vet\u00ebm krah\u00ebt e tu\u201d. Do t\u00eb doja q\u00eb k\u00ebta k\u00ebng\u00ebtare t\u00eb ishin m\u00eb krijuese.<\/p>\n<p><strong><br \/>\nBluetooth<\/strong><\/p>\n<!--YouTube Error: bad URL entered-->\n","protected":false},"excerpt":{"rendered":"<p>N\u00eb shtat\u00eb dit\u00ebt e jav \u00ebs \u00e7do kujt i ndodh t\u00eb ndihet pse jo nj\u00eb dit\u00eb; vet\u00ebm&#8230; pa dashuri&#8230; thjesht bosh. Nj\u00eb p\u00ebrjetim q\u00eb k\u00ebt\u00eb her\u00eb ka marr\u00eb jet\u00eb n\u00eb k\u00ebng\u00ebn m\u00eb t\u00eb re t\u00eb k\u00ebng\u00ebtares s\u00eb mir\u00ebnjohur Aurela Ga\u00e7e. Me nj\u00eb tekst ku ato pak fjal\u00eb t\u00eb Timo Fllokos thon\u00eb aq shum\u00eb, me muzik\u00eb [&hellip;]<\/p>\n","protected":false},"author":1,"featured_media":0,"comment_status":"open","ping_status":"closed","sticky":false,"template":"","format":"standard","meta":{"spay_email":"","jetpack_publicize_message":"","jetpack_is_tweetstorm":false,"jetpack_publicize_feature_enabled":true},"categories":[1],"tags":[5088],"jetpack_publicize_connections":[],"yoast_head":"<!-- This site is optimized with the Yoast SEO plugin v19.1 - https:\/\/yoast.com\/wordpress\/plugins\/seo\/ -->\n<title>Kund\u00ebr rrym\u00ebs me Bosh - Lajme nga Ulqini<\/title>\n<meta name=\"description\" content=\"N\u00eb shtat\u00eb dit\u00ebt e jav \u00ebs \u00e7do kujt i ndodh t\u00eb ndihet pse jo nj\u00eb dit\u00eb; vet\u00ebm... pa dashuri... thjesht bosh. Nj\u00eb p\u00ebrjetim q\u00eb k\u00ebt\u00eb her\u00eb ka marr\u00eb jet\u00eb n\u00eb\" \/>\n<meta name=\"robots\" content=\"index, follow, max-snippet:-1, max-image-preview:large, max-video-preview:-1\" \/>\n<link rel=\"canonical\" href=\"https:\/\/www.visit-ulcinj.com\/blog\/2008\/11\/25\/kunder-rrymes-me-bosh\/\" \/>\n<meta property=\"og:locale\" content=\"en_US\" \/>\n<meta property=\"og:type\" content=\"article\" \/>\n<meta property=\"og:title\" content=\"Kund\u00ebr rrym\u00ebs me Bosh - Lajme nga Ulqini\" \/>\n<meta property=\"og:description\" content=\"N\u00eb shtat\u00eb dit\u00ebt e jav \u00ebs \u00e7do kujt i ndodh t\u00eb ndihet pse jo nj\u00eb dit\u00eb; vet\u00ebm... pa dashuri... thjesht bosh. Nj\u00eb p\u00ebrjetim q\u00eb k\u00ebt\u00eb her\u00eb ka marr\u00eb jet\u00eb n\u00eb\" \/>\n<meta property=\"og:url\" content=\"https:\/\/www.visit-ulcinj.com\/blog\/2008\/11\/25\/kunder-rrymes-me-bosh\/\" \/>\n<meta property=\"og:site_name\" content=\"Lajme nga Ulqini\" \/>\n<meta property=\"article:published_time\" content=\"2008-11-25T21:46:48+00:00\" \/>\n<meta property=\"article:modified_time\" content=\"2008-11-25T08:49:59+00:00\" \/>\n<meta property=\"og:image\" content=\"http:\/\/www.visit-ulcinj.com\/blog\/wp-content\/uploads\/2008\/11\/aurela-gace-300x189.jpg\" \/>\n<meta name=\"twitter:label1\" content=\"Written by\" \/>\n\t<meta name=\"twitter:data1\" content=\"ulqini\" \/>\n\t<meta name=\"twitter:label2\" content=\"Est. reading time\" \/>\n\t<meta name=\"twitter:data2\" content=\"5 minutes\" \/>\n<script type=\"application\/ld+json\" class=\"yoast-schema-graph\">{\"@context\":\"https:\/\/schema.org\",\"@graph\":[{\"@type\":\"WebSite\",\"@id\":\"https:\/\/www.visit-ulcinj.com\/blog\/#website\",\"url\":\"https:\/\/www.visit-ulcinj.com\/blog\/\",\"name\":\"Lajme nga Ulqini\",\"description\":\"Lajme,Vijesti,Ulqini,Ulqin,Crna Gora,Mali i Zi\",\"potentialAction\":[{\"@type\":\"SearchAction\",\"target\":{\"@type\":\"EntryPoint\",\"urlTemplate\":\"https:\/\/www.visit-ulcinj.com\/blog\/?s={search_term_string}\"},\"query-input\":\"required name=search_term_string\"}],\"inLanguage\":\"en-US\"},{\"@type\":\"ImageObject\",\"inLanguage\":\"en-US\",\"@id\":\"https:\/\/www.visit-ulcinj.com\/blog\/2008\/11\/25\/kunder-rrymes-me-bosh\/#primaryimage\",\"url\":\"http:\/\/www.visit-ulcinj.com\/blog\/wp-content\/uploads\/2008\/11\/aurela-gace-300x189.jpg\",\"contentUrl\":\"http:\/\/www.visit-ulcinj.com\/blog\/wp-content\/uploads\/2008\/11\/aurela-gace-300x189.jpg\"},{\"@type\":\"WebPage\",\"@id\":\"https:\/\/www.visit-ulcinj.com\/blog\/2008\/11\/25\/kunder-rrymes-me-bosh\/#webpage\",\"url\":\"https:\/\/www.visit-ulcinj.com\/blog\/2008\/11\/25\/kunder-rrymes-me-bosh\/\",\"name\":\"Kund\u00ebr rrym\u00ebs me Bosh - Lajme nga Ulqini\",\"isPartOf\":{\"@id\":\"https:\/\/www.visit-ulcinj.com\/blog\/#website\"},\"primaryImageOfPage\":{\"@id\":\"https:\/\/www.visit-ulcinj.com\/blog\/2008\/11\/25\/kunder-rrymes-me-bosh\/#primaryimage\"},\"datePublished\":\"2008-11-25T21:46:48+00:00\",\"dateModified\":\"2008-11-25T08:49:59+00:00\",\"author\":{\"@id\":\"https:\/\/www.visit-ulcinj.com\/blog\/#\/schema\/person\/dcab619c614d3038751c63bc2aadc06d\"},\"description\":\"N\u00eb shtat\u00eb dit\u00ebt e jav \u00ebs \u00e7do kujt i ndodh t\u00eb ndihet pse jo nj\u00eb dit\u00eb; vet\u00ebm... pa dashuri... thjesht bosh. Nj\u00eb p\u00ebrjetim q\u00eb k\u00ebt\u00eb her\u00eb ka marr\u00eb jet\u00eb n\u00eb\",\"breadcrumb\":{\"@id\":\"https:\/\/www.visit-ulcinj.com\/blog\/2008\/11\/25\/kunder-rrymes-me-bosh\/#breadcrumb\"},\"inLanguage\":\"en-US\",\"potentialAction\":[{\"@type\":\"ReadAction\",\"target\":[\"https:\/\/www.visit-ulcinj.com\/blog\/2008\/11\/25\/kunder-rrymes-me-bosh\/\"]}]},{\"@type\":\"BreadcrumbList\",\"@id\":\"https:\/\/www.visit-ulcinj.com\/blog\/2008\/11\/25\/kunder-rrymes-me-bosh\/#breadcrumb\",\"itemListElement\":[{\"@type\":\"ListItem\",\"position\":1,\"name\":\"Kund\u00ebr rrym\u00ebs me Bosh\"}]},{\"@type\":\"Person\",\"@id\":\"https:\/\/www.visit-ulcinj.com\/blog\/#\/schema\/person\/dcab619c614d3038751c63bc2aadc06d\",\"name\":\"ulqini\",\"sameAs\":[\"http:\/\/www.visit-ulcinj.com\"],\"url\":\"https:\/\/www.visit-ulcinj.com\/blog\/author\/admin\/\"}]}<\/script>\n<!-- \/ Yoast SEO plugin. -->","yoast_head_json":{"title":"Kund\u00ebr rrym\u00ebs me Bosh - Lajme nga Ulqini","description":"N\u00eb shtat\u00eb dit\u00ebt e jav \u00ebs \u00e7do kujt i ndodh t\u00eb ndihet pse jo nj\u00eb dit\u00eb; vet\u00ebm... pa dashuri... thjesht bosh. Nj\u00eb p\u00ebrjetim q\u00eb k\u00ebt\u00eb her\u00eb ka marr\u00eb jet\u00eb n\u00eb","robots":{"index":"index","follow":"follow","max-snippet":"max-snippet:-1","max-image-preview":"max-image-preview:large","max-video-preview":"max-video-preview:-1"},"canonical":"https:\/\/www.visit-ulcinj.com\/blog\/2008\/11\/25\/kunder-rrymes-me-bosh\/","og_locale":"en_US","og_type":"article","og_title":"Kund\u00ebr rrym\u00ebs me Bosh - Lajme nga Ulqini","og_description":"N\u00eb shtat\u00eb dit\u00ebt e jav \u00ebs \u00e7do kujt i ndodh t\u00eb ndihet pse jo nj\u00eb dit\u00eb; vet\u00ebm... pa dashuri... thjesht bosh. Nj\u00eb p\u00ebrjetim q\u00eb k\u00ebt\u00eb her\u00eb ka marr\u00eb jet\u00eb n\u00eb","og_url":"https:\/\/www.visit-ulcinj.com\/blog\/2008\/11\/25\/kunder-rrymes-me-bosh\/","og_site_name":"Lajme nga Ulqini","article_published_time":"2008-11-25T21:46:48+00:00","article_modified_time":"2008-11-25T08:49:59+00:00","og_image":[{"url":"http:\/\/www.visit-ulcinj.com\/blog\/wp-content\/uploads\/2008\/11\/aurela-gace-300x189.jpg"}],"twitter_misc":{"Written by":"ulqini","Est. reading time":"5 minutes"},"schema":{"@context":"https:\/\/schema.org","@graph":[{"@type":"WebSite","@id":"https:\/\/www.visit-ulcinj.com\/blog\/#website","url":"https:\/\/www.visit-ulcinj.com\/blog\/","name":"Lajme nga Ulqini","description":"Lajme,Vijesti,Ulqini,Ulqin,Crna Gora,Mali i Zi","potentialAction":[{"@type":"SearchAction","target":{"@type":"EntryPoint","urlTemplate":"https:\/\/www.visit-ulcinj.com\/blog\/?s={search_term_string}"},"query-input":"required name=search_term_string"}],"inLanguage":"en-US"},{"@type":"ImageObject","inLanguage":"en-US","@id":"https:\/\/www.visit-ulcinj.com\/blog\/2008\/11\/25\/kunder-rrymes-me-bosh\/#primaryimage","url":"http:\/\/www.visit-ulcinj.com\/blog\/wp-content\/uploads\/2008\/11\/aurela-gace-300x189.jpg","contentUrl":"http:\/\/www.visit-ulcinj.com\/blog\/wp-content\/uploads\/2008\/11\/aurela-gace-300x189.jpg"},{"@type":"WebPage","@id":"https:\/\/www.visit-ulcinj.com\/blog\/2008\/11\/25\/kunder-rrymes-me-bosh\/#webpage","url":"https:\/\/www.visit-ulcinj.com\/blog\/2008\/11\/25\/kunder-rrymes-me-bosh\/","name":"Kund\u00ebr rrym\u00ebs me Bosh - Lajme nga Ulqini","isPartOf":{"@id":"https:\/\/www.visit-ulcinj.com\/blog\/#website"},"primaryImageOfPage":{"@id":"https:\/\/www.visit-ulcinj.com\/blog\/2008\/11\/25\/kunder-rrymes-me-bosh\/#primaryimage"},"datePublished":"2008-11-25T21:46:48+00:00","dateModified":"2008-11-25T08:49:59+00:00","author":{"@id":"https:\/\/www.visit-ulcinj.com\/blog\/#\/schema\/person\/dcab619c614d3038751c63bc2aadc06d"},"description":"N\u00eb shtat\u00eb dit\u00ebt e jav \u00ebs \u00e7do kujt i ndodh t\u00eb ndihet pse jo nj\u00eb dit\u00eb; vet\u00ebm... pa dashuri... thjesht bosh. Nj\u00eb p\u00ebrjetim q\u00eb k\u00ebt\u00eb her\u00eb ka marr\u00eb jet\u00eb n\u00eb","breadcrumb":{"@id":"https:\/\/www.visit-ulcinj.com\/blog\/2008\/11\/25\/kunder-rrymes-me-bosh\/#breadcrumb"},"inLanguage":"en-US","potentialAction":[{"@type":"ReadAction","target":["https:\/\/www.visit-ulcinj.com\/blog\/2008\/11\/25\/kunder-rrymes-me-bosh\/"]}]},{"@type":"BreadcrumbList","@id":"https:\/\/www.visit-ulcinj.com\/blog\/2008\/11\/25\/kunder-rrymes-me-bosh\/#breadcrumb","itemListElement":[{"@type":"ListItem","position":1,"name":"Kund\u00ebr rrym\u00ebs me Bosh"}]},{"@type":"Person","@id":"https:\/\/www.visit-ulcinj.com\/blog\/#\/schema\/person\/dcab619c614d3038751c63bc2aadc06d","name":"ulqini","sameAs":["http:\/\/www.visit-ulcinj.com"],"url":"https:\/\/www.visit-ulcinj.com\/blog\/author\/admin\/"}]}},"jetpack_featured_media_url":"","jetpack_sharing_enabled":true,"jetpack_shortlink":"https:\/\/wp.me\/pe6lTn-1IK","_links":{"self":[{"href":"https:\/\/www.visit-ulcinj.com\/blog\/wp-json\/wp\/v2\/posts\/6618"}],"collection":[{"href":"https:\/\/www.visit-ulcinj.com\/blog\/wp-json\/wp\/v2\/posts"}],"about":[{"href":"https:\/\/www.visit-ulcinj.com\/blog\/wp-json\/wp\/v2\/types\/post"}],"author":[{"embeddable":true,"href":"https:\/\/www.visit-ulcinj.com\/blog\/wp-json\/wp\/v2\/users\/1"}],"replies":[{"embeddable":true,"href":"https:\/\/www.visit-ulcinj.com\/blog\/wp-json\/wp\/v2\/comments?post=6618"}],"version-history":[{"count":0,"href":"https:\/\/www.visit-ulcinj.com\/blog\/wp-json\/wp\/v2\/posts\/6618\/revisions"}],"wp:attachment":[{"href":"https:\/\/www.visit-ulcinj.com\/blog\/wp-json\/wp\/v2\/media?parent=6618"}],"wp:term":[{"taxonomy":"category","embeddable":true,"href":"https:\/\/www.visit-ulcinj.com\/blog\/wp-json\/wp\/v2\/categories?post=6618"},{"taxonomy":"post_tag","embeddable":true,"href":"https:\/\/www.visit-ulcinj.com\/blog\/wp-json\/wp\/v2\/tags?post=6618"}],"curies":[{"name":"wp","href":"https:\/\/api.w.org\/{rel}","templated":true}]}}