{"id":66184,"date":"2012-11-29T17:17:39","date_gmt":"2012-11-29T16:17:39","guid":{"rendered":"http:\/\/www.visit-ulcinj.com\/blog\/?p=66184"},"modified":"2012-11-29T17:22:22","modified_gmt":"2012-11-29T16:22:22","slug":"potpisan-memorandum-o-razumijevanju-izmedju-osnovnog-suda-u-ulcinju-kancelarije-usaid-a-u-crnu-goru","status":"publish","type":"post","link":"https:\/\/www.visit-ulcinj.com\/blog\/2012\/11\/29\/potpisan-memorandum-o-razumijevanju-izmedju-osnovnog-suda-u-ulcinju-kancelarije-usaid-a-u-crnu-goru\/","title":{"rendered":"Potpisan Memorandum o razumijevanju izmedju Osnovnog suda u Ulcinju,i Kancelarije USAID-a u Crnu Goru"},"content":{"rendered":"<p style=\"text-align: center;\"><strong><a href=\"http:\/\/www.visit-ulcinj.com\/blog\/wp-content\/uploads\/2012\/11\/Osnovni-Sud-Ulcinj.jpg\"><img loading=\"lazy\" class=\"aligncenter  wp-image-66185\" title=\"Osnovni Sud Ulcinj\" src=\"http:\/\/www.visit-ulcinj.com\/blog\/wp-content\/uploads\/2012\/11\/Osnovni-Sud-Ulcinj.jpg\" alt=\"\" width=\"250\" height=\"200\" \/><\/a><\/strong><\/p>\n<p>&nbsp;<\/p>\n<p>Ulcinj, 28.11.2012. godine<\/p>\n<p>Saop\u0161tenje za medije povodom potpisivanja Memoranduma o razumijevanju izmedju Osnovnog suda u Ulcinju, Kancelarije USAID-a u Crnoj Gori i Programa efikasnog upravljanja u Crnoj Gori<br \/>\n<a href=\"http:\/\/www.visit-ulcinj.com\/blog\/wp-content\/uploads\/2012\/11\/Osnovni-Sud-Ulcinj_Usaid_Crna-Gora.1.jpg\"><img loading=\"lazy\" class=\"wp-image-66186 alignleft\" title=\"Osnovni Sud Ulcinj_Usaid_Crna Gora.1\" src=\"http:\/\/www.visit-ulcinj.com\/blog\/wp-content\/uploads\/2012\/11\/Osnovni-Sud-Ulcinj_Usaid_Crna-Gora.1.jpg\" alt=\"\" width=\"508\" height=\"360\" \/><\/a><\/p>\n<p>Danas je, u prostorijama Osnovnog suda u Ulcinju, potpisan Memorandum o razumijevanju izmedju Osnovnog suda u Ulcinju, Kancelarije USAID-a (Ameri\u010dke agencije za medjunarodni razvoj) u Crnoj Gori i Programa efikasnog upravljanja u Crnoj Gori, kojim se obilje\u017eava po\u010detak zajedni\u010dke saradnje. Memorandum o razumijevanju su potpisali gospodja Lirija Buzuku, predsjednica Osnovnog suda u Ulcinju, gospodin Timothy Donnay, \u0161ef kancelarije USAID-a za Crnu Goru i gospodin Marc Lassman, \u0161ef predstavni\u0161tva East West Management Instituta koji sredstvima USAID-a, implementira Program u Crnoj Gori.<\/p>\n<p><a href=\"http:\/\/www.visit-ulcinj.com\/blog\/wp-content\/uploads\/2012\/11\/Osnovni-Sud-Ulcinj_Usaid_Crna-Gora.jpg\"><img loading=\"lazy\" class=\"wp-image-66187 alignleft\" title=\"Osnovni Sud Ulcinj_Usaid_Crna Gora\" src=\"http:\/\/www.visit-ulcinj.com\/blog\/wp-content\/uploads\/2012\/11\/Osnovni-Sud-Ulcinj_Usaid_Crna-Gora.jpg\" alt=\"\" width=\"300\" height=\"350\" \/><\/a>Memorandum o razumijevanju je potpisan u vezi sa sprovodjenjem sveobuhvatnog plana unapredjenja rada Osnovnog suda u Ulcinju i Akcionog plana u vezi sa tim. Plan unapredjenja rada suda defini\u0161e osnovne aktivnosti koje \u0107e se posredstvom \u201ePrograma efikasnog upravljanja\u201c realizovati u sudu u narednih pola godine. Aktivnosti predvidjene Planom podrazumijevaju prevashodno unapre\u0111enje internog upravljanja radom suda (u smislu rastere\u0107enja sudija od administrativnih du\u017enosti), unapredjenje ukupne transparentnosti rada suda i odnosa sa klijentima i pobolj\u0161anje unutra\u0161nje komunikacije u okviru sudske administracije.<\/p>\n<p>\u201cProgram efikasnog upravljanja u Crnoj Gori\u201d (Good Governance Activity in Montenegro), sredstvima USAID-a implementira East West Management Institute i po\u010deo je sa implementacijom u oktobru 2010. godine. Krajnji cilj Programa jeste stvaranje transparentnijih, funkcionalnijih i otvorenijih institucija upravljanja, kao i ja\u010danje uloge civilnog dru\u0161tva i privatnog sektora kao partnera tih institucija u Crnoj Gori. Specifi\u010dan akcenat u kontekstu implementacije projekta stavljen je na ja\u010danje pravosudnog sistema i ja\u010danje povjerenja javnosti u rad sudova.<\/p>\n<p style=\"text-align: left;\" align=\"center\"><strong>OSNOVNI SUD ULCINJ<\/strong><\/p>\n","protected":false},"excerpt":{"rendered":"<p>&nbsp; Ulcinj, 28.11.2012. godine Saop\u0161tenje za medije povodom potpisivanja Memoranduma o razumijevanju izmedju Osnovnog suda u Ulcinju, Kancelarije USAID-a u Crnoj Gori i Programa efikasnog upravljanja u Crnoj Gori Danas je, u prostorijama Osnovnog suda u Ulcinju, potpisan Memorandum o razumijevanju izmedju Osnovnog suda u Ulcinju, Kancelarije USAID-a (Ameri\u010dke agencije za medjunarodni razvoj) u Crnoj [&hellip;]<\/p>\n","protected":false},"author":1,"featured_media":0,"comment_status":"open","ping_status":"closed","sticky":false,"template":"","format":"standard","meta":{"spay_email":"","jetpack_publicize_message":"","jetpack_is_tweetstorm":false,"jetpack_publicize_feature_enabled":true},"categories":[8337],"tags":[21566,13898,21565,19],"jetpack_publicize_connections":[],"yoast_head":"<!-- This site is optimized with the Yoast SEO plugin v19.1 - https:\/\/yoast.com\/wordpress\/plugins\/seo\/ -->\n<title>Potpisan Memorandum o razumijevanju izmedju Osnovnog suda u Ulcinju,i Kancelarije USAID-a u Crnu Goru - Lajme nga Ulqini<\/title>\n<meta name=\"description\" content=\"&nbsp; Ulcinj, 28.11.2012. godine Saop\u0161tenje za medije povodom potpisivanja Memoranduma o razumijevanju izmedju Osnovnog suda u Ulcinju, Kancelarije\" \/>\n<meta name=\"robots\" content=\"index, follow, max-snippet:-1, max-image-preview:large, max-video-preview:-1\" \/>\n<link rel=\"canonical\" href=\"https:\/\/www.visit-ulcinj.com\/blog\/2012\/11\/29\/potpisan-memorandum-o-razumijevanju-izmedju-osnovnog-suda-u-ulcinju-kancelarije-usaid-a-u-crnu-goru\/\" \/>\n<meta property=\"og:locale\" content=\"en_US\" \/>\n<meta property=\"og:type\" content=\"article\" \/>\n<meta property=\"og:title\" content=\"Potpisan Memorandum o razumijevanju izmedju Osnovnog suda u Ulcinju,i Kancelarije USAID-a u Crnu Goru - Lajme nga Ulqini\" \/>\n<meta property=\"og:description\" content=\"&nbsp; Ulcinj, 28.11.2012. godine Saop\u0161tenje za medije povodom potpisivanja Memoranduma o razumijevanju izmedju Osnovnog suda u Ulcinju, Kancelarije\" \/>\n<meta property=\"og:url\" content=\"https:\/\/www.visit-ulcinj.com\/blog\/2012\/11\/29\/potpisan-memorandum-o-razumijevanju-izmedju-osnovnog-suda-u-ulcinju-kancelarije-usaid-a-u-crnu-goru\/\" \/>\n<meta property=\"og:site_name\" content=\"Lajme nga Ulqini\" \/>\n<meta property=\"article:published_time\" content=\"2012-11-29T16:17:39+00:00\" \/>\n<meta property=\"article:modified_time\" content=\"2012-11-29T16:22:22+00:00\" \/>\n<meta property=\"og:image\" content=\"http:\/\/www.visit-ulcinj.com\/blog\/wp-content\/uploads\/2012\/11\/Osnovni-Sud-Ulcinj.jpg\" \/>\n<meta name=\"twitter:label1\" content=\"Written by\" \/>\n\t<meta name=\"twitter:data1\" content=\"ulqini\" \/>\n\t<meta name=\"twitter:label2\" content=\"Est. reading time\" \/>\n\t<meta name=\"twitter:data2\" content=\"1 minute\" \/>\n<script type=\"application\/ld+json\" class=\"yoast-schema-graph\">{\"@context\":\"https:\/\/schema.org\",\"@graph\":[{\"@type\":\"WebSite\",\"@id\":\"https:\/\/www.visit-ulcinj.com\/blog\/#website\",\"url\":\"https:\/\/www.visit-ulcinj.com\/blog\/\",\"name\":\"Lajme nga Ulqini\",\"description\":\"Lajme,Vijesti,Ulqini,Ulqin,Crna Gora,Mali i Zi\",\"potentialAction\":[{\"@type\":\"SearchAction\",\"target\":{\"@type\":\"EntryPoint\",\"urlTemplate\":\"https:\/\/www.visit-ulcinj.com\/blog\/?s={search_term_string}\"},\"query-input\":\"required name=search_term_string\"}],\"inLanguage\":\"en-US\"},{\"@type\":\"ImageObject\",\"inLanguage\":\"en-US\",\"@id\":\"https:\/\/www.visit-ulcinj.com\/blog\/2012\/11\/29\/potpisan-memorandum-o-razumijevanju-izmedju-osnovnog-suda-u-ulcinju-kancelarije-usaid-a-u-crnu-goru\/#primaryimage\",\"url\":\"https:\/\/www.visit-ulcinj.com\/blog\/wp-content\/uploads\/2012\/11\/Osnovni-Sud-Ulcinj.jpg\",\"contentUrl\":\"https:\/\/www.visit-ulcinj.com\/blog\/wp-content\/uploads\/2012\/11\/Osnovni-Sud-Ulcinj.jpg\",\"width\":\"300\",\"height\":\"250\"},{\"@type\":\"WebPage\",\"@id\":\"https:\/\/www.visit-ulcinj.com\/blog\/2012\/11\/29\/potpisan-memorandum-o-razumijevanju-izmedju-osnovnog-suda-u-ulcinju-kancelarije-usaid-a-u-crnu-goru\/#webpage\",\"url\":\"https:\/\/www.visit-ulcinj.com\/blog\/2012\/11\/29\/potpisan-memorandum-o-razumijevanju-izmedju-osnovnog-suda-u-ulcinju-kancelarije-usaid-a-u-crnu-goru\/\",\"name\":\"Potpisan Memorandum o razumijevanju izmedju Osnovnog suda u Ulcinju,i Kancelarije USAID-a u Crnu Goru - Lajme nga Ulqini\",\"isPartOf\":{\"@id\":\"https:\/\/www.visit-ulcinj.com\/blog\/#website\"},\"primaryImageOfPage\":{\"@id\":\"https:\/\/www.visit-ulcinj.com\/blog\/2012\/11\/29\/potpisan-memorandum-o-razumijevanju-izmedju-osnovnog-suda-u-ulcinju-kancelarije-usaid-a-u-crnu-goru\/#primaryimage\"},\"datePublished\":\"2012-11-29T16:17:39+00:00\",\"dateModified\":\"2012-11-29T16:22:22+00:00\",\"author\":{\"@id\":\"https:\/\/www.visit-ulcinj.com\/blog\/#\/schema\/person\/dcab619c614d3038751c63bc2aadc06d\"},\"description\":\"&nbsp; Ulcinj, 28.11.2012. godine Saop\u0161tenje za medije povodom potpisivanja Memoranduma o razumijevanju izmedju Osnovnog suda u Ulcinju, Kancelarije\",\"breadcrumb\":{\"@id\":\"https:\/\/www.visit-ulcinj.com\/blog\/2012\/11\/29\/potpisan-memorandum-o-razumijevanju-izmedju-osnovnog-suda-u-ulcinju-kancelarije-usaid-a-u-crnu-goru\/#breadcrumb\"},\"inLanguage\":\"en-US\",\"potentialAction\":[{\"@type\":\"ReadAction\",\"target\":[\"https:\/\/www.visit-ulcinj.com\/blog\/2012\/11\/29\/potpisan-memorandum-o-razumijevanju-izmedju-osnovnog-suda-u-ulcinju-kancelarije-usaid-a-u-crnu-goru\/\"]}]},{\"@type\":\"BreadcrumbList\",\"@id\":\"https:\/\/www.visit-ulcinj.com\/blog\/2012\/11\/29\/potpisan-memorandum-o-razumijevanju-izmedju-osnovnog-suda-u-ulcinju-kancelarije-usaid-a-u-crnu-goru\/#breadcrumb\",\"itemListElement\":[{\"@type\":\"ListItem\",\"position\":1,\"name\":\"Potpisan Memorandum o razumijevanju izmedju Osnovnog suda u Ulcinju,i Kancelarije USAID-a u Crnu Goru\"}]},{\"@type\":\"Person\",\"@id\":\"https:\/\/www.visit-ulcinj.com\/blog\/#\/schema\/person\/dcab619c614d3038751c63bc2aadc06d\",\"name\":\"ulqini\",\"sameAs\":[\"http:\/\/www.visit-ulcinj.com\"],\"url\":\"https:\/\/www.visit-ulcinj.com\/blog\/author\/admin\/\"}]}<\/script>\n<!-- \/ Yoast SEO plugin. -->","yoast_head_json":{"title":"Potpisan Memorandum o razumijevanju izmedju Osnovnog suda u Ulcinju,i Kancelarije USAID-a u Crnu Goru - Lajme nga Ulqini","description":"&nbsp; Ulcinj, 28.11.2012. godine Saop\u0161tenje za medije povodom potpisivanja Memoranduma o razumijevanju izmedju Osnovnog suda u Ulcinju, Kancelarije","robots":{"index":"index","follow":"follow","max-snippet":"max-snippet:-1","max-image-preview":"max-image-preview:large","max-video-preview":"max-video-preview:-1"},"canonical":"https:\/\/www.visit-ulcinj.com\/blog\/2012\/11\/29\/potpisan-memorandum-o-razumijevanju-izmedju-osnovnog-suda-u-ulcinju-kancelarije-usaid-a-u-crnu-goru\/","og_locale":"en_US","og_type":"article","og_title":"Potpisan Memorandum o razumijevanju izmedju Osnovnog suda u Ulcinju,i Kancelarije USAID-a u Crnu Goru - Lajme nga Ulqini","og_description":"&nbsp; Ulcinj, 28.11.2012. godine Saop\u0161tenje za medije povodom potpisivanja Memoranduma o razumijevanju izmedju Osnovnog suda u Ulcinju, Kancelarije","og_url":"https:\/\/www.visit-ulcinj.com\/blog\/2012\/11\/29\/potpisan-memorandum-o-razumijevanju-izmedju-osnovnog-suda-u-ulcinju-kancelarije-usaid-a-u-crnu-goru\/","og_site_name":"Lajme nga Ulqini","article_published_time":"2012-11-29T16:17:39+00:00","article_modified_time":"2012-11-29T16:22:22+00:00","og_image":[{"url":"http:\/\/www.visit-ulcinj.com\/blog\/wp-content\/uploads\/2012\/11\/Osnovni-Sud-Ulcinj.jpg"}],"twitter_misc":{"Written by":"ulqini","Est. reading time":"1 minute"},"schema":{"@context":"https:\/\/schema.org","@graph":[{"@type":"WebSite","@id":"https:\/\/www.visit-ulcinj.com\/blog\/#website","url":"https:\/\/www.visit-ulcinj.com\/blog\/","name":"Lajme nga Ulqini","description":"Lajme,Vijesti,Ulqini,Ulqin,Crna Gora,Mali i Zi","potentialAction":[{"@type":"SearchAction","target":{"@type":"EntryPoint","urlTemplate":"https:\/\/www.visit-ulcinj.com\/blog\/?s={search_term_string}"},"query-input":"required name=search_term_string"}],"inLanguage":"en-US"},{"@type":"ImageObject","inLanguage":"en-US","@id":"https:\/\/www.visit-ulcinj.com\/blog\/2012\/11\/29\/potpisan-memorandum-o-razumijevanju-izmedju-osnovnog-suda-u-ulcinju-kancelarije-usaid-a-u-crnu-goru\/#primaryimage","url":"https:\/\/www.visit-ulcinj.com\/blog\/wp-content\/uploads\/2012\/11\/Osnovni-Sud-Ulcinj.jpg","contentUrl":"https:\/\/www.visit-ulcinj.com\/blog\/wp-content\/uploads\/2012\/11\/Osnovni-Sud-Ulcinj.jpg","width":"300","height":"250"},{"@type":"WebPage","@id":"https:\/\/www.visit-ulcinj.com\/blog\/2012\/11\/29\/potpisan-memorandum-o-razumijevanju-izmedju-osnovnog-suda-u-ulcinju-kancelarije-usaid-a-u-crnu-goru\/#webpage","url":"https:\/\/www.visit-ulcinj.com\/blog\/2012\/11\/29\/potpisan-memorandum-o-razumijevanju-izmedju-osnovnog-suda-u-ulcinju-kancelarije-usaid-a-u-crnu-goru\/","name":"Potpisan Memorandum o razumijevanju izmedju Osnovnog suda u Ulcinju,i Kancelarije USAID-a u Crnu Goru - Lajme nga Ulqini","isPartOf":{"@id":"https:\/\/www.visit-ulcinj.com\/blog\/#website"},"primaryImageOfPage":{"@id":"https:\/\/www.visit-ulcinj.com\/blog\/2012\/11\/29\/potpisan-memorandum-o-razumijevanju-izmedju-osnovnog-suda-u-ulcinju-kancelarije-usaid-a-u-crnu-goru\/#primaryimage"},"datePublished":"2012-11-29T16:17:39+00:00","dateModified":"2012-11-29T16:22:22+00:00","author":{"@id":"https:\/\/www.visit-ulcinj.com\/blog\/#\/schema\/person\/dcab619c614d3038751c63bc2aadc06d"},"description":"&nbsp; Ulcinj, 28.11.2012. godine Saop\u0161tenje za medije povodom potpisivanja Memoranduma o razumijevanju izmedju Osnovnog suda u Ulcinju, Kancelarije","breadcrumb":{"@id":"https:\/\/www.visit-ulcinj.com\/blog\/2012\/11\/29\/potpisan-memorandum-o-razumijevanju-izmedju-osnovnog-suda-u-ulcinju-kancelarije-usaid-a-u-crnu-goru\/#breadcrumb"},"inLanguage":"en-US","potentialAction":[{"@type":"ReadAction","target":["https:\/\/www.visit-ulcinj.com\/blog\/2012\/11\/29\/potpisan-memorandum-o-razumijevanju-izmedju-osnovnog-suda-u-ulcinju-kancelarije-usaid-a-u-crnu-goru\/"]}]},{"@type":"BreadcrumbList","@id":"https:\/\/www.visit-ulcinj.com\/blog\/2012\/11\/29\/potpisan-memorandum-o-razumijevanju-izmedju-osnovnog-suda-u-ulcinju-kancelarije-usaid-a-u-crnu-goru\/#breadcrumb","itemListElement":[{"@type":"ListItem","position":1,"name":"Potpisan Memorandum o razumijevanju izmedju Osnovnog suda u Ulcinju,i Kancelarije USAID-a u Crnu Goru"}]},{"@type":"Person","@id":"https:\/\/www.visit-ulcinj.com\/blog\/#\/schema\/person\/dcab619c614d3038751c63bc2aadc06d","name":"ulqini","sameAs":["http:\/\/www.visit-ulcinj.com"],"url":"https:\/\/www.visit-ulcinj.com\/blog\/author\/admin\/"}]}},"jetpack_featured_media_url":"","jetpack_sharing_enabled":true,"jetpack_shortlink":"https:\/\/wp.me\/pe6lTn-hdu","_links":{"self":[{"href":"https:\/\/www.visit-ulcinj.com\/blog\/wp-json\/wp\/v2\/posts\/66184"}],"collection":[{"href":"https:\/\/www.visit-ulcinj.com\/blog\/wp-json\/wp\/v2\/posts"}],"about":[{"href":"https:\/\/www.visit-ulcinj.com\/blog\/wp-json\/wp\/v2\/types\/post"}],"author":[{"embeddable":true,"href":"https:\/\/www.visit-ulcinj.com\/blog\/wp-json\/wp\/v2\/users\/1"}],"replies":[{"embeddable":true,"href":"https:\/\/www.visit-ulcinj.com\/blog\/wp-json\/wp\/v2\/comments?post=66184"}],"version-history":[{"count":6,"href":"https:\/\/www.visit-ulcinj.com\/blog\/wp-json\/wp\/v2\/posts\/66184\/revisions"}],"predecessor-version":[{"id":66192,"href":"https:\/\/www.visit-ulcinj.com\/blog\/wp-json\/wp\/v2\/posts\/66184\/revisions\/66192"}],"wp:attachment":[{"href":"https:\/\/www.visit-ulcinj.com\/blog\/wp-json\/wp\/v2\/media?parent=66184"}],"wp:term":[{"taxonomy":"category","embeddable":true,"href":"https:\/\/www.visit-ulcinj.com\/blog\/wp-json\/wp\/v2\/categories?post=66184"},{"taxonomy":"post_tag","embeddable":true,"href":"https:\/\/www.visit-ulcinj.com\/blog\/wp-json\/wp\/v2\/tags?post=66184"}],"curies":[{"name":"wp","href":"https:\/\/api.w.org\/{rel}","templated":true}]}}