{"id":66194,"date":"2012-11-29T17:38:22","date_gmt":"2012-11-29T16:38:22","guid":{"rendered":"http:\/\/www.visit-ulcinj.com\/blog\/?p=66194"},"modified":"2012-11-29T17:51:08","modified_gmt":"2012-11-29T16:51:08","slug":"ramush-haradinaj-mberrin-ne-kosove","status":"publish","type":"post","link":"https:\/\/www.visit-ulcinj.com\/blog\/2012\/11\/29\/ramush-haradinaj-mberrin-ne-kosove\/","title":{"rendered":"Ramush Haradinaj mb\u00ebrrin n\u00eb Kosov\u00eb &#8211; Video"},"content":{"rendered":"<p><strong><a href=\"http:\/\/www.visit-ulcinj.com\/blog\/wp-content\/uploads\/2012\/11\/Ramush-haradinaj.2.jpg\"><img loading=\"lazy\" class=\"wp-image-66200 alignleft\" title=\"Ramush haradinaj.2\" src=\"http:\/\/www.visit-ulcinj.com\/blog\/wp-content\/uploads\/2012\/11\/Ramush-haradinaj.2.jpg\" alt=\"\" width=\"508\" height=\"360\" \/><\/a>Haradinaj kthehet sot, ta presim t\u00eb gjith\u00eb fitimtarin<\/strong><\/p>\n<p>K\u00ebshilli Organizues p\u00ebr pritjen e Kryetarit t\u00eb AAK-s\u00eb dhe ish-Kryeministrit t\u00eb Kosov\u00ebs, Ramush Haradinaj, njofton se Haradinaj pritet t\u00eb arrij\u00eb n\u00eb Aeroportin e Prishtin\u00ebs n\u00eb ora 17:00 me nj\u00eb fluturim t\u00eb ve\u00e7ant\u00eb nga Holanda.<\/p>\n<p>Adresimin e par\u00eb para mediave do ta ket\u00eb n\u00eb aeroport rreth or\u00ebs 17:15. Pritja \u00ebsht\u00eb e organizuar n\u00ebn mbik\u00ebqyrjen e protokollit t\u00eb shtetit.<\/p>\n<p>N\u00eb ora 19:00 Haradinaj pritet t\u2019ui adresohet qytetar\u00ebve n\u00eb Sheshin \u201cN\u00ebn\u00eb Tereza\u201d.<\/p>\n<p><strong>(RTK)<\/strong><\/p>\n<p><a href=\"http:\/\/www.visit-ulcinj.com\/blog\/wp-content\/uploads\/2012\/11\/Ramush-Haradinaj.jpg\"><img loading=\"lazy\" class=\"wp-image-66196 alignleft\" title=\"Ramush Haradinaj\" src=\"http:\/\/www.visit-ulcinj.com\/blog\/wp-content\/uploads\/2012\/11\/Ramush-Haradinaj.jpg\" alt=\"\" width=\"350\" height=\"400\" \/><\/a>Ramush Haradinaj ka mb\u00ebrritur n\u00eb Aeroportin e Prishtin\u00ebs diku pas or\u00ebs 17:15, pasi q\u00eb Tribunali i Hag\u00ebs e shpalli at\u00eb sot t\u00eb pafajsh\u00ebm dhe e liroi nga t\u00eb gjitha akuzat q\u00eb e ngarkonin at\u00eb dhe dy ish bashk\u00ebluft\u00ebtar\u00ebt nga Ushtria \u00c7lirimtare e Kosov\u00ebs, Lahi Ibrahimaj e Idriz Bala, me krimet e luft\u00ebs.<\/p>\n<p>Haradinaj \u00ebsht\u00eb kthyer n\u00eb Prishtin\u00eb p\u00ebrmes nj\u00eb linje direkte nga Haga me protokoll shtet\u00ebror t\u00eb mund\u00ebsuar nga Qeveria e Kosov\u00ebs.<\/p>\n<p>N\u00eb Aeroportin e Prishtin\u00ebs ai \u00ebsht\u00eb pritur nga kryeministri Hashim Tha\u00e7i, zyrtar\u00eb t\u00eb Aleanc\u00ebs p\u00ebr Ardhm\u00ebrin\u00eb e Kosov\u00ebs si dhe familjar\u00eb e t\u00eb af\u00ebrm.<\/p>\n<p>Pas zbritjes nga aeroplani, Haradinaj ka ecur n\u00ebp\u00ebr tepihun e kuq dhe me nderimet e Gard\u00ebs s\u00eb Forc\u00ebs s\u00eb Siguris\u00eb s\u00eb Kosov\u00ebs.<\/p>\n<p>Haradinajn po e presin edhe nj\u00eb num\u00ebr i konsideruesh\u00ebm i qytetar\u00ebve t\u00eb mbledhur si tek Aeroporti ashtu edhe n\u00eb qend\u00ebr t\u00eb Prishtin\u00ebs, ku ai pritet t\u2019u drejtohet edhe me nj\u00eb fjalim p\u00ebrsh\u00ebndet\u00ebs.<\/p>\n<p><strong>Hag\u00eb: Haradinaj, Balaj e Brahimaj, t\u00eb pafajsh\u00ebm<\/strong><\/p>\n<p>Gjykata Nd\u00ebrkomb\u00ebtare p\u00ebr Krime Lufte n\u00eb ish-Jugosllavi ka liruar nga t\u00eb gjitha akuzat ish-luft\u00ebtar\u00ebt e Ushtris\u00eb \u00c7lirimtare t\u00eb Kosov\u00ebs, Ramush Haradinaj, Lahi Brahimaj dhe Idriz Balaj.<\/p>\n<p>Vendimi i rigjykimit t\u00eb pjessh\u00ebm q\u00eb zhvillohej me akuz\u00ebn p\u00ebr \u201cvrasje, tortur\u00eb dhe trajtim mizor, si krime q\u00eb bien ndesh me ligjet dhe zakonet e luft\u00ebs\u201d u lexua nga gjykat\u00ebsi i rastit, Bakone Justice Moloto.<\/p>\n<p>Rigjykimi i pjessh\u00ebm ndaj ish-komandantit t\u00eb Ushtris\u00eb \u00c7lirimtare t\u00eb \u00a0Kosov\u00ebs p\u00ebr zon\u00ebn operative t\u00eb Dukagjinit, Haradinaj, dhe dy bashk\u00ebluft\u00ebtar\u00ebve t\u00eb tij, Brahimaj dhe Balaj, kishte nisur n\u00eb korrik t\u00eb 2010-\u00ebs.<\/p>\n<p>Treshja akuzohej p\u00ebr \u201ctrajtim mizor, torturimin dhe vrasjen e t\u00eb burgosurve\u201d n\u00eb at\u00eb q\u00eb quhet kampi ushtarak i Jabllanic\u00ebs n\u00eb periudh\u00ebn 1 mars &#8211; 30 shtator t\u00eb 1998-\u00ebs.<\/p>\n<p>N\u00eb vitin 2008, <strong>Haradinaj dhe Balaj u pat\u00ebn liruar<\/strong> nga t\u00eb gjitha akuzat p\u00ebr krime lufte dhe krime kund\u00ebr njer\u00ebzimit, nd\u00ebrsa i akuzuari i tret\u00eb, Brahimaj qe d\u00ebnuar me gjasht\u00eb vite heqje lirie p\u00ebr \u201ctrajtim mizor dhe torturimin\u201d e t\u00eb burgosurve t\u00eb U\u00c7K-s\u00eb.<\/p>\n<p><strong>Rigjykimi q\u00eb nisi <\/strong>m\u00eb se dy vite m\u00eb par\u00eb, pat ardhur si k\u00ebrkes\u00eb e prokuroris\u00eb s\u00eb Tribunalit t\u00eb Hag\u00ebs p\u00ebr t\u2019i d\u00ebgjuar d\u00ebshmit\u00eb shtes\u00eb t\u00eb dy d\u00ebshmitar\u00ebve \u201ct\u00eb rend\u00ebsish\u00ebm\u201d.<\/p>\n<p>Pavar\u00ebsisht mosangazhimit t\u00eb tij politik gjat\u00eb koh\u00ebs sa zhvillohej rigjykimi i pjessh\u00ebm, Haradinaj ka mbetur kryetar i partis\u00eb opozitare Aleanca p\u00ebr Ardhm\u00ebrin\u00eb e Kosov\u00ebs, drejtimin e s\u00eb cil\u00ebs pritet ta vazhdoj\u00eb pas kthimit n\u00eb Prishtin\u00eb.<\/p>\n<p>Vendimi i Tribunalit t\u00eb Hag\u00ebs n\u00eb rastin Haradinaj e t\u00eb tjer\u00ebt vjen rreth dy jav\u00eb pasi kjo gjykat\u00eb hodhi posht\u00eb vendimin e shkall\u00ebs s\u00eb par\u00eb p\u00ebr dy ish-gjeneral\u00ebt kroat, Ante Gotovina dhe Mladen Marka\u00e7.<\/p>\n<p>Sipas vendimit n\u00eb fjal\u00eb, t\u00eb dy gjeneral\u00ebt ishin d\u00ebnuar me 24 dhe 18 vite heqje lirie p\u00ebr shkak t\u00eb bashk\u00ebpunimit gjat\u00eb operacionit \u201cStuhia\u201d t\u00eb kryer n\u00eb ver\u00ebn e vitit 1995 n\u00eb Krajin\u00eb t\u00eb Kroacis\u00eb.<\/p>\n<p><strong>Radio Evropa e Lir\u00eb &#8211; RFE\/RL<\/strong><br \/>\n<iframe loading=\"lazy\" width=\"508\" height=\"360\" src=\"http:\/\/www.youtube.com\/embed\/bQke3RGb-r0?rel=0\" frameborder=\"0\" allowfullscreen><\/iframe><\/p>\n","protected":false},"excerpt":{"rendered":"<p>Haradinaj kthehet sot, ta presim t\u00eb gjith\u00eb fitimtarin K\u00ebshilli Organizues p\u00ebr pritjen e Kryetarit t\u00eb AAK-s\u00eb dhe ish-Kryeministrit t\u00eb Kosov\u00ebs, Ramush Haradinaj, njofton se Haradinaj pritet t\u00eb arrij\u00eb n\u00eb Aeroportin e Prishtin\u00ebs n\u00eb ora 17:00 me nj\u00eb fluturim t\u00eb ve\u00e7ant\u00eb nga Holanda. Adresimin e par\u00eb para mediave do ta ket\u00eb n\u00eb aeroport rreth or\u00ebs 17:15. [&hellip;]<\/p>\n","protected":false},"author":1,"featured_media":0,"comment_status":"open","ping_status":"closed","sticky":false,"template":"","format":"standard","meta":{"spay_email":"","jetpack_publicize_message":"","jetpack_is_tweetstorm":false,"jetpack_publicize_feature_enabled":true},"categories":[14],"tags":[49,2476],"jetpack_publicize_connections":[],"yoast_head":"<!-- This site is optimized with the Yoast SEO plugin v19.1 - https:\/\/yoast.com\/wordpress\/plugins\/seo\/ -->\n<title>Ramush Haradinaj mb\u00ebrrin n\u00eb Kosov\u00eb - Video - Lajme nga Ulqini<\/title>\n<meta name=\"description\" content=\"Haradinaj kthehet sot, ta presim t\u00eb gjith\u00eb fitimtarin K\u00ebshilli Organizues p\u00ebr pritjen e Kryetarit t\u00eb AAK-s\u00eb dhe ish-Kryeministrit t\u00eb Kosov\u00ebs, Ramush\" \/>\n<meta name=\"robots\" content=\"index, follow, max-snippet:-1, max-image-preview:large, max-video-preview:-1\" \/>\n<link rel=\"canonical\" href=\"https:\/\/www.visit-ulcinj.com\/blog\/2012\/11\/29\/ramush-haradinaj-mberrin-ne-kosove\/\" \/>\n<meta property=\"og:locale\" content=\"en_US\" \/>\n<meta property=\"og:type\" content=\"article\" \/>\n<meta property=\"og:title\" content=\"Ramush Haradinaj mb\u00ebrrin n\u00eb Kosov\u00eb - Video - Lajme nga Ulqini\" \/>\n<meta property=\"og:description\" content=\"Haradinaj kthehet sot, ta presim t\u00eb gjith\u00eb fitimtarin K\u00ebshilli Organizues p\u00ebr pritjen e Kryetarit t\u00eb AAK-s\u00eb dhe ish-Kryeministrit t\u00eb Kosov\u00ebs, Ramush\" \/>\n<meta property=\"og:url\" content=\"https:\/\/www.visit-ulcinj.com\/blog\/2012\/11\/29\/ramush-haradinaj-mberrin-ne-kosove\/\" \/>\n<meta property=\"og:site_name\" content=\"Lajme nga Ulqini\" \/>\n<meta property=\"article:published_time\" content=\"2012-11-29T16:38:22+00:00\" \/>\n<meta property=\"article:modified_time\" content=\"2012-11-29T16:51:08+00:00\" \/>\n<meta property=\"og:image\" content=\"http:\/\/www.visit-ulcinj.com\/blog\/wp-content\/uploads\/2012\/11\/Ramush-haradinaj.2.jpg\" \/>\n<meta name=\"twitter:label1\" content=\"Written by\" \/>\n\t<meta name=\"twitter:data1\" content=\"ulqini\" \/>\n\t<meta name=\"twitter:label2\" content=\"Est. reading time\" \/>\n\t<meta name=\"twitter:data2\" content=\"3 minutes\" \/>\n<script type=\"application\/ld+json\" class=\"yoast-schema-graph\">{\"@context\":\"https:\/\/schema.org\",\"@graph\":[{\"@type\":\"WebSite\",\"@id\":\"https:\/\/www.visit-ulcinj.com\/blog\/#website\",\"url\":\"https:\/\/www.visit-ulcinj.com\/blog\/\",\"name\":\"Lajme nga Ulqini\",\"description\":\"Lajme,Vijesti,Ulqini,Ulqin,Crna Gora,Mali i Zi\",\"potentialAction\":[{\"@type\":\"SearchAction\",\"target\":{\"@type\":\"EntryPoint\",\"urlTemplate\":\"https:\/\/www.visit-ulcinj.com\/blog\/?s={search_term_string}\"},\"query-input\":\"required name=search_term_string\"}],\"inLanguage\":\"en-US\"},{\"@type\":\"ImageObject\",\"inLanguage\":\"en-US\",\"@id\":\"https:\/\/www.visit-ulcinj.com\/blog\/2012\/11\/29\/ramush-haradinaj-mberrin-ne-kosove\/#primaryimage\",\"url\":\"https:\/\/www.visit-ulcinj.com\/blog\/wp-content\/uploads\/2012\/11\/Ramush-haradinaj.2.jpg\",\"contentUrl\":\"https:\/\/www.visit-ulcinj.com\/blog\/wp-content\/uploads\/2012\/11\/Ramush-haradinaj.2.jpg\",\"width\":\"960\",\"height\":\"482\"},{\"@type\":\"WebPage\",\"@id\":\"https:\/\/www.visit-ulcinj.com\/blog\/2012\/11\/29\/ramush-haradinaj-mberrin-ne-kosove\/#webpage\",\"url\":\"https:\/\/www.visit-ulcinj.com\/blog\/2012\/11\/29\/ramush-haradinaj-mberrin-ne-kosove\/\",\"name\":\"Ramush Haradinaj mb\u00ebrrin n\u00eb Kosov\u00eb - Video - Lajme nga Ulqini\",\"isPartOf\":{\"@id\":\"https:\/\/www.visit-ulcinj.com\/blog\/#website\"},\"primaryImageOfPage\":{\"@id\":\"https:\/\/www.visit-ulcinj.com\/blog\/2012\/11\/29\/ramush-haradinaj-mberrin-ne-kosove\/#primaryimage\"},\"datePublished\":\"2012-11-29T16:38:22+00:00\",\"dateModified\":\"2012-11-29T16:51:08+00:00\",\"author\":{\"@id\":\"https:\/\/www.visit-ulcinj.com\/blog\/#\/schema\/person\/dcab619c614d3038751c63bc2aadc06d\"},\"description\":\"Haradinaj kthehet sot, ta presim t\u00eb gjith\u00eb fitimtarin K\u00ebshilli Organizues p\u00ebr pritjen e Kryetarit t\u00eb AAK-s\u00eb dhe ish-Kryeministrit t\u00eb Kosov\u00ebs, Ramush\",\"breadcrumb\":{\"@id\":\"https:\/\/www.visit-ulcinj.com\/blog\/2012\/11\/29\/ramush-haradinaj-mberrin-ne-kosove\/#breadcrumb\"},\"inLanguage\":\"en-US\",\"potentialAction\":[{\"@type\":\"ReadAction\",\"target\":[\"https:\/\/www.visit-ulcinj.com\/blog\/2012\/11\/29\/ramush-haradinaj-mberrin-ne-kosove\/\"]}]},{\"@type\":\"BreadcrumbList\",\"@id\":\"https:\/\/www.visit-ulcinj.com\/blog\/2012\/11\/29\/ramush-haradinaj-mberrin-ne-kosove\/#breadcrumb\",\"itemListElement\":[{\"@type\":\"ListItem\",\"position\":1,\"name\":\"Ramush Haradinaj mb\u00ebrrin n\u00eb Kosov\u00eb &#8211; Video\"}]},{\"@type\":\"Person\",\"@id\":\"https:\/\/www.visit-ulcinj.com\/blog\/#\/schema\/person\/dcab619c614d3038751c63bc2aadc06d\",\"name\":\"ulqini\",\"sameAs\":[\"http:\/\/www.visit-ulcinj.com\"],\"url\":\"https:\/\/www.visit-ulcinj.com\/blog\/author\/admin\/\"}]}<\/script>\n<!-- \/ Yoast SEO plugin. -->","yoast_head_json":{"title":"Ramush Haradinaj mb\u00ebrrin n\u00eb Kosov\u00eb - Video - Lajme nga Ulqini","description":"Haradinaj kthehet sot, ta presim t\u00eb gjith\u00eb fitimtarin K\u00ebshilli Organizues p\u00ebr pritjen e Kryetarit t\u00eb AAK-s\u00eb dhe ish-Kryeministrit t\u00eb Kosov\u00ebs, Ramush","robots":{"index":"index","follow":"follow","max-snippet":"max-snippet:-1","max-image-preview":"max-image-preview:large","max-video-preview":"max-video-preview:-1"},"canonical":"https:\/\/www.visit-ulcinj.com\/blog\/2012\/11\/29\/ramush-haradinaj-mberrin-ne-kosove\/","og_locale":"en_US","og_type":"article","og_title":"Ramush Haradinaj mb\u00ebrrin n\u00eb Kosov\u00eb - Video - Lajme nga Ulqini","og_description":"Haradinaj kthehet sot, ta presim t\u00eb gjith\u00eb fitimtarin K\u00ebshilli Organizues p\u00ebr pritjen e Kryetarit t\u00eb AAK-s\u00eb dhe ish-Kryeministrit t\u00eb Kosov\u00ebs, Ramush","og_url":"https:\/\/www.visit-ulcinj.com\/blog\/2012\/11\/29\/ramush-haradinaj-mberrin-ne-kosove\/","og_site_name":"Lajme nga Ulqini","article_published_time":"2012-11-29T16:38:22+00:00","article_modified_time":"2012-11-29T16:51:08+00:00","og_image":[{"url":"http:\/\/www.visit-ulcinj.com\/blog\/wp-content\/uploads\/2012\/11\/Ramush-haradinaj.2.jpg"}],"twitter_misc":{"Written by":"ulqini","Est. reading time":"3 minutes"},"schema":{"@context":"https:\/\/schema.org","@graph":[{"@type":"WebSite","@id":"https:\/\/www.visit-ulcinj.com\/blog\/#website","url":"https:\/\/www.visit-ulcinj.com\/blog\/","name":"Lajme nga Ulqini","description":"Lajme,Vijesti,Ulqini,Ulqin,Crna Gora,Mali i Zi","potentialAction":[{"@type":"SearchAction","target":{"@type":"EntryPoint","urlTemplate":"https:\/\/www.visit-ulcinj.com\/blog\/?s={search_term_string}"},"query-input":"required name=search_term_string"}],"inLanguage":"en-US"},{"@type":"ImageObject","inLanguage":"en-US","@id":"https:\/\/www.visit-ulcinj.com\/blog\/2012\/11\/29\/ramush-haradinaj-mberrin-ne-kosove\/#primaryimage","url":"https:\/\/www.visit-ulcinj.com\/blog\/wp-content\/uploads\/2012\/11\/Ramush-haradinaj.2.jpg","contentUrl":"https:\/\/www.visit-ulcinj.com\/blog\/wp-content\/uploads\/2012\/11\/Ramush-haradinaj.2.jpg","width":"960","height":"482"},{"@type":"WebPage","@id":"https:\/\/www.visit-ulcinj.com\/blog\/2012\/11\/29\/ramush-haradinaj-mberrin-ne-kosove\/#webpage","url":"https:\/\/www.visit-ulcinj.com\/blog\/2012\/11\/29\/ramush-haradinaj-mberrin-ne-kosove\/","name":"Ramush Haradinaj mb\u00ebrrin n\u00eb Kosov\u00eb - Video - Lajme nga Ulqini","isPartOf":{"@id":"https:\/\/www.visit-ulcinj.com\/blog\/#website"},"primaryImageOfPage":{"@id":"https:\/\/www.visit-ulcinj.com\/blog\/2012\/11\/29\/ramush-haradinaj-mberrin-ne-kosove\/#primaryimage"},"datePublished":"2012-11-29T16:38:22+00:00","dateModified":"2012-11-29T16:51:08+00:00","author":{"@id":"https:\/\/www.visit-ulcinj.com\/blog\/#\/schema\/person\/dcab619c614d3038751c63bc2aadc06d"},"description":"Haradinaj kthehet sot, ta presim t\u00eb gjith\u00eb fitimtarin K\u00ebshilli Organizues p\u00ebr pritjen e Kryetarit t\u00eb AAK-s\u00eb dhe ish-Kryeministrit t\u00eb Kosov\u00ebs, Ramush","breadcrumb":{"@id":"https:\/\/www.visit-ulcinj.com\/blog\/2012\/11\/29\/ramush-haradinaj-mberrin-ne-kosove\/#breadcrumb"},"inLanguage":"en-US","potentialAction":[{"@type":"ReadAction","target":["https:\/\/www.visit-ulcinj.com\/blog\/2012\/11\/29\/ramush-haradinaj-mberrin-ne-kosove\/"]}]},{"@type":"BreadcrumbList","@id":"https:\/\/www.visit-ulcinj.com\/blog\/2012\/11\/29\/ramush-haradinaj-mberrin-ne-kosove\/#breadcrumb","itemListElement":[{"@type":"ListItem","position":1,"name":"Ramush Haradinaj mb\u00ebrrin n\u00eb Kosov\u00eb &#8211; Video"}]},{"@type":"Person","@id":"https:\/\/www.visit-ulcinj.com\/blog\/#\/schema\/person\/dcab619c614d3038751c63bc2aadc06d","name":"ulqini","sameAs":["http:\/\/www.visit-ulcinj.com"],"url":"https:\/\/www.visit-ulcinj.com\/blog\/author\/admin\/"}]}},"jetpack_featured_media_url":"","jetpack_sharing_enabled":true,"jetpack_shortlink":"https:\/\/wp.me\/pe6lTn-hdE","_links":{"self":[{"href":"https:\/\/www.visit-ulcinj.com\/blog\/wp-json\/wp\/v2\/posts\/66194"}],"collection":[{"href":"https:\/\/www.visit-ulcinj.com\/blog\/wp-json\/wp\/v2\/posts"}],"about":[{"href":"https:\/\/www.visit-ulcinj.com\/blog\/wp-json\/wp\/v2\/types\/post"}],"author":[{"embeddable":true,"href":"https:\/\/www.visit-ulcinj.com\/blog\/wp-json\/wp\/v2\/users\/1"}],"replies":[{"embeddable":true,"href":"https:\/\/www.visit-ulcinj.com\/blog\/wp-json\/wp\/v2\/comments?post=66194"}],"version-history":[{"count":9,"href":"https:\/\/www.visit-ulcinj.com\/blog\/wp-json\/wp\/v2\/posts\/66194\/revisions"}],"predecessor-version":[{"id":66206,"href":"https:\/\/www.visit-ulcinj.com\/blog\/wp-json\/wp\/v2\/posts\/66194\/revisions\/66206"}],"wp:attachment":[{"href":"https:\/\/www.visit-ulcinj.com\/blog\/wp-json\/wp\/v2\/media?parent=66194"}],"wp:term":[{"taxonomy":"category","embeddable":true,"href":"https:\/\/www.visit-ulcinj.com\/blog\/wp-json\/wp\/v2\/categories?post=66194"},{"taxonomy":"post_tag","embeddable":true,"href":"https:\/\/www.visit-ulcinj.com\/blog\/wp-json\/wp\/v2\/tags?post=66194"}],"curies":[{"name":"wp","href":"https:\/\/api.w.org\/{rel}","templated":true}]}}