{"id":66210,"date":"2012-11-29T18:10:56","date_gmt":"2012-11-29T17:10:56","guid":{"rendered":"http:\/\/www.visit-ulcinj.com\/blog\/?p=66210"},"modified":"2012-12-02T01:07:23","modified_gmt":"2012-12-02T00:07:23","slug":"rrefimi-koreodramatik-i-historise-se-ulqinit-foto","status":"publish","type":"post","link":"https:\/\/www.visit-ulcinj.com\/blog\/2012\/11\/29\/rrefimi-koreodramatik-i-historise-se-ulqinit-foto\/","title":{"rendered":"Rr\u00ebfimi koreodramatik i historis\u00eb s\u00eb Ulqinit + Foto + Video"},"content":{"rendered":"<p><a href=\"http:\/\/www.visit-ulcinj.com\/blog\/wp-content\/uploads\/2012\/11\/koreodrama-Kalendari-i-historis-se-Ulqinit.jpg\"><img loading=\"lazy\" class=\"alignleft  wp-image-66211\" title=\"koreodrama Kalendari i historis se Ulqinit\" src=\"http:\/\/www.visit-ulcinj.com\/blog\/wp-content\/uploads\/2012\/11\/koreodrama-Kalendari-i-historis-se-Ulqinit.jpg\" alt=\"\" width=\"508\" height=\"367\" \/><\/a>Prishtin\u00eb, 27 n\u00ebntor &#8211; \u201cHiqu o kufi i mallkuar\u201d \u00ebsht\u00eb nj\u00ebra prej fjalive t\u00eb nj\u00eb koreodrame q\u00eb shkund sken\u00ebn. Por ajo \u00ebsht\u00eb ve\u00e7 nj\u00eb pjes\u00eb e rr\u00ebfimit q\u00eb flet p\u00ebr periudh\u00ebn kur shqiptar\u00ebt q\u00eb jetonin n\u00eb Shkod\u00ebr e Ulqin, ndahen nga regjimi komunist.<\/p>\n<p>Por k\u00ebshtu nuk nis koreodrama \u201cKalendari\u201d e trup\u00ebs nga Ulqini q\u00eb t\u00eb h\u00ebn\u00ebn mbr\u00ebma ka qen\u00eb mysafire e Teatrit Komb\u00ebtar t\u00eb Kosov\u00ebs. Pjesa e par\u00eb e saj \u00ebsht\u00eb e hareshme, e flet p\u00ebr nj\u00eb periudh\u00eb kur p\u00ebr shqiptar\u00ebt nuk ka pasur kufij.<\/p>\n<p>Pjes\u00ebtar\u00ebt e ansamblit \u201cZana\u201d dhe ata t\u00eb shkoll\u00ebs s\u00eb vall\u00ebzimit modern \u201cPorta di Danza\u201d kan\u00eb veshur veshje komb\u00ebtare nga t\u00eb gjitha viset shqiptare. E l\u00ebvizjet e tyre i kan\u00eb p\u00ebrcjell\u00eb tinguj t\u00eb folklorit shqiptar. N\u00eb prapavij\u00eb q\u00ebndron Kalaja e Ulqinit n\u00eb nj\u00ebr\u00ebn an\u00eb, e nj\u00eb shqiponj\u00eb gjigante si e flamurit n\u00eb an\u00ebn tjet\u00ebr, vep\u00ebr e skenografit Agron Ujkashi. Pjesa e par\u00eb sjell harmoni midis shqiptar\u00ebve. Tingujt e muzik\u00ebs p\u00ebrcjellin trishtim, teksa shqiponja ndahet p\u00ebrgjysm\u00eb p\u00ebr t\u00eb mos u rikthyer deri n\u00eb epilogun e saj. Ajo kthehet n\u00eb pjes\u00ebn e tret\u00eb, q\u00eb rikthen heqjen e kufirit mes Shqip\u00ebris\u00eb dhe ish-Jugosllavis\u00eb. N\u00eb mes t\u00eb saj \u00ebsht\u00eb numri 100, p\u00ebr t\u00eb treguar se kjo \u00ebsht\u00eb dhurata q\u00eb Ulqini i ka b\u00ebr\u00eb jubileut t\u00eb madh t\u00eb shtet\u00ebsis\u00eb s\u00eb Shqip\u00ebris\u00eb. E gjith\u00eb ngjarja rr\u00ebfehet p\u00ebrmes historis\u00eb s\u00eb nj\u00eb familjeje. N\u00ebn\u00eb e bij\u00eb mbesin n\u00eb Shkod\u00ebr, e bab\u00eb e bir n\u00eb Ulqin.<\/p>\n<p>Poeti Basri \u00c7apriqi ka vler\u00ebsuar se koreodrama ishte nj\u00eb konceptim shum\u00eb i bukur i nj\u00eb realiteti.<\/p>\n<p>\u201cIshte nj\u00eb kontribut i Ulqinit, q\u00eb p\u00ebrmes tragjikes q\u00eb i ka p\u00ebrcjell\u00eb shqiptar\u00ebt n\u00eb Mal t\u00eb Zi e sidomos ulqinak\u00ebt, me ndarjen dhe gjith\u00eb ato probleme\u201d, ka th\u00ebn\u00eb \u00c7apriqi.<\/p>\n<p>Studentja e dramturgjis\u00eb n\u00eb UP, Saranda Rugova (21) thot\u00eb se n\u00eb p\u00ebrgjith\u00ebsi shfaqja ishte profesionalisht e nd\u00ebrtuar, por thot\u00eb se edhe m\u00eb shum\u00eb emocion do t\u00eb p\u00ebr\u00e7onte sikur monolog\u00ebt dhe dialog\u00ebt t\u00eb mos ishin t\u00eb incizuar por t\u00eb thuheshin nga aktor\u00ebt.<\/p>\n<p>\u201cN\u00eb p\u00ebrgjith\u00ebsi, ndoshta pse edhe vet\u00eb jam nga Mali i Zi, m\u00eb dha shum\u00eb emocion. Nuk e kam p\u00ebrjetuar asnj\u00ebher\u00eb 28 n\u00ebntorin si e p\u00ebrjetova sonte\u201d, ka th\u00ebn\u00eb Rugova.<\/p>\n<p>Salla e TKK-s\u00eb ka qen\u00eb e st\u00ebrmbushur me publik. Regjisorit t\u00eb \u201cKalendarit\u201d, Munib Abazi, kjo i ka l\u00ebn\u00eb p\u00ebrshtypje, ani pse thot\u00eb se e ka pritur nj\u00eb gj\u00eb t\u00eb till\u00eb. \u201cIsha n\u00eb Prishtin\u00eb dhjet\u00eb dit\u00eb para se t\u00eb jepej shfaqja, dhe them t\u00eb drejt\u00ebn e kam pritur se do t\u00eb jet\u00eb k\u00ebshtu\u201d, ka th\u00ebn\u00eb Abazi.<\/p>\n<p>E udh\u00ebheq\u00ebsi artistik, Basri Milla, p\u00ebr k\u00ebt\u00eb ka pasur nj\u00eb arsye. \u201cKosova na do neve, dhe ne e duam Kosov\u00ebn. Ne i kemi jetuar t\u00eb mirat dhe t\u00eb k\u00ebqijat bashk\u00eb\u201d, ka th\u00ebn\u00eb Milla. Ai ka bindjen se publikut kosovar i kan\u00eb zgjuar nj\u00eb emocion t\u00eb rr\u00ebfimit p\u00ebr historin\u00eb 100-vje\u00e7are t\u00eb Malit t\u00eb Zi.<\/p>\n<p>E pik\u00ebrisht kjo cop\u00eb historie e shqiptar\u00ebve, duket sikur \u00ebsht\u00eb l\u00ebn\u00eb anash nga historian\u00ebt. \u201cUlqini \u00ebsht\u00eb nj\u00eb \u00e7\u00ebshtje q\u00eb \u00ebsht\u00eb trajtuar shum\u00eb pak nga historian\u00eb, sikurse edhe Hasan Prishtina, por roli dhe fama e tyre ishte e p\u00ebrmasave evropiane\u201d, ka th\u00ebn\u00eb Tahir Tahiri, kryetar u K\u00ebshillit Nacional t\u00eb Shqiptar\u00ebve n\u00eb Malin e Zi, q\u00eb ka mb\u00ebshtetur shfaqjen.<\/p>\n<p>Interpreti Atif Hasanaga thot\u00eb t\u00eb ket\u00eb marr\u00eb po ashtu emocion t\u00eb fuqish\u00ebm nga publiku n\u00eb Kosov\u00eb.<\/p>\n<p>\u201cNuk po mund ta p\u00ebrshkruaj emocionin\u201d, ka folur ai n\u00eb em\u00ebr t\u00eb trup\u00ebs artistike menj\u00ebher\u00eb pas shfaqjes. Ve\u00e7 tij n\u00eb k\u00ebt\u00eb shfaqje interpretojn\u00eb edhe Flutura Mustafa, Jenuz Abazi dhe Anida Kollari, si dhe trupat e dy ansambleve artistike. Koreografin\u00eb p\u00ebr shfaqjen \u201cKalendari\u201d &#8211; e cila sonte (e mart\u00eb) do t\u00eb jepet n\u00eb Tiran\u00eb &#8211; e ka b\u00ebr\u00eb Musa Hoxha, muzik\u00ebn Ardian Hasanaga, p\u00ebrderisa teksti \u00ebsht\u00eb shkruar nga Valbona Hoxha.<\/p>\n<p>Burbuqe Berisha, drejtoresh\u00eb e p\u00ebrgjithshme e Teatrit Komb\u00ebtar t\u00eb Kosov\u00ebs, ka th\u00ebn\u00eb se ndihej mir\u00eb p\u00ebr faktin se nj\u00eb trup\u00eb nga Ulqini ka ardhur n\u00eb Prishtin\u00eb p\u00ebr t\u00eb festuar 100-vjetorin e Pavar\u00ebsis\u00eb.<\/p>\n<p>\u201cShfaqja ishte mjaft mir\u00eb e realizuar. Edhe pse jan\u00eb nj\u00eb trup\u00eb amatore, kan\u00eb b\u00ebr\u00eb nj\u00eb pun\u00eb shum\u00eb t\u00eb mir\u00eb. \u00cbsht\u00eb shpres\u00ebdh\u00ebn\u00ebse p\u00ebr faktin se t\u00eb rinjt\u00eb ulqinak\u00eb jan\u00eb t\u00eb orientuar drejt Prishtin\u00ebs e Tiran\u00ebs, nd\u00ebrsa pash\u00eb k\u00ebtu sonte t\u00eb rinj t\u00eb denj\u00eb p\u00ebr t\u00eb mbajtur gjall\u00eb jet\u00ebn kulturore atje\u201d, ka th\u00ebn\u00eb Berisha.<\/p>\n<p><strong>Koha Net<\/strong><br \/>\n\n\t\t<style type=\"text\/css\">\n\t\t\t#gallery-1 {\n\t\t\t\tmargin: auto;\n\t\t\t}\n\t\t\t#gallery-1 .gallery-item {\n\t\t\t\tfloat: left;\n\t\t\t\tmargin-top: 10px;\n\t\t\t\ttext-align: center;\n\t\t\t\twidth: 33%;\n\t\t\t}\n\t\t\t#gallery-1 img {\n\t\t\t\tborder: 2px solid #cfcfcf;\n\t\t\t}\n\t\t\t#gallery-1 .gallery-caption {\n\t\t\t\tmargin-left: 0;\n\t\t\t}\n\t\t\t\/* see gallery_shortcode() in wp-includes\/media.php *\/\n\t\t<\/style>\n\t\t<div id='gallery-1' class='gallery galleryid-66210 gallery-columns-3 gallery-size-thumbnail'><dl class='gallery-item'>\n\t\t\t<dt class='gallery-icon landscape'>\n\t\t\t\t<a href='https:\/\/www.visit-ulcinj.com\/blog\/wp-content\/uploads\/2012\/11\/koreodrama-Kalendari-i-historis-se-Ulqinit.jpg'><img width=\"150\" height=\"150\" src=\"https:\/\/www.visit-ulcinj.com\/blog\/wp-content\/uploads\/2012\/11\/koreodrama-Kalendari-i-historis-se-Ulqinit-150x150.jpg\" class=\"attachment-thumbnail size-thumbnail\" alt=\"\" loading=\"lazy\" \/><\/a>\n\t\t\t<\/dt><\/dl><dl class='gallery-item'>\n\t\t\t<dt class='gallery-icon landscape'>\n\t\t\t\t<a href='https:\/\/www.visit-ulcinj.com\/blog\/wp-content\/uploads\/2012\/11\/koreodrama-Kalendari-i-historis-se-Ulqinit.1.jpg'><img width=\"150\" height=\"150\" src=\"https:\/\/www.visit-ulcinj.com\/blog\/wp-content\/uploads\/2012\/11\/koreodrama-Kalendari-i-historis-se-Ulqinit.1-150x150.jpg\" class=\"attachment-thumbnail size-thumbnail\" alt=\"\" loading=\"lazy\" \/><\/a>\n\t\t\t<\/dt><\/dl><dl class='gallery-item'>\n\t\t\t<dt class='gallery-icon landscape'>\n\t\t\t\t<a href='https:\/\/www.visit-ulcinj.com\/blog\/wp-content\/uploads\/2012\/11\/koreodrama-Kalendari-i-historis-se-Ulqinit.2.jpg'><img width=\"150\" height=\"150\" src=\"https:\/\/www.visit-ulcinj.com\/blog\/wp-content\/uploads\/2012\/11\/koreodrama-Kalendari-i-historis-se-Ulqinit.2-150x150.jpg\" class=\"attachment-thumbnail size-thumbnail\" alt=\"\" loading=\"lazy\" \/><\/a>\n\t\t\t<\/dt><\/dl><br style=\"clear: both\" \/><dl class='gallery-item'>\n\t\t\t<dt class='gallery-icon portrait'>\n\t\t\t\t<a href='https:\/\/www.visit-ulcinj.com\/blog\/wp-content\/uploads\/2012\/11\/Koreodrama-Kalendari-i-historis-se-Ulqinit_Kosova.1.jpg'><img width=\"150\" height=\"150\" src=\"https:\/\/www.visit-ulcinj.com\/blog\/wp-content\/uploads\/2012\/11\/Koreodrama-Kalendari-i-historis-se-Ulqinit_Kosova.1-150x150.jpg\" class=\"attachment-thumbnail size-thumbnail\" alt=\"\" loading=\"lazy\" \/><\/a>\n\t\t\t<\/dt><\/dl><dl class='gallery-item'>\n\t\t\t<dt class='gallery-icon landscape'>\n\t\t\t\t<a href='https:\/\/www.visit-ulcinj.com\/blog\/wp-content\/uploads\/2012\/11\/Koreodrama-Kalendari-i-historis-se-Ulqinit_Kosova.2.jpg'><img width=\"150\" height=\"150\" src=\"https:\/\/www.visit-ulcinj.com\/blog\/wp-content\/uploads\/2012\/11\/Koreodrama-Kalendari-i-historis-se-Ulqinit_Kosova.2-150x150.jpg\" class=\"attachment-thumbnail size-thumbnail\" alt=\"\" loading=\"lazy\" \/><\/a>\n\t\t\t<\/dt><\/dl><dl class='gallery-item'>\n\t\t\t<dt class='gallery-icon portrait'>\n\t\t\t\t<a href='https:\/\/www.visit-ulcinj.com\/blog\/wp-content\/uploads\/2012\/11\/Koreodrama-Kalendari-i-historis-se-Ulqinit_Kosova.3.jpg'><img width=\"150\" height=\"150\" src=\"https:\/\/www.visit-ulcinj.com\/blog\/wp-content\/uploads\/2012\/11\/Koreodrama-Kalendari-i-historis-se-Ulqinit_Kosova.3-150x150.jpg\" class=\"attachment-thumbnail size-thumbnail\" alt=\"\" loading=\"lazy\" \/><\/a>\n\t\t\t<\/dt><\/dl><br style=\"clear: both\" \/><dl class='gallery-item'>\n\t\t\t<dt class='gallery-icon portrait'>\n\t\t\t\t<a href='https:\/\/www.visit-ulcinj.com\/blog\/wp-content\/uploads\/2012\/11\/Koreodrama-Kalendari-i-historis-se-Ulqinit_Kosova.4.jpg'><img width=\"150\" height=\"150\" src=\"https:\/\/www.visit-ulcinj.com\/blog\/wp-content\/uploads\/2012\/11\/Koreodrama-Kalendari-i-historis-se-Ulqinit_Kosova.4-150x150.jpg\" class=\"attachment-thumbnail size-thumbnail\" alt=\"\" loading=\"lazy\" \/><\/a>\n\t\t\t<\/dt><\/dl>\n\t\t\t<br style='clear: both' \/>\n\t\t<\/div>\n<br \/>\n<iframe loading=\"lazy\" width=\"508\" height=\"360\" src=\"http:\/\/www.youtube.com\/embed\/8M88-Bz5TAs?rel=0\" frameborder=\"0\" allowfullscreen><\/iframe><\/p>\n","protected":false},"excerpt":{"rendered":"<p>Prishtin\u00eb, 27 n\u00ebntor &#8211; \u201cHiqu o kufi i mallkuar\u201d \u00ebsht\u00eb nj\u00ebra prej fjalive t\u00eb nj\u00eb koreodrame q\u00eb shkund sken\u00ebn. Por ajo \u00ebsht\u00eb ve\u00e7 nj\u00eb pjes\u00eb e rr\u00ebfimit q\u00eb flet p\u00ebr periudh\u00ebn kur shqiptar\u00ebt q\u00eb jetonin n\u00eb Shkod\u00ebr e Ulqin, ndahen nga regjimi komunist. Por k\u00ebshtu nuk nis koreodrama \u201cKalendari\u201d e trup\u00ebs nga Ulqini q\u00eb t\u00eb [&hellip;]<\/p>\n","protected":false},"author":1,"featured_media":0,"comment_status":"open","ping_status":"closed","sticky":false,"template":"","format":"standard","meta":{"spay_email":"","jetpack_publicize_message":"","jetpack_is_tweetstorm":false,"jetpack_publicize_feature_enabled":true},"categories":[12],"tags":[21513,200,18],"jetpack_publicize_connections":[],"yoast_head":"<!-- This site is optimized with the Yoast SEO plugin v19.1 - https:\/\/yoast.com\/wordpress\/plugins\/seo\/ -->\n<title>Rr\u00ebfimi koreodramatik i historis\u00eb s\u00eb Ulqinit + Foto + Video - Lajme nga Ulqini<\/title>\n<meta name=\"description\" content=\"Prishtin\u00eb, 27 n\u00ebntor - \u201cHiqu o kufi i mallkuar\u201d \u00ebsht\u00eb nj\u00ebra prej fjalive t\u00eb nj\u00eb koreodrame q\u00eb shkund sken\u00ebn. Por ajo \u00ebsht\u00eb ve\u00e7 nj\u00eb pjes\u00eb e rr\u00ebfimit q\u00eb\" \/>\n<meta name=\"robots\" content=\"index, follow, max-snippet:-1, max-image-preview:large, max-video-preview:-1\" \/>\n<link rel=\"canonical\" href=\"https:\/\/www.visit-ulcinj.com\/blog\/2012\/11\/29\/rrefimi-koreodramatik-i-historise-se-ulqinit-foto\/\" \/>\n<meta property=\"og:locale\" content=\"en_US\" \/>\n<meta property=\"og:type\" content=\"article\" \/>\n<meta property=\"og:title\" content=\"Rr\u00ebfimi koreodramatik i historis\u00eb s\u00eb Ulqinit + Foto + Video - Lajme nga Ulqini\" \/>\n<meta property=\"og:description\" content=\"Prishtin\u00eb, 27 n\u00ebntor - \u201cHiqu o kufi i mallkuar\u201d \u00ebsht\u00eb nj\u00ebra prej fjalive t\u00eb nj\u00eb koreodrame q\u00eb shkund sken\u00ebn. Por ajo \u00ebsht\u00eb ve\u00e7 nj\u00eb pjes\u00eb e rr\u00ebfimit q\u00eb\" \/>\n<meta property=\"og:url\" content=\"https:\/\/www.visit-ulcinj.com\/blog\/2012\/11\/29\/rrefimi-koreodramatik-i-historise-se-ulqinit-foto\/\" \/>\n<meta property=\"og:site_name\" content=\"Lajme nga Ulqini\" \/>\n<meta property=\"article:published_time\" content=\"2012-11-29T17:10:56+00:00\" \/>\n<meta property=\"article:modified_time\" content=\"2012-12-02T00:07:23+00:00\" \/>\n<meta property=\"og:image\" content=\"https:\/\/www.visit-ulcinj.com\/blog\/wp-content\/uploads\/2012\/11\/koreodrama-Kalendari-i-historis-se-Ulqinit-150x150.jpg\" \/>\n<meta name=\"twitter:label1\" content=\"Written by\" \/>\n\t<meta name=\"twitter:data1\" content=\"ulqini\" \/>\n\t<meta name=\"twitter:label2\" content=\"Est. reading time\" \/>\n\t<meta name=\"twitter:data2\" content=\"4 minutes\" \/>\n<script type=\"application\/ld+json\" class=\"yoast-schema-graph\">{\"@context\":\"https:\/\/schema.org\",\"@graph\":[{\"@type\":\"WebSite\",\"@id\":\"https:\/\/www.visit-ulcinj.com\/blog\/#website\",\"url\":\"https:\/\/www.visit-ulcinj.com\/blog\/\",\"name\":\"Lajme nga Ulqini\",\"description\":\"Lajme,Vijesti,Ulqini,Ulqin,Crna Gora,Mali i Zi\",\"potentialAction\":[{\"@type\":\"SearchAction\",\"target\":{\"@type\":\"EntryPoint\",\"urlTemplate\":\"https:\/\/www.visit-ulcinj.com\/blog\/?s={search_term_string}\"},\"query-input\":\"required name=search_term_string\"}],\"inLanguage\":\"en-US\"},{\"@type\":\"ImageObject\",\"inLanguage\":\"en-US\",\"@id\":\"https:\/\/www.visit-ulcinj.com\/blog\/2012\/11\/29\/rrefimi-koreodramatik-i-historise-se-ulqinit-foto\/#primaryimage\",\"url\":\"https:\/\/www.visit-ulcinj.com\/blog\/wp-content\/uploads\/2012\/11\/koreodrama-Kalendari-i-historis-se-Ulqinit.jpg\",\"contentUrl\":\"https:\/\/www.visit-ulcinj.com\/blog\/wp-content\/uploads\/2012\/11\/koreodrama-Kalendari-i-historis-se-Ulqinit.jpg\",\"width\":\"629\",\"height\":\"367\"},{\"@type\":\"WebPage\",\"@id\":\"https:\/\/www.visit-ulcinj.com\/blog\/2012\/11\/29\/rrefimi-koreodramatik-i-historise-se-ulqinit-foto\/#webpage\",\"url\":\"https:\/\/www.visit-ulcinj.com\/blog\/2012\/11\/29\/rrefimi-koreodramatik-i-historise-se-ulqinit-foto\/\",\"name\":\"Rr\u00ebfimi koreodramatik i historis\u00eb s\u00eb Ulqinit + Foto + Video - Lajme nga Ulqini\",\"isPartOf\":{\"@id\":\"https:\/\/www.visit-ulcinj.com\/blog\/#website\"},\"primaryImageOfPage\":{\"@id\":\"https:\/\/www.visit-ulcinj.com\/blog\/2012\/11\/29\/rrefimi-koreodramatik-i-historise-se-ulqinit-foto\/#primaryimage\"},\"datePublished\":\"2012-11-29T17:10:56+00:00\",\"dateModified\":\"2012-12-02T00:07:23+00:00\",\"author\":{\"@id\":\"https:\/\/www.visit-ulcinj.com\/blog\/#\/schema\/person\/dcab619c614d3038751c63bc2aadc06d\"},\"description\":\"Prishtin\u00eb, 27 n\u00ebntor - \u201cHiqu o kufi i mallkuar\u201d \u00ebsht\u00eb nj\u00ebra prej fjalive t\u00eb nj\u00eb koreodrame q\u00eb shkund sken\u00ebn. Por ajo \u00ebsht\u00eb ve\u00e7 nj\u00eb pjes\u00eb e rr\u00ebfimit q\u00eb\",\"breadcrumb\":{\"@id\":\"https:\/\/www.visit-ulcinj.com\/blog\/2012\/11\/29\/rrefimi-koreodramatik-i-historise-se-ulqinit-foto\/#breadcrumb\"},\"inLanguage\":\"en-US\",\"potentialAction\":[{\"@type\":\"ReadAction\",\"target\":[\"https:\/\/www.visit-ulcinj.com\/blog\/2012\/11\/29\/rrefimi-koreodramatik-i-historise-se-ulqinit-foto\/\"]}]},{\"@type\":\"BreadcrumbList\",\"@id\":\"https:\/\/www.visit-ulcinj.com\/blog\/2012\/11\/29\/rrefimi-koreodramatik-i-historise-se-ulqinit-foto\/#breadcrumb\",\"itemListElement\":[{\"@type\":\"ListItem\",\"position\":1,\"name\":\"Rr\u00ebfimi koreodramatik i historis\u00eb s\u00eb Ulqinit + Foto + Video\"}]},{\"@type\":\"Person\",\"@id\":\"https:\/\/www.visit-ulcinj.com\/blog\/#\/schema\/person\/dcab619c614d3038751c63bc2aadc06d\",\"name\":\"ulqini\",\"sameAs\":[\"http:\/\/www.visit-ulcinj.com\"],\"url\":\"https:\/\/www.visit-ulcinj.com\/blog\/author\/admin\/\"}]}<\/script>\n<!-- \/ Yoast SEO plugin. -->","yoast_head_json":{"title":"Rr\u00ebfimi koreodramatik i historis\u00eb s\u00eb Ulqinit + Foto + Video - Lajme nga Ulqini","description":"Prishtin\u00eb, 27 n\u00ebntor - \u201cHiqu o kufi i mallkuar\u201d \u00ebsht\u00eb nj\u00ebra prej fjalive t\u00eb nj\u00eb koreodrame q\u00eb shkund sken\u00ebn. Por ajo \u00ebsht\u00eb ve\u00e7 nj\u00eb pjes\u00eb e rr\u00ebfimit q\u00eb","robots":{"index":"index","follow":"follow","max-snippet":"max-snippet:-1","max-image-preview":"max-image-preview:large","max-video-preview":"max-video-preview:-1"},"canonical":"https:\/\/www.visit-ulcinj.com\/blog\/2012\/11\/29\/rrefimi-koreodramatik-i-historise-se-ulqinit-foto\/","og_locale":"en_US","og_type":"article","og_title":"Rr\u00ebfimi koreodramatik i historis\u00eb s\u00eb Ulqinit + Foto + Video - Lajme nga Ulqini","og_description":"Prishtin\u00eb, 27 n\u00ebntor - \u201cHiqu o kufi i mallkuar\u201d \u00ebsht\u00eb nj\u00ebra prej fjalive t\u00eb nj\u00eb koreodrame q\u00eb shkund sken\u00ebn. Por ajo \u00ebsht\u00eb ve\u00e7 nj\u00eb pjes\u00eb e rr\u00ebfimit q\u00eb","og_url":"https:\/\/www.visit-ulcinj.com\/blog\/2012\/11\/29\/rrefimi-koreodramatik-i-historise-se-ulqinit-foto\/","og_site_name":"Lajme nga Ulqini","article_published_time":"2012-11-29T17:10:56+00:00","article_modified_time":"2012-12-02T00:07:23+00:00","og_image":[{"url":"https:\/\/www.visit-ulcinj.com\/blog\/wp-content\/uploads\/2012\/11\/koreodrama-Kalendari-i-historis-se-Ulqinit-150x150.jpg"}],"twitter_misc":{"Written by":"ulqini","Est. reading time":"4 minutes"},"schema":{"@context":"https:\/\/schema.org","@graph":[{"@type":"WebSite","@id":"https:\/\/www.visit-ulcinj.com\/blog\/#website","url":"https:\/\/www.visit-ulcinj.com\/blog\/","name":"Lajme nga Ulqini","description":"Lajme,Vijesti,Ulqini,Ulqin,Crna Gora,Mali i Zi","potentialAction":[{"@type":"SearchAction","target":{"@type":"EntryPoint","urlTemplate":"https:\/\/www.visit-ulcinj.com\/blog\/?s={search_term_string}"},"query-input":"required name=search_term_string"}],"inLanguage":"en-US"},{"@type":"ImageObject","inLanguage":"en-US","@id":"https:\/\/www.visit-ulcinj.com\/blog\/2012\/11\/29\/rrefimi-koreodramatik-i-historise-se-ulqinit-foto\/#primaryimage","url":"https:\/\/www.visit-ulcinj.com\/blog\/wp-content\/uploads\/2012\/11\/koreodrama-Kalendari-i-historis-se-Ulqinit.jpg","contentUrl":"https:\/\/www.visit-ulcinj.com\/blog\/wp-content\/uploads\/2012\/11\/koreodrama-Kalendari-i-historis-se-Ulqinit.jpg","width":"629","height":"367"},{"@type":"WebPage","@id":"https:\/\/www.visit-ulcinj.com\/blog\/2012\/11\/29\/rrefimi-koreodramatik-i-historise-se-ulqinit-foto\/#webpage","url":"https:\/\/www.visit-ulcinj.com\/blog\/2012\/11\/29\/rrefimi-koreodramatik-i-historise-se-ulqinit-foto\/","name":"Rr\u00ebfimi koreodramatik i historis\u00eb s\u00eb Ulqinit + Foto + Video - Lajme nga Ulqini","isPartOf":{"@id":"https:\/\/www.visit-ulcinj.com\/blog\/#website"},"primaryImageOfPage":{"@id":"https:\/\/www.visit-ulcinj.com\/blog\/2012\/11\/29\/rrefimi-koreodramatik-i-historise-se-ulqinit-foto\/#primaryimage"},"datePublished":"2012-11-29T17:10:56+00:00","dateModified":"2012-12-02T00:07:23+00:00","author":{"@id":"https:\/\/www.visit-ulcinj.com\/blog\/#\/schema\/person\/dcab619c614d3038751c63bc2aadc06d"},"description":"Prishtin\u00eb, 27 n\u00ebntor - \u201cHiqu o kufi i mallkuar\u201d \u00ebsht\u00eb nj\u00ebra prej fjalive t\u00eb nj\u00eb koreodrame q\u00eb shkund sken\u00ebn. Por ajo \u00ebsht\u00eb ve\u00e7 nj\u00eb pjes\u00eb e rr\u00ebfimit q\u00eb","breadcrumb":{"@id":"https:\/\/www.visit-ulcinj.com\/blog\/2012\/11\/29\/rrefimi-koreodramatik-i-historise-se-ulqinit-foto\/#breadcrumb"},"inLanguage":"en-US","potentialAction":[{"@type":"ReadAction","target":["https:\/\/www.visit-ulcinj.com\/blog\/2012\/11\/29\/rrefimi-koreodramatik-i-historise-se-ulqinit-foto\/"]}]},{"@type":"BreadcrumbList","@id":"https:\/\/www.visit-ulcinj.com\/blog\/2012\/11\/29\/rrefimi-koreodramatik-i-historise-se-ulqinit-foto\/#breadcrumb","itemListElement":[{"@type":"ListItem","position":1,"name":"Rr\u00ebfimi koreodramatik i historis\u00eb s\u00eb Ulqinit + Foto + Video"}]},{"@type":"Person","@id":"https:\/\/www.visit-ulcinj.com\/blog\/#\/schema\/person\/dcab619c614d3038751c63bc2aadc06d","name":"ulqini","sameAs":["http:\/\/www.visit-ulcinj.com"],"url":"https:\/\/www.visit-ulcinj.com\/blog\/author\/admin\/"}]}},"jetpack_featured_media_url":"","jetpack_sharing_enabled":true,"jetpack_shortlink":"https:\/\/wp.me\/pe6lTn-hdU","_links":{"self":[{"href":"https:\/\/www.visit-ulcinj.com\/blog\/wp-json\/wp\/v2\/posts\/66210"}],"collection":[{"href":"https:\/\/www.visit-ulcinj.com\/blog\/wp-json\/wp\/v2\/posts"}],"about":[{"href":"https:\/\/www.visit-ulcinj.com\/blog\/wp-json\/wp\/v2\/types\/post"}],"author":[{"embeddable":true,"href":"https:\/\/www.visit-ulcinj.com\/blog\/wp-json\/wp\/v2\/users\/1"}],"replies":[{"embeddable":true,"href":"https:\/\/www.visit-ulcinj.com\/blog\/wp-json\/wp\/v2\/comments?post=66210"}],"version-history":[{"count":3,"href":"https:\/\/www.visit-ulcinj.com\/blog\/wp-json\/wp\/v2\/posts\/66210\/revisions"}],"predecessor-version":[{"id":66334,"href":"https:\/\/www.visit-ulcinj.com\/blog\/wp-json\/wp\/v2\/posts\/66210\/revisions\/66334"}],"wp:attachment":[{"href":"https:\/\/www.visit-ulcinj.com\/blog\/wp-json\/wp\/v2\/media?parent=66210"}],"wp:term":[{"taxonomy":"category","embeddable":true,"href":"https:\/\/www.visit-ulcinj.com\/blog\/wp-json\/wp\/v2\/categories?post=66210"},{"taxonomy":"post_tag","embeddable":true,"href":"https:\/\/www.visit-ulcinj.com\/blog\/wp-json\/wp\/v2\/tags?post=66210"}],"curies":[{"name":"wp","href":"https:\/\/api.w.org\/{rel}","templated":true}]}}