{"id":66215,"date":"2012-11-29T18:18:53","date_gmt":"2012-11-29T17:18:53","guid":{"rendered":"http:\/\/www.visit-ulcinj.com\/blog\/?p=66215"},"modified":"2012-12-01T07:21:22","modified_gmt":"2012-12-01T06:21:22","slug":"ulqinaket-sjellin-ne-kosove-kalendarin-njeshekullor-te-tyre","status":"publish","type":"post","link":"https:\/\/www.visit-ulcinj.com\/blog\/2012\/11\/29\/ulqinaket-sjellin-ne-kosove-kalendarin-njeshekullor-te-tyre\/","title":{"rendered":"Ulqinak\u00ebt sjellin n\u00eb Kosov\u00eb \u201cKalendarin\u201d nj\u00ebshekullor t\u00eb tyre"},"content":{"rendered":"<p><a href=\"http:\/\/www.visit-ulcinj.com\/blog\/wp-content\/uploads\/2012\/11\/Koreodrama-Kalendari-i-historis-se-Ulqinit_Kosova.jpg\"><img loading=\"lazy\" class=\"alignleft  wp-image-66216\" title=\"Koreodrama Kalendari i historis se Ulqinit_Kosova\" src=\"http:\/\/www.visit-ulcinj.com\/blog\/wp-content\/uploads\/2012\/11\/Koreodrama-Kalendari-i-historis-se-Ulqinit_Kosova.jpg\" alt=\"\" width=\"508\" height=\"367\" \/><\/a>Rr\u00ebfimi p\u00ebr ata q\u00eb e kan\u00eb pasur aq af\u00ebr, por n\u00eb t\u00eb nj\u00ebjt\u00ebn koh\u00eb aq larg, Shqip\u00ebrin\u00eb \u00ebsht\u00eb v\u00ebn\u00eb n\u00eb nj\u00eb koreodram\u00eb. \u201cKalendari\u201d \u00ebsht\u00eb shfaqja q\u00eb shqiptar\u00ebt e Ulqinit kan\u00eb p\u00ebrgatitur p\u00ebr t\u00eb festuar 100-vjetorin e Pavar\u00ebsis\u00eb s\u00eb Shqip\u00ebris\u00eb. Ansambli \u201cZana\u201d dhe shkolla e vall\u00ebzimit \u201cPorta di Danza\u201d, ndon\u00ebse nuk jan\u00eb profesionist\u00eb t\u00eb teatrit, jan\u00eb b\u00ebr\u00eb bashk\u00eb p\u00ebr t\u00eb prodhuar k\u00ebt\u00eb koreodram\u00eb n\u00eb mb\u00ebshtetjen e K\u00ebshillit Nacional t\u00eb Shqiptar\u00ebve n\u00eb Malin e Zi. Premiera e saj \u00ebsht\u00eb dh\u00ebn\u00eb n\u00eb Ulqin, t\u00eb shtun\u00ebn mbr\u00ebma, n\u00eb Qendr\u00ebn e Kultur\u00ebs. E t\u00eb h\u00ebn\u00ebn mbr\u00ebma, Teatri Komb\u00ebtar i Kosov\u00ebs do t\u00eb jet\u00eb nikoqir i saj. P\u00ebr t\u00eb p\u00ebrthekuar triptikun, shfaqja do t\u00eb jepet edhe n\u00eb Tiran\u00eb nj\u00eb dit\u00eb para fest\u00ebs s\u00eb madhe p\u00ebr shqiptar\u00ebt.<\/p>\n<p>Nj\u00eb konferenc\u00eb p\u00ebr shtyp q\u00eb \u00ebsht\u00eb mbajtur mesdit\u00ebn e s\u00eb diel\u00ebs n\u00eb TKK ka sh\u00ebrbyer p\u00ebr t\u00eb treguar detajet e shfaqjes. Ajo ndahet n\u00eb tri pjes\u00eb. E para flet p\u00ebr periudh\u00ebn kur shqiptar\u00ebt kan\u00eb qen\u00eb t\u00eb bashkuar, ajo e dyta shp\u00ebrfaq vuajtjen e ndarjes me kufij, nd\u00ebrsa e treta, q\u00eb shfaqet p\u00ebrmes nj\u00eb pjese t\u00eb baletit modern sjell ribashkimin.<\/p>\n<p>Ka qen\u00eb regjisori Munib Abazi ai q\u00eb i pari ka p\u00ebrshkruar emocionin e tij p\u00ebr shfaqjen \u201cKalendari\u201d. Ai ka th\u00ebn\u00eb se me rastin e 100 &#8211; vjetorit t\u00eb Pavar\u00ebsis\u00eb kan\u00eb menduar t\u00eb ofrojm\u00eb di\u00e7ka t\u00eb re.<\/p>\n<p>\u201cNe nuk jemi profesionist\u00eb, por si entuziast\u00eb kemi menduar q\u00eb t\u00eb sjellim di\u00e7ka e cila nuk \u00ebsht\u00eb par\u00eb m\u00eb her\u00ebt n\u00eb sken\u00ebn e Ulqinit\u201d, ka th\u00ebn\u00eb Abazi, teksa shtuar se shpreson q\u00eb kritika dhe publiku ta p\u00eblqejn\u00eb k\u00ebt\u00eb koreodram\u00eb. Ata kan\u00eb b\u00ebr\u00eb gati tre muaj prova p\u00ebr t\u00eb v\u00ebn\u00eb n\u00eb sken\u00eb k\u00ebt\u00eb shfaqje. Ideja m\u00eb e mir\u00eb p\u00ebr t\u00eb p\u00ebrshkruar historin\u00eb e shqiptar\u00ebve n\u00eb trevat e Malit t\u00eb Zi p\u00ebr k\u00ebto 100 vjet ka qen\u00eb ajo p\u00ebrmes kund\u00ebrshtive t\u00eb pesimizmit dhe optimizmit, ndarjes dhe bashkimit, lumturis\u00eb dhe vuajtjes e g\u00ebzimit dhe trishtimit.<\/p>\n<p>\u201cKa ndodhur kur gjysma e trungut familjar ka jetuar n\u00eb Shkod\u00ebr, gjysma tjet\u00ebr n\u00eb Ulqin. Pik\u00ebrisht p\u00ebr k\u00ebt\u00eb rast kemi v\u00ebn\u00eb n\u00eb sken\u00eb nj\u00eb koh\u00eb kur kemi qen\u00eb t\u00eb gjith\u00eb s\u00eb bashku, kurse nj\u00eb koh\u00eb tjet\u00ebr jasht\u00ebzakonisht t\u00eb dhimbshme, at\u00eb t\u00eb ndarjes\u201d, ka th\u00ebn\u00eb Abazi.<br \/>\n<a href=\"http:\/\/www.visit-ulcinj.com\/blog\/wp-content\/uploads\/2012\/11\/Kalendari-nga-Ulqini.jpg\"><img loading=\"lazy\" class=\"alignleft  wp-image-66306\" title=\"Kalendari nga Ulqini\" src=\"http:\/\/www.visit-ulcinj.com\/blog\/wp-content\/uploads\/2012\/11\/Kalendari-nga-Ulqini.jpg\" alt=\"\" width=\"508\" height=\"300\" \/><\/a><\/p>\n<p>Basri Milla, udh\u00ebheq\u00ebs artistik i k\u00ebsaj koreodrame, ka treguar se n\u00eb pjes\u00ebn e par\u00eb jan\u00eb p\u00ebrshkruar t\u00eb gjitha veshjet komb\u00ebtare. Ai ka th\u00ebn\u00eb se shfaqja fillon me vallen e njohur t\u00eb detar\u00ebve t\u00eb Ulqinit \u201cDum Sharaveli\u201d, p\u00ebr t\u00eb vazhduar \u201cVallen e Tiran\u00ebs\u201d, Dibr\u00ebs, Tropoj\u00ebs dhe \u201cVallen e Rugov\u00ebs\u201d.<\/p>\n<p>\u201cKjo pjes\u00eb tregon nj\u00eb harmoni mes shqiptar\u00ebve prej vitit 1912 deri te ndarja me kufi\u201d, ka th\u00ebn\u00eb Milla.<\/p>\n<p>Pjesa e dyt\u00eb \u00ebsht\u00eb e p\u00ebrjetimit t\u00eb ndarjes s\u00eb familjeve shqiptare n\u00eb Ulqin e Shkod\u00ebr, dhe m\u00eb tutje.<\/p>\n<p>\u201cKemi pasur raste kur baba me djalin kan\u00eb mbetur n\u00eb Ulqin, e n\u00ebna me vajz\u00ebn kan\u00eb mbetur n\u00eb Shkod\u00ebr. K\u00ebto raste i kemi pasqyruar n\u00eb shfaqje\u201d, ka th\u00ebn\u00eb Milla. \u201cD\u00ebshira p\u00ebr flamurin q\u00eb nuk kemi guxuar ta p\u00ebrdorim paraqitet po ashtu n\u00eb k\u00ebt\u00eb pjes\u00eb\u201d, ka shtuar ai.<\/p>\n<p>E pjesa e tret\u00eb flet p\u00ebr ribashkimin. \u201c\u00cbsht\u00eb emocioni i ribashkimit t\u00eb familjeve\u201d, ka treguar Milla.<\/p>\n<p>Agron Ujkashi ka treguar detaje t\u00eb skenografis\u00eb q\u00eb i kontribuojn\u00eb rr\u00ebfimit t\u00eb shfaqjes.<\/p>\n<p>\u201cN\u00eb prapavij\u00eb \u00ebsht\u00eb Kalaja e vjet\u00ebr e Ulqinit, nd\u00ebrsa specifike \u00ebsht\u00eb nj\u00eb shqiponj\u00eb e madhe q\u00eb pasqyron ndarjen e kufijve kur Ulqini ndahet nga Shqip\u00ebria. Shqiponja bashkohet m\u00eb pas, si simbol i bashkimit t\u00eb trojeve tona shqiptare\u201d, ka th\u00ebn\u00eb maestro Ujkashi pak minuta para se bashk\u00eb me ekipin t\u00eb nisin montimin e nj\u00eb skene jo fort t\u00eb vog\u00ebl.<\/p>\n<p>T\u00eb tre kan\u00eb treguar se n\u00eb sken\u00ebn e Ulqinit kan\u00eb marr\u00eb emocion t\u00eb ve\u00e7ant\u00eb. Regjisori Abazi pret q\u00eb t\u00eb nj\u00ebjt\u00ebn ndjenj\u00eb ta ken\u00eb edhe n\u00eb Kosov\u00eb, pasi q\u00eb \u00ebsht\u00eb i sigurt q\u00eb shtetin e ri dhe shqiptar\u00ebt e Malit t\u00eb Zi i lidhin shum\u00eb gj\u00ebra.<\/p>\n<p>\u201cP\u00ebr nj\u00ebri-tjetrin ne gjithmon\u00eb kemi qen\u00eb nj\u00eb. N\u00eb 20 vjet\u00ebt, n\u00eb koh\u00ebt m\u00eb t\u00eb v\u00ebshtira kemi ndihmuar nj\u00ebri-tjetrin\u201d, ka th\u00ebn\u00eb Abazi.<\/p>\n<p>Koreografin\u00eb p\u00ebr shfaqjen \u201cKalendari\u201d &#8211; e cila nj\u00eb nat\u00eb pas Prishtin\u00ebs do t\u00eb udh\u00ebtoj\u00eb p\u00ebr n\u00eb Tiran\u00eb &#8211; e ka b\u00ebr\u00eb Musa Hoxha, muzik\u00ebn Ardian Hasanaga, p\u00ebrderisa teksti \u00ebsht\u00eb shkruar nga Valbona Hoxha. Ve\u00e7 dy ansambleve, rolet i interpretojn\u00eb edhe Atif Hasanaga, Flutura Mustafa, Jenuz Abazi dhe Anida Kollari.<\/p>\n<p><strong>Koha Net<\/strong><\/p>\n","protected":false},"excerpt":{"rendered":"<p>Rr\u00ebfimi p\u00ebr ata q\u00eb e kan\u00eb pasur aq af\u00ebr, por n\u00eb t\u00eb nj\u00ebjt\u00ebn koh\u00eb aq larg, Shqip\u00ebrin\u00eb \u00ebsht\u00eb v\u00ebn\u00eb n\u00eb nj\u00eb koreodram\u00eb. \u201cKalendari\u201d \u00ebsht\u00eb shfaqja q\u00eb shqiptar\u00ebt e Ulqinit kan\u00eb p\u00ebrgatitur p\u00ebr t\u00eb festuar 100-vjetorin e Pavar\u00ebsis\u00eb s\u00eb Shqip\u00ebris\u00eb. Ansambli \u201cZana\u201d dhe shkolla e vall\u00ebzimit \u201cPorta di Danza\u201d, ndon\u00ebse nuk jan\u00eb profesionist\u00eb t\u00eb teatrit, jan\u00eb [&hellip;]<\/p>\n","protected":false},"author":1,"featured_media":0,"comment_status":"open","ping_status":"closed","sticky":false,"template":"","format":"standard","meta":{"spay_email":"","jetpack_publicize_message":"","jetpack_is_tweetstorm":false,"jetpack_publicize_feature_enabled":true},"categories":[6950],"tags":[21513,21567,200,18],"jetpack_publicize_connections":[],"yoast_head":"<!-- This site is optimized with the Yoast SEO plugin v19.1 - https:\/\/yoast.com\/wordpress\/plugins\/seo\/ -->\n<title>Ulqinak\u00ebt sjellin n\u00eb Kosov\u00eb \u201cKalendarin\u201d nj\u00ebshekullor t\u00eb tyre - Lajme nga Ulqini<\/title>\n<meta name=\"description\" content=\"Rr\u00ebfimi p\u00ebr ata q\u00eb e kan\u00eb pasur aq af\u00ebr, por n\u00eb t\u00eb nj\u00ebjt\u00ebn koh\u00eb aq larg, Shqip\u00ebrin\u00eb \u00ebsht\u00eb v\u00ebn\u00eb n\u00eb nj\u00eb koreodram\u00eb. \u201cKalendari\u201d \u00ebsht\u00eb shfaqja q\u00eb shqiptar\u00ebt\" \/>\n<meta name=\"robots\" content=\"index, follow, max-snippet:-1, max-image-preview:large, max-video-preview:-1\" \/>\n<link rel=\"canonical\" href=\"https:\/\/www.visit-ulcinj.com\/blog\/2012\/11\/29\/ulqinaket-sjellin-ne-kosove-kalendarin-njeshekullor-te-tyre\/\" \/>\n<meta property=\"og:locale\" content=\"en_US\" \/>\n<meta property=\"og:type\" content=\"article\" \/>\n<meta property=\"og:title\" content=\"Ulqinak\u00ebt sjellin n\u00eb Kosov\u00eb \u201cKalendarin\u201d nj\u00ebshekullor t\u00eb tyre - Lajme nga Ulqini\" \/>\n<meta property=\"og:description\" content=\"Rr\u00ebfimi p\u00ebr ata q\u00eb e kan\u00eb pasur aq af\u00ebr, por n\u00eb t\u00eb nj\u00ebjt\u00ebn koh\u00eb aq larg, Shqip\u00ebrin\u00eb \u00ebsht\u00eb v\u00ebn\u00eb n\u00eb nj\u00eb koreodram\u00eb. \u201cKalendari\u201d \u00ebsht\u00eb shfaqja q\u00eb shqiptar\u00ebt\" \/>\n<meta property=\"og:url\" content=\"https:\/\/www.visit-ulcinj.com\/blog\/2012\/11\/29\/ulqinaket-sjellin-ne-kosove-kalendarin-njeshekullor-te-tyre\/\" \/>\n<meta property=\"og:site_name\" content=\"Lajme nga Ulqini\" \/>\n<meta property=\"article:published_time\" content=\"2012-11-29T17:18:53+00:00\" \/>\n<meta property=\"article:modified_time\" content=\"2012-12-01T06:21:22+00:00\" \/>\n<meta property=\"og:image\" content=\"http:\/\/www.visit-ulcinj.com\/blog\/wp-content\/uploads\/2012\/11\/Koreodrama-Kalendari-i-historis-se-Ulqinit_Kosova.jpg\" \/>\n<meta name=\"twitter:label1\" content=\"Written by\" \/>\n\t<meta name=\"twitter:data1\" content=\"ulqini\" \/>\n\t<meta name=\"twitter:label2\" content=\"Est. reading time\" \/>\n\t<meta name=\"twitter:data2\" content=\"4 minutes\" \/>\n<script type=\"application\/ld+json\" class=\"yoast-schema-graph\">{\"@context\":\"https:\/\/schema.org\",\"@graph\":[{\"@type\":\"WebSite\",\"@id\":\"https:\/\/www.visit-ulcinj.com\/blog\/#website\",\"url\":\"https:\/\/www.visit-ulcinj.com\/blog\/\",\"name\":\"Lajme nga Ulqini\",\"description\":\"Lajme,Vijesti,Ulqini,Ulqin,Crna Gora,Mali i Zi\",\"potentialAction\":[{\"@type\":\"SearchAction\",\"target\":{\"@type\":\"EntryPoint\",\"urlTemplate\":\"https:\/\/www.visit-ulcinj.com\/blog\/?s={search_term_string}\"},\"query-input\":\"required name=search_term_string\"}],\"inLanguage\":\"en-US\"},{\"@type\":\"ImageObject\",\"inLanguage\":\"en-US\",\"@id\":\"https:\/\/www.visit-ulcinj.com\/blog\/2012\/11\/29\/ulqinaket-sjellin-ne-kosove-kalendarin-njeshekullor-te-tyre\/#primaryimage\",\"url\":\"https:\/\/www.visit-ulcinj.com\/blog\/wp-content\/uploads\/2012\/11\/Koreodrama-Kalendari-i-historis-se-Ulqinit_Kosova.jpg\",\"contentUrl\":\"https:\/\/www.visit-ulcinj.com\/blog\/wp-content\/uploads\/2012\/11\/Koreodrama-Kalendari-i-historis-se-Ulqinit_Kosova.jpg\",\"width\":\"629\",\"height\":\"367\"},{\"@type\":\"WebPage\",\"@id\":\"https:\/\/www.visit-ulcinj.com\/blog\/2012\/11\/29\/ulqinaket-sjellin-ne-kosove-kalendarin-njeshekullor-te-tyre\/#webpage\",\"url\":\"https:\/\/www.visit-ulcinj.com\/blog\/2012\/11\/29\/ulqinaket-sjellin-ne-kosove-kalendarin-njeshekullor-te-tyre\/\",\"name\":\"Ulqinak\u00ebt sjellin n\u00eb Kosov\u00eb \u201cKalendarin\u201d nj\u00ebshekullor t\u00eb tyre - Lajme nga Ulqini\",\"isPartOf\":{\"@id\":\"https:\/\/www.visit-ulcinj.com\/blog\/#website\"},\"primaryImageOfPage\":{\"@id\":\"https:\/\/www.visit-ulcinj.com\/blog\/2012\/11\/29\/ulqinaket-sjellin-ne-kosove-kalendarin-njeshekullor-te-tyre\/#primaryimage\"},\"datePublished\":\"2012-11-29T17:18:53+00:00\",\"dateModified\":\"2012-12-01T06:21:22+00:00\",\"author\":{\"@id\":\"https:\/\/www.visit-ulcinj.com\/blog\/#\/schema\/person\/dcab619c614d3038751c63bc2aadc06d\"},\"description\":\"Rr\u00ebfimi p\u00ebr ata q\u00eb e kan\u00eb pasur aq af\u00ebr, por n\u00eb t\u00eb nj\u00ebjt\u00ebn koh\u00eb aq larg, Shqip\u00ebrin\u00eb \u00ebsht\u00eb v\u00ebn\u00eb n\u00eb nj\u00eb koreodram\u00eb. \u201cKalendari\u201d \u00ebsht\u00eb shfaqja q\u00eb shqiptar\u00ebt\",\"breadcrumb\":{\"@id\":\"https:\/\/www.visit-ulcinj.com\/blog\/2012\/11\/29\/ulqinaket-sjellin-ne-kosove-kalendarin-njeshekullor-te-tyre\/#breadcrumb\"},\"inLanguage\":\"en-US\",\"potentialAction\":[{\"@type\":\"ReadAction\",\"target\":[\"https:\/\/www.visit-ulcinj.com\/blog\/2012\/11\/29\/ulqinaket-sjellin-ne-kosove-kalendarin-njeshekullor-te-tyre\/\"]}]},{\"@type\":\"BreadcrumbList\",\"@id\":\"https:\/\/www.visit-ulcinj.com\/blog\/2012\/11\/29\/ulqinaket-sjellin-ne-kosove-kalendarin-njeshekullor-te-tyre\/#breadcrumb\",\"itemListElement\":[{\"@type\":\"ListItem\",\"position\":1,\"name\":\"Ulqinak\u00ebt sjellin n\u00eb Kosov\u00eb \u201cKalendarin\u201d nj\u00ebshekullor t\u00eb tyre\"}]},{\"@type\":\"Person\",\"@id\":\"https:\/\/www.visit-ulcinj.com\/blog\/#\/schema\/person\/dcab619c614d3038751c63bc2aadc06d\",\"name\":\"ulqini\",\"sameAs\":[\"http:\/\/www.visit-ulcinj.com\"],\"url\":\"https:\/\/www.visit-ulcinj.com\/blog\/author\/admin\/\"}]}<\/script>\n<!-- \/ Yoast SEO plugin. -->","yoast_head_json":{"title":"Ulqinak\u00ebt sjellin n\u00eb Kosov\u00eb \u201cKalendarin\u201d nj\u00ebshekullor t\u00eb tyre - Lajme nga Ulqini","description":"Rr\u00ebfimi p\u00ebr ata q\u00eb e kan\u00eb pasur aq af\u00ebr, por n\u00eb t\u00eb nj\u00ebjt\u00ebn koh\u00eb aq larg, Shqip\u00ebrin\u00eb \u00ebsht\u00eb v\u00ebn\u00eb n\u00eb nj\u00eb koreodram\u00eb. \u201cKalendari\u201d \u00ebsht\u00eb shfaqja q\u00eb shqiptar\u00ebt","robots":{"index":"index","follow":"follow","max-snippet":"max-snippet:-1","max-image-preview":"max-image-preview:large","max-video-preview":"max-video-preview:-1"},"canonical":"https:\/\/www.visit-ulcinj.com\/blog\/2012\/11\/29\/ulqinaket-sjellin-ne-kosove-kalendarin-njeshekullor-te-tyre\/","og_locale":"en_US","og_type":"article","og_title":"Ulqinak\u00ebt sjellin n\u00eb Kosov\u00eb \u201cKalendarin\u201d nj\u00ebshekullor t\u00eb tyre - Lajme nga Ulqini","og_description":"Rr\u00ebfimi p\u00ebr ata q\u00eb e kan\u00eb pasur aq af\u00ebr, por n\u00eb t\u00eb nj\u00ebjt\u00ebn koh\u00eb aq larg, Shqip\u00ebrin\u00eb \u00ebsht\u00eb v\u00ebn\u00eb n\u00eb nj\u00eb koreodram\u00eb. \u201cKalendari\u201d \u00ebsht\u00eb shfaqja q\u00eb shqiptar\u00ebt","og_url":"https:\/\/www.visit-ulcinj.com\/blog\/2012\/11\/29\/ulqinaket-sjellin-ne-kosove-kalendarin-njeshekullor-te-tyre\/","og_site_name":"Lajme nga Ulqini","article_published_time":"2012-11-29T17:18:53+00:00","article_modified_time":"2012-12-01T06:21:22+00:00","og_image":[{"url":"http:\/\/www.visit-ulcinj.com\/blog\/wp-content\/uploads\/2012\/11\/Koreodrama-Kalendari-i-historis-se-Ulqinit_Kosova.jpg"}],"twitter_misc":{"Written by":"ulqini","Est. reading time":"4 minutes"},"schema":{"@context":"https:\/\/schema.org","@graph":[{"@type":"WebSite","@id":"https:\/\/www.visit-ulcinj.com\/blog\/#website","url":"https:\/\/www.visit-ulcinj.com\/blog\/","name":"Lajme nga Ulqini","description":"Lajme,Vijesti,Ulqini,Ulqin,Crna Gora,Mali i Zi","potentialAction":[{"@type":"SearchAction","target":{"@type":"EntryPoint","urlTemplate":"https:\/\/www.visit-ulcinj.com\/blog\/?s={search_term_string}"},"query-input":"required name=search_term_string"}],"inLanguage":"en-US"},{"@type":"ImageObject","inLanguage":"en-US","@id":"https:\/\/www.visit-ulcinj.com\/blog\/2012\/11\/29\/ulqinaket-sjellin-ne-kosove-kalendarin-njeshekullor-te-tyre\/#primaryimage","url":"https:\/\/www.visit-ulcinj.com\/blog\/wp-content\/uploads\/2012\/11\/Koreodrama-Kalendari-i-historis-se-Ulqinit_Kosova.jpg","contentUrl":"https:\/\/www.visit-ulcinj.com\/blog\/wp-content\/uploads\/2012\/11\/Koreodrama-Kalendari-i-historis-se-Ulqinit_Kosova.jpg","width":"629","height":"367"},{"@type":"WebPage","@id":"https:\/\/www.visit-ulcinj.com\/blog\/2012\/11\/29\/ulqinaket-sjellin-ne-kosove-kalendarin-njeshekullor-te-tyre\/#webpage","url":"https:\/\/www.visit-ulcinj.com\/blog\/2012\/11\/29\/ulqinaket-sjellin-ne-kosove-kalendarin-njeshekullor-te-tyre\/","name":"Ulqinak\u00ebt sjellin n\u00eb Kosov\u00eb \u201cKalendarin\u201d nj\u00ebshekullor t\u00eb tyre - Lajme nga Ulqini","isPartOf":{"@id":"https:\/\/www.visit-ulcinj.com\/blog\/#website"},"primaryImageOfPage":{"@id":"https:\/\/www.visit-ulcinj.com\/blog\/2012\/11\/29\/ulqinaket-sjellin-ne-kosove-kalendarin-njeshekullor-te-tyre\/#primaryimage"},"datePublished":"2012-11-29T17:18:53+00:00","dateModified":"2012-12-01T06:21:22+00:00","author":{"@id":"https:\/\/www.visit-ulcinj.com\/blog\/#\/schema\/person\/dcab619c614d3038751c63bc2aadc06d"},"description":"Rr\u00ebfimi p\u00ebr ata q\u00eb e kan\u00eb pasur aq af\u00ebr, por n\u00eb t\u00eb nj\u00ebjt\u00ebn koh\u00eb aq larg, Shqip\u00ebrin\u00eb \u00ebsht\u00eb v\u00ebn\u00eb n\u00eb nj\u00eb koreodram\u00eb. \u201cKalendari\u201d \u00ebsht\u00eb shfaqja q\u00eb shqiptar\u00ebt","breadcrumb":{"@id":"https:\/\/www.visit-ulcinj.com\/blog\/2012\/11\/29\/ulqinaket-sjellin-ne-kosove-kalendarin-njeshekullor-te-tyre\/#breadcrumb"},"inLanguage":"en-US","potentialAction":[{"@type":"ReadAction","target":["https:\/\/www.visit-ulcinj.com\/blog\/2012\/11\/29\/ulqinaket-sjellin-ne-kosove-kalendarin-njeshekullor-te-tyre\/"]}]},{"@type":"BreadcrumbList","@id":"https:\/\/www.visit-ulcinj.com\/blog\/2012\/11\/29\/ulqinaket-sjellin-ne-kosove-kalendarin-njeshekullor-te-tyre\/#breadcrumb","itemListElement":[{"@type":"ListItem","position":1,"name":"Ulqinak\u00ebt sjellin n\u00eb Kosov\u00eb \u201cKalendarin\u201d nj\u00ebshekullor t\u00eb tyre"}]},{"@type":"Person","@id":"https:\/\/www.visit-ulcinj.com\/blog\/#\/schema\/person\/dcab619c614d3038751c63bc2aadc06d","name":"ulqini","sameAs":["http:\/\/www.visit-ulcinj.com"],"url":"https:\/\/www.visit-ulcinj.com\/blog\/author\/admin\/"}]}},"jetpack_featured_media_url":"","jetpack_sharing_enabled":true,"jetpack_shortlink":"https:\/\/wp.me\/pe6lTn-hdZ","_links":{"self":[{"href":"https:\/\/www.visit-ulcinj.com\/blog\/wp-json\/wp\/v2\/posts\/66215"}],"collection":[{"href":"https:\/\/www.visit-ulcinj.com\/blog\/wp-json\/wp\/v2\/posts"}],"about":[{"href":"https:\/\/www.visit-ulcinj.com\/blog\/wp-json\/wp\/v2\/types\/post"}],"author":[{"embeddable":true,"href":"https:\/\/www.visit-ulcinj.com\/blog\/wp-json\/wp\/v2\/users\/1"}],"replies":[{"embeddable":true,"href":"https:\/\/www.visit-ulcinj.com\/blog\/wp-json\/wp\/v2\/comments?post=66215"}],"version-history":[{"count":2,"href":"https:\/\/www.visit-ulcinj.com\/blog\/wp-json\/wp\/v2\/posts\/66215\/revisions"}],"predecessor-version":[{"id":66307,"href":"https:\/\/www.visit-ulcinj.com\/blog\/wp-json\/wp\/v2\/posts\/66215\/revisions\/66307"}],"wp:attachment":[{"href":"https:\/\/www.visit-ulcinj.com\/blog\/wp-json\/wp\/v2\/media?parent=66215"}],"wp:term":[{"taxonomy":"category","embeddable":true,"href":"https:\/\/www.visit-ulcinj.com\/blog\/wp-json\/wp\/v2\/categories?post=66215"},{"taxonomy":"post_tag","embeddable":true,"href":"https:\/\/www.visit-ulcinj.com\/blog\/wp-json\/wp\/v2\/tags?post=66215"}],"curies":[{"name":"wp","href":"https:\/\/api.w.org\/{rel}","templated":true}]}}