{"id":66218,"date":"2012-11-29T18:40:40","date_gmt":"2012-11-29T17:40:40","guid":{"rendered":"http:\/\/www.visit-ulcinj.com\/blog\/?p=66218"},"modified":"2012-11-29T18:40:40","modified_gmt":"2012-11-29T17:40:40","slug":"ulcinj-most-na-port-mileni-tek-u-obrisima","status":"publish","type":"post","link":"https:\/\/www.visit-ulcinj.com\/blog\/2012\/11\/29\/ulcinj-most-na-port-mileni-tek-u-obrisima\/","title":{"rendered":"Ulcinj: Most na Port Mileni tek u obrisima"},"content":{"rendered":"<p><a href=\"http:\/\/www.visit-ulcinj.com\/blog\/wp-content\/uploads\/2012\/11\/Most-na-Port-Mileni-Ulcinj.jpg\"><img loading=\"lazy\" class=\"alignleft  wp-image-66219\" title=\"Most na Port Mileni - Ulcinj\" src=\"http:\/\/www.visit-ulcinj.com\/blog\/wp-content\/uploads\/2012\/11\/Most-na-Port-Mileni-Ulcinj-1024x682.jpg\" alt=\"\" width=\"508\" height=\"360\" \/><\/a>ULCINj \u2013 U najju\u017enijoj crnogorskoj op\u0161tini od po\u010detka godine realizovano je vi\u0161e kapitalnih projekata od kojih je najvredniji rekonstrukcija puta Sukobin \u2013 Vladimir. S obzirom na finansijske probleme i velika dugovanja koja ima Op\u0161tina ve\u0107inu investicija, odnosno one najzna\u010dajnije finansirala je Vlada Crne Gore. Prema rije\u010dima sekretara Sekretarijata za komunalne poslove Avdula Dervi\u0161ija taj projekat finansirala je Direkcija za saobra\u0107aj Vlade Crne Gore.<br \/>\n\u2013 Du\u017eina rekonstruisanog puta je 6,5 kilometara, a vrijednost investicije oko tri miliona eura. O zna\u010daju ovog puta najbolje govori podatak da je tokom pro\u0161le godine grani\u010dni prelaz Sukobin pre\u0161lo 1,8 miliona turista, a ove, kako sada stvari stoje, taj broj bi\u0107e nadma\u0161en. Osim tog, realizovan je i projekat izgradnje kru\u017enog toka kod JKP, sanirane su glavne saobra\u0107ajnice u gradu, ali i na periferiji. Pomenuo bih izgradnju i ure\u0111enje loakcija za kontejnere, sanirani su i stavljeni u funkciju podvodni ispusti kod nekada\u0161njeg hotela \u201eGaleb\u201d i na rtu \u0110erane \u2013 naveo je Dervi\u0161i i dodao da je za kapitalne investicije u Ulcinju do sada potro\u0161eno preko tri miliona i 600.000 eura.<br \/>\n\u2013 Ina\u010de, zavr\u0161etak projekta vrijednog 14 miliona eura, mosta preko kanala Port Milena, kasni zbog bankrota slovena\u010dke kompanije \u201ePrimorje\u201c. Dervi\u0161i podsje\u0107a da je to trenutno najvredniji infrastrukturni projekat u Crnoj Gori koji, tako\u0111e finasira Direkcija za saobra\u0107aj. Izgradnjom mosta preko kanala Port Milena izvr\u0161i\u0107e se povezivanje ve\u0107 izgra\u0111enog bulevara u Ulcinju s putem za Adu Bojanu, \u010dime \u0107e se pove\u0107ati proto\u010dnost saobra\u0107aja, odnosno smanjiti saobra\u0107ajne gu\u017eve, koje su naro\u010dito izra\u017eene tokom ljetnje turisti\u010dke sezone. Most je projektovan s \u010detiri saobra\u0107ajne trake, \u0161irine po 3,25 metara, razdjelnim pojasom od dva metra i obostranim pje\u0161a\u010dkim stazama \u0161irine po 2,65 metara, tako da \u0107e njegova ukupna \u0161irina iznositi 20,30 metara. Ukupna du\u017eina poteza, koji je obuhva\u0107en projektom, iznosi 570 metara, od \u010dega je: most du\u017eine 350, konstrukcija za prolaz saobra\u0107ajnice prema Ulcinju 40, konstrukcija za prolaz saobra\u0107ajnice prema Adi Bojani 25 i trasa bulevara du\u017eine 155 metara. Most \u0107e se na sredini otvarati i bi\u0107e omogu\u0107eno propu\u0161tanje velikih jahti za marinu Port Milena.<br \/>\n\u2013 Najve\u0107i dio poslova je zavr\u0161en pa o\u010dekujemo da bi se uskoro mogli okon\u010dati i zavr\u0161ni radovi \u2013 rekao je Dervi\u0161i.<br \/>\n<strong>M.KNE\u017dEVI\u0106<\/strong><br \/>\n<a href=\"http:\/\/www.visit-ulcinj.com\/blog\/wp-content\/uploads\/2012\/11\/Avdyl-Dervisi-ulcinj.jpg\"><img loading=\"lazy\" class=\"alignleft  wp-image-66220\" title=\"Avdyl Dervisi-ulcinj\" src=\"http:\/\/www.visit-ulcinj.com\/blog\/wp-content\/uploads\/2012\/11\/Avdyl-Dervisi-ulcinj.jpg\" alt=\"\" width=\"508\" height=\"300\" \/><\/a><br \/>\n<strong>Od IPA programa 880.000 eura<\/strong><br \/>\n\u2013 Op\u0161tina Ulcinj konkurisala je u 17 projekata koji se u sklopu IPA programa finansiraju iz sredstava Evropske unije i do sada joj je odobreno pet. Ukoliko lokalna administracija sprovede planirane programe iz pristupnih fondova mogla bi da povu\u010de oko 880.000 eura \u2013 re\u010deno je \u201eDanu\u201c u lokalnoj samoupravi. Me\u0111u pet do sada odobrenih projekata najvrijedniji je \u201eOtvaranje centra za obuku \u017eena u Ulcinju i Dra\u010du\u2019\u2019, koji predvi\u0111a kurseve kuvanja, \u0161ivenja, engleskog jezika i kompjutera za \u017eene iz Ulcinja i Dra\u010da i \u010dija je ukupna vrijednost milion eura, od \u010dega najju\u017enijoj op\u0161tini pripada 300 hiljada. Ulcinj o\u010dekuje 88.000 eura iz fonda za Jugoisto\u010dnu Evropu kroz sprovo\u0111enje projekta pod nazivom \u201eAnaliza marginalnih podru\u010dja na teritoriji op\u0161tine Ulcinj\u201c.<br \/>\nU sklopu prekograni\u010dne saradnje Crna Gora \u2013 Albanija realizova\u0107e se projekati \u201eMarubi\u201d i \u201eKultuno nasledstvo bez granica\u201d, ukupne vrijednosti 426.000, odnosno 112.000 eura. Kroz realizaciju prve komponente IPA, odnosno grantova za infrastrukturne projekte op\u0161tina u Crnoj Gori, JKP Ulcinj dobilo je mehanizaciju za odr\u017eavanje pla\u017ea, jedan kamion i jednu ru\u010dnu ma\u0161inu. U lokalnoj samoupravi isti\u010du da je ovo tek po\u010detna faza u izradi programa kojima \u0107e se konkurisati u fondovima EU.<\/p>\n<p><strong>Izvor: DAN<\/strong><\/p>\n","protected":false},"excerpt":{"rendered":"<p>ULCINj \u2013 U najju\u017enijoj crnogorskoj op\u0161tini od po\u010detka godine realizovano je vi\u0161e kapitalnih projekata od kojih je najvredniji rekonstrukcija puta Sukobin \u2013 Vladimir. S obzirom na finansijske probleme i velika dugovanja koja ima Op\u0161tina ve\u0107inu investicija, odnosno one najzna\u010dajnije finansirala je Vlada Crne Gore. Prema rije\u010dima sekretara Sekretarijata za komunalne poslove Avdula Dervi\u0161ija taj projekat [&hellip;]<\/p>\n","protected":false},"author":1,"featured_media":0,"comment_status":"open","ping_status":"closed","sticky":false,"template":"","format":"standard","meta":{"spay_email":"","jetpack_publicize_message":"","jetpack_is_tweetstorm":false,"jetpack_publicize_feature_enabled":true},"categories":[6950],"tags":[21568,5074,19],"jetpack_publicize_connections":[],"yoast_head":"<!-- This site is optimized with the Yoast SEO plugin v19.1 - https:\/\/yoast.com\/wordpress\/plugins\/seo\/ -->\n<title>Ulcinj: Most na Port Mileni tek u obrisima - Lajme nga Ulqini<\/title>\n<meta name=\"description\" content=\"ULCINj \u2013 U najju\u017enijoj crnogorskoj op\u0161tini od po\u010detka godine realizovano je vi\u0161e kapitalnih projekata od kojih je najvredniji rekonstrukcija puta Sukobin\" \/>\n<meta name=\"robots\" content=\"index, follow, max-snippet:-1, max-image-preview:large, max-video-preview:-1\" \/>\n<link rel=\"canonical\" href=\"https:\/\/www.visit-ulcinj.com\/blog\/2012\/11\/29\/ulcinj-most-na-port-mileni-tek-u-obrisima\/\" \/>\n<meta property=\"og:locale\" content=\"en_US\" \/>\n<meta property=\"og:type\" content=\"article\" \/>\n<meta property=\"og:title\" content=\"Ulcinj: Most na Port Mileni tek u obrisima - Lajme nga Ulqini\" \/>\n<meta property=\"og:description\" content=\"ULCINj \u2013 U najju\u017enijoj crnogorskoj op\u0161tini od po\u010detka godine realizovano je vi\u0161e kapitalnih projekata od kojih je najvredniji rekonstrukcija puta Sukobin\" \/>\n<meta property=\"og:url\" content=\"https:\/\/www.visit-ulcinj.com\/blog\/2012\/11\/29\/ulcinj-most-na-port-mileni-tek-u-obrisima\/\" \/>\n<meta property=\"og:site_name\" content=\"Lajme nga Ulqini\" \/>\n<meta property=\"article:published_time\" content=\"2012-11-29T17:40:40+00:00\" \/>\n<meta property=\"og:image\" content=\"http:\/\/www.visit-ulcinj.com\/blog\/wp-content\/uploads\/2012\/11\/Most-na-Port-Mileni-Ulcinj-1024x682.jpg\" \/>\n<meta name=\"twitter:label1\" content=\"Written by\" \/>\n\t<meta name=\"twitter:data1\" content=\"ulqini\" \/>\n\t<meta name=\"twitter:label2\" content=\"Est. reading time\" \/>\n\t<meta name=\"twitter:data2\" content=\"3 minutes\" \/>\n<script type=\"application\/ld+json\" class=\"yoast-schema-graph\">{\"@context\":\"https:\/\/schema.org\",\"@graph\":[{\"@type\":\"WebSite\",\"@id\":\"https:\/\/www.visit-ulcinj.com\/blog\/#website\",\"url\":\"https:\/\/www.visit-ulcinj.com\/blog\/\",\"name\":\"Lajme nga Ulqini\",\"description\":\"Lajme,Vijesti,Ulqini,Ulqin,Crna Gora,Mali i Zi\",\"potentialAction\":[{\"@type\":\"SearchAction\",\"target\":{\"@type\":\"EntryPoint\",\"urlTemplate\":\"https:\/\/www.visit-ulcinj.com\/blog\/?s={search_term_string}\"},\"query-input\":\"required name=search_term_string\"}],\"inLanguage\":\"en-US\"},{\"@type\":\"ImageObject\",\"inLanguage\":\"en-US\",\"@id\":\"https:\/\/www.visit-ulcinj.com\/blog\/2012\/11\/29\/ulcinj-most-na-port-mileni-tek-u-obrisima\/#primaryimage\",\"url\":\"https:\/\/www.visit-ulcinj.com\/blog\/wp-content\/uploads\/2012\/11\/Most-na-Port-Mileni-Ulcinj.jpg\",\"contentUrl\":\"https:\/\/www.visit-ulcinj.com\/blog\/wp-content\/uploads\/2012\/11\/Most-na-Port-Mileni-Ulcinj.jpg\",\"width\":\"1600\",\"height\":\"1067\"},{\"@type\":\"WebPage\",\"@id\":\"https:\/\/www.visit-ulcinj.com\/blog\/2012\/11\/29\/ulcinj-most-na-port-mileni-tek-u-obrisima\/#webpage\",\"url\":\"https:\/\/www.visit-ulcinj.com\/blog\/2012\/11\/29\/ulcinj-most-na-port-mileni-tek-u-obrisima\/\",\"name\":\"Ulcinj: Most na Port Mileni tek u obrisima - Lajme nga Ulqini\",\"isPartOf\":{\"@id\":\"https:\/\/www.visit-ulcinj.com\/blog\/#website\"},\"primaryImageOfPage\":{\"@id\":\"https:\/\/www.visit-ulcinj.com\/blog\/2012\/11\/29\/ulcinj-most-na-port-mileni-tek-u-obrisima\/#primaryimage\"},\"datePublished\":\"2012-11-29T17:40:40+00:00\",\"dateModified\":\"2012-11-29T17:40:40+00:00\",\"author\":{\"@id\":\"https:\/\/www.visit-ulcinj.com\/blog\/#\/schema\/person\/dcab619c614d3038751c63bc2aadc06d\"},\"description\":\"ULCINj \u2013 U najju\u017enijoj crnogorskoj op\u0161tini od po\u010detka godine realizovano je vi\u0161e kapitalnih projekata od kojih je najvredniji rekonstrukcija puta Sukobin\",\"breadcrumb\":{\"@id\":\"https:\/\/www.visit-ulcinj.com\/blog\/2012\/11\/29\/ulcinj-most-na-port-mileni-tek-u-obrisima\/#breadcrumb\"},\"inLanguage\":\"en-US\",\"potentialAction\":[{\"@type\":\"ReadAction\",\"target\":[\"https:\/\/www.visit-ulcinj.com\/blog\/2012\/11\/29\/ulcinj-most-na-port-mileni-tek-u-obrisima\/\"]}]},{\"@type\":\"BreadcrumbList\",\"@id\":\"https:\/\/www.visit-ulcinj.com\/blog\/2012\/11\/29\/ulcinj-most-na-port-mileni-tek-u-obrisima\/#breadcrumb\",\"itemListElement\":[{\"@type\":\"ListItem\",\"position\":1,\"name\":\"Ulcinj: Most na Port Mileni tek u obrisima\"}]},{\"@type\":\"Person\",\"@id\":\"https:\/\/www.visit-ulcinj.com\/blog\/#\/schema\/person\/dcab619c614d3038751c63bc2aadc06d\",\"name\":\"ulqini\",\"sameAs\":[\"http:\/\/www.visit-ulcinj.com\"],\"url\":\"https:\/\/www.visit-ulcinj.com\/blog\/author\/admin\/\"}]}<\/script>\n<!-- \/ Yoast SEO plugin. -->","yoast_head_json":{"title":"Ulcinj: Most na Port Mileni tek u obrisima - Lajme nga Ulqini","description":"ULCINj \u2013 U najju\u017enijoj crnogorskoj op\u0161tini od po\u010detka godine realizovano je vi\u0161e kapitalnih projekata od kojih je najvredniji rekonstrukcija puta Sukobin","robots":{"index":"index","follow":"follow","max-snippet":"max-snippet:-1","max-image-preview":"max-image-preview:large","max-video-preview":"max-video-preview:-1"},"canonical":"https:\/\/www.visit-ulcinj.com\/blog\/2012\/11\/29\/ulcinj-most-na-port-mileni-tek-u-obrisima\/","og_locale":"en_US","og_type":"article","og_title":"Ulcinj: Most na Port Mileni tek u obrisima - Lajme nga Ulqini","og_description":"ULCINj \u2013 U najju\u017enijoj crnogorskoj op\u0161tini od po\u010detka godine realizovano je vi\u0161e kapitalnih projekata od kojih je najvredniji rekonstrukcija puta Sukobin","og_url":"https:\/\/www.visit-ulcinj.com\/blog\/2012\/11\/29\/ulcinj-most-na-port-mileni-tek-u-obrisima\/","og_site_name":"Lajme nga Ulqini","article_published_time":"2012-11-29T17:40:40+00:00","og_image":[{"url":"http:\/\/www.visit-ulcinj.com\/blog\/wp-content\/uploads\/2012\/11\/Most-na-Port-Mileni-Ulcinj-1024x682.jpg"}],"twitter_misc":{"Written by":"ulqini","Est. reading time":"3 minutes"},"schema":{"@context":"https:\/\/schema.org","@graph":[{"@type":"WebSite","@id":"https:\/\/www.visit-ulcinj.com\/blog\/#website","url":"https:\/\/www.visit-ulcinj.com\/blog\/","name":"Lajme nga Ulqini","description":"Lajme,Vijesti,Ulqini,Ulqin,Crna Gora,Mali i Zi","potentialAction":[{"@type":"SearchAction","target":{"@type":"EntryPoint","urlTemplate":"https:\/\/www.visit-ulcinj.com\/blog\/?s={search_term_string}"},"query-input":"required name=search_term_string"}],"inLanguage":"en-US"},{"@type":"ImageObject","inLanguage":"en-US","@id":"https:\/\/www.visit-ulcinj.com\/blog\/2012\/11\/29\/ulcinj-most-na-port-mileni-tek-u-obrisima\/#primaryimage","url":"https:\/\/www.visit-ulcinj.com\/blog\/wp-content\/uploads\/2012\/11\/Most-na-Port-Mileni-Ulcinj.jpg","contentUrl":"https:\/\/www.visit-ulcinj.com\/blog\/wp-content\/uploads\/2012\/11\/Most-na-Port-Mileni-Ulcinj.jpg","width":"1600","height":"1067"},{"@type":"WebPage","@id":"https:\/\/www.visit-ulcinj.com\/blog\/2012\/11\/29\/ulcinj-most-na-port-mileni-tek-u-obrisima\/#webpage","url":"https:\/\/www.visit-ulcinj.com\/blog\/2012\/11\/29\/ulcinj-most-na-port-mileni-tek-u-obrisima\/","name":"Ulcinj: Most na Port Mileni tek u obrisima - Lajme nga Ulqini","isPartOf":{"@id":"https:\/\/www.visit-ulcinj.com\/blog\/#website"},"primaryImageOfPage":{"@id":"https:\/\/www.visit-ulcinj.com\/blog\/2012\/11\/29\/ulcinj-most-na-port-mileni-tek-u-obrisima\/#primaryimage"},"datePublished":"2012-11-29T17:40:40+00:00","dateModified":"2012-11-29T17:40:40+00:00","author":{"@id":"https:\/\/www.visit-ulcinj.com\/blog\/#\/schema\/person\/dcab619c614d3038751c63bc2aadc06d"},"description":"ULCINj \u2013 U najju\u017enijoj crnogorskoj op\u0161tini od po\u010detka godine realizovano je vi\u0161e kapitalnih projekata od kojih je najvredniji rekonstrukcija puta Sukobin","breadcrumb":{"@id":"https:\/\/www.visit-ulcinj.com\/blog\/2012\/11\/29\/ulcinj-most-na-port-mileni-tek-u-obrisima\/#breadcrumb"},"inLanguage":"en-US","potentialAction":[{"@type":"ReadAction","target":["https:\/\/www.visit-ulcinj.com\/blog\/2012\/11\/29\/ulcinj-most-na-port-mileni-tek-u-obrisima\/"]}]},{"@type":"BreadcrumbList","@id":"https:\/\/www.visit-ulcinj.com\/blog\/2012\/11\/29\/ulcinj-most-na-port-mileni-tek-u-obrisima\/#breadcrumb","itemListElement":[{"@type":"ListItem","position":1,"name":"Ulcinj: Most na Port Mileni tek u obrisima"}]},{"@type":"Person","@id":"https:\/\/www.visit-ulcinj.com\/blog\/#\/schema\/person\/dcab619c614d3038751c63bc2aadc06d","name":"ulqini","sameAs":["http:\/\/www.visit-ulcinj.com"],"url":"https:\/\/www.visit-ulcinj.com\/blog\/author\/admin\/"}]}},"jetpack_featured_media_url":"","jetpack_sharing_enabled":true,"jetpack_shortlink":"https:\/\/wp.me\/pe6lTn-he2","_links":{"self":[{"href":"https:\/\/www.visit-ulcinj.com\/blog\/wp-json\/wp\/v2\/posts\/66218"}],"collection":[{"href":"https:\/\/www.visit-ulcinj.com\/blog\/wp-json\/wp\/v2\/posts"}],"about":[{"href":"https:\/\/www.visit-ulcinj.com\/blog\/wp-json\/wp\/v2\/types\/post"}],"author":[{"embeddable":true,"href":"https:\/\/www.visit-ulcinj.com\/blog\/wp-json\/wp\/v2\/users\/1"}],"replies":[{"embeddable":true,"href":"https:\/\/www.visit-ulcinj.com\/blog\/wp-json\/wp\/v2\/comments?post=66218"}],"version-history":[{"count":1,"href":"https:\/\/www.visit-ulcinj.com\/blog\/wp-json\/wp\/v2\/posts\/66218\/revisions"}],"predecessor-version":[{"id":66221,"href":"https:\/\/www.visit-ulcinj.com\/blog\/wp-json\/wp\/v2\/posts\/66218\/revisions\/66221"}],"wp:attachment":[{"href":"https:\/\/www.visit-ulcinj.com\/blog\/wp-json\/wp\/v2\/media?parent=66218"}],"wp:term":[{"taxonomy":"category","embeddable":true,"href":"https:\/\/www.visit-ulcinj.com\/blog\/wp-json\/wp\/v2\/categories?post=66218"},{"taxonomy":"post_tag","embeddable":true,"href":"https:\/\/www.visit-ulcinj.com\/blog\/wp-json\/wp\/v2\/tags?post=66218"}],"curies":[{"name":"wp","href":"https:\/\/api.w.org\/{rel}","templated":true}]}}