{"id":66230,"date":"2012-11-30T15:26:23","date_gmt":"2012-11-30T14:26:23","guid":{"rendered":"http:\/\/www.visit-ulcinj.com\/blog\/?p=66230"},"modified":"2012-11-30T15:26:23","modified_gmt":"2012-11-30T14:26:23","slug":"nazif-cungu-mesazhe-urimi-per-lirimin-e-haradinajt","status":"publish","type":"post","link":"https:\/\/www.visit-ulcinj.com\/blog\/2012\/11\/30\/nazif-cungu-mesazhe-urimi-per-lirimin-e-haradinajt\/","title":{"rendered":"Nazif Cungu, mesazhe urimi p\u00ebr lirimin e Haradinajt"},"content":{"rendered":"<p align=\"right\"><a href=\"http:\/\/www.visit-ulcinj.com\/blog\/wp-content\/uploads\/2012\/11\/cungu-ramushi.jpg\"><img loading=\"lazy\" class=\"alignleft  wp-image-66231\" title=\"cungu-ramushi\" src=\"http:\/\/www.visit-ulcinj.com\/blog\/wp-content\/uploads\/2012\/11\/cungu-ramushi.jpg\" alt=\"\" width=\"508\" height=\"360\" \/><\/a>Ulqin me 30.11.2012<\/p>\n<p align=\"right\">Nr.121 \/02<\/p>\n<p>&nbsp;<\/p>\n<p>I nderuari z.Haradinaj,<\/p>\n<p>Me shum\u00eb k\u00ebnaq\u00ebsi e prit\u00ebm lajmin e Tribunalit t\u00eb Hag\u00ebs p\u00ebr lirimin\u00a0 Tuaj dhe t\u00eb dy bashk\u00ebluft\u00ebtar\u00ebve dhe pjes\u00ebtar\u00ebve U\u00c7K-s\u00eb, Lahi Brahimaj dhe Idriz Balaj. Me lirimin tuaj konfirmohet\u00a0 nder\u00ebshm\u00ebria e luft\u00ebs s\u00eb shejt\u00eb t\u00eb U\u00c7K-s\u00eb dhe vlerat e p\u00ebrkushtimit dhe kontributit tuaj p\u00ebr \u00e7lirimin e Kosov\u00ebs.<\/p>\n<p>Lirimi Juaj n\u00eb dit\u00ebt e festimit te dit\u00ebs s\u00eb flamurit dhe 100 vjetorit t\u00eb pavar\u00ebsis\u00eb s\u00eb Shqip\u00ebris\u00eb ishte motiv i fuqish\u00ebm p\u00ebr vazhdim i fest\u00ebs m\u00eb t\u00eb madhe t\u00eb t\u00eb gjth\u00eb shqiptar\u00ebve k\u00ebto 100 vitet e fundit.<\/p>\n<p>N\u00eb em\u00ebr t\u00eb Forc\u00ebs s\u00eb Re Demokratike dhe ne emrin tim personal, Juve dhe familjeve tuaja ju uroj p\u00ebrzem\u00ebrsisht lirimin p\u00ebrfundimtar.<\/p>\n<p>Ju uroj vazhdim t\u00eb suksessh\u00ebm t\u00eb veprimtaris\u00eb Tuaj t\u00eb m\u00ebtutejshme e cila shpresojm\u00eb se do t\u00eb kontribuoj\u00eb q\u00eb Kosova m\u00eb fuqish\u00ebm t\u00eb ec\u00eb drejt nj\u00eb t\u00eb ardhmeje m\u00eb t\u00eb mir\u00eb p\u00ebr t\u00eb gjith\u00eb qytetar\u00ebt e Kosov\u00ebs.<\/p>\n<p>&nbsp;<\/p>\n<p>Me rrespekt.<\/p>\n<p>Kryetari,<\/p>\n<p>Nazif Cungu<\/p>\n","protected":false},"excerpt":{"rendered":"<p>Ulqin me 30.11.2012 Nr.121 \/02 &nbsp; I nderuari z.Haradinaj, Me shum\u00eb k\u00ebnaq\u00ebsi e prit\u00ebm lajmin e Tribunalit t\u00eb Hag\u00ebs p\u00ebr lirimin\u00a0 Tuaj dhe t\u00eb dy bashk\u00ebluft\u00ebtar\u00ebve dhe pjes\u00ebtar\u00ebve U\u00c7K-s\u00eb, Lahi Brahimaj dhe Idriz Balaj. Me lirimin tuaj konfirmohet\u00a0 nder\u00ebshm\u00ebria e luft\u00ebs s\u00eb shejt\u00eb t\u00eb U\u00c7K-s\u00eb dhe vlerat e p\u00ebrkushtimit dhe kontributit tuaj p\u00ebr \u00e7lirimin e [&hellip;]<\/p>\n","protected":false},"author":1,"featured_media":0,"comment_status":"open","ping_status":"closed","sticky":false,"template":"","format":"standard","meta":{"spay_email":"","jetpack_publicize_message":"","jetpack_is_tweetstorm":false,"jetpack_publicize_feature_enabled":true},"categories":[6],"tags":[118,2476,200],"jetpack_publicize_connections":[],"yoast_head":"<!-- This site is optimized with the Yoast SEO plugin v19.1 - https:\/\/yoast.com\/wordpress\/plugins\/seo\/ -->\n<title>Nazif Cungu, mesazhe urimi p\u00ebr lirimin e Haradinajt - Lajme nga Ulqini<\/title>\n<meta name=\"description\" content=\"Ulqin me 30.11.2012 Nr.121 \/02 &nbsp; I nderuari z.Haradinaj, Me shum\u00eb k\u00ebnaq\u00ebsi e prit\u00ebm lajmin e Tribunalit t\u00eb Hag\u00ebs p\u00ebr lirimin\u00a0 Tuaj dhe t\u00eb dy\" \/>\n<meta name=\"robots\" content=\"index, follow, max-snippet:-1, max-image-preview:large, max-video-preview:-1\" \/>\n<link rel=\"canonical\" href=\"https:\/\/www.visit-ulcinj.com\/blog\/2012\/11\/30\/nazif-cungu-mesazhe-urimi-per-lirimin-e-haradinajt\/\" \/>\n<meta property=\"og:locale\" content=\"en_US\" \/>\n<meta property=\"og:type\" content=\"article\" \/>\n<meta property=\"og:title\" content=\"Nazif Cungu, mesazhe urimi p\u00ebr lirimin e Haradinajt - Lajme nga Ulqini\" \/>\n<meta property=\"og:description\" content=\"Ulqin me 30.11.2012 Nr.121 \/02 &nbsp; I nderuari z.Haradinaj, Me shum\u00eb k\u00ebnaq\u00ebsi e prit\u00ebm lajmin e Tribunalit t\u00eb Hag\u00ebs p\u00ebr lirimin\u00a0 Tuaj dhe t\u00eb dy\" \/>\n<meta property=\"og:url\" content=\"https:\/\/www.visit-ulcinj.com\/blog\/2012\/11\/30\/nazif-cungu-mesazhe-urimi-per-lirimin-e-haradinajt\/\" \/>\n<meta property=\"og:site_name\" content=\"Lajme nga Ulqini\" \/>\n<meta property=\"article:published_time\" content=\"2012-11-30T14:26:23+00:00\" \/>\n<meta property=\"og:image\" content=\"http:\/\/www.visit-ulcinj.com\/blog\/wp-content\/uploads\/2012\/11\/cungu-ramushi.jpg\" \/>\n<meta name=\"twitter:label1\" content=\"Written by\" \/>\n\t<meta name=\"twitter:data1\" content=\"ulqini\" \/>\n\t<meta name=\"twitter:label2\" content=\"Est. reading time\" \/>\n\t<meta name=\"twitter:data2\" content=\"1 minute\" \/>\n<script type=\"application\/ld+json\" class=\"yoast-schema-graph\">{\"@context\":\"https:\/\/schema.org\",\"@graph\":[{\"@type\":\"WebSite\",\"@id\":\"https:\/\/www.visit-ulcinj.com\/blog\/#website\",\"url\":\"https:\/\/www.visit-ulcinj.com\/blog\/\",\"name\":\"Lajme nga Ulqini\",\"description\":\"Lajme,Vijesti,Ulqini,Ulqin,Crna Gora,Mali i Zi\",\"potentialAction\":[{\"@type\":\"SearchAction\",\"target\":{\"@type\":\"EntryPoint\",\"urlTemplate\":\"https:\/\/www.visit-ulcinj.com\/blog\/?s={search_term_string}\"},\"query-input\":\"required name=search_term_string\"}],\"inLanguage\":\"en-US\"},{\"@type\":\"ImageObject\",\"inLanguage\":\"en-US\",\"@id\":\"https:\/\/www.visit-ulcinj.com\/blog\/2012\/11\/30\/nazif-cungu-mesazhe-urimi-per-lirimin-e-haradinajt\/#primaryimage\",\"url\":\"https:\/\/www.visit-ulcinj.com\/blog\/wp-content\/uploads\/2012\/11\/cungu-ramushi.jpg\",\"contentUrl\":\"https:\/\/www.visit-ulcinj.com\/blog\/wp-content\/uploads\/2012\/11\/cungu-ramushi.jpg\",\"width\":\"952\",\"height\":\"479\"},{\"@type\":\"WebPage\",\"@id\":\"https:\/\/www.visit-ulcinj.com\/blog\/2012\/11\/30\/nazif-cungu-mesazhe-urimi-per-lirimin-e-haradinajt\/#webpage\",\"url\":\"https:\/\/www.visit-ulcinj.com\/blog\/2012\/11\/30\/nazif-cungu-mesazhe-urimi-per-lirimin-e-haradinajt\/\",\"name\":\"Nazif Cungu, mesazhe urimi p\u00ebr lirimin e Haradinajt - Lajme nga Ulqini\",\"isPartOf\":{\"@id\":\"https:\/\/www.visit-ulcinj.com\/blog\/#website\"},\"primaryImageOfPage\":{\"@id\":\"https:\/\/www.visit-ulcinj.com\/blog\/2012\/11\/30\/nazif-cungu-mesazhe-urimi-per-lirimin-e-haradinajt\/#primaryimage\"},\"datePublished\":\"2012-11-30T14:26:23+00:00\",\"dateModified\":\"2012-11-30T14:26:23+00:00\",\"author\":{\"@id\":\"https:\/\/www.visit-ulcinj.com\/blog\/#\/schema\/person\/dcab619c614d3038751c63bc2aadc06d\"},\"description\":\"Ulqin me 30.11.2012 Nr.121 \/02 &nbsp; I nderuari z.Haradinaj, Me shum\u00eb k\u00ebnaq\u00ebsi e prit\u00ebm lajmin e Tribunalit t\u00eb Hag\u00ebs p\u00ebr lirimin\u00a0 Tuaj dhe t\u00eb dy\",\"breadcrumb\":{\"@id\":\"https:\/\/www.visit-ulcinj.com\/blog\/2012\/11\/30\/nazif-cungu-mesazhe-urimi-per-lirimin-e-haradinajt\/#breadcrumb\"},\"inLanguage\":\"en-US\",\"potentialAction\":[{\"@type\":\"ReadAction\",\"target\":[\"https:\/\/www.visit-ulcinj.com\/blog\/2012\/11\/30\/nazif-cungu-mesazhe-urimi-per-lirimin-e-haradinajt\/\"]}]},{\"@type\":\"BreadcrumbList\",\"@id\":\"https:\/\/www.visit-ulcinj.com\/blog\/2012\/11\/30\/nazif-cungu-mesazhe-urimi-per-lirimin-e-haradinajt\/#breadcrumb\",\"itemListElement\":[{\"@type\":\"ListItem\",\"position\":1,\"name\":\"Nazif Cungu, mesazhe urimi p\u00ebr lirimin e Haradinajt\"}]},{\"@type\":\"Person\",\"@id\":\"https:\/\/www.visit-ulcinj.com\/blog\/#\/schema\/person\/dcab619c614d3038751c63bc2aadc06d\",\"name\":\"ulqini\",\"sameAs\":[\"http:\/\/www.visit-ulcinj.com\"],\"url\":\"https:\/\/www.visit-ulcinj.com\/blog\/author\/admin\/\"}]}<\/script>\n<!-- \/ Yoast SEO plugin. -->","yoast_head_json":{"title":"Nazif Cungu, mesazhe urimi p\u00ebr lirimin e Haradinajt - Lajme nga Ulqini","description":"Ulqin me 30.11.2012 Nr.121 \/02 &nbsp; I nderuari z.Haradinaj, Me shum\u00eb k\u00ebnaq\u00ebsi e prit\u00ebm lajmin e Tribunalit t\u00eb Hag\u00ebs p\u00ebr lirimin\u00a0 Tuaj dhe t\u00eb dy","robots":{"index":"index","follow":"follow","max-snippet":"max-snippet:-1","max-image-preview":"max-image-preview:large","max-video-preview":"max-video-preview:-1"},"canonical":"https:\/\/www.visit-ulcinj.com\/blog\/2012\/11\/30\/nazif-cungu-mesazhe-urimi-per-lirimin-e-haradinajt\/","og_locale":"en_US","og_type":"article","og_title":"Nazif Cungu, mesazhe urimi p\u00ebr lirimin e Haradinajt - Lajme nga Ulqini","og_description":"Ulqin me 30.11.2012 Nr.121 \/02 &nbsp; I nderuari z.Haradinaj, Me shum\u00eb k\u00ebnaq\u00ebsi e prit\u00ebm lajmin e Tribunalit t\u00eb Hag\u00ebs p\u00ebr lirimin\u00a0 Tuaj dhe t\u00eb dy","og_url":"https:\/\/www.visit-ulcinj.com\/blog\/2012\/11\/30\/nazif-cungu-mesazhe-urimi-per-lirimin-e-haradinajt\/","og_site_name":"Lajme nga Ulqini","article_published_time":"2012-11-30T14:26:23+00:00","og_image":[{"url":"http:\/\/www.visit-ulcinj.com\/blog\/wp-content\/uploads\/2012\/11\/cungu-ramushi.jpg"}],"twitter_misc":{"Written by":"ulqini","Est. reading time":"1 minute"},"schema":{"@context":"https:\/\/schema.org","@graph":[{"@type":"WebSite","@id":"https:\/\/www.visit-ulcinj.com\/blog\/#website","url":"https:\/\/www.visit-ulcinj.com\/blog\/","name":"Lajme nga Ulqini","description":"Lajme,Vijesti,Ulqini,Ulqin,Crna Gora,Mali i Zi","potentialAction":[{"@type":"SearchAction","target":{"@type":"EntryPoint","urlTemplate":"https:\/\/www.visit-ulcinj.com\/blog\/?s={search_term_string}"},"query-input":"required name=search_term_string"}],"inLanguage":"en-US"},{"@type":"ImageObject","inLanguage":"en-US","@id":"https:\/\/www.visit-ulcinj.com\/blog\/2012\/11\/30\/nazif-cungu-mesazhe-urimi-per-lirimin-e-haradinajt\/#primaryimage","url":"https:\/\/www.visit-ulcinj.com\/blog\/wp-content\/uploads\/2012\/11\/cungu-ramushi.jpg","contentUrl":"https:\/\/www.visit-ulcinj.com\/blog\/wp-content\/uploads\/2012\/11\/cungu-ramushi.jpg","width":"952","height":"479"},{"@type":"WebPage","@id":"https:\/\/www.visit-ulcinj.com\/blog\/2012\/11\/30\/nazif-cungu-mesazhe-urimi-per-lirimin-e-haradinajt\/#webpage","url":"https:\/\/www.visit-ulcinj.com\/blog\/2012\/11\/30\/nazif-cungu-mesazhe-urimi-per-lirimin-e-haradinajt\/","name":"Nazif Cungu, mesazhe urimi p\u00ebr lirimin e Haradinajt - Lajme nga Ulqini","isPartOf":{"@id":"https:\/\/www.visit-ulcinj.com\/blog\/#website"},"primaryImageOfPage":{"@id":"https:\/\/www.visit-ulcinj.com\/blog\/2012\/11\/30\/nazif-cungu-mesazhe-urimi-per-lirimin-e-haradinajt\/#primaryimage"},"datePublished":"2012-11-30T14:26:23+00:00","dateModified":"2012-11-30T14:26:23+00:00","author":{"@id":"https:\/\/www.visit-ulcinj.com\/blog\/#\/schema\/person\/dcab619c614d3038751c63bc2aadc06d"},"description":"Ulqin me 30.11.2012 Nr.121 \/02 &nbsp; I nderuari z.Haradinaj, Me shum\u00eb k\u00ebnaq\u00ebsi e prit\u00ebm lajmin e Tribunalit t\u00eb Hag\u00ebs p\u00ebr lirimin\u00a0 Tuaj dhe t\u00eb dy","breadcrumb":{"@id":"https:\/\/www.visit-ulcinj.com\/blog\/2012\/11\/30\/nazif-cungu-mesazhe-urimi-per-lirimin-e-haradinajt\/#breadcrumb"},"inLanguage":"en-US","potentialAction":[{"@type":"ReadAction","target":["https:\/\/www.visit-ulcinj.com\/blog\/2012\/11\/30\/nazif-cungu-mesazhe-urimi-per-lirimin-e-haradinajt\/"]}]},{"@type":"BreadcrumbList","@id":"https:\/\/www.visit-ulcinj.com\/blog\/2012\/11\/30\/nazif-cungu-mesazhe-urimi-per-lirimin-e-haradinajt\/#breadcrumb","itemListElement":[{"@type":"ListItem","position":1,"name":"Nazif Cungu, mesazhe urimi p\u00ebr lirimin e Haradinajt"}]},{"@type":"Person","@id":"https:\/\/www.visit-ulcinj.com\/blog\/#\/schema\/person\/dcab619c614d3038751c63bc2aadc06d","name":"ulqini","sameAs":["http:\/\/www.visit-ulcinj.com"],"url":"https:\/\/www.visit-ulcinj.com\/blog\/author\/admin\/"}]}},"jetpack_featured_media_url":"","jetpack_sharing_enabled":true,"jetpack_shortlink":"https:\/\/wp.me\/pe6lTn-hee","_links":{"self":[{"href":"https:\/\/www.visit-ulcinj.com\/blog\/wp-json\/wp\/v2\/posts\/66230"}],"collection":[{"href":"https:\/\/www.visit-ulcinj.com\/blog\/wp-json\/wp\/v2\/posts"}],"about":[{"href":"https:\/\/www.visit-ulcinj.com\/blog\/wp-json\/wp\/v2\/types\/post"}],"author":[{"embeddable":true,"href":"https:\/\/www.visit-ulcinj.com\/blog\/wp-json\/wp\/v2\/users\/1"}],"replies":[{"embeddable":true,"href":"https:\/\/www.visit-ulcinj.com\/blog\/wp-json\/wp\/v2\/comments?post=66230"}],"version-history":[{"count":1,"href":"https:\/\/www.visit-ulcinj.com\/blog\/wp-json\/wp\/v2\/posts\/66230\/revisions"}],"predecessor-version":[{"id":66232,"href":"https:\/\/www.visit-ulcinj.com\/blog\/wp-json\/wp\/v2\/posts\/66230\/revisions\/66232"}],"wp:attachment":[{"href":"https:\/\/www.visit-ulcinj.com\/blog\/wp-json\/wp\/v2\/media?parent=66230"}],"wp:term":[{"taxonomy":"category","embeddable":true,"href":"https:\/\/www.visit-ulcinj.com\/blog\/wp-json\/wp\/v2\/categories?post=66230"},{"taxonomy":"post_tag","embeddable":true,"href":"https:\/\/www.visit-ulcinj.com\/blog\/wp-json\/wp\/v2\/tags?post=66230"}],"curies":[{"name":"wp","href":"https:\/\/api.w.org\/{rel}","templated":true}]}}