{"id":6624,"date":"2008-11-26T12:55:16","date_gmt":"2008-11-26T11:55:16","guid":{"rendered":"http:\/\/www.visit-ulcinj.com\/blog\/?p=6624"},"modified":"2008-11-25T09:59:37","modified_gmt":"2008-11-25T08:59:37","slug":"e-dashuruar-dhe-e-lumtur-me-ate-qe-kam-ne-krah","status":"publish","type":"post","link":"https:\/\/www.visit-ulcinj.com\/blog\/2008\/11\/26\/e-dashuruar-dhe-e-lumtur-me-ate-qe-kam-ne-krah\/","title":{"rendered":"E dashuruar dhe e lumtur me at\u00eb q\u00eb kam n\u00eb krah"},"content":{"rendered":"<p><a href=\"http:\/\/www.visit-ulcinj.com\/blog\/wp-content\/uploads\/2008\/11\/orinda-huta1.jpg\"><img loading=\"lazy\" class=\"alignleft size-medium wp-image-6625\" title=\"orinda-huta1\" src=\"http:\/\/www.visit-ulcinj.com\/blog\/wp-content\/uploads\/2008\/11\/orinda-huta1-204x300.jpg\" alt=\"\" width=\"285\" height=\"419\" srcset=\"https:\/\/www.visit-ulcinj.com\/blog\/wp-content\/uploads\/2008\/11\/orinda-huta1-204x300.jpg 204w, https:\/\/www.visit-ulcinj.com\/blog\/wp-content\/uploads\/2008\/11\/orinda-huta1.jpg 473w\" sizes=\"(max-width: 285px) 100vw, 285px\" \/><\/a>Nuk \u00ebsht\u00eb m\u00eb ajo q\u00eb ishim m\u00eb suar t\u00eb shihnim, nj\u00eb vajz\u00eb \u00e7apk\u00ebne suprizat p\u00ebr t\u00eb cil\u00ebn nuk kishin asnj\u00ebher\u00eb fund. Tashm\u00eb imazhi i saj \u00ebsht\u00eb tjet\u00ebrsuar. Ka kaluar n\u00eb nj\u00eb seriozitet q\u00eb nuk do t\u00eb mendohej se do i ndodhte, por q\u00eb n\u00eb fakt po i b\u00ebn mir\u00eb. Ndihet e lumtur dhe e kompletuar n\u00eb at\u00eb \u00e7ka ka arritur t\u00eb krijoj\u00eb. Kjo \u00ebsht\u00eb gj\u00ebndja aktuale e Orinda Hut\u00ebs. K\u00ebng\u00ebtarja prej disa koh\u00ebsh \u00ebsht\u00eb shk\u00ebputur nga media duke mos iu p\u00ebrgjigjur ineteresimit t\u00eb gazetar\u00ebve ku si\u00e7 thot\u00eb dhe vet\u00eb ajo, duhej nj\u00eb periudh\u00eb pushimi. Ja tek rr\u00ebfen jet\u00ebn e saj momentale n\u00eb k\u00ebt\u00eb intervist\u00eb p\u00ebr \u2018Bluetooth\u2019 duke na zbuluar impenjimet m\u00eb t\u00eb fundit dhe jet\u00ebn e saj private.<\/p>\n<p><span style=\"font-weight: bold; font-style: italic;\">\u00c7far\u00eb po b\u00ebn Orinda k\u00ebto koh\u00eb? Ndonj\u00eb k\u00ebng\u00eb apo klip t\u00eb ri?<\/span><\/p>\n<p>Jam duke u marr\u00eb me shkoll\u00ebn dhe sigurisht muzik\u00ebn nuk e kam l\u00ebn\u00eb p\u00ebs. Jam duke u marr\u00eb me nj\u00eb k\u00ebng\u00eb t\u00eb re dhe klipin e saj, t\u00eb cilat shum\u00eb shpejt pres t\u2019i publikoj. B\u00ebhet fjal\u00eb p\u00ebr nj\u00eb k\u00ebng\u00eb t\u00eb ngroht\u00eb, gj\u00eb p\u00ebr t\u00eb cil\u00ebn ka nevoj\u00eb publiku tani, meq\u00ebn\u00ebse po afrohet edhe dimri. Kam edhe nj\u00eb projekt tjet\u00ebr n\u00eb dor\u00eb q\u00eb nuk ka fare lidhje me muzik\u00ebn apo me shkoll\u00ebn time. \u00cbsht\u00eb nism\u00eb e imja dhe e familjes time q\u00eb \u00ebsht\u00eb mb\u00ebshtetja ime kryesore. \u00cbsht\u00eb akoma shpejt p\u00ebr t\u00eb folur konkretisht ndaj dhe un\u00eb nuk po e zbuloj.<\/p>\n<p><span style=\"font-weight: bold; font-style: italic;\">Bashk\u00ebpunimi m\u00eb i fundit?<\/span><\/p>\n<p>Bashk\u00ebpunimi m\u00eb i fundit ka qen\u00eb me Albanin e \u2018Produkt 28\u2019. Kam dal\u00eb shum\u00eb e k\u00ebnaqur nga ky bashk\u00ebpunim. K\u00ebnga u b\u00eb hit menj\u00ebher\u00eb, merite kjo e \u2018Produkt 28\u2019. Klipi u p\u00eblqye shum\u00eb, merit\u00eb kjo e Bledar Linz\u00ebs dhe Altin Agos t\u00eb cil\u00ebt i falenderoj shum\u00eb. K\u00ebnga \u201ctradh\u00ebtia\u201d m\u00eb ka p\u00eblqyer q\u00eb kur e d\u00ebgjova p\u00ebr her\u00eb t\u00eb par\u00eb dhe pranova menj\u00ebher\u00eb bashk\u00ebpunimin edhe pse sapo kisha dal\u00eb nga nj\u00eb i till\u00eb me NRG Band. Por t\u00eb dyja bashk\u00ebpunimet jan\u00eb krejt ndryshe dhe secila ka bukurin\u00eb e k\u00ebnaq\u00ebsin\u00eb e vet.<\/p>\n<p><span style=\"font-weight: bold; font-style: italic;\">Vijojn\u00eb marr\u00ebdh\u00ebniet e mira me Nrg Band? Ku q\u00ebndron sekreti?<\/span><\/p>\n<p>Patjet\u00ebr q\u00eb vijojn\u00eb marr\u00ebdh\u00ebniet e mira. Jemi miq dhe kemi ditur t\u00eb respektojm\u00eb pun\u00ebn e nj\u00ebri-tjetrit. Nuk ka ndonj\u00eb sekret t\u00eb madh, thjesht repspektojm\u00eb pun\u00ebn dhe nj\u00ebritjetrin. I vler\u00ebsoj shum\u00eb si grup dhe ia ndjek pun\u00ebn. Jan\u00eb djem shum\u00eb t\u00eb talentuar dhe padyshim q\u00eb, Besniku \u00ebsht\u00eb nj\u00eb nga z\u00ebrat m\u00eb t\u00eb mir\u00eb meshkuj n\u00eb Shqip\u00ebri.<\/p>\n<p><span style=\"font-weight: bold; font-style: italic;\">Si \u00ebsht\u00eb shpirt\u00ebrisht Orinda k\u00ebto koh\u00eb?<\/span><\/p>\n<p>Faleminderit Zotit, jam shum\u00eb mir\u00eb shpirt\u00ebrisht. E lumtur!<\/p>\n<p><span style=\"font-weight: bold; font-style: italic;\">Dihet tashm\u00eb q\u00eb jeni e dashuruar. Di\u00e7ka rreth lidhjes t\u00ebnde?<\/span><\/p>\n<p>Po jam e dashuruar. Nuk m\u00eb p\u00eblqen t\u00eb flas shum\u00eb p\u00ebr lidhjen time. M\u00eb p\u00eblqen ta kem vet\u00ebm p\u00ebr veten time. T\u00eb vetmen gj\u00eb q\u00eb mund t\u00eb pohoj p\u00ebr ju \u00ebsht\u00eb se jam e lumtur q\u00eb e kam n\u00eb krah.<\/p>\n<p><span style=\"font-weight: bold; font-style: italic;\">Je xheloze?<\/span><\/p>\n<p>Zakonisht nuk m\u00eb ka ndodhur t\u00eb shfaqem xheloze. Xhelozia ime i njeh limitet..<\/p>\n<p><span style=\"font-weight: bold; font-style: italic;\">Po tolerante?<\/span><\/p>\n<p>Nuk e di. Thjesht di q\u00eb mir\u00ebkuptohem n\u00eb marr\u00ebdh\u00ebnie. Un\u00eb jam gjithmon\u00eb me teorin\u00eb 50-50 n\u00eb \u00e7do gj\u00eb. Cdo gj\u00eb \u00ebsht\u00eb e barabart\u00eb n\u00eb nj\u00eb lidhje. Nuk jam posesive, kjo \u00ebsht\u00eb e sigurt\u00eb.<\/p>\n<p><span style=\"font-weight: bold; font-style: italic;\">Marr\u00ebdh\u00ebniet n\u00eb familje?<\/span><\/p>\n<p>T\u00eb shk\u00eblqyera. Jan\u00eb mb\u00ebshtetja ime n\u00eb \u00e7do gj\u00eb. N\u00eb dit\u00ebn time \u00ebsht\u00eb gjith\u00eb koh\u00ebs prezent edhe nip\u00e7ja im i cili ka m\u00ebsuar t\u00eb m\u00eb th\u00ebrrasi \u201caja\u201d se nuk e thot\u00eb dot \u201challa\u201d edhe pse tenton ndonj\u00ebher\u00eb. Virvi \u00ebsht\u00eb lumturi e madhe dhe ma plot\u00ebson shum\u00eb dit\u00ebn. Kam m\u00ebsuar si t\u00eb kujdesem p\u00ebr t\u00eb. E vetmja gj\u00eb q\u00eb m\u00eb trishton her\u00eb pas here \u00ebsht\u00eb mungesa e Grace, mbes\u00ebs time e cila jeton larg. Kur ajo vjen n\u00eb Shqip\u00ebri un\u00eb harroj \u00e7do gj\u00eb. I p\u00ebrkushtohem e gjitha asaj. Ajo \u00ebsht\u00eb nj\u00eb mrekulli me sy blu dhe ka\u00e7urrela t\u00eb verdh\u00eb.<\/p>\n<p><span style=\"font-weight: bold; font-style: italic;\">Sipas shum\u00eb z\u00ebrave tashm\u00eb imazhi yt \u00ebsht\u00eb tjet\u00ebrsuar, duke u treguar serioze n\u00eb \u00e7do aspekt pa\u00e7ka mosh\u00ebs. Ku konsiston kjo?<\/span><\/p>\n<p>Nuk ka ndonj\u00eb q\u00ebllim t\u00eb caktuar. V\u00ebrtet nuk Marrdh\u00ebniet n\u00eb familje, jan\u00eb t\u00eb shk\u00eblqyera. Jan\u00eb mb\u00ebshtetja ime n\u00eb \u00e7do gj\u00eb. N\u00eb dit\u00ebn time \u00ebsht\u00eb gjith\u00eb koh\u00ebs prezent edhe nip\u00e7ja im i cili ka m\u00ebsuar t\u00eb m\u00eb th\u00ebrrasi \u201caja\u201d se nuk e thot\u00eb dot \u201challa\u201d edhe pse tenton ndonj\u00ebher\u00eb jam m\u00eb as 15, 16, 17, 18, 19, 20 vje\u00e7. Ka ardhur natyrsh\u00ebm ky seriozitet. Nuk jam aspak e sforcuar. Jam vetvetja n\u00eb \u00e7do moment. Jam b\u00ebr\u00eb m\u00eb e kujdesshme sigurisht. Gjithsesi p\u00ebr sa i p\u00ebrket veshjes un\u00eb vazhdoj t\u00eb jem shum\u00eb sportive. Nuk heq dor\u00eb prej saj. Vet\u00ebm me sportiven ndjehem v\u00ebrtet une. Edhe fustanet e mia q\u00eb p\u00ebrdor n\u00eb dit\u00eb t\u00eb zakonshme e kan\u00eb sportiven brenda.<br \/>\n<br style=\"font-weight: bold; font-style: italic;\" \/><span style=\"font-weight: bold; font-style: italic;\">Orinda nuk t\u00eb shohim m\u00eb n\u00eb kompeticione. Pse?<\/span><\/p>\n<p>Kam dashur t\u00eb shk\u00ebputem nga kompeticionet p\u00ebr pak koh\u00eb. Normalisht do zgjidhja \u2018K\u00ebng\u00ebn Magjike\u2019 sepse nga ai festival kam dal\u00eb dhe e vler\u00ebsoj shum\u00eb. Por edhe k\u00ebt\u00eb vit zgjodha t\u00eb b\u00ebja pushim p\u00ebr sa i p\u00ebrket festivalit. Po b\u00ebhem gati p\u00ebr k\u00ebng\u00ebn e re.<\/p>\n<p><span style=\"font-weight: bold; font-style: italic;\">Miku yt m\u00eb i ngusht\u00eb?<\/span><\/p>\n<p>V\u00ebllai<\/p>\n<p><span style=\"font-weight: bold; font-style: italic;\">Po mikesha?<\/span><\/p>\n<p>Motra<\/p>\n<p><span style=\"font-weight: bold; font-style: italic;\">Surpriza m\u00eb e fundit q\u00eb ke b\u00ebr\u00eb?<\/span><\/p>\n<p>Nuk po e them se dua t\u00eb mbetet e till\u00eb.<\/p>\n<p><span style=\"font-weight: bold; font-style: italic;\">Bluetooth<\/span><\/p>\n<!--YouTube Error: bad URL entered-->\n","protected":false},"excerpt":{"rendered":"<p>Nuk \u00ebsht\u00eb m\u00eb ajo q\u00eb ishim m\u00eb suar t\u00eb shihnim, nj\u00eb vajz\u00eb \u00e7apk\u00ebne suprizat p\u00ebr t\u00eb cil\u00ebn nuk kishin asnj\u00ebher\u00eb fund. Tashm\u00eb imazhi i saj \u00ebsht\u00eb tjet\u00ebrsuar. Ka kaluar n\u00eb nj\u00eb seriozitet q\u00eb nuk do t\u00eb mendohej se do i ndodhte, por q\u00eb n\u00eb fakt po i b\u00ebn mir\u00eb. Ndihet e lumtur dhe e kompletuar [&hellip;]<\/p>\n","protected":false},"author":1,"featured_media":0,"comment_status":"open","ping_status":"closed","sticky":false,"template":"","format":"standard","meta":{"spay_email":"","jetpack_publicize_message":"","jetpack_is_tweetstorm":false,"jetpack_publicize_feature_enabled":true},"categories":[1],"tags":[5133],"jetpack_publicize_connections":[],"yoast_head":"<!-- This site is optimized with the Yoast SEO plugin v19.1 - https:\/\/yoast.com\/wordpress\/plugins\/seo\/ -->\n<title>E dashuruar dhe e lumtur me at\u00eb q\u00eb kam n\u00eb krah - Lajme nga Ulqini<\/title>\n<meta name=\"description\" content=\"Nuk \u00ebsht\u00eb m\u00eb ajo q\u00eb ishim m\u00eb suar t\u00eb shihnim, nj\u00eb vajz\u00eb \u00e7apk\u00ebne suprizat p\u00ebr t\u00eb cil\u00ebn nuk kishin asnj\u00ebher\u00eb fund. Tashm\u00eb imazhi i saj \u00ebsht\u00eb tjet\u00ebrsuar. Ka\" \/>\n<meta name=\"robots\" content=\"index, follow, max-snippet:-1, max-image-preview:large, max-video-preview:-1\" \/>\n<link rel=\"canonical\" href=\"https:\/\/www.visit-ulcinj.com\/blog\/2008\/11\/26\/e-dashuruar-dhe-e-lumtur-me-ate-qe-kam-ne-krah\/\" \/>\n<meta property=\"og:locale\" content=\"en_US\" \/>\n<meta property=\"og:type\" content=\"article\" \/>\n<meta property=\"og:title\" content=\"E dashuruar dhe e lumtur me at\u00eb q\u00eb kam n\u00eb krah - Lajme nga Ulqini\" \/>\n<meta property=\"og:description\" content=\"Nuk \u00ebsht\u00eb m\u00eb ajo q\u00eb ishim m\u00eb suar t\u00eb shihnim, nj\u00eb vajz\u00eb \u00e7apk\u00ebne suprizat p\u00ebr t\u00eb cil\u00ebn nuk kishin asnj\u00ebher\u00eb fund. Tashm\u00eb imazhi i saj \u00ebsht\u00eb tjet\u00ebrsuar. Ka\" \/>\n<meta property=\"og:url\" content=\"https:\/\/www.visit-ulcinj.com\/blog\/2008\/11\/26\/e-dashuruar-dhe-e-lumtur-me-ate-qe-kam-ne-krah\/\" \/>\n<meta property=\"og:site_name\" content=\"Lajme nga Ulqini\" \/>\n<meta property=\"article:published_time\" content=\"2008-11-26T11:55:16+00:00\" \/>\n<meta property=\"article:modified_time\" content=\"2008-11-25T08:59:37+00:00\" \/>\n<meta property=\"og:image\" content=\"http:\/\/www.visit-ulcinj.com\/blog\/wp-content\/uploads\/2008\/11\/orinda-huta1-204x300.jpg\" \/>\n<meta name=\"twitter:label1\" content=\"Written by\" \/>\n\t<meta name=\"twitter:data1\" content=\"ulqini\" \/>\n\t<meta name=\"twitter:label2\" content=\"Est. reading time\" \/>\n\t<meta name=\"twitter:data2\" content=\"5 minutes\" \/>\n<script type=\"application\/ld+json\" class=\"yoast-schema-graph\">{\"@context\":\"https:\/\/schema.org\",\"@graph\":[{\"@type\":\"WebSite\",\"@id\":\"https:\/\/www.visit-ulcinj.com\/blog\/#website\",\"url\":\"https:\/\/www.visit-ulcinj.com\/blog\/\",\"name\":\"Lajme nga Ulqini\",\"description\":\"Lajme,Vijesti,Ulqini,Ulqin,Crna Gora,Mali i Zi\",\"potentialAction\":[{\"@type\":\"SearchAction\",\"target\":{\"@type\":\"EntryPoint\",\"urlTemplate\":\"https:\/\/www.visit-ulcinj.com\/blog\/?s={search_term_string}\"},\"query-input\":\"required name=search_term_string\"}],\"inLanguage\":\"en-US\"},{\"@type\":\"ImageObject\",\"inLanguage\":\"en-US\",\"@id\":\"https:\/\/www.visit-ulcinj.com\/blog\/2008\/11\/26\/e-dashuruar-dhe-e-lumtur-me-ate-qe-kam-ne-krah\/#primaryimage\",\"url\":\"http:\/\/www.visit-ulcinj.com\/blog\/wp-content\/uploads\/2008\/11\/orinda-huta1-204x300.jpg\",\"contentUrl\":\"http:\/\/www.visit-ulcinj.com\/blog\/wp-content\/uploads\/2008\/11\/orinda-huta1-204x300.jpg\"},{\"@type\":\"WebPage\",\"@id\":\"https:\/\/www.visit-ulcinj.com\/blog\/2008\/11\/26\/e-dashuruar-dhe-e-lumtur-me-ate-qe-kam-ne-krah\/#webpage\",\"url\":\"https:\/\/www.visit-ulcinj.com\/blog\/2008\/11\/26\/e-dashuruar-dhe-e-lumtur-me-ate-qe-kam-ne-krah\/\",\"name\":\"E dashuruar dhe e lumtur me at\u00eb q\u00eb kam n\u00eb krah - Lajme nga Ulqini\",\"isPartOf\":{\"@id\":\"https:\/\/www.visit-ulcinj.com\/blog\/#website\"},\"primaryImageOfPage\":{\"@id\":\"https:\/\/www.visit-ulcinj.com\/blog\/2008\/11\/26\/e-dashuruar-dhe-e-lumtur-me-ate-qe-kam-ne-krah\/#primaryimage\"},\"datePublished\":\"2008-11-26T11:55:16+00:00\",\"dateModified\":\"2008-11-25T08:59:37+00:00\",\"author\":{\"@id\":\"https:\/\/www.visit-ulcinj.com\/blog\/#\/schema\/person\/dcab619c614d3038751c63bc2aadc06d\"},\"description\":\"Nuk \u00ebsht\u00eb m\u00eb ajo q\u00eb ishim m\u00eb suar t\u00eb shihnim, nj\u00eb vajz\u00eb \u00e7apk\u00ebne suprizat p\u00ebr t\u00eb cil\u00ebn nuk kishin asnj\u00ebher\u00eb fund. Tashm\u00eb imazhi i saj \u00ebsht\u00eb tjet\u00ebrsuar. Ka\",\"breadcrumb\":{\"@id\":\"https:\/\/www.visit-ulcinj.com\/blog\/2008\/11\/26\/e-dashuruar-dhe-e-lumtur-me-ate-qe-kam-ne-krah\/#breadcrumb\"},\"inLanguage\":\"en-US\",\"potentialAction\":[{\"@type\":\"ReadAction\",\"target\":[\"https:\/\/www.visit-ulcinj.com\/blog\/2008\/11\/26\/e-dashuruar-dhe-e-lumtur-me-ate-qe-kam-ne-krah\/\"]}]},{\"@type\":\"BreadcrumbList\",\"@id\":\"https:\/\/www.visit-ulcinj.com\/blog\/2008\/11\/26\/e-dashuruar-dhe-e-lumtur-me-ate-qe-kam-ne-krah\/#breadcrumb\",\"itemListElement\":[{\"@type\":\"ListItem\",\"position\":1,\"name\":\"E dashuruar dhe e lumtur me at\u00eb q\u00eb kam n\u00eb krah\"}]},{\"@type\":\"Person\",\"@id\":\"https:\/\/www.visit-ulcinj.com\/blog\/#\/schema\/person\/dcab619c614d3038751c63bc2aadc06d\",\"name\":\"ulqini\",\"sameAs\":[\"http:\/\/www.visit-ulcinj.com\"],\"url\":\"https:\/\/www.visit-ulcinj.com\/blog\/author\/admin\/\"}]}<\/script>\n<!-- \/ Yoast SEO plugin. -->","yoast_head_json":{"title":"E dashuruar dhe e lumtur me at\u00eb q\u00eb kam n\u00eb krah - Lajme nga Ulqini","description":"Nuk \u00ebsht\u00eb m\u00eb ajo q\u00eb ishim m\u00eb suar t\u00eb shihnim, nj\u00eb vajz\u00eb \u00e7apk\u00ebne suprizat p\u00ebr t\u00eb cil\u00ebn nuk kishin asnj\u00ebher\u00eb fund. Tashm\u00eb imazhi i saj \u00ebsht\u00eb tjet\u00ebrsuar. Ka","robots":{"index":"index","follow":"follow","max-snippet":"max-snippet:-1","max-image-preview":"max-image-preview:large","max-video-preview":"max-video-preview:-1"},"canonical":"https:\/\/www.visit-ulcinj.com\/blog\/2008\/11\/26\/e-dashuruar-dhe-e-lumtur-me-ate-qe-kam-ne-krah\/","og_locale":"en_US","og_type":"article","og_title":"E dashuruar dhe e lumtur me at\u00eb q\u00eb kam n\u00eb krah - Lajme nga Ulqini","og_description":"Nuk \u00ebsht\u00eb m\u00eb ajo q\u00eb ishim m\u00eb suar t\u00eb shihnim, nj\u00eb vajz\u00eb \u00e7apk\u00ebne suprizat p\u00ebr t\u00eb cil\u00ebn nuk kishin asnj\u00ebher\u00eb fund. Tashm\u00eb imazhi i saj \u00ebsht\u00eb tjet\u00ebrsuar. Ka","og_url":"https:\/\/www.visit-ulcinj.com\/blog\/2008\/11\/26\/e-dashuruar-dhe-e-lumtur-me-ate-qe-kam-ne-krah\/","og_site_name":"Lajme nga Ulqini","article_published_time":"2008-11-26T11:55:16+00:00","article_modified_time":"2008-11-25T08:59:37+00:00","og_image":[{"url":"http:\/\/www.visit-ulcinj.com\/blog\/wp-content\/uploads\/2008\/11\/orinda-huta1-204x300.jpg"}],"twitter_misc":{"Written by":"ulqini","Est. reading time":"5 minutes"},"schema":{"@context":"https:\/\/schema.org","@graph":[{"@type":"WebSite","@id":"https:\/\/www.visit-ulcinj.com\/blog\/#website","url":"https:\/\/www.visit-ulcinj.com\/blog\/","name":"Lajme nga Ulqini","description":"Lajme,Vijesti,Ulqini,Ulqin,Crna Gora,Mali i Zi","potentialAction":[{"@type":"SearchAction","target":{"@type":"EntryPoint","urlTemplate":"https:\/\/www.visit-ulcinj.com\/blog\/?s={search_term_string}"},"query-input":"required name=search_term_string"}],"inLanguage":"en-US"},{"@type":"ImageObject","inLanguage":"en-US","@id":"https:\/\/www.visit-ulcinj.com\/blog\/2008\/11\/26\/e-dashuruar-dhe-e-lumtur-me-ate-qe-kam-ne-krah\/#primaryimage","url":"http:\/\/www.visit-ulcinj.com\/blog\/wp-content\/uploads\/2008\/11\/orinda-huta1-204x300.jpg","contentUrl":"http:\/\/www.visit-ulcinj.com\/blog\/wp-content\/uploads\/2008\/11\/orinda-huta1-204x300.jpg"},{"@type":"WebPage","@id":"https:\/\/www.visit-ulcinj.com\/blog\/2008\/11\/26\/e-dashuruar-dhe-e-lumtur-me-ate-qe-kam-ne-krah\/#webpage","url":"https:\/\/www.visit-ulcinj.com\/blog\/2008\/11\/26\/e-dashuruar-dhe-e-lumtur-me-ate-qe-kam-ne-krah\/","name":"E dashuruar dhe e lumtur me at\u00eb q\u00eb kam n\u00eb krah - Lajme nga Ulqini","isPartOf":{"@id":"https:\/\/www.visit-ulcinj.com\/blog\/#website"},"primaryImageOfPage":{"@id":"https:\/\/www.visit-ulcinj.com\/blog\/2008\/11\/26\/e-dashuruar-dhe-e-lumtur-me-ate-qe-kam-ne-krah\/#primaryimage"},"datePublished":"2008-11-26T11:55:16+00:00","dateModified":"2008-11-25T08:59:37+00:00","author":{"@id":"https:\/\/www.visit-ulcinj.com\/blog\/#\/schema\/person\/dcab619c614d3038751c63bc2aadc06d"},"description":"Nuk \u00ebsht\u00eb m\u00eb ajo q\u00eb ishim m\u00eb suar t\u00eb shihnim, nj\u00eb vajz\u00eb \u00e7apk\u00ebne suprizat p\u00ebr t\u00eb cil\u00ebn nuk kishin asnj\u00ebher\u00eb fund. Tashm\u00eb imazhi i saj \u00ebsht\u00eb tjet\u00ebrsuar. Ka","breadcrumb":{"@id":"https:\/\/www.visit-ulcinj.com\/blog\/2008\/11\/26\/e-dashuruar-dhe-e-lumtur-me-ate-qe-kam-ne-krah\/#breadcrumb"},"inLanguage":"en-US","potentialAction":[{"@type":"ReadAction","target":["https:\/\/www.visit-ulcinj.com\/blog\/2008\/11\/26\/e-dashuruar-dhe-e-lumtur-me-ate-qe-kam-ne-krah\/"]}]},{"@type":"BreadcrumbList","@id":"https:\/\/www.visit-ulcinj.com\/blog\/2008\/11\/26\/e-dashuruar-dhe-e-lumtur-me-ate-qe-kam-ne-krah\/#breadcrumb","itemListElement":[{"@type":"ListItem","position":1,"name":"E dashuruar dhe e lumtur me at\u00eb q\u00eb kam n\u00eb krah"}]},{"@type":"Person","@id":"https:\/\/www.visit-ulcinj.com\/blog\/#\/schema\/person\/dcab619c614d3038751c63bc2aadc06d","name":"ulqini","sameAs":["http:\/\/www.visit-ulcinj.com"],"url":"https:\/\/www.visit-ulcinj.com\/blog\/author\/admin\/"}]}},"jetpack_featured_media_url":"","jetpack_sharing_enabled":true,"jetpack_shortlink":"https:\/\/wp.me\/pe6lTn-1IQ","_links":{"self":[{"href":"https:\/\/www.visit-ulcinj.com\/blog\/wp-json\/wp\/v2\/posts\/6624"}],"collection":[{"href":"https:\/\/www.visit-ulcinj.com\/blog\/wp-json\/wp\/v2\/posts"}],"about":[{"href":"https:\/\/www.visit-ulcinj.com\/blog\/wp-json\/wp\/v2\/types\/post"}],"author":[{"embeddable":true,"href":"https:\/\/www.visit-ulcinj.com\/blog\/wp-json\/wp\/v2\/users\/1"}],"replies":[{"embeddable":true,"href":"https:\/\/www.visit-ulcinj.com\/blog\/wp-json\/wp\/v2\/comments?post=6624"}],"version-history":[{"count":0,"href":"https:\/\/www.visit-ulcinj.com\/blog\/wp-json\/wp\/v2\/posts\/6624\/revisions"}],"wp:attachment":[{"href":"https:\/\/www.visit-ulcinj.com\/blog\/wp-json\/wp\/v2\/media?parent=6624"}],"wp:term":[{"taxonomy":"category","embeddable":true,"href":"https:\/\/www.visit-ulcinj.com\/blog\/wp-json\/wp\/v2\/categories?post=6624"},{"taxonomy":"post_tag","embeddable":true,"href":"https:\/\/www.visit-ulcinj.com\/blog\/wp-json\/wp\/v2\/tags?post=6624"}],"curies":[{"name":"wp","href":"https:\/\/api.w.org\/{rel}","templated":true}]}}