{"id":66240,"date":"2012-11-30T16:55:38","date_gmt":"2012-11-30T15:55:38","guid":{"rendered":"http:\/\/www.visit-ulcinj.com\/blog\/?p=66240"},"modified":"2012-12-01T09:01:30","modified_gmt":"2012-12-01T08:01:30","slug":"cakuli-takon-ekspertin-per-agronomi-nga-tika-a","status":"publish","type":"post","link":"https:\/\/www.visit-ulcinj.com\/blog\/2012\/11\/30\/cakuli-takon-ekspertin-per-agronomi-nga-tika-a\/","title":{"rendered":"Cakuli takon ekspertin p\u00ebr agronomi nga TIKA-a"},"content":{"rendered":"<p><strong><a href=\"http:\/\/www.visit-ulcinj.com\/blog\/wp-content\/uploads\/2012\/11\/Xhaudet-Cakuli_Siebl-Gunei-TIKA.jpg\"><img loading=\"lazy\" class=\"alignleft  wp-image-66241\" title=\"Xhaudet Cakuli_Siebl Gunei-TIKA\" src=\"http:\/\/www.visit-ulcinj.com\/blog\/wp-content\/uploads\/2012\/11\/Xhaudet-Cakuli_Siebl-Gunei-TIKA.jpg\" alt=\"\" width=\"508\" height=\"300\" \/><\/a>Takimi me me ekspertin p\u00ebr agronomi nga TIKA-a<br \/>\n<\/strong><br \/>\nN\u00ebnkryetari i Komun\u00ebs s\u00eb Ulqinit, Xhaudet Cakuli dhe bashk\u00ebpun\u00ebtor\u00ebt e tij kan\u00eb mbajtur nj\u00eb takim me ekspertin p\u00ebr agronomi nga agjencia Turke p\u00ebr bashk\u00ebpunim nd\u00ebrkomb\u00ebtar TIKA, Siebl Gunei dhe p\u00ebrfaq\u00ebsuesen e UNDP \u2013 s\u00eb p\u00ebr ekonomi dhe mbrojtje t\u00eb mjedisit jet\u00ebsor, Sanja Megjedoviq, e cila nj\u00ebherazi punon edhe n\u00eb zhvillimin e klasterit n\u00eb prodhues t\u00eb vajit t\u00eb ullirit n\u00eb Komun\u00ebn e Ulqinit.<\/p>\n<p>Objektiv i takimit ka qen\u00eb hartimi i planit t\u00eb p\u00ebrkrahjes s\u00eb zhvillimit t\u00eb bujq\u00ebsis\u00eb UNDP dhe TIKA p\u00ebr vitin e ardhsh\u00ebm si dhe konkretizimi i aktiviteteve t\u00eb investimeve lidhur me ullishtarin\u00eb n\u00eb Ulqin.<br \/>\nN\u00eb baz\u00eb t\u00eb raportit t\u00eb ekspert\u00ebve turq t\u00eb cil\u00ebt e kan\u00eb vizituar Ulqinin n\u00eb shtator dhe n\u00eb baz\u00eb t\u00eb k\u00ebrkes\u00ebs s\u00eb ullishtar\u00ebve nga Ulqini dhe Tivari, nga UNDP, TIK\u00cbS i \u00ebsht\u00eb d\u00ebrguar k\u00ebrkesa p\u00ebr mb\u00ebshtetje n\u00eb pajisje p\u00ebr ullishtari n\u00eb vler\u00eb prej 300,000.00 Euro, prej t\u00eb cil\u00ebve 150,000.00 Euro jan\u00eb lejuar.<br \/>\nSa i p\u00ebrket planit p\u00ebr vitin e ardhsh\u00ebm t\u00eb pranishmit e kan\u00eb njoftuar z. Gunei e kan\u00eb njoftuar me nevojat dhe mund\u00ebsit\u00eb e bujq\u00ebsis\u00eb n\u00eb Komun\u00ebn e Ulqinit dhe si do t\u00eb mund t\u00eb ndihmonte TIKA n\u00eb krejt k\u00ebt\u00eb.<br \/>\nAta kan\u00eb potencuar nevoj\u00ebn p\u00ebr fabrika p\u00ebr p\u00ebrpunimin e domateve dhe prodhimet nga domatet, fiqve t\u00eb that\u00eb dhe prodhimeve t\u00eb tjera karakteristike p\u00ebr k\u00ebt\u00eb territor dhe nj\u00ebkoh\u00ebsisht rendimin e prodhimeve t\u00eb tilla. Sekretari p\u00ebr ekonomi Valdet Axhemoviq ka theksuar se e nj\u00eb r\u00ebnd\u00ebsie t\u00eb ve\u00e7ant\u00eb do t\u00eb ishte fabrika e cila do t\u00eb merrej me grumbullimin, p\u00ebrpunimin, shitjen dhe ruajtjen e prodhimeve gj\u00eb q\u00eb do t\u00eb ndikonte n\u00eb edukimin e bujqve.<br \/>\nz. Gani Rexha ka paraqitur t\u00eb dh\u00ebnat p\u00ebr kapacitetet dhe mund\u00ebsit\u00eb momentale t\u00eb prodhimit n\u00eb Ulqin. Gjithashtu nga ana e N\u00ebnkryetarit t\u00eb komun\u00ebs \u00ebsht\u00eb theksuar edhe nevoja e ekzistimit t\u00eb nj\u00eb laboratori p\u00ebr testimin e cil\u00ebsis\u00eb s\u00eb prodhimeve vendase, posa\u00e7\u00ebrisht p\u00ebr prodhuesit e vajit t\u00eb ullirit.<br \/>\n\u00cbsht\u00eb n\u00eb plan edhe takimi me bujqit nga Ulqini ku n\u00eb kontakt t\u00eb drejtp\u00ebrdrejt\u00eb do t\u00eb diskutohej p\u00ebr nevojat e tyre.<\/p>\n<p><strong>Op\u0161tina Ulcinj \/ Komuna e Ulqinit<\/strong><br \/>\nTel: +382 30 412 050<br \/>\nFax: +382 30 412 413<br \/>\nAdresa: Bul. Skenderbeu bb, 85360 Ulcinj, MNE<\/p>\n","protected":false},"excerpt":{"rendered":"<p>Takimi me me ekspertin p\u00ebr agronomi nga TIKA-a N\u00ebnkryetari i Komun\u00ebs s\u00eb Ulqinit, Xhaudet Cakuli dhe bashk\u00ebpun\u00ebtor\u00ebt e tij kan\u00eb mbajtur nj\u00eb takim me ekspertin p\u00ebr agronomi nga agjencia Turke p\u00ebr bashk\u00ebpunim nd\u00ebrkomb\u00ebtar TIKA, Siebl Gunei dhe p\u00ebrfaq\u00ebsuesen e UNDP \u2013 s\u00eb p\u00ebr ekonomi dhe mbrojtje t\u00eb mjedisit jet\u00ebsor, Sanja Megjedoviq, e cila nj\u00ebherazi punon [&hellip;]<\/p>\n","protected":false},"author":1,"featured_media":0,"comment_status":"open","ping_status":"closed","sticky":false,"template":"","format":"standard","meta":{"spay_email":"","jetpack_publicize_message":"","jetpack_is_tweetstorm":false,"jetpack_publicize_feature_enabled":true},"categories":[6950],"tags":[6796,16797,200,18],"jetpack_publicize_connections":[],"yoast_head":"<!-- This site is optimized with the Yoast SEO plugin v19.1 - https:\/\/yoast.com\/wordpress\/plugins\/seo\/ -->\n<title>Cakuli takon ekspertin p\u00ebr agronomi nga TIKA-a - Lajme nga Ulqini<\/title>\n<meta name=\"description\" content=\"Takimi me me ekspertin p\u00ebr agronomi nga TIKA-a N\u00ebnkryetari i Komun\u00ebs s\u00eb Ulqinit, Xhaudet Cakuli dhe bashk\u00ebpun\u00ebtor\u00ebt e tij kan\u00eb mbajtur nj\u00eb takim me\" \/>\n<meta name=\"robots\" content=\"index, follow, max-snippet:-1, max-image-preview:large, max-video-preview:-1\" \/>\n<link rel=\"canonical\" href=\"https:\/\/www.visit-ulcinj.com\/blog\/2012\/11\/30\/cakuli-takon-ekspertin-per-agronomi-nga-tika-a\/\" \/>\n<meta property=\"og:locale\" content=\"en_US\" \/>\n<meta property=\"og:type\" content=\"article\" \/>\n<meta property=\"og:title\" content=\"Cakuli takon ekspertin p\u00ebr agronomi nga TIKA-a - Lajme nga Ulqini\" \/>\n<meta property=\"og:description\" content=\"Takimi me me ekspertin p\u00ebr agronomi nga TIKA-a N\u00ebnkryetari i Komun\u00ebs s\u00eb Ulqinit, Xhaudet Cakuli dhe bashk\u00ebpun\u00ebtor\u00ebt e tij kan\u00eb mbajtur nj\u00eb takim me\" \/>\n<meta property=\"og:url\" content=\"https:\/\/www.visit-ulcinj.com\/blog\/2012\/11\/30\/cakuli-takon-ekspertin-per-agronomi-nga-tika-a\/\" \/>\n<meta property=\"og:site_name\" content=\"Lajme nga Ulqini\" \/>\n<meta property=\"article:published_time\" content=\"2012-11-30T15:55:38+00:00\" \/>\n<meta property=\"article:modified_time\" content=\"2012-12-01T08:01:30+00:00\" \/>\n<meta property=\"og:image\" content=\"http:\/\/www.visit-ulcinj.com\/blog\/wp-content\/uploads\/2012\/11\/Xhaudet-Cakuli_Siebl-Gunei-TIKA.jpg\" \/>\n<meta name=\"twitter:label1\" content=\"Written by\" \/>\n\t<meta name=\"twitter:data1\" content=\"ulqini\" \/>\n\t<meta name=\"twitter:label2\" content=\"Est. reading time\" \/>\n\t<meta name=\"twitter:data2\" content=\"2 minutes\" \/>\n<script type=\"application\/ld+json\" class=\"yoast-schema-graph\">{\"@context\":\"https:\/\/schema.org\",\"@graph\":[{\"@type\":\"WebSite\",\"@id\":\"https:\/\/www.visit-ulcinj.com\/blog\/#website\",\"url\":\"https:\/\/www.visit-ulcinj.com\/blog\/\",\"name\":\"Lajme nga Ulqini\",\"description\":\"Lajme,Vijesti,Ulqini,Ulqin,Crna Gora,Mali i Zi\",\"potentialAction\":[{\"@type\":\"SearchAction\",\"target\":{\"@type\":\"EntryPoint\",\"urlTemplate\":\"https:\/\/www.visit-ulcinj.com\/blog\/?s={search_term_string}\"},\"query-input\":\"required name=search_term_string\"}],\"inLanguage\":\"en-US\"},{\"@type\":\"ImageObject\",\"inLanguage\":\"en-US\",\"@id\":\"https:\/\/www.visit-ulcinj.com\/blog\/2012\/11\/30\/cakuli-takon-ekspertin-per-agronomi-nga-tika-a\/#primaryimage\",\"url\":\"https:\/\/www.visit-ulcinj.com\/blog\/wp-content\/uploads\/2012\/11\/Xhaudet-Cakuli_Siebl-Gunei-TIKA.jpg\",\"contentUrl\":\"https:\/\/www.visit-ulcinj.com\/blog\/wp-content\/uploads\/2012\/11\/Xhaudet-Cakuli_Siebl-Gunei-TIKA.jpg\",\"width\":\"640\",\"height\":\"424\"},{\"@type\":\"WebPage\",\"@id\":\"https:\/\/www.visit-ulcinj.com\/blog\/2012\/11\/30\/cakuli-takon-ekspertin-per-agronomi-nga-tika-a\/#webpage\",\"url\":\"https:\/\/www.visit-ulcinj.com\/blog\/2012\/11\/30\/cakuli-takon-ekspertin-per-agronomi-nga-tika-a\/\",\"name\":\"Cakuli takon ekspertin p\u00ebr agronomi nga TIKA-a - Lajme nga Ulqini\",\"isPartOf\":{\"@id\":\"https:\/\/www.visit-ulcinj.com\/blog\/#website\"},\"primaryImageOfPage\":{\"@id\":\"https:\/\/www.visit-ulcinj.com\/blog\/2012\/11\/30\/cakuli-takon-ekspertin-per-agronomi-nga-tika-a\/#primaryimage\"},\"datePublished\":\"2012-11-30T15:55:38+00:00\",\"dateModified\":\"2012-12-01T08:01:30+00:00\",\"author\":{\"@id\":\"https:\/\/www.visit-ulcinj.com\/blog\/#\/schema\/person\/dcab619c614d3038751c63bc2aadc06d\"},\"description\":\"Takimi me me ekspertin p\u00ebr agronomi nga TIKA-a N\u00ebnkryetari i Komun\u00ebs s\u00eb Ulqinit, Xhaudet Cakuli dhe bashk\u00ebpun\u00ebtor\u00ebt e tij kan\u00eb mbajtur nj\u00eb takim me\",\"breadcrumb\":{\"@id\":\"https:\/\/www.visit-ulcinj.com\/blog\/2012\/11\/30\/cakuli-takon-ekspertin-per-agronomi-nga-tika-a\/#breadcrumb\"},\"inLanguage\":\"en-US\",\"potentialAction\":[{\"@type\":\"ReadAction\",\"target\":[\"https:\/\/www.visit-ulcinj.com\/blog\/2012\/11\/30\/cakuli-takon-ekspertin-per-agronomi-nga-tika-a\/\"]}]},{\"@type\":\"BreadcrumbList\",\"@id\":\"https:\/\/www.visit-ulcinj.com\/blog\/2012\/11\/30\/cakuli-takon-ekspertin-per-agronomi-nga-tika-a\/#breadcrumb\",\"itemListElement\":[{\"@type\":\"ListItem\",\"position\":1,\"name\":\"Cakuli takon ekspertin p\u00ebr agronomi nga TIKA-a\"}]},{\"@type\":\"Person\",\"@id\":\"https:\/\/www.visit-ulcinj.com\/blog\/#\/schema\/person\/dcab619c614d3038751c63bc2aadc06d\",\"name\":\"ulqini\",\"sameAs\":[\"http:\/\/www.visit-ulcinj.com\"],\"url\":\"https:\/\/www.visit-ulcinj.com\/blog\/author\/admin\/\"}]}<\/script>\n<!-- \/ Yoast SEO plugin. -->","yoast_head_json":{"title":"Cakuli takon ekspertin p\u00ebr agronomi nga TIKA-a - Lajme nga Ulqini","description":"Takimi me me ekspertin p\u00ebr agronomi nga TIKA-a N\u00ebnkryetari i Komun\u00ebs s\u00eb Ulqinit, Xhaudet Cakuli dhe bashk\u00ebpun\u00ebtor\u00ebt e tij kan\u00eb mbajtur nj\u00eb takim me","robots":{"index":"index","follow":"follow","max-snippet":"max-snippet:-1","max-image-preview":"max-image-preview:large","max-video-preview":"max-video-preview:-1"},"canonical":"https:\/\/www.visit-ulcinj.com\/blog\/2012\/11\/30\/cakuli-takon-ekspertin-per-agronomi-nga-tika-a\/","og_locale":"en_US","og_type":"article","og_title":"Cakuli takon ekspertin p\u00ebr agronomi nga TIKA-a - Lajme nga Ulqini","og_description":"Takimi me me ekspertin p\u00ebr agronomi nga TIKA-a N\u00ebnkryetari i Komun\u00ebs s\u00eb Ulqinit, Xhaudet Cakuli dhe bashk\u00ebpun\u00ebtor\u00ebt e tij kan\u00eb mbajtur nj\u00eb takim me","og_url":"https:\/\/www.visit-ulcinj.com\/blog\/2012\/11\/30\/cakuli-takon-ekspertin-per-agronomi-nga-tika-a\/","og_site_name":"Lajme nga Ulqini","article_published_time":"2012-11-30T15:55:38+00:00","article_modified_time":"2012-12-01T08:01:30+00:00","og_image":[{"url":"http:\/\/www.visit-ulcinj.com\/blog\/wp-content\/uploads\/2012\/11\/Xhaudet-Cakuli_Siebl-Gunei-TIKA.jpg"}],"twitter_misc":{"Written by":"ulqini","Est. reading time":"2 minutes"},"schema":{"@context":"https:\/\/schema.org","@graph":[{"@type":"WebSite","@id":"https:\/\/www.visit-ulcinj.com\/blog\/#website","url":"https:\/\/www.visit-ulcinj.com\/blog\/","name":"Lajme nga Ulqini","description":"Lajme,Vijesti,Ulqini,Ulqin,Crna Gora,Mali i Zi","potentialAction":[{"@type":"SearchAction","target":{"@type":"EntryPoint","urlTemplate":"https:\/\/www.visit-ulcinj.com\/blog\/?s={search_term_string}"},"query-input":"required name=search_term_string"}],"inLanguage":"en-US"},{"@type":"ImageObject","inLanguage":"en-US","@id":"https:\/\/www.visit-ulcinj.com\/blog\/2012\/11\/30\/cakuli-takon-ekspertin-per-agronomi-nga-tika-a\/#primaryimage","url":"https:\/\/www.visit-ulcinj.com\/blog\/wp-content\/uploads\/2012\/11\/Xhaudet-Cakuli_Siebl-Gunei-TIKA.jpg","contentUrl":"https:\/\/www.visit-ulcinj.com\/blog\/wp-content\/uploads\/2012\/11\/Xhaudet-Cakuli_Siebl-Gunei-TIKA.jpg","width":"640","height":"424"},{"@type":"WebPage","@id":"https:\/\/www.visit-ulcinj.com\/blog\/2012\/11\/30\/cakuli-takon-ekspertin-per-agronomi-nga-tika-a\/#webpage","url":"https:\/\/www.visit-ulcinj.com\/blog\/2012\/11\/30\/cakuli-takon-ekspertin-per-agronomi-nga-tika-a\/","name":"Cakuli takon ekspertin p\u00ebr agronomi nga TIKA-a - Lajme nga Ulqini","isPartOf":{"@id":"https:\/\/www.visit-ulcinj.com\/blog\/#website"},"primaryImageOfPage":{"@id":"https:\/\/www.visit-ulcinj.com\/blog\/2012\/11\/30\/cakuli-takon-ekspertin-per-agronomi-nga-tika-a\/#primaryimage"},"datePublished":"2012-11-30T15:55:38+00:00","dateModified":"2012-12-01T08:01:30+00:00","author":{"@id":"https:\/\/www.visit-ulcinj.com\/blog\/#\/schema\/person\/dcab619c614d3038751c63bc2aadc06d"},"description":"Takimi me me ekspertin p\u00ebr agronomi nga TIKA-a N\u00ebnkryetari i Komun\u00ebs s\u00eb Ulqinit, Xhaudet Cakuli dhe bashk\u00ebpun\u00ebtor\u00ebt e tij kan\u00eb mbajtur nj\u00eb takim me","breadcrumb":{"@id":"https:\/\/www.visit-ulcinj.com\/blog\/2012\/11\/30\/cakuli-takon-ekspertin-per-agronomi-nga-tika-a\/#breadcrumb"},"inLanguage":"en-US","potentialAction":[{"@type":"ReadAction","target":["https:\/\/www.visit-ulcinj.com\/blog\/2012\/11\/30\/cakuli-takon-ekspertin-per-agronomi-nga-tika-a\/"]}]},{"@type":"BreadcrumbList","@id":"https:\/\/www.visit-ulcinj.com\/blog\/2012\/11\/30\/cakuli-takon-ekspertin-per-agronomi-nga-tika-a\/#breadcrumb","itemListElement":[{"@type":"ListItem","position":1,"name":"Cakuli takon ekspertin p\u00ebr agronomi nga TIKA-a"}]},{"@type":"Person","@id":"https:\/\/www.visit-ulcinj.com\/blog\/#\/schema\/person\/dcab619c614d3038751c63bc2aadc06d","name":"ulqini","sameAs":["http:\/\/www.visit-ulcinj.com"],"url":"https:\/\/www.visit-ulcinj.com\/blog\/author\/admin\/"}]}},"jetpack_featured_media_url":"","jetpack_sharing_enabled":true,"jetpack_shortlink":"https:\/\/wp.me\/pe6lTn-heo","_links":{"self":[{"href":"https:\/\/www.visit-ulcinj.com\/blog\/wp-json\/wp\/v2\/posts\/66240"}],"collection":[{"href":"https:\/\/www.visit-ulcinj.com\/blog\/wp-json\/wp\/v2\/posts"}],"about":[{"href":"https:\/\/www.visit-ulcinj.com\/blog\/wp-json\/wp\/v2\/types\/post"}],"author":[{"embeddable":true,"href":"https:\/\/www.visit-ulcinj.com\/blog\/wp-json\/wp\/v2\/users\/1"}],"replies":[{"embeddable":true,"href":"https:\/\/www.visit-ulcinj.com\/blog\/wp-json\/wp\/v2\/comments?post=66240"}],"version-history":[{"count":2,"href":"https:\/\/www.visit-ulcinj.com\/blog\/wp-json\/wp\/v2\/posts\/66240\/revisions"}],"predecessor-version":[{"id":66332,"href":"https:\/\/www.visit-ulcinj.com\/blog\/wp-json\/wp\/v2\/posts\/66240\/revisions\/66332"}],"wp:attachment":[{"href":"https:\/\/www.visit-ulcinj.com\/blog\/wp-json\/wp\/v2\/media?parent=66240"}],"wp:term":[{"taxonomy":"category","embeddable":true,"href":"https:\/\/www.visit-ulcinj.com\/blog\/wp-json\/wp\/v2\/categories?post=66240"},{"taxonomy":"post_tag","embeddable":true,"href":"https:\/\/www.visit-ulcinj.com\/blog\/wp-json\/wp\/v2\/tags?post=66240"}],"curies":[{"name":"wp","href":"https:\/\/api.w.org\/{rel}","templated":true}]}}