{"id":66243,"date":"2012-11-30T17:35:16","date_gmt":"2012-11-30T16:35:16","guid":{"rendered":"http:\/\/www.visit-ulcinj.com\/blog\/?p=66243"},"modified":"2012-12-03T09:13:38","modified_gmt":"2012-12-03T08:13:38","slug":"nazif-cungu-priti-dy-protagonistet-e-maratones-ulqin-shkoder","status":"publish","type":"post","link":"https:\/\/www.visit-ulcinj.com\/blog\/2012\/11\/30\/nazif-cungu-priti-dy-protagonistet-e-maratones-ulqin-shkoder\/","title":{"rendered":"Nazif Cungu priti dy protagonist\u00ebt e maraton\u00ebs Ulqin-Shkod\u00ebr + Foto &#8211; Video"},"content":{"rendered":"<p><strong><a href=\"http:\/\/www.visit-ulcinj.com\/blog\/wp-content\/uploads\/2012\/11\/Nazif-Cungu_-Esat-Aloshin_Mustaf\u00eb-Berkani.jpg\"><img loading=\"lazy\" class=\"alignleft  wp-image-66244\" title=\"Nazif Cungu_ Esat Aloshin_Mustaf\u00eb Berkani\" src=\"http:\/\/www.visit-ulcinj.com\/blog\/wp-content\/uploads\/2012\/11\/Nazif-Cungu_-Esat-Aloshin_Mustaf\u00eb-Berkani.jpg\" alt=\"\" width=\"508\" height=\"360\" \/><\/a>Kryetari Cungu priti dy protagonist\u00ebt e maraton\u00ebs Ulqin-Shkod\u00ebr<\/strong><\/p>\n<p>Kryetari i Komun\u00ebs s\u00eb Ulqinit z.Nazif Cungu prit sot n\u00eb zyren e tij Esat Aloshin dhe Mustaf\u00eb Berkanin t\u00eb cil\u00ebt p\u00ebr nder\u00eb t\u00eb 28 N\u00ebntorit, Dit\u00ebs s\u00eb Flamurit dhe 100 vjetorit t\u00eb pavar\u00ebsis\u00eb s\u00eb Shqip\u00ebris\u00eb, b\u00ebn\u00eb vrapin maraton\u00ebn prej 45km Ulqin \u2013 Shkod\u00ebr. Kryetari Cungu duke falenderuar k\u00ebto dy protagonist u shpreh se ky akt \u2018mbinjer\u00ebzor\u2019 shprehu m\u00eb s\u00eb miri lidhjen e qytetit ton\u00eb -Ulqinit me Shkodren.<\/p>\n<p>Aloshi dhe Berkani falenderuan kryetarin Cungu p\u00ebr pritjen e rezervuar dhe shprehen iden\u00eb q\u00eb kjo maraton\u00eb nga Ulqini p\u00ebr n\u00eb Shkoder t\u00eb b\u00ebhet tradit\u00eb n\u00eb \u00e7do 28 n\u00ebntor.<\/p>\n<p><strong>Op\u0161tina Ulcinj \/ Komuna e Ulqinit<\/strong><br \/>\nTel: +382 30 412 050<br \/>\nFax: +382 30 412 413<br \/>\nAdresa: Bul. Skenderbeu bb, 85360 Ulcinj, MNE<br \/>\n<a href=\"http:\/\/www.visit-ulcinj.com\/blog\/wp-content\/uploads\/2012\/11\/Esad-Aloshi-Mustaf-Berkani-Maratona-e-pavarsise-Ulqin-Shkoder.2.jpg\"><img loading=\"lazy\" class=\"alignleft  wp-image-66245\" title=\"Esad Aloshi-Mustaf Berkani-Maratona e pavarsise Ulqin-Shkoder.2\" src=\"http:\/\/www.visit-ulcinj.com\/blog\/wp-content\/uploads\/2012\/11\/Esad-Aloshi-Mustaf-Berkani-Maratona-e-pavarsise-Ulqin-Shkoder.2.jpg\" alt=\"\" width=\"508\" height=\"300\" \/><\/a><\/p>\n<p><strong>Koment nga <a id=\"js_16\" href=\"https:\/\/www.facebook.com\/gazmend.shaptafi\" data-hovercard=\"\/ajax\/hovercard\/user.php?id=100001803752837\">Gazmend Shaptafi<\/a> Facebook<\/strong><\/p>\n<p><strong>Esad Aloshi, Mustafe B\u00ebrkani e Irfan Domnori 45 km ne vrap nga Ulqini-Shkoder<\/strong><\/p>\n<p>Ne panoramen e pergjithshme te Shqiperise, qe me 28 nentor feston 100-vjetorin e pavaresise, atdhetari dhe patrioti nga ulqini Esat Aloshi , I cili jeton e punon ne State Island ne New York , do te zhvilloje nje maratone prej 45 km nga Ulqini ne Shkoder. Nisja do te startoje me 28 nentor ne oren 9:00, para zyres se Keshillit Nacional te Shqiptareve n\u00eb Malin e Zi, qe eshte ne mbeshtetje te kesaj ngjarjeje interesante . Kjo maratone do te jete ne vemendjen e shume mediave lokale , kombetare dhe te huaja te cilat do te percjellin me shume interes kete ngjarje jo te zakonshme. 100 vite pavarsi e liri nuk jane pak per ata qe e duan atdheun e qe kremtojne e festojne per nje emer te madh qe na identifikon e na ben te ndjehemi krenar e te luftojme per ta ngritur lart e me lart, te nje emri qe pertej te gjithave, na bashkon. I urojme Z. Esat Aloshi nje maratone sa me te lehte e te suksesshme dhe urojme qe ky akt i tij patriotik te sherbeje si reflektim per te gjithe shqiptaret qe jetojne e punojne jashte vendit. Shqiperia eshte kasollja jone me e ngrohte\u2026\u2026! Le t\u2019i thene botes qe jemi te bashkuar e jo te percare, qe e duam token tone te bekuar, simbolet e traditat tona kombetare, gjuhen tone qe rrjedh si mjalte, gjuhen qe nena na kendon e me te cilen shprehet dashuria me bukur, flamurin kuq e zi te cilin do e valvisim kudo qe qe te jemi! Te duam Shqiperi ndaj mbaje koken lart , ne bijte e tu jemi krenar qe te perkasim.<\/p>\n<p><a href=\"https:\/\/www.facebook.com\/media\/set\/?set=a.386523824764178.89075.100002196912918&amp;type=1\" target=\"_blank\"><strong>P\u00ebr t\u00eb shikuar me teper Foto: Simon Shkreli Facebook<\/strong><\/a><\/p>\n<div>\n<p>\n\t\t<style type=\"text\/css\">\n\t\t\t#gallery-1 {\n\t\t\t\tmargin: auto;\n\t\t\t}\n\t\t\t#gallery-1 .gallery-item {\n\t\t\t\tfloat: left;\n\t\t\t\tmargin-top: 10px;\n\t\t\t\ttext-align: center;\n\t\t\t\twidth: 33%;\n\t\t\t}\n\t\t\t#gallery-1 img {\n\t\t\t\tborder: 2px solid #cfcfcf;\n\t\t\t}\n\t\t\t#gallery-1 .gallery-caption {\n\t\t\t\tmargin-left: 0;\n\t\t\t}\n\t\t\t\/* see gallery_shortcode() in wp-includes\/media.php *\/\n\t\t<\/style>\n\t\t<div id='gallery-1' class='gallery galleryid-66243 gallery-columns-3 gallery-size-thumbnail'><dl class='gallery-item'>\n\t\t\t<dt class='gallery-icon landscape'>\n\t\t\t\t<a href='https:\/\/www.visit-ulcinj.com\/blog\/wp-content\/uploads\/2012\/11\/Nazif-Cungu_-Esat-Aloshin_Mustaf\u00eb-Berkani.jpg'><img width=\"150\" height=\"150\" src=\"https:\/\/www.visit-ulcinj.com\/blog\/wp-content\/uploads\/2012\/11\/Nazif-Cungu_-Esat-Aloshin_Mustaf\u00eb-Berkani-150x150.jpg\" class=\"attachment-thumbnail size-thumbnail\" alt=\"\" loading=\"lazy\" \/><\/a>\n\t\t\t<\/dt><\/dl><dl class='gallery-item'>\n\t\t\t<dt class='gallery-icon landscape'>\n\t\t\t\t<a href='https:\/\/www.visit-ulcinj.com\/blog\/wp-content\/uploads\/2012\/11\/Esad-Aloshi-Mustaf-Berkani-Maratona-e-pavarsise-Ulqin-Shkoder.2.jpg'><img width=\"150\" height=\"150\" src=\"https:\/\/www.visit-ulcinj.com\/blog\/wp-content\/uploads\/2012\/11\/Esad-Aloshi-Mustaf-Berkani-Maratona-e-pavarsise-Ulqin-Shkoder.2-150x150.jpg\" class=\"attachment-thumbnail size-thumbnail\" alt=\"\" loading=\"lazy\" \/><\/a>\n\t\t\t<\/dt><\/dl><dl class='gallery-item'>\n\t\t\t<dt class='gallery-icon landscape'>\n\t\t\t\t<a href='https:\/\/www.visit-ulcinj.com\/blog\/wp-content\/uploads\/2012\/11\/Esad-Aloshi-Mustaf-Berkani-Maratona-e-pavarsise-Ulqin-Shkoder.1.jpg'><img width=\"150\" height=\"150\" src=\"https:\/\/www.visit-ulcinj.com\/blog\/wp-content\/uploads\/2012\/11\/Esad-Aloshi-Mustaf-Berkani-Maratona-e-pavarsise-Ulqin-Shkoder.1-150x150.jpg\" class=\"attachment-thumbnail size-thumbnail\" alt=\"\" loading=\"lazy\" \/><\/a>\n\t\t\t<\/dt><\/dl><br style=\"clear: both\" \/><dl class='gallery-item'>\n\t\t\t<dt class='gallery-icon landscape'>\n\t\t\t\t<a href='https:\/\/www.visit-ulcinj.com\/blog\/wp-content\/uploads\/2012\/11\/Esad-Aloshi-Mustaf-Berkani-Irfan-Domnori-Maratona-e-pavarsise-Ulqin-Shkoder.jpg'><img width=\"150\" height=\"150\" src=\"https:\/\/www.visit-ulcinj.com\/blog\/wp-content\/uploads\/2012\/11\/Esad-Aloshi-Mustaf-Berkani-Irfan-Domnori-Maratona-e-pavarsise-Ulqin-Shkoder-150x150.jpg\" class=\"attachment-thumbnail size-thumbnail\" alt=\"\" loading=\"lazy\" \/><\/a>\n\t\t\t<\/dt><\/dl><dl class='gallery-item'>\n\t\t\t<dt class='gallery-icon landscape'>\n\t\t\t\t<a href='https:\/\/www.visit-ulcinj.com\/blog\/wp-content\/uploads\/2012\/11\/Esad-Aloshi-Mustaf-Berkani-Maratona-e-pavarsise-Ulqin-Shkoder.jpg'><img width=\"150\" height=\"150\" src=\"https:\/\/www.visit-ulcinj.com\/blog\/wp-content\/uploads\/2012\/11\/Esad-Aloshi-Mustaf-Berkani-Maratona-e-pavarsise-Ulqin-Shkoder-150x150.jpg\" class=\"attachment-thumbnail size-thumbnail\" alt=\"\" loading=\"lazy\" \/><\/a>\n\t\t\t<\/dt><\/dl><dl class='gallery-item'>\n\t\t\t<dt class='gallery-icon landscape'>\n\t\t\t\t<a href='https:\/\/www.visit-ulcinj.com\/blog\/wp-content\/uploads\/2012\/11\/Esad-Aloshi-Lorenc-Luka-Maratona-e-pavarsise-Ulqin-Shkoder..jpg'><img width=\"150\" height=\"150\" src=\"https:\/\/www.visit-ulcinj.com\/blog\/wp-content\/uploads\/2012\/11\/Esad-Aloshi-Lorenc-Luka-Maratona-e-pavarsise-Ulqin-Shkoder.-150x150.jpg\" class=\"attachment-thumbnail size-thumbnail\" alt=\"\" loading=\"lazy\" \/><\/a>\n\t\t\t<\/dt><\/dl><br style=\"clear: both\" \/><dl class='gallery-item'>\n\t\t\t<dt class='gallery-icon portrait'>\n\t\t\t\t<a href='https:\/\/www.visit-ulcinj.com\/blog\/wp-content\/uploads\/2012\/11\/Esad-Aloshi-Mustaf-Berkani-Irfan-Domnori-Maratona-e-pavarsise-Ulqin-Shkoder.1.jpg'><img width=\"150\" height=\"150\" src=\"https:\/\/www.visit-ulcinj.com\/blog\/wp-content\/uploads\/2012\/11\/Esad-Aloshi-Mustaf-Berkani-Irfan-Domnori-Maratona-e-pavarsise-Ulqin-Shkoder.1-150x150.jpg\" class=\"attachment-thumbnail size-thumbnail\" alt=\"\" loading=\"lazy\" \/><\/a>\n\t\t\t<\/dt><\/dl><dl class='gallery-item'>\n\t\t\t<dt class='gallery-icon landscape'>\n\t\t\t\t<a href='https:\/\/www.visit-ulcinj.com\/blog\/wp-content\/uploads\/2012\/11\/Esad-Aloshi-Mustaf-Berkani-Irfan-Domnori-Maratona-e-pavarsise-Ulqin-Shkoder1.jpg'><img width=\"150\" height=\"150\" src=\"https:\/\/www.visit-ulcinj.com\/blog\/wp-content\/uploads\/2012\/11\/Esad-Aloshi-Mustaf-Berkani-Irfan-Domnori-Maratona-e-pavarsise-Ulqin-Shkoder1-150x150.jpg\" class=\"attachment-thumbnail size-thumbnail\" alt=\"\" loading=\"lazy\" \/><\/a>\n\t\t\t<\/dt><\/dl><dl class='gallery-item'>\n\t\t\t<dt class='gallery-icon landscape'>\n\t\t\t\t<a href='https:\/\/www.visit-ulcinj.com\/blog\/wp-content\/uploads\/2012\/11\/Esad-Aloshi-Mustaf-Berkani-Lorenc-Irfan-Domnori-Luka-Maratona-e-pavarsise-Ulqin-Shkoder.jpg'><img width=\"150\" height=\"150\" src=\"https:\/\/www.visit-ulcinj.com\/blog\/wp-content\/uploads\/2012\/11\/Esad-Aloshi-Mustaf-Berkani-Lorenc-Irfan-Domnori-Luka-Maratona-e-pavarsise-Ulqin-Shkoder-150x150.jpg\" class=\"attachment-thumbnail size-thumbnail\" alt=\"\" loading=\"lazy\" \/><\/a>\n\t\t\t<\/dt><\/dl><br style=\"clear: both\" \/><dl class='gallery-item'>\n\t\t\t<dt class='gallery-icon landscape'>\n\t\t\t\t<a href='https:\/\/www.visit-ulcinj.com\/blog\/wp-content\/uploads\/2012\/11\/Esad-Aloshi-Mustaf-Berkani-Lorenc-Irfan-Domnori-Mustaf-Mustafa-pavarsise-Ulqin-Shkoder.jpg'><img width=\"150\" height=\"150\" src=\"https:\/\/www.visit-ulcinj.com\/blog\/wp-content\/uploads\/2012\/11\/Esad-Aloshi-Mustaf-Berkani-Lorenc-Irfan-Domnori-Mustaf-Mustafa-pavarsise-Ulqin-Shkoder-150x150.jpg\" class=\"attachment-thumbnail size-thumbnail\" alt=\"\" loading=\"lazy\" \/><\/a>\n\t\t\t<\/dt><\/dl><dl class='gallery-item'>\n\t\t\t<dt class='gallery-icon landscape'>\n\t\t\t\t<a href='https:\/\/www.visit-ulcinj.com\/blog\/wp-content\/uploads\/2012\/11\/Esad-Aloshi-Mustaf-Berkani-Lorenc-Luka-Maratona-e-pavarsise-Ulqin-Shkoder1.jpg'><img width=\"150\" height=\"150\" src=\"https:\/\/www.visit-ulcinj.com\/blog\/wp-content\/uploads\/2012\/11\/Esad-Aloshi-Mustaf-Berkani-Lorenc-Luka-Maratona-e-pavarsise-Ulqin-Shkoder1-150x150.jpg\" class=\"attachment-thumbnail size-thumbnail\" alt=\"\" loading=\"lazy\" \/><\/a>\n\t\t\t<\/dt><\/dl><dl class='gallery-item'>\n\t\t\t<dt class='gallery-icon portrait'>\n\t\t\t\t<a href='https:\/\/www.visit-ulcinj.com\/blog\/wp-content\/uploads\/2012\/11\/Esad-Aloshi-Mustaf-Berkani-Irfan-Domnori-Maratona-e-pavarsise-Ulqin-Shkoder-permendorja.1.jpg'><img width=\"150\" height=\"150\" src=\"https:\/\/www.visit-ulcinj.com\/blog\/wp-content\/uploads\/2012\/11\/Esad-Aloshi-Mustaf-Berkani-Irfan-Domnori-Maratona-e-pavarsise-Ulqin-Shkoder-permendorja.1-150x150.jpg\" class=\"attachment-thumbnail size-thumbnail\" alt=\"\" loading=\"lazy\" \/><\/a>\n\t\t\t<\/dt><\/dl><br style=\"clear: both\" \/>\n\t\t<\/div>\n<br \/>\n<iframe loading=\"lazy\" src=\"http:\/\/www.youtube.com\/embed\/2QBWoo1MwUQ?rel=0\" frameborder=\"0\" width=\"508\" height=\"360\"><\/iframe><\/p>\n<\/div>\n","protected":false},"excerpt":{"rendered":"<p>Kryetari Cungu priti dy protagonist\u00ebt e maraton\u00ebs Ulqin-Shkod\u00ebr Kryetari i Komun\u00ebs s\u00eb Ulqinit z.Nazif Cungu prit sot n\u00eb zyren e tij Esat Aloshin dhe Mustaf\u00eb Berkanin t\u00eb cil\u00ebt p\u00ebr nder\u00eb t\u00eb 28 N\u00ebntorit, Dit\u00ebs s\u00eb Flamurit dhe 100 vjetorit t\u00eb pavar\u00ebsis\u00eb s\u00eb Shqip\u00ebris\u00eb, b\u00ebn\u00eb vrapin maraton\u00ebn prej 45km Ulqin \u2013 Shkod\u00ebr. Kryetari Cungu duke falenderuar [&hellip;]<\/p>\n","protected":false},"author":1,"featured_media":0,"comment_status":"open","ping_status":"closed","sticky":false,"template":"","format":"standard","meta":{"spay_email":"","jetpack_publicize_message":"","jetpack_is_tweetstorm":false,"jetpack_publicize_feature_enabled":true},"categories":[1,14249],"tags":[11609,21509,21512,21521,212,21522,17828,21239,17834,3382,21237,18370,17811,21523,21242,20884,7930,17831,18362,14353,17808,14354,12340,17840,17839,17468,8161,18363,21524,21221,21525,21222,18532,17835,21240,17814,17810,17816,2326,17071,2319,21246,10400,17807,21526,21253,21468,21469,19517,3516,14652,17837,2322,17827,18023,21219,21416,8470,21244,21572,21503,21494,2338,21238,21527,21248,14358,21528,222,2321,17802,17812,17803,2323,3584,17820,1499,21236,21250,21529,17825,21530,17817,21531,17805,21252,3169,305,21574,21251,840,17823,2325,17832,3506,17818,214,21231,3993,5913,17680,2327,14362,21532,14363,18371,297,21493,21230,21241,21513,21533,3507,730,21471,21249,17800,498,3500,21421,21534,21228,21255,115,14364,21234,18694,21254,21535,21536,21223,21418,21537,17799,21538,3327,21226,17841,3944,17826,15213,18236,3512,17806,21539,18399,11648,18289,21233,21540,17838,499,21541,95,2331,21542,21543,2348,21427,17813,21544,17804,21545,15141,347,21546,19495,17836,14366,21547,21510,2332,3875,79,17073,18294,21570,21573,318,118,18368,18369,21417,21257,21258,1653,21420,21426,21419,21548,2304,21261,2360,21232,1909,21549,21550,21551,21243,21224,14367,500,21552,21553,21235,2354,5380,21554,17801,2306,2334,2335,21470,18360,21227,3577,17822,14368,14369,21555,208,21225,21492,17824,14370,4244,21247,18291,16228,21556,21259,2083,3231,14371,21220,41,3617,5040,3582,2350,3722,21260,2310,14372,17844,17821,2312,21557,18372,21256,17830,17077,18295,14375,17833,17829,899,21245,20894,2337,3797,3583,1655,21558,21559,21229,21560,200,18,10421,17819,21561,21562,2339,4243,16445,3333,17809,21563,2340,4265,14376],"jetpack_publicize_connections":[],"yoast_head":"<!-- This site is optimized with the Yoast SEO plugin v19.1 - https:\/\/yoast.com\/wordpress\/plugins\/seo\/ -->\n<title>Nazif Cungu priti dy protagonist\u00ebt e maraton\u00ebs Ulqin-Shkod\u00ebr + Foto - Video - Lajme nga Ulqini<\/title>\n<meta name=\"description\" content=\"Kryetari Cungu priti dy protagonist\u00ebt e maraton\u00ebs Ulqin-Shkod\u00ebr Kryetari i Komun\u00ebs s\u00eb Ulqinit z.Nazif Cungu prit sot n\u00eb zyren e tij Esat Aloshin dhe\" \/>\n<meta name=\"robots\" content=\"index, follow, max-snippet:-1, max-image-preview:large, max-video-preview:-1\" \/>\n<link rel=\"canonical\" href=\"https:\/\/www.visit-ulcinj.com\/blog\/2012\/11\/30\/nazif-cungu-priti-dy-protagonistet-e-maratones-ulqin-shkoder\/\" \/>\n<meta property=\"og:locale\" content=\"en_US\" \/>\n<meta property=\"og:type\" content=\"article\" \/>\n<meta property=\"og:title\" content=\"Nazif Cungu priti dy protagonist\u00ebt e maraton\u00ebs Ulqin-Shkod\u00ebr + Foto - Video - Lajme nga Ulqini\" \/>\n<meta property=\"og:description\" content=\"Kryetari Cungu priti dy protagonist\u00ebt e maraton\u00ebs Ulqin-Shkod\u00ebr Kryetari i Komun\u00ebs s\u00eb Ulqinit z.Nazif Cungu prit sot n\u00eb zyren e tij Esat Aloshin dhe\" \/>\n<meta property=\"og:url\" content=\"https:\/\/www.visit-ulcinj.com\/blog\/2012\/11\/30\/nazif-cungu-priti-dy-protagonistet-e-maratones-ulqin-shkoder\/\" \/>\n<meta property=\"og:site_name\" content=\"Lajme nga Ulqini\" \/>\n<meta property=\"article:published_time\" content=\"2012-11-30T16:35:16+00:00\" \/>\n<meta property=\"article:modified_time\" content=\"2012-12-03T08:13:38+00:00\" \/>\n<meta property=\"og:image\" content=\"https:\/\/www.visit-ulcinj.com\/blog\/wp-content\/uploads\/2012\/11\/Nazif-Cungu_-Esat-Aloshin_Mustaf\u00eb-Berkani-150x150.jpg\" \/>\n<meta name=\"twitter:label1\" content=\"Written by\" \/>\n\t<meta name=\"twitter:data1\" content=\"ulqini\" \/>\n\t<meta name=\"twitter:label2\" content=\"Est. reading time\" \/>\n\t<meta name=\"twitter:data2\" content=\"2 minutes\" \/>\n<script type=\"application\/ld+json\" class=\"yoast-schema-graph\">{\"@context\":\"https:\/\/schema.org\",\"@graph\":[{\"@type\":\"WebSite\",\"@id\":\"https:\/\/www.visit-ulcinj.com\/blog\/#website\",\"url\":\"https:\/\/www.visit-ulcinj.com\/blog\/\",\"name\":\"Lajme nga Ulqini\",\"description\":\"Lajme,Vijesti,Ulqini,Ulqin,Crna Gora,Mali i Zi\",\"potentialAction\":[{\"@type\":\"SearchAction\",\"target\":{\"@type\":\"EntryPoint\",\"urlTemplate\":\"https:\/\/www.visit-ulcinj.com\/blog\/?s={search_term_string}\"},\"query-input\":\"required name=search_term_string\"}],\"inLanguage\":\"en-US\"},{\"@type\":\"ImageObject\",\"inLanguage\":\"en-US\",\"@id\":\"https:\/\/www.visit-ulcinj.com\/blog\/2012\/11\/30\/nazif-cungu-priti-dy-protagonistet-e-maratones-ulqin-shkoder\/#primaryimage\",\"url\":\"https:\/\/www.visit-ulcinj.com\/blog\/wp-content\/uploads\/2012\/11\/Esad-Aloshi-Mustaf-Berkani-Maratona-e-pavarsise-Ulqin-Shkoder.2.jpg\",\"contentUrl\":\"https:\/\/www.visit-ulcinj.com\/blog\/wp-content\/uploads\/2012\/11\/Esad-Aloshi-Mustaf-Berkani-Maratona-e-pavarsise-Ulqin-Shkoder.2.jpg\",\"width\":\"960\",\"height\":\"720\"},{\"@type\":\"WebPage\",\"@id\":\"https:\/\/www.visit-ulcinj.com\/blog\/2012\/11\/30\/nazif-cungu-priti-dy-protagonistet-e-maratones-ulqin-shkoder\/#webpage\",\"url\":\"https:\/\/www.visit-ulcinj.com\/blog\/2012\/11\/30\/nazif-cungu-priti-dy-protagonistet-e-maratones-ulqin-shkoder\/\",\"name\":\"Nazif Cungu priti dy protagonist\u00ebt e maraton\u00ebs Ulqin-Shkod\u00ebr + Foto - Video - Lajme nga Ulqini\",\"isPartOf\":{\"@id\":\"https:\/\/www.visit-ulcinj.com\/blog\/#website\"},\"primaryImageOfPage\":{\"@id\":\"https:\/\/www.visit-ulcinj.com\/blog\/2012\/11\/30\/nazif-cungu-priti-dy-protagonistet-e-maratones-ulqin-shkoder\/#primaryimage\"},\"datePublished\":\"2012-11-30T16:35:16+00:00\",\"dateModified\":\"2012-12-03T08:13:38+00:00\",\"author\":{\"@id\":\"https:\/\/www.visit-ulcinj.com\/blog\/#\/schema\/person\/dcab619c614d3038751c63bc2aadc06d\"},\"description\":\"Kryetari Cungu priti dy protagonist\u00ebt e maraton\u00ebs Ulqin-Shkod\u00ebr Kryetari i Komun\u00ebs s\u00eb Ulqinit z.Nazif Cungu prit sot n\u00eb zyren e tij Esat Aloshin dhe\",\"breadcrumb\":{\"@id\":\"https:\/\/www.visit-ulcinj.com\/blog\/2012\/11\/30\/nazif-cungu-priti-dy-protagonistet-e-maratones-ulqin-shkoder\/#breadcrumb\"},\"inLanguage\":\"en-US\",\"potentialAction\":[{\"@type\":\"ReadAction\",\"target\":[\"https:\/\/www.visit-ulcinj.com\/blog\/2012\/11\/30\/nazif-cungu-priti-dy-protagonistet-e-maratones-ulqin-shkoder\/\"]}]},{\"@type\":\"BreadcrumbList\",\"@id\":\"https:\/\/www.visit-ulcinj.com\/blog\/2012\/11\/30\/nazif-cungu-priti-dy-protagonistet-e-maratones-ulqin-shkoder\/#breadcrumb\",\"itemListElement\":[{\"@type\":\"ListItem\",\"position\":1,\"name\":\"Nazif Cungu priti dy protagonist\u00ebt e maraton\u00ebs Ulqin-Shkod\u00ebr + Foto &#8211; Video\"}]},{\"@type\":\"Person\",\"@id\":\"https:\/\/www.visit-ulcinj.com\/blog\/#\/schema\/person\/dcab619c614d3038751c63bc2aadc06d\",\"name\":\"ulqini\",\"sameAs\":[\"http:\/\/www.visit-ulcinj.com\"],\"url\":\"https:\/\/www.visit-ulcinj.com\/blog\/author\/admin\/\"}]}<\/script>\n<!-- \/ Yoast SEO plugin. -->","yoast_head_json":{"title":"Nazif Cungu priti dy protagonist\u00ebt e maraton\u00ebs Ulqin-Shkod\u00ebr + Foto - Video - Lajme nga Ulqini","description":"Kryetari Cungu priti dy protagonist\u00ebt e maraton\u00ebs Ulqin-Shkod\u00ebr Kryetari i Komun\u00ebs s\u00eb Ulqinit z.Nazif Cungu prit sot n\u00eb zyren e tij Esat Aloshin dhe","robots":{"index":"index","follow":"follow","max-snippet":"max-snippet:-1","max-image-preview":"max-image-preview:large","max-video-preview":"max-video-preview:-1"},"canonical":"https:\/\/www.visit-ulcinj.com\/blog\/2012\/11\/30\/nazif-cungu-priti-dy-protagonistet-e-maratones-ulqin-shkoder\/","og_locale":"en_US","og_type":"article","og_title":"Nazif Cungu priti dy protagonist\u00ebt e maraton\u00ebs Ulqin-Shkod\u00ebr + Foto - Video - Lajme nga Ulqini","og_description":"Kryetari Cungu priti dy protagonist\u00ebt e maraton\u00ebs Ulqin-Shkod\u00ebr Kryetari i Komun\u00ebs s\u00eb Ulqinit z.Nazif Cungu prit sot n\u00eb zyren e tij Esat Aloshin dhe","og_url":"https:\/\/www.visit-ulcinj.com\/blog\/2012\/11\/30\/nazif-cungu-priti-dy-protagonistet-e-maratones-ulqin-shkoder\/","og_site_name":"Lajme nga Ulqini","article_published_time":"2012-11-30T16:35:16+00:00","article_modified_time":"2012-12-03T08:13:38+00:00","og_image":[{"url":"https:\/\/www.visit-ulcinj.com\/blog\/wp-content\/uploads\/2012\/11\/Nazif-Cungu_-Esat-Aloshin_Mustaf\u00eb-Berkani-150x150.jpg"}],"twitter_misc":{"Written by":"ulqini","Est. reading time":"2 minutes"},"schema":{"@context":"https:\/\/schema.org","@graph":[{"@type":"WebSite","@id":"https:\/\/www.visit-ulcinj.com\/blog\/#website","url":"https:\/\/www.visit-ulcinj.com\/blog\/","name":"Lajme nga Ulqini","description":"Lajme,Vijesti,Ulqini,Ulqin,Crna Gora,Mali i Zi","potentialAction":[{"@type":"SearchAction","target":{"@type":"EntryPoint","urlTemplate":"https:\/\/www.visit-ulcinj.com\/blog\/?s={search_term_string}"},"query-input":"required name=search_term_string"}],"inLanguage":"en-US"},{"@type":"ImageObject","inLanguage":"en-US","@id":"https:\/\/www.visit-ulcinj.com\/blog\/2012\/11\/30\/nazif-cungu-priti-dy-protagonistet-e-maratones-ulqin-shkoder\/#primaryimage","url":"https:\/\/www.visit-ulcinj.com\/blog\/wp-content\/uploads\/2012\/11\/Esad-Aloshi-Mustaf-Berkani-Maratona-e-pavarsise-Ulqin-Shkoder.2.jpg","contentUrl":"https:\/\/www.visit-ulcinj.com\/blog\/wp-content\/uploads\/2012\/11\/Esad-Aloshi-Mustaf-Berkani-Maratona-e-pavarsise-Ulqin-Shkoder.2.jpg","width":"960","height":"720"},{"@type":"WebPage","@id":"https:\/\/www.visit-ulcinj.com\/blog\/2012\/11\/30\/nazif-cungu-priti-dy-protagonistet-e-maratones-ulqin-shkoder\/#webpage","url":"https:\/\/www.visit-ulcinj.com\/blog\/2012\/11\/30\/nazif-cungu-priti-dy-protagonistet-e-maratones-ulqin-shkoder\/","name":"Nazif Cungu priti dy protagonist\u00ebt e maraton\u00ebs Ulqin-Shkod\u00ebr + Foto - Video - Lajme nga Ulqini","isPartOf":{"@id":"https:\/\/www.visit-ulcinj.com\/blog\/#website"},"primaryImageOfPage":{"@id":"https:\/\/www.visit-ulcinj.com\/blog\/2012\/11\/30\/nazif-cungu-priti-dy-protagonistet-e-maratones-ulqin-shkoder\/#primaryimage"},"datePublished":"2012-11-30T16:35:16+00:00","dateModified":"2012-12-03T08:13:38+00:00","author":{"@id":"https:\/\/www.visit-ulcinj.com\/blog\/#\/schema\/person\/dcab619c614d3038751c63bc2aadc06d"},"description":"Kryetari Cungu priti dy protagonist\u00ebt e maraton\u00ebs Ulqin-Shkod\u00ebr Kryetari i Komun\u00ebs s\u00eb Ulqinit z.Nazif Cungu prit sot n\u00eb zyren e tij Esat Aloshin dhe","breadcrumb":{"@id":"https:\/\/www.visit-ulcinj.com\/blog\/2012\/11\/30\/nazif-cungu-priti-dy-protagonistet-e-maratones-ulqin-shkoder\/#breadcrumb"},"inLanguage":"en-US","potentialAction":[{"@type":"ReadAction","target":["https:\/\/www.visit-ulcinj.com\/blog\/2012\/11\/30\/nazif-cungu-priti-dy-protagonistet-e-maratones-ulqin-shkoder\/"]}]},{"@type":"BreadcrumbList","@id":"https:\/\/www.visit-ulcinj.com\/blog\/2012\/11\/30\/nazif-cungu-priti-dy-protagonistet-e-maratones-ulqin-shkoder\/#breadcrumb","itemListElement":[{"@type":"ListItem","position":1,"name":"Nazif Cungu priti dy protagonist\u00ebt e maraton\u00ebs Ulqin-Shkod\u00ebr + Foto &#8211; Video"}]},{"@type":"Person","@id":"https:\/\/www.visit-ulcinj.com\/blog\/#\/schema\/person\/dcab619c614d3038751c63bc2aadc06d","name":"ulqini","sameAs":["http:\/\/www.visit-ulcinj.com"],"url":"https:\/\/www.visit-ulcinj.com\/blog\/author\/admin\/"}]}},"jetpack_featured_media_url":"","jetpack_sharing_enabled":true,"jetpack_shortlink":"https:\/\/wp.me\/pe6lTn-her","_links":{"self":[{"href":"https:\/\/www.visit-ulcinj.com\/blog\/wp-json\/wp\/v2\/posts\/66243"}],"collection":[{"href":"https:\/\/www.visit-ulcinj.com\/blog\/wp-json\/wp\/v2\/posts"}],"about":[{"href":"https:\/\/www.visit-ulcinj.com\/blog\/wp-json\/wp\/v2\/types\/post"}],"author":[{"embeddable":true,"href":"https:\/\/www.visit-ulcinj.com\/blog\/wp-json\/wp\/v2\/users\/1"}],"replies":[{"embeddable":true,"href":"https:\/\/www.visit-ulcinj.com\/blog\/wp-json\/wp\/v2\/comments?post=66243"}],"version-history":[{"count":9,"href":"https:\/\/www.visit-ulcinj.com\/blog\/wp-json\/wp\/v2\/posts\/66243\/revisions"}],"predecessor-version":[{"id":66279,"href":"https:\/\/www.visit-ulcinj.com\/blog\/wp-json\/wp\/v2\/posts\/66243\/revisions\/66279"}],"wp:attachment":[{"href":"https:\/\/www.visit-ulcinj.com\/blog\/wp-json\/wp\/v2\/media?parent=66243"}],"wp:term":[{"taxonomy":"category","embeddable":true,"href":"https:\/\/www.visit-ulcinj.com\/blog\/wp-json\/wp\/v2\/categories?post=66243"},{"taxonomy":"post_tag","embeddable":true,"href":"https:\/\/www.visit-ulcinj.com\/blog\/wp-json\/wp\/v2\/tags?post=66243"}],"curies":[{"name":"wp","href":"https:\/\/api.w.org\/{rel}","templated":true}]}}