{"id":66255,"date":"2012-11-30T17:49:10","date_gmt":"2012-11-30T16:49:10","guid":{"rendered":"http:\/\/www.visit-ulcinj.com\/blog\/?p=66255"},"modified":"2012-11-30T17:49:10","modified_gmt":"2012-11-30T16:49:10","slug":"cakuli-se-sastao-sa-ekspertom-za-agronomiju-iz-tika-e","status":"publish","type":"post","link":"https:\/\/www.visit-ulcinj.com\/blog\/2012\/11\/30\/cakuli-se-sastao-sa-ekspertom-za-agronomiju-iz-tika-e\/","title":{"rendered":"Cakuli se sastao sa ekspertom za agronomiju iz TIKA-e"},"content":{"rendered":"<p><strong><a href=\"http:\/\/www.visit-ulcinj.com\/blog\/wp-content\/uploads\/2012\/11\/Dzaudet-Cakuli_Siebl-Gunei-TIKA.jpg\"><img loading=\"lazy\" class=\"alignleft  wp-image-66256\" title=\"Dzaudet Cakuli_Siebl Gunei-TIKA\" src=\"http:\/\/www.visit-ulcinj.com\/blog\/wp-content\/uploads\/2012\/11\/Dzaudet-Cakuli_Siebl-Gunei-TIKA.jpg\" alt=\"\" width=\"508\" height=\"360\" \/><\/a>Sastanak sa ekspertom za agronomiju iz TIKA-e<\/strong><\/p>\n<p>Potpredsjednik Op\u0161tine Ulcinj, Xhaudet Cakuli i njegovi saradnici odr\u017eali su sastanak sa ekspertom za agronomiju iz Turske agencije za me\u0111unarodnu saradnju TIKA-e, Sibel Gunei i predstavnicom UNDP-a za ekonomiju i za\u0161titu \u017eivotne sredine, Sanjom Me\u0111edovi\u0107, koja ujedno radi i na razvoju klastera u proizvo\u0111a\u010da maslinovog ulja u op\u0161tini Ulcinj.<\/p>\n<p>Cilj sastanka bia je izrada plana podr\u0161ke razvoja poljoprivrede UNDP-a i TIKA-e za slede\u0107u godinu kao i konkretizovanje aktivnosti ulaganja vezano za maslinarstvo u Ulcinju.<br \/>\nNa osnovu izvje\u0161taja turskih eksperata koji su u septembru posjetili Ulcinj i na osnovu zahtjeva maslinara iz Ulcinja i iz Bara, iz UNDP-a je prema TIKA-i upu\u0107en zahtjev za podr\u0161ku u opremi za maslinarstvo u vrijednosti od 300,000.00eura od kojih je 150,000.00eur odobreno.<br \/>\n\u0160to se ti\u010de plana za slede\u0107u godinu prisutni su g-\u0111u Gunei upoznali sa potrebama i mogu\u0107nostima u poljoprivredi u op\u0161tini Ulcinj i kako bi TIKA mogla da pomogne u svemu ovome.<br \/>\nOni su potencirali potrebu za prera\u0111iva\u010dkim pogonima za proizvode od paradajza, suvih smokvi i ostalih proizvoda karakteristi\u010dnih za ovo podru\u010dje i istovremeno brendiranje takvih proizvoda. Sekretar za ekonomiju, Valdet A\u017eemovi\u0107 je naglasio da bi za poljoprivrednu proizvodnju u Ulcinju od velikog zna\u010daja bila fabrika koja bi se bavila otkupom preradom, prodajom i \u010duvanjem proizvoda \u0161to bi uticalo i u edukaciju poljoprivrednika.<br \/>\nG-din Gani Rexha je izlo\u017eio podatke o kapacitetima i trenutnim mogu\u0107nostima proizvodnje u Ulcinju. Tako\u0111e je od strane Potredsjednika op\u0161tine nagla\u0161ena i potreba postojanja laboratorije za testiranje kvaliteta doma\u0107ih proizvoda, naro\u010dito za proizvo\u0111ace maslinovog ulja.<br \/>\nU planu je i sastanak za poljoprivrednicima iz Ulcinja na kojem \u0107e u direktnom kontaktu sa njima razgovarati o njihovim potrebama.<\/p>\n<p><strong>Op\u0161tina Ulcinj \/ Komuna e Ulqinit<\/strong><br \/>\nTel: +382 30 412 050<br \/>\nFax: +382 30 412 413<br \/>\nAdresa: Bul. Skenderbeu bb, 85360 Ulcinj, MNE<\/p>\n","protected":false},"excerpt":{"rendered":"<p>Sastanak sa ekspertom za agronomiju iz TIKA-e Potpredsjednik Op\u0161tine Ulcinj, Xhaudet Cakuli i njegovi saradnici odr\u017eali su sastanak sa ekspertom za agronomiju iz Turske agencije za me\u0111unarodnu saradnju TIKA-e, Sibel Gunei i predstavnicom UNDP-a za ekonomiju i za\u0161titu \u017eivotne sredine, Sanjom Me\u0111edovi\u0107, koja ujedno radi i na razvoju klastera u proizvo\u0111a\u010da maslinovog ulja u op\u0161tini [&hellip;]<\/p>\n","protected":false},"author":1,"featured_media":0,"comment_status":"open","ping_status":"closed","sticky":false,"template":"","format":"standard","meta":{"spay_email":"","jetpack_publicize_message":"","jetpack_is_tweetstorm":false,"jetpack_publicize_feature_enabled":true},"categories":[8337],"tags":[700,264,16797],"jetpack_publicize_connections":[],"yoast_head":"<!-- This site is optimized with the Yoast SEO plugin v19.1 - https:\/\/yoast.com\/wordpress\/plugins\/seo\/ -->\n<title>Cakuli se sastao sa ekspertom za agronomiju iz TIKA-e - Lajme nga Ulqini<\/title>\n<meta name=\"description\" content=\"Sastanak sa ekspertom za agronomiju iz TIKA-e Potpredsjednik Op\u0161tine Ulcinj, Xhaudet Cakuli i njegovi saradnici odr\u017eali su sastanak sa ekspertom za\" \/>\n<meta name=\"robots\" content=\"index, follow, max-snippet:-1, max-image-preview:large, max-video-preview:-1\" \/>\n<link rel=\"canonical\" href=\"https:\/\/www.visit-ulcinj.com\/blog\/2012\/11\/30\/cakuli-se-sastao-sa-ekspertom-za-agronomiju-iz-tika-e\/\" \/>\n<meta property=\"og:locale\" content=\"en_US\" \/>\n<meta property=\"og:type\" content=\"article\" \/>\n<meta property=\"og:title\" content=\"Cakuli se sastao sa ekspertom za agronomiju iz TIKA-e - Lajme nga Ulqini\" \/>\n<meta property=\"og:description\" content=\"Sastanak sa ekspertom za agronomiju iz TIKA-e Potpredsjednik Op\u0161tine Ulcinj, Xhaudet Cakuli i njegovi saradnici odr\u017eali su sastanak sa ekspertom za\" \/>\n<meta property=\"og:url\" content=\"https:\/\/www.visit-ulcinj.com\/blog\/2012\/11\/30\/cakuli-se-sastao-sa-ekspertom-za-agronomiju-iz-tika-e\/\" \/>\n<meta property=\"og:site_name\" content=\"Lajme nga Ulqini\" \/>\n<meta property=\"article:published_time\" content=\"2012-11-30T16:49:10+00:00\" \/>\n<meta property=\"og:image\" content=\"http:\/\/www.visit-ulcinj.com\/blog\/wp-content\/uploads\/2012\/11\/Dzaudet-Cakuli_Siebl-Gunei-TIKA.jpg\" \/>\n<meta name=\"twitter:label1\" content=\"Written by\" \/>\n\t<meta name=\"twitter:data1\" content=\"ulqini\" \/>\n\t<meta name=\"twitter:label2\" content=\"Est. reading time\" \/>\n\t<meta name=\"twitter:data2\" content=\"2 minutes\" \/>\n<script type=\"application\/ld+json\" class=\"yoast-schema-graph\">{\"@context\":\"https:\/\/schema.org\",\"@graph\":[{\"@type\":\"WebSite\",\"@id\":\"https:\/\/www.visit-ulcinj.com\/blog\/#website\",\"url\":\"https:\/\/www.visit-ulcinj.com\/blog\/\",\"name\":\"Lajme nga Ulqini\",\"description\":\"Lajme,Vijesti,Ulqini,Ulqin,Crna Gora,Mali i Zi\",\"potentialAction\":[{\"@type\":\"SearchAction\",\"target\":{\"@type\":\"EntryPoint\",\"urlTemplate\":\"https:\/\/www.visit-ulcinj.com\/blog\/?s={search_term_string}\"},\"query-input\":\"required name=search_term_string\"}],\"inLanguage\":\"en-US\"},{\"@type\":\"ImageObject\",\"inLanguage\":\"en-US\",\"@id\":\"https:\/\/www.visit-ulcinj.com\/blog\/2012\/11\/30\/cakuli-se-sastao-sa-ekspertom-za-agronomiju-iz-tika-e\/#primaryimage\",\"url\":\"https:\/\/www.visit-ulcinj.com\/blog\/wp-content\/uploads\/2012\/11\/Dzaudet-Cakuli_Siebl-Gunei-TIKA.jpg\",\"contentUrl\":\"https:\/\/www.visit-ulcinj.com\/blog\/wp-content\/uploads\/2012\/11\/Dzaudet-Cakuli_Siebl-Gunei-TIKA.jpg\",\"width\":\"640\",\"height\":\"424\"},{\"@type\":\"WebPage\",\"@id\":\"https:\/\/www.visit-ulcinj.com\/blog\/2012\/11\/30\/cakuli-se-sastao-sa-ekspertom-za-agronomiju-iz-tika-e\/#webpage\",\"url\":\"https:\/\/www.visit-ulcinj.com\/blog\/2012\/11\/30\/cakuli-se-sastao-sa-ekspertom-za-agronomiju-iz-tika-e\/\",\"name\":\"Cakuli se sastao sa ekspertom za agronomiju iz TIKA-e - Lajme nga Ulqini\",\"isPartOf\":{\"@id\":\"https:\/\/www.visit-ulcinj.com\/blog\/#website\"},\"primaryImageOfPage\":{\"@id\":\"https:\/\/www.visit-ulcinj.com\/blog\/2012\/11\/30\/cakuli-se-sastao-sa-ekspertom-za-agronomiju-iz-tika-e\/#primaryimage\"},\"datePublished\":\"2012-11-30T16:49:10+00:00\",\"dateModified\":\"2012-11-30T16:49:10+00:00\",\"author\":{\"@id\":\"https:\/\/www.visit-ulcinj.com\/blog\/#\/schema\/person\/dcab619c614d3038751c63bc2aadc06d\"},\"description\":\"Sastanak sa ekspertom za agronomiju iz TIKA-e Potpredsjednik Op\u0161tine Ulcinj, Xhaudet Cakuli i njegovi saradnici odr\u017eali su sastanak sa ekspertom za\",\"breadcrumb\":{\"@id\":\"https:\/\/www.visit-ulcinj.com\/blog\/2012\/11\/30\/cakuli-se-sastao-sa-ekspertom-za-agronomiju-iz-tika-e\/#breadcrumb\"},\"inLanguage\":\"en-US\",\"potentialAction\":[{\"@type\":\"ReadAction\",\"target\":[\"https:\/\/www.visit-ulcinj.com\/blog\/2012\/11\/30\/cakuli-se-sastao-sa-ekspertom-za-agronomiju-iz-tika-e\/\"]}]},{\"@type\":\"BreadcrumbList\",\"@id\":\"https:\/\/www.visit-ulcinj.com\/blog\/2012\/11\/30\/cakuli-se-sastao-sa-ekspertom-za-agronomiju-iz-tika-e\/#breadcrumb\",\"itemListElement\":[{\"@type\":\"ListItem\",\"position\":1,\"name\":\"Cakuli se sastao sa ekspertom za agronomiju iz TIKA-e\"}]},{\"@type\":\"Person\",\"@id\":\"https:\/\/www.visit-ulcinj.com\/blog\/#\/schema\/person\/dcab619c614d3038751c63bc2aadc06d\",\"name\":\"ulqini\",\"sameAs\":[\"http:\/\/www.visit-ulcinj.com\"],\"url\":\"https:\/\/www.visit-ulcinj.com\/blog\/author\/admin\/\"}]}<\/script>\n<!-- \/ Yoast SEO plugin. -->","yoast_head_json":{"title":"Cakuli se sastao sa ekspertom za agronomiju iz TIKA-e - Lajme nga Ulqini","description":"Sastanak sa ekspertom za agronomiju iz TIKA-e Potpredsjednik Op\u0161tine Ulcinj, Xhaudet Cakuli i njegovi saradnici odr\u017eali su sastanak sa ekspertom za","robots":{"index":"index","follow":"follow","max-snippet":"max-snippet:-1","max-image-preview":"max-image-preview:large","max-video-preview":"max-video-preview:-1"},"canonical":"https:\/\/www.visit-ulcinj.com\/blog\/2012\/11\/30\/cakuli-se-sastao-sa-ekspertom-za-agronomiju-iz-tika-e\/","og_locale":"en_US","og_type":"article","og_title":"Cakuli se sastao sa ekspertom za agronomiju iz TIKA-e - Lajme nga Ulqini","og_description":"Sastanak sa ekspertom za agronomiju iz TIKA-e Potpredsjednik Op\u0161tine Ulcinj, Xhaudet Cakuli i njegovi saradnici odr\u017eali su sastanak sa ekspertom za","og_url":"https:\/\/www.visit-ulcinj.com\/blog\/2012\/11\/30\/cakuli-se-sastao-sa-ekspertom-za-agronomiju-iz-tika-e\/","og_site_name":"Lajme nga Ulqini","article_published_time":"2012-11-30T16:49:10+00:00","og_image":[{"url":"http:\/\/www.visit-ulcinj.com\/blog\/wp-content\/uploads\/2012\/11\/Dzaudet-Cakuli_Siebl-Gunei-TIKA.jpg"}],"twitter_misc":{"Written by":"ulqini","Est. reading time":"2 minutes"},"schema":{"@context":"https:\/\/schema.org","@graph":[{"@type":"WebSite","@id":"https:\/\/www.visit-ulcinj.com\/blog\/#website","url":"https:\/\/www.visit-ulcinj.com\/blog\/","name":"Lajme nga Ulqini","description":"Lajme,Vijesti,Ulqini,Ulqin,Crna Gora,Mali i Zi","potentialAction":[{"@type":"SearchAction","target":{"@type":"EntryPoint","urlTemplate":"https:\/\/www.visit-ulcinj.com\/blog\/?s={search_term_string}"},"query-input":"required name=search_term_string"}],"inLanguage":"en-US"},{"@type":"ImageObject","inLanguage":"en-US","@id":"https:\/\/www.visit-ulcinj.com\/blog\/2012\/11\/30\/cakuli-se-sastao-sa-ekspertom-za-agronomiju-iz-tika-e\/#primaryimage","url":"https:\/\/www.visit-ulcinj.com\/blog\/wp-content\/uploads\/2012\/11\/Dzaudet-Cakuli_Siebl-Gunei-TIKA.jpg","contentUrl":"https:\/\/www.visit-ulcinj.com\/blog\/wp-content\/uploads\/2012\/11\/Dzaudet-Cakuli_Siebl-Gunei-TIKA.jpg","width":"640","height":"424"},{"@type":"WebPage","@id":"https:\/\/www.visit-ulcinj.com\/blog\/2012\/11\/30\/cakuli-se-sastao-sa-ekspertom-za-agronomiju-iz-tika-e\/#webpage","url":"https:\/\/www.visit-ulcinj.com\/blog\/2012\/11\/30\/cakuli-se-sastao-sa-ekspertom-za-agronomiju-iz-tika-e\/","name":"Cakuli se sastao sa ekspertom za agronomiju iz TIKA-e - Lajme nga Ulqini","isPartOf":{"@id":"https:\/\/www.visit-ulcinj.com\/blog\/#website"},"primaryImageOfPage":{"@id":"https:\/\/www.visit-ulcinj.com\/blog\/2012\/11\/30\/cakuli-se-sastao-sa-ekspertom-za-agronomiju-iz-tika-e\/#primaryimage"},"datePublished":"2012-11-30T16:49:10+00:00","dateModified":"2012-11-30T16:49:10+00:00","author":{"@id":"https:\/\/www.visit-ulcinj.com\/blog\/#\/schema\/person\/dcab619c614d3038751c63bc2aadc06d"},"description":"Sastanak sa ekspertom za agronomiju iz TIKA-e Potpredsjednik Op\u0161tine Ulcinj, Xhaudet Cakuli i njegovi saradnici odr\u017eali su sastanak sa ekspertom za","breadcrumb":{"@id":"https:\/\/www.visit-ulcinj.com\/blog\/2012\/11\/30\/cakuli-se-sastao-sa-ekspertom-za-agronomiju-iz-tika-e\/#breadcrumb"},"inLanguage":"en-US","potentialAction":[{"@type":"ReadAction","target":["https:\/\/www.visit-ulcinj.com\/blog\/2012\/11\/30\/cakuli-se-sastao-sa-ekspertom-za-agronomiju-iz-tika-e\/"]}]},{"@type":"BreadcrumbList","@id":"https:\/\/www.visit-ulcinj.com\/blog\/2012\/11\/30\/cakuli-se-sastao-sa-ekspertom-za-agronomiju-iz-tika-e\/#breadcrumb","itemListElement":[{"@type":"ListItem","position":1,"name":"Cakuli se sastao sa ekspertom za agronomiju iz TIKA-e"}]},{"@type":"Person","@id":"https:\/\/www.visit-ulcinj.com\/blog\/#\/schema\/person\/dcab619c614d3038751c63bc2aadc06d","name":"ulqini","sameAs":["http:\/\/www.visit-ulcinj.com"],"url":"https:\/\/www.visit-ulcinj.com\/blog\/author\/admin\/"}]}},"jetpack_featured_media_url":"","jetpack_sharing_enabled":true,"jetpack_shortlink":"https:\/\/wp.me\/pe6lTn-heD","_links":{"self":[{"href":"https:\/\/www.visit-ulcinj.com\/blog\/wp-json\/wp\/v2\/posts\/66255"}],"collection":[{"href":"https:\/\/www.visit-ulcinj.com\/blog\/wp-json\/wp\/v2\/posts"}],"about":[{"href":"https:\/\/www.visit-ulcinj.com\/blog\/wp-json\/wp\/v2\/types\/post"}],"author":[{"embeddable":true,"href":"https:\/\/www.visit-ulcinj.com\/blog\/wp-json\/wp\/v2\/users\/1"}],"replies":[{"embeddable":true,"href":"https:\/\/www.visit-ulcinj.com\/blog\/wp-json\/wp\/v2\/comments?post=66255"}],"version-history":[{"count":2,"href":"https:\/\/www.visit-ulcinj.com\/blog\/wp-json\/wp\/v2\/posts\/66255\/revisions"}],"predecessor-version":[{"id":66261,"href":"https:\/\/www.visit-ulcinj.com\/blog\/wp-json\/wp\/v2\/posts\/66255\/revisions\/66261"}],"wp:attachment":[{"href":"https:\/\/www.visit-ulcinj.com\/blog\/wp-json\/wp\/v2\/media?parent=66255"}],"wp:term":[{"taxonomy":"category","embeddable":true,"href":"https:\/\/www.visit-ulcinj.com\/blog\/wp-json\/wp\/v2\/categories?post=66255"},{"taxonomy":"post_tag","embeddable":true,"href":"https:\/\/www.visit-ulcinj.com\/blog\/wp-json\/wp\/v2\/tags?post=66255"}],"curies":[{"name":"wp","href":"https:\/\/api.w.org\/{rel}","templated":true}]}}