{"id":66268,"date":"2012-11-30T21:52:15","date_gmt":"2012-11-30T20:52:15","guid":{"rendered":"http:\/\/www.visit-ulcinj.com\/blog\/?p=66268"},"modified":"2012-12-01T08:37:23","modified_gmt":"2012-12-01T07:37:23","slug":"knsh-ja-shpreh-kenaqesin-per-lirimin-e-haradinaj","status":"publish","type":"post","link":"https:\/\/www.visit-ulcinj.com\/blog\/2012\/11\/30\/knsh-ja-shpreh-kenaqesin-per-lirimin-e-haradinaj\/","title":{"rendered":"KNSH-ja shpreh k\u00ebnaq\u00ebsin p\u00ebr lirimin e Haradinaj"},"content":{"rendered":"<p style=\"text-align: left;\"><a href=\"http:\/\/www.visit-ulcinj.com\/blog\/wp-content\/uploads\/2011\/03\/KNSH_MZ_logo.jpg\"><img loading=\"lazy\" class=\"alignleft  wp-image-45189\" title=\"KNSH_MZ_logo\" src=\"http:\/\/www.visit-ulcinj.com\/blog\/wp-content\/uploads\/2011\/03\/KNSH_MZ_logo.jpg\" alt=\"\" width=\"318\" height=\"142\" srcset=\"https:\/\/www.visit-ulcinj.com\/blog\/wp-content\/uploads\/2011\/03\/KNSH_MZ_logo.jpg 318w, https:\/\/www.visit-ulcinj.com\/blog\/wp-content\/uploads\/2011\/03\/KNSH_MZ_logo-300x133.jpg 300w\" sizes=\"(max-width: 318px) 100vw, 318px\" \/><\/a>K\u00cbSHILLI NACIONAL I SHQIPTAR\u00cbVE N\u00cb MALIN E ZI<\/p>\n<p style=\"text-align: left;\">NACIONALNI SAVJET ALBANACA U CRNOJ GORI<\/p>\n<p style=\"text-align: left;\">ALBANIAN NATIONAL COUNCIL IN MONTENEGRO<\/p>\n<p>Ulqin m\u00eb,30.11.2012<\/p>\n<p style=\"text-align: center;\">\n<p style=\"text-align: center;\"><strong>URIM\u00a0 KRYETARIT T\u00cb\u00a0 ALEANC\u00cbS \u00a0P\u00cbR ARDHM\u00cbRIN\u00cb E KOSOV\u00cbS\u00a0<\/strong><\/p>\n<p><strong>\u00a0<\/strong><\/p>\n<p><strong>Z. RAMUSH\u00a0\u00a0 HARADINAJ<\/strong><\/p>\n<p><strong>\u00a0<\/strong><\/p>\n<p>I Nderuar\u00a0 z. Kryetar , <strong>\u00a0<\/strong><\/p>\n<p>&nbsp;<\/p>\n<p>N\u00eb em\u00ebr t\u00eb K\u00ebshillit Nacional t\u00eb Shqiptar\u00ebve n\u00eb Malin e Zi\u00a0 dhe n\u00eb emrin tim, pranoni urimet ma t\u00eb sinqerta dhe v\u00ebllaz\u00ebnore\u00a0 me rastin e\u00a0 lirimit Tuaj dhe bashk\u00ebluft\u00ebtar\u00ebve tuaj nga akuzat e pa bazuara ndaj Jush dhe luft\u00ebs s\u00eb U\u00c7K-s\u00eb.<\/p>\n<p>Me k\u00ebt\u00eb vendim t\u00eb Gjykat\u00ebs s\u00eb\u00a0 Hag\u00ebs u konfirmua rruga \u00a0e drejte dhe lufta e \u00a0past\u00ebr e U\u00c7K-s\u00eb, si \u00a0dhe kontributi i Juaj heroik p\u00ebr \u00e7lirimin e Kosov\u00ebs.<\/p>\n<p>Lirimi i Juaj \u00a0\u00a0\u00ebsht\u00eb nj\u00eb g\u00ebzimi i madh p\u00ebr Kosov\u00ebn dhe qytetar\u00ebve te saj\u00eb, p\u00ebr shqiptar\u00ebt\u00a0 kudo q\u00eb jan\u00eb si dhe p\u00ebr ne \u00a0shqiptar\u00ebt n\u00eb Malin e Zi.<\/p>\n<p>Ardhja e \u00a0Juaj n\u00eb gjirin e Kosov\u00ebs \u00a0n\u00eb k\u00ebto dit\u00eb t\u00eb Fest\u00ebs s\u00eb Flamurit dhe 100 Vjetorit t\u00eb Pamvarsis\u00eb s\u00eb Shqiperis \u00ebsht\u00eb dhurata m\u00eb e bukur dhe m\u00eb e \u00e7mueshme p\u00ebr t\u00eb gjith\u00eb \u00a0shqiptar\u00ebt kudo jan\u00eb ata.<\/p>\n<p>Urojm\u00eb q\u00eb me veprimtarin Tuaj t\u00eb ardhshme politike, t\u00eb kontriboni si deri m\u00eb tani p\u00ebr nj\u00eb t\u00eb ardhme m\u00eb t\u00eb mir\u00eb t\u00eb popullit t\u00eb Republik\u00ebs s\u00eb Kosov\u00ebs n\u00eb p\u00ebrputhje me idealin p\u00ebr t\u00eb cilin luftuat Ju dhe mbar\u00eb populli i Kosov\u00ebs.<\/p>\n<p>&nbsp;<\/p>\n<p>Me respekt,<\/p>\n<p>&nbsp;<\/p>\n<p>Kryetari,<\/p>\n<p><strong>Tahir Tahiri<\/strong><\/p>\n","protected":false},"excerpt":{"rendered":"<p>K\u00cbSHILLI NACIONAL I SHQIPTAR\u00cbVE N\u00cb MALIN E ZI NACIONALNI SAVJET ALBANACA U CRNOJ GORI ALBANIAN NATIONAL COUNCIL IN MONTENEGRO Ulqin m\u00eb,30.11.2012 URIM\u00a0 KRYETARIT T\u00cb\u00a0 ALEANC\u00cbS \u00a0P\u00cbR ARDHM\u00cbRIN\u00cb E KOSOV\u00cbS\u00a0 \u00a0 Z. RAMUSH\u00a0\u00a0 HARADINAJ \u00a0 I Nderuar\u00a0 z. Kryetar , \u00a0 &nbsp; N\u00eb em\u00ebr t\u00eb K\u00ebshillit Nacional t\u00eb Shqiptar\u00ebve n\u00eb Malin e Zi\u00a0 dhe n\u00eb emrin [&hellip;]<\/p>\n","protected":false},"author":1,"featured_media":0,"comment_status":"open","ping_status":"closed","sticky":false,"template":"","format":"standard","meta":{"spay_email":"","jetpack_publicize_message":"","jetpack_is_tweetstorm":false,"jetpack_publicize_feature_enabled":true},"categories":[6950],"tags":[5913],"jetpack_publicize_connections":[],"yoast_head":"<!-- This site is optimized with the Yoast SEO plugin v19.1 - https:\/\/yoast.com\/wordpress\/plugins\/seo\/ -->\n<title>KNSH-ja shpreh k\u00ebnaq\u00ebsin p\u00ebr lirimin e Haradinaj - Lajme nga Ulqini<\/title>\n<meta name=\"description\" content=\"K\u00cbSHILLI NACIONAL I SHQIPTAR\u00cbVE N\u00cb MALIN E ZI NACIONALNI SAVJET ALBANACA U CRNOJ GORI ALBANIAN NATIONAL COUNCIL IN MONTENEGRO Ulqin m\u00eb,30.11.2012 URIM\u00a0\" \/>\n<meta name=\"robots\" content=\"index, follow, max-snippet:-1, max-image-preview:large, max-video-preview:-1\" \/>\n<link rel=\"canonical\" href=\"https:\/\/www.visit-ulcinj.com\/blog\/2012\/11\/30\/knsh-ja-shpreh-kenaqesin-per-lirimin-e-haradinaj\/\" \/>\n<meta property=\"og:locale\" content=\"en_US\" \/>\n<meta property=\"og:type\" content=\"article\" \/>\n<meta property=\"og:title\" content=\"KNSH-ja shpreh k\u00ebnaq\u00ebsin p\u00ebr lirimin e Haradinaj - Lajme nga Ulqini\" \/>\n<meta property=\"og:description\" content=\"K\u00cbSHILLI NACIONAL I SHQIPTAR\u00cbVE N\u00cb MALIN E ZI NACIONALNI SAVJET ALBANACA U CRNOJ GORI ALBANIAN NATIONAL COUNCIL IN MONTENEGRO Ulqin m\u00eb,30.11.2012 URIM\u00a0\" \/>\n<meta property=\"og:url\" content=\"https:\/\/www.visit-ulcinj.com\/blog\/2012\/11\/30\/knsh-ja-shpreh-kenaqesin-per-lirimin-e-haradinaj\/\" \/>\n<meta property=\"og:site_name\" content=\"Lajme nga Ulqini\" \/>\n<meta property=\"article:published_time\" content=\"2012-11-30T20:52:15+00:00\" \/>\n<meta property=\"article:modified_time\" content=\"2012-12-01T07:37:23+00:00\" \/>\n<meta property=\"og:image\" content=\"http:\/\/www.visit-ulcinj.com\/blog\/wp-content\/uploads\/2011\/03\/KNSH_MZ_logo.jpg\" \/>\n<meta name=\"twitter:label1\" content=\"Written by\" \/>\n\t<meta name=\"twitter:data1\" content=\"ulqini\" \/>\n\t<meta name=\"twitter:label2\" content=\"Est. reading time\" \/>\n\t<meta name=\"twitter:data2\" content=\"1 minute\" \/>\n<script type=\"application\/ld+json\" class=\"yoast-schema-graph\">{\"@context\":\"https:\/\/schema.org\",\"@graph\":[{\"@type\":\"WebSite\",\"@id\":\"https:\/\/www.visit-ulcinj.com\/blog\/#website\",\"url\":\"https:\/\/www.visit-ulcinj.com\/blog\/\",\"name\":\"Lajme nga Ulqini\",\"description\":\"Lajme,Vijesti,Ulqini,Ulqin,Crna Gora,Mali i Zi\",\"potentialAction\":[{\"@type\":\"SearchAction\",\"target\":{\"@type\":\"EntryPoint\",\"urlTemplate\":\"https:\/\/www.visit-ulcinj.com\/blog\/?s={search_term_string}\"},\"query-input\":\"required name=search_term_string\"}],\"inLanguage\":\"en-US\"},{\"@type\":\"ImageObject\",\"inLanguage\":\"en-US\",\"@id\":\"https:\/\/www.visit-ulcinj.com\/blog\/2012\/11\/30\/knsh-ja-shpreh-kenaqesin-per-lirimin-e-haradinaj\/#primaryimage\",\"url\":\"https:\/\/www.visit-ulcinj.com\/blog\/wp-content\/uploads\/2011\/03\/KNSH_MZ_logo.jpg\",\"contentUrl\":\"https:\/\/www.visit-ulcinj.com\/blog\/wp-content\/uploads\/2011\/03\/KNSH_MZ_logo.jpg\",\"width\":\"318\",\"height\":\"142\"},{\"@type\":\"WebPage\",\"@id\":\"https:\/\/www.visit-ulcinj.com\/blog\/2012\/11\/30\/knsh-ja-shpreh-kenaqesin-per-lirimin-e-haradinaj\/#webpage\",\"url\":\"https:\/\/www.visit-ulcinj.com\/blog\/2012\/11\/30\/knsh-ja-shpreh-kenaqesin-per-lirimin-e-haradinaj\/\",\"name\":\"KNSH-ja shpreh k\u00ebnaq\u00ebsin p\u00ebr lirimin e Haradinaj - Lajme nga Ulqini\",\"isPartOf\":{\"@id\":\"https:\/\/www.visit-ulcinj.com\/blog\/#website\"},\"primaryImageOfPage\":{\"@id\":\"https:\/\/www.visit-ulcinj.com\/blog\/2012\/11\/30\/knsh-ja-shpreh-kenaqesin-per-lirimin-e-haradinaj\/#primaryimage\"},\"datePublished\":\"2012-11-30T20:52:15+00:00\",\"dateModified\":\"2012-12-01T07:37:23+00:00\",\"author\":{\"@id\":\"https:\/\/www.visit-ulcinj.com\/blog\/#\/schema\/person\/dcab619c614d3038751c63bc2aadc06d\"},\"description\":\"K\u00cbSHILLI NACIONAL I SHQIPTAR\u00cbVE N\u00cb MALIN E ZI NACIONALNI SAVJET ALBANACA U CRNOJ GORI ALBANIAN NATIONAL COUNCIL IN MONTENEGRO Ulqin m\u00eb,30.11.2012 URIM\u00a0\",\"breadcrumb\":{\"@id\":\"https:\/\/www.visit-ulcinj.com\/blog\/2012\/11\/30\/knsh-ja-shpreh-kenaqesin-per-lirimin-e-haradinaj\/#breadcrumb\"},\"inLanguage\":\"en-US\",\"potentialAction\":[{\"@type\":\"ReadAction\",\"target\":[\"https:\/\/www.visit-ulcinj.com\/blog\/2012\/11\/30\/knsh-ja-shpreh-kenaqesin-per-lirimin-e-haradinaj\/\"]}]},{\"@type\":\"BreadcrumbList\",\"@id\":\"https:\/\/www.visit-ulcinj.com\/blog\/2012\/11\/30\/knsh-ja-shpreh-kenaqesin-per-lirimin-e-haradinaj\/#breadcrumb\",\"itemListElement\":[{\"@type\":\"ListItem\",\"position\":1,\"name\":\"KNSH-ja shpreh k\u00ebnaq\u00ebsin p\u00ebr lirimin e Haradinaj\"}]},{\"@type\":\"Person\",\"@id\":\"https:\/\/www.visit-ulcinj.com\/blog\/#\/schema\/person\/dcab619c614d3038751c63bc2aadc06d\",\"name\":\"ulqini\",\"sameAs\":[\"http:\/\/www.visit-ulcinj.com\"],\"url\":\"https:\/\/www.visit-ulcinj.com\/blog\/author\/admin\/\"}]}<\/script>\n<!-- \/ Yoast SEO plugin. -->","yoast_head_json":{"title":"KNSH-ja shpreh k\u00ebnaq\u00ebsin p\u00ebr lirimin e Haradinaj - Lajme nga Ulqini","description":"K\u00cbSHILLI NACIONAL I SHQIPTAR\u00cbVE N\u00cb MALIN E ZI NACIONALNI SAVJET ALBANACA U CRNOJ GORI ALBANIAN NATIONAL COUNCIL IN MONTENEGRO Ulqin m\u00eb,30.11.2012 URIM\u00a0","robots":{"index":"index","follow":"follow","max-snippet":"max-snippet:-1","max-image-preview":"max-image-preview:large","max-video-preview":"max-video-preview:-1"},"canonical":"https:\/\/www.visit-ulcinj.com\/blog\/2012\/11\/30\/knsh-ja-shpreh-kenaqesin-per-lirimin-e-haradinaj\/","og_locale":"en_US","og_type":"article","og_title":"KNSH-ja shpreh k\u00ebnaq\u00ebsin p\u00ebr lirimin e Haradinaj - Lajme nga Ulqini","og_description":"K\u00cbSHILLI NACIONAL I SHQIPTAR\u00cbVE N\u00cb MALIN E ZI NACIONALNI SAVJET ALBANACA U CRNOJ GORI ALBANIAN NATIONAL COUNCIL IN MONTENEGRO Ulqin m\u00eb,30.11.2012 URIM\u00a0","og_url":"https:\/\/www.visit-ulcinj.com\/blog\/2012\/11\/30\/knsh-ja-shpreh-kenaqesin-per-lirimin-e-haradinaj\/","og_site_name":"Lajme nga Ulqini","article_published_time":"2012-11-30T20:52:15+00:00","article_modified_time":"2012-12-01T07:37:23+00:00","og_image":[{"url":"http:\/\/www.visit-ulcinj.com\/blog\/wp-content\/uploads\/2011\/03\/KNSH_MZ_logo.jpg"}],"twitter_misc":{"Written by":"ulqini","Est. reading time":"1 minute"},"schema":{"@context":"https:\/\/schema.org","@graph":[{"@type":"WebSite","@id":"https:\/\/www.visit-ulcinj.com\/blog\/#website","url":"https:\/\/www.visit-ulcinj.com\/blog\/","name":"Lajme nga Ulqini","description":"Lajme,Vijesti,Ulqini,Ulqin,Crna Gora,Mali i Zi","potentialAction":[{"@type":"SearchAction","target":{"@type":"EntryPoint","urlTemplate":"https:\/\/www.visit-ulcinj.com\/blog\/?s={search_term_string}"},"query-input":"required name=search_term_string"}],"inLanguage":"en-US"},{"@type":"ImageObject","inLanguage":"en-US","@id":"https:\/\/www.visit-ulcinj.com\/blog\/2012\/11\/30\/knsh-ja-shpreh-kenaqesin-per-lirimin-e-haradinaj\/#primaryimage","url":"https:\/\/www.visit-ulcinj.com\/blog\/wp-content\/uploads\/2011\/03\/KNSH_MZ_logo.jpg","contentUrl":"https:\/\/www.visit-ulcinj.com\/blog\/wp-content\/uploads\/2011\/03\/KNSH_MZ_logo.jpg","width":"318","height":"142"},{"@type":"WebPage","@id":"https:\/\/www.visit-ulcinj.com\/blog\/2012\/11\/30\/knsh-ja-shpreh-kenaqesin-per-lirimin-e-haradinaj\/#webpage","url":"https:\/\/www.visit-ulcinj.com\/blog\/2012\/11\/30\/knsh-ja-shpreh-kenaqesin-per-lirimin-e-haradinaj\/","name":"KNSH-ja shpreh k\u00ebnaq\u00ebsin p\u00ebr lirimin e Haradinaj - Lajme nga Ulqini","isPartOf":{"@id":"https:\/\/www.visit-ulcinj.com\/blog\/#website"},"primaryImageOfPage":{"@id":"https:\/\/www.visit-ulcinj.com\/blog\/2012\/11\/30\/knsh-ja-shpreh-kenaqesin-per-lirimin-e-haradinaj\/#primaryimage"},"datePublished":"2012-11-30T20:52:15+00:00","dateModified":"2012-12-01T07:37:23+00:00","author":{"@id":"https:\/\/www.visit-ulcinj.com\/blog\/#\/schema\/person\/dcab619c614d3038751c63bc2aadc06d"},"description":"K\u00cbSHILLI NACIONAL I SHQIPTAR\u00cbVE N\u00cb MALIN E ZI NACIONALNI SAVJET ALBANACA U CRNOJ GORI ALBANIAN NATIONAL COUNCIL IN MONTENEGRO Ulqin m\u00eb,30.11.2012 URIM\u00a0","breadcrumb":{"@id":"https:\/\/www.visit-ulcinj.com\/blog\/2012\/11\/30\/knsh-ja-shpreh-kenaqesin-per-lirimin-e-haradinaj\/#breadcrumb"},"inLanguage":"en-US","potentialAction":[{"@type":"ReadAction","target":["https:\/\/www.visit-ulcinj.com\/blog\/2012\/11\/30\/knsh-ja-shpreh-kenaqesin-per-lirimin-e-haradinaj\/"]}]},{"@type":"BreadcrumbList","@id":"https:\/\/www.visit-ulcinj.com\/blog\/2012\/11\/30\/knsh-ja-shpreh-kenaqesin-per-lirimin-e-haradinaj\/#breadcrumb","itemListElement":[{"@type":"ListItem","position":1,"name":"KNSH-ja shpreh k\u00ebnaq\u00ebsin p\u00ebr lirimin e Haradinaj"}]},{"@type":"Person","@id":"https:\/\/www.visit-ulcinj.com\/blog\/#\/schema\/person\/dcab619c614d3038751c63bc2aadc06d","name":"ulqini","sameAs":["http:\/\/www.visit-ulcinj.com"],"url":"https:\/\/www.visit-ulcinj.com\/blog\/author\/admin\/"}]}},"jetpack_featured_media_url":"","jetpack_sharing_enabled":true,"jetpack_shortlink":"https:\/\/wp.me\/pe6lTn-heQ","_links":{"self":[{"href":"https:\/\/www.visit-ulcinj.com\/blog\/wp-json\/wp\/v2\/posts\/66268"}],"collection":[{"href":"https:\/\/www.visit-ulcinj.com\/blog\/wp-json\/wp\/v2\/posts"}],"about":[{"href":"https:\/\/www.visit-ulcinj.com\/blog\/wp-json\/wp\/v2\/types\/post"}],"author":[{"embeddable":true,"href":"https:\/\/www.visit-ulcinj.com\/blog\/wp-json\/wp\/v2\/users\/1"}],"replies":[{"embeddable":true,"href":"https:\/\/www.visit-ulcinj.com\/blog\/wp-json\/wp\/v2\/comments?post=66268"}],"version-history":[{"count":3,"href":"https:\/\/www.visit-ulcinj.com\/blog\/wp-json\/wp\/v2\/posts\/66268\/revisions"}],"predecessor-version":[{"id":67342,"href":"https:\/\/www.visit-ulcinj.com\/blog\/wp-json\/wp\/v2\/posts\/66268\/revisions\/67342"}],"wp:attachment":[{"href":"https:\/\/www.visit-ulcinj.com\/blog\/wp-json\/wp\/v2\/media?parent=66268"}],"wp:term":[{"taxonomy":"category","embeddable":true,"href":"https:\/\/www.visit-ulcinj.com\/blog\/wp-json\/wp\/v2\/categories?post=66268"},{"taxonomy":"post_tag","embeddable":true,"href":"https:\/\/www.visit-ulcinj.com\/blog\/wp-json\/wp\/v2\/tags?post=66268"}],"curies":[{"name":"wp","href":"https:\/\/api.w.org\/{rel}","templated":true}]}}