{"id":66283,"date":"2012-12-01T06:41:09","date_gmt":"2012-12-01T05:41:09","guid":{"rendered":"http:\/\/www.visit-ulcinj.com\/blog\/?p=66283"},"modified":"2012-12-03T08:55:16","modified_gmt":"2012-12-03T07:55:16","slug":"cungu-kjo-shqiponje-ka-fluturuar-dhe-do-te-fluturoje-edhe-ne-ulqin-video","status":"publish","type":"post","link":"https:\/\/www.visit-ulcinj.com\/blog\/2012\/12\/01\/cungu-kjo-shqiponje-ka-fluturuar-dhe-do-te-fluturoje-edhe-ne-ulqin-video\/","title":{"rendered":"Cungu: Kjo shqiponj\u00eb ka fluturuar dhe do t\u00eb fluturoj\u00eb edhe n\u00eb Ulqin &#8211; Video"},"content":{"rendered":"<p><strong><a href=\"http:\/\/www.visit-ulcinj.com\/blog\/wp-content\/uploads\/2012\/12\/Memoriali-i-Shqiponjes-Tirane_Nazif-Cungu.5.jpg\"><img loading=\"lazy\" class=\"alignleft  wp-image-66285\" title=\"Memoriali i Shqiponjes Tirane_Nazif Cungu.5\" src=\"http:\/\/www.visit-ulcinj.com\/blog\/wp-content\/uploads\/2012\/12\/Memoriali-i-Shqiponjes-Tirane_Nazif-Cungu.5.jpg\" alt=\"\" width=\"508\" height=\"360\" \/><\/a>N\u00eb Tiran\u00eb u inauguruar sot Memoriali i Shqiponj\u00ebs, simbolit t\u00eb shqiptar\u00ebve, nj\u00eb projekt i financuar nga biznesmeni dhe veprimtari Lazim Destani. <\/strong><\/p>\n<p>N\u00eb ceremonin\u00eb e p\u00ebrurimit t\u00eb k\u00ebsaj vepre mor\u00ebn pjes\u00eb kryeministri i Shqip\u00ebris\u00eb Sali Berisha, 13 kryetar\u00eb t\u00eb komunave nga Kosova,\u00a0Maqedonia,\u00a0Mali i Zi dhe Lugina e Preshev\u00ebs, mes tyre kryetari i Prishtin\u00ebs, Tetov\u00ebs, Preshev\u00ebs, Gostivarit, Strug\u00ebs, Gjakov\u00ebs, Prizrenit, Mitrovic\u00ebs, Ulqinit, etj.<\/p>\n<p>Memoriali i Shqiponj\u00ebs u vendos n\u00eb zon\u00ebn e quajtur, rrethrrotullimi i Dogan\u00ebs, i cili nj\u00ebher\u00ebsh merr emrin sheshi \u201cShqiponja\u201d, nd\u00ebrsa shqiponja, 6 metra e lart\u00eb dhe me bazament kat\u00ebr metra do t\u00eb q\u00ebndroj\u00eb nga sot denj\u00ebsisht dhe krenare, n\u00eb qytetin e Tiran\u00ebs.<\/p>\n<p>Kryetari i Bashkis\u00eb s\u00eb Tiran\u00ebs Lulzim Basha\u00a0e ka cil\u00ebsuar shqiponj\u00ebn, simbol force, krenarie dhe lart\u00ebsie p\u00ebr shqiptar\u00ebt.<\/p>\n<p>\u201cSot jemi mbledhur k\u00ebtu shqiptarisht dhe solemnisht, nga \u00e7do k\u00ebnd ku flitet dhe jetohet shqip, p\u00ebr t\u00eb nderuar k\u00ebt\u00eb simbol t\u00eb kombit, n\u00eb 100 vjetorin e Pavar\u00ebsis\u00eb, k\u00ebt\u00eb simbol q\u00eb askush nuk e vrau dot n\u00eb shekuj, q\u00eb askush nuk e futi dot n\u00eb kafaz, q\u00eb askush nd\u00ebr ne nuk e harroi dhe nuk do ta harroj\u00eb n\u00eb jet\u00eb t\u00eb jet\u00ebve! Ky simbol i mungonte Tiran\u00ebs dhe sot vjen k\u00ebtu, n\u00eb k\u00ebt\u00eb 100 vjetor, derdhur n\u00eb \u00e7elik t\u00eb r\u00ebnd\u00eb, sepse sot\u00a0 jemi m\u00eb t\u00eb lir\u00eb dhe m\u00eb t\u00eb fort\u00eb se dje, sepse sot kjo shqiponj\u00eb n\u00eb fush\u00ebn e kuqe t\u00eb flamurit ton\u00eb, val\u00ebvitet m\u00eb e fort\u00eb dhe m\u00eb e lir\u00eb, kudo ku jetojn\u00eb shqiptar\u00ebt\u201d<\/p>\n<p>Kryeministri Sali Berisha ka uruar n\u00eb m\u00ebnyr\u00eb t\u00eb ve\u00e7ant\u00eb, n\u00eb p\u00ebrvjetorin e 100- t\u00eb Pavar\u00ebsis\u00eb t\u00eb rinjt\u00eb, q\u00eb t\u00eb fluturojn\u00eb pas shqiponj\u00ebs gjithnj\u00eb me dinjitet m\u00eb t\u00eb madh, m\u00eb t\u00eb lir\u00eb, m\u00eb t\u00eb bashkuar.<\/p>\n<p>\u201cJu uroj g\u00ebzuar qytetar\u00ebve t\u00eb Tiran\u00ebs, qytetar\u00ebve shqiptar\u00eb dhe shqiptar\u00ebve kudo q\u00eb ndodhen: \u201cG\u00ebzuar 28 n\u00ebntorin!\u201d. Le t\u00eb urojm\u00eb ne s\u00eb bashku, me p\u00ebrpjekje t\u00eb madhe, t\u00eb frym\u00ebzuar nga vepra e atyre q\u00eb b\u00ebn\u00eb t\u00eb mundur q\u00eb sot ne t\u00eb jemi t\u00eb lir\u00eb, t\u00eb punojm\u00eb p\u00ebr t\u00eb b\u00ebr\u00eb p\u00ebrfundimisht t\u00eb v\u00ebrtet\u00eb idealin m\u00eb sublim t\u00eb shqiptar\u00ebve, idealin e bashkimit komb\u00ebtar t\u00eb shqiptar\u00ebve kudo q\u00eb jan\u00eb! Le t\u2019u urojm\u00eb ne t\u00eb rinjve shqiptar\u00eb, q\u00eb t\u00eb fluturojn\u00eb pas shqiponj\u00ebs gjithnj\u00eb e m\u00eb lart, gjithnj\u00eb me dinjitet m\u00eb t\u00eb madh, m\u00eb t\u00eb lir\u00eb , m\u00eb t\u00eb bashkuar!\u201d<\/p>\n<p><strong>Financuesi i k\u00ebsaj vepre madh\u00ebshtore Lazim Destani ka apeluar p\u00ebr bashkim kulturor, arsimor dhe ekonomik t\u00eb shqiptar\u00ebve:<\/strong><\/p>\n<p>\u201cSot, d\u00ebshira m\u00eb e madhe e \u00e7do shqiptari\u00a0 \u00ebsht\u00eb t\u00eb jemi t\u00eb bashkuar . Bashkimi \u00ebsht\u00eb proces q\u00eb ka filluar . Le ta p\u00ebrshpejtojm\u00eb bashkimin ton\u00eb arsimor, kulturor, ekonomik dhe n\u00eb t\u00eb gjitha fushat e tjera, p\u00ebr ta b\u00ebr\u00eb realitet \u00ebndrr\u00ebn e shum\u00ebpritur t\u00eb bashkimit komb\u00ebtar. Prandaj sa her\u00eb q\u00eb jan\u00eb n\u00eb pyetje interesat gjith\u00ebshqiptare, duhet t\u00eb jemi unik\u00eb e t\u00eb flasim me nj\u00eb z\u00eb\u201d<\/p>\n<p>Kryetari i komun\u00ebs s\u00eb Prishtin\u00ebs Isa Mustafa tha se sot shqiptar\u00ebt ndihen krenar\u00eb, p\u00ebr at\u00eb q\u00eb kan\u00eb arritur n\u00eb k\u00ebto 100 vite:<\/p>\n<p>\u201cSot, shqiptar\u00ebt kudo q\u00eb jan\u00eb t\u00eb gjith\u00eb, le t\u00eb jemi krenar\u00eb p\u00ebr t\u00eb arritur gjat\u00eb k\u00ebtij shekulli t\u00eb m\u00ebvet\u00ebsis\u00eb s\u00eb shtetit shqiptar! Sot Shqip\u00ebria \u00ebsht\u00eb shtet n\u00eb NATO, shtet i cili \u00ebsht\u00eb af\u00ebr integrimi t\u00eb Bashkimit Evropian\u00a0dhe un\u00eb jam shum\u00eb i bindur\u00a0dhe t\u00eb gjith\u00eb shqiptar\u00ebt e Kosov\u00ebs, se p\u00ebrmbyllja e suksesshme \u00a0e k\u00ebtij procesi\u00a0 do t\u00eb kremtohet kudo me t\u00eb nj\u00ebjtin entuziaz\u00ebm,\u00a0 si n\u00eb Shqip\u00ebri ashtu edhe n\u00eb Kosov\u00eb\u00a0 dhe n\u00eb viset e tjera shqiptare\u00a0 ku jetojn\u00eb shqiptar\u00ebt n\u00eb Maqedoni, Kosov\u00ebn lindore, \u00c7am\u00ebri, Mal t\u00eb Zi, n\u00eb diaspor\u00ebn ton\u00eb dhe anek\u00ebnd\u00a0 k\u00ebtij globi\u201d<\/p>\n<p><a href=\"http:\/\/www.visit-ulcinj.com\/blog\/wp-content\/uploads\/2012\/12\/Memoriali-i-Shqiponjes-Tirane_Nazif-Cungu.3.jpg\"><img loading=\"lazy\" class=\"alignleft  wp-image-66286\" title=\"Memoriali i Shqiponjes Tirane_Nazif Cungu.3\" src=\"http:\/\/www.visit-ulcinj.com\/blog\/wp-content\/uploads\/2012\/12\/Memoriali-i-Shqiponjes-Tirane_Nazif-Cungu.3.jpg\" alt=\"\" width=\"508\" height=\"300\" \/><\/a><\/p>\n<p><strong>Nazif Cungu, Kryetar i komun\u00ebs s\u00eb Ulqinit:<\/strong><\/p>\n<p>Ne sot, p\u00ebrulemi para atyre burrave dhe grave q\u00eb dhan\u00eb kontributin e tyre p\u00ebr lirin\u00eb dhe pavar\u00ebsin\u00eb e Shqip\u00ebris\u00eb dhe t\u00eb Kosov\u00ebs . \u00c7do shqiptar p\u00ebrcjell me krenari arritjet tuaja. Sot, m\u00eb shum\u00eb se kurr\u00eb kan\u00eb arsye t\u00eb punojn\u00eb dhe t\u00eb jen\u00eb m\u00eb optimist\u00eb, p\u00ebr nj\u00eb t\u00eb ardhme m\u00eb t\u00eb ndritur, duke kontribuar \u00e7do dit\u00eb e m\u00eb shum\u00eb n\u00eb vlerat dhe idealet tona komb\u00ebtare. \u00a0T\u2019i lem\u00eb pas vuajtjet dhe t\u00eb jet\u00eb ky 100 vjetor\u00a0 fillim i nj\u00eb ere t\u00eb re, \u00a0er\u00eb n\u00eb t\u00eb cil\u00ebn f\u00ebmij\u00ebt tan\u00eb nuk do t\u00eb njohin m\u00eb ndarje. Kjo shqiponj\u00eb ka fluturuar dhe do t\u00eb fluturoj\u00eb edhe n\u00eb Ulqin.<\/p>\n<p><strong>Sadi Bexheti, Kryetar i Komun\u00ebs s\u00eb Tetov\u00ebs:<\/strong><\/p>\n<p>Shpreh k\u00ebnaq\u00ebsin\u00eb time t\u00eb thell\u00eb dhe t\u00eb gjith\u00eb qytetar\u00ebve t\u00eb Tetov\u00ebs q\u00eb sot, bashk\u00eb me ju, n\u00eb fest\u00ebn e madhe t\u00eb 100 vjetorit t\u00eb Pavar\u00ebsis\u00eb s\u00eb Shqip\u00ebris\u00eb do t\u00eb inaugurojm\u00eb n\u00eb \u00a0mesin e \u201cShqiponj\u00ebs\u201d, si simbol bashkimi e bashk\u00ebpunimi dhe si simbol i identitetit kulturor dhe politik dhe \u00a0historik t\u00eb shqiptar\u00ebve. Shqiponja mbetet si krye simbol, p\u00ebr t\u00eb gjith\u00eb hap\u00ebsirat shqiptare.<\/p>\n<p><strong>Ragmi Mustafa, Kryetar i Komun\u00ebs s\u00eb Preshev\u00ebs:<\/strong><\/p>\n<p>Sjell mesazhin m\u00eb\u00a0\u00a0t\u00eb madh t\u00eb Lugin\u00ebs s\u00eb Preshev\u00ebs\u00a0\u00a0p\u00ebr festat e n\u00ebntorit, dit\u00ebn e Flamurit, dit\u00ebn e shpalljes s\u00eb Pavar\u00ebsis\u00eb s\u00eb Shqip\u00ebris\u00eb dhe festa t\u00eb tjera, p\u00ebr t\u00eb cilat do mblidhemi k\u00ebt\u00eb n\u00ebntor.\u00a0 Shqiponja \u00ebsht\u00eb nj\u00eb ikon\u00eb, \u00ebsht\u00eb simboli komb\u00ebtar i flamurit komb\u00ebtar\u00a0q\u00eb i identifikon shqiptar\u00ebt kudo q\u00eb jan\u00eb<strong>.(INA)<\/strong><\/p>\n<p>\n\t\t<style type=\"text\/css\">\n\t\t\t#gallery-1 {\n\t\t\t\tmargin: auto;\n\t\t\t}\n\t\t\t#gallery-1 .gallery-item {\n\t\t\t\tfloat: left;\n\t\t\t\tmargin-top: 10px;\n\t\t\t\ttext-align: center;\n\t\t\t\twidth: 33%;\n\t\t\t}\n\t\t\t#gallery-1 img {\n\t\t\t\tborder: 2px solid #cfcfcf;\n\t\t\t}\n\t\t\t#gallery-1 .gallery-caption {\n\t\t\t\tmargin-left: 0;\n\t\t\t}\n\t\t\t\/* see gallery_shortcode() in wp-includes\/media.php *\/\n\t\t<\/style>\n\t\t<div id='gallery-1' class='gallery galleryid-66283 gallery-columns-3 gallery-size-thumbnail'><dl class='gallery-item'>\n\t\t\t<dt class='gallery-icon landscape'>\n\t\t\t\t<a href='https:\/\/www.visit-ulcinj.com\/blog\/wp-content\/uploads\/2012\/12\/Memoriali-i-Shqiponjes-Tirane_Nazif-Cungu.5.jpg'><img width=\"150\" height=\"150\" src=\"https:\/\/www.visit-ulcinj.com\/blog\/wp-content\/uploads\/2012\/12\/Memoriali-i-Shqiponjes-Tirane_Nazif-Cungu.5-150x150.jpg\" class=\"attachment-thumbnail size-thumbnail\" alt=\"\" loading=\"lazy\" \/><\/a>\n\t\t\t<\/dt><\/dl><dl class='gallery-item'>\n\t\t\t<dt class='gallery-icon landscape'>\n\t\t\t\t<a href='https:\/\/www.visit-ulcinj.com\/blog\/wp-content\/uploads\/2012\/12\/Memoriali-i-Shqiponjes-Tirane_Nazif-Cungu.3.jpg'><img width=\"150\" height=\"150\" src=\"https:\/\/www.visit-ulcinj.com\/blog\/wp-content\/uploads\/2012\/12\/Memoriali-i-Shqiponjes-Tirane_Nazif-Cungu.3-150x150.jpg\" class=\"attachment-thumbnail size-thumbnail\" alt=\"\" loading=\"lazy\" \/><\/a>\n\t\t\t<\/dt><\/dl><dl class='gallery-item'>\n\t\t\t<dt class='gallery-icon landscape'>\n\t\t\t\t<a href='https:\/\/www.visit-ulcinj.com\/blog\/wp-content\/uploads\/2012\/12\/Memoriali-i-Shqiponjes-Tirane_Nazif-Cungu.1.jpg'><img width=\"150\" height=\"150\" src=\"https:\/\/www.visit-ulcinj.com\/blog\/wp-content\/uploads\/2012\/12\/Memoriali-i-Shqiponjes-Tirane_Nazif-Cungu.1-150x150.jpg\" class=\"attachment-thumbnail size-thumbnail\" alt=\"\" loading=\"lazy\" \/><\/a>\n\t\t\t<\/dt><\/dl><br style=\"clear: both\" \/><dl class='gallery-item'>\n\t\t\t<dt class='gallery-icon landscape'>\n\t\t\t\t<a href='https:\/\/www.visit-ulcinj.com\/blog\/wp-content\/uploads\/2012\/12\/Memoriali-i-Shqiponjes-Tirane_Nazif-Cungu.2.jpg'><img width=\"150\" height=\"150\" src=\"https:\/\/www.visit-ulcinj.com\/blog\/wp-content\/uploads\/2012\/12\/Memoriali-i-Shqiponjes-Tirane_Nazif-Cungu.2-150x150.jpg\" class=\"attachment-thumbnail size-thumbnail\" alt=\"\" loading=\"lazy\" \/><\/a>\n\t\t\t<\/dt><\/dl><dl class='gallery-item'>\n\t\t\t<dt class='gallery-icon landscape'>\n\t\t\t\t<a href='https:\/\/www.visit-ulcinj.com\/blog\/wp-content\/uploads\/2012\/12\/Memoriali-i-Shqiponjes-Tirane_Nazif-Cungu.4.jpg'><img width=\"150\" height=\"150\" src=\"https:\/\/www.visit-ulcinj.com\/blog\/wp-content\/uploads\/2012\/12\/Memoriali-i-Shqiponjes-Tirane_Nazif-Cungu.4-150x150.jpg\" class=\"attachment-thumbnail size-thumbnail\" alt=\"\" loading=\"lazy\" \/><\/a>\n\t\t\t<\/dt><\/dl><dl class='gallery-item'>\n\t\t\t<dt class='gallery-icon landscape'>\n\t\t\t\t<a href='https:\/\/www.visit-ulcinj.com\/blog\/wp-content\/uploads\/2012\/12\/Memoriali-i-Shqiponjes-Tirane_Nazif-Cungu.jpg'><img width=\"150\" height=\"150\" src=\"https:\/\/www.visit-ulcinj.com\/blog\/wp-content\/uploads\/2012\/12\/Memoriali-i-Shqiponjes-Tirane_Nazif-Cungu-150x150.jpg\" class=\"attachment-thumbnail size-thumbnail\" alt=\"\" loading=\"lazy\" \/><\/a>\n\t\t\t<\/dt><\/dl><br style=\"clear: both\" \/>\n\t\t<\/div>\n<br \/>\n<iframe loading=\"lazy\" src=\"http:\/\/www.youtube.com\/embed\/5z_yTYidut4?rel=0\" frameborder=\"0\" width=\"508\" height=\"360\"><\/iframe><\/p>\n","protected":false},"excerpt":{"rendered":"<p>N\u00eb Tiran\u00eb u inauguruar sot Memoriali i Shqiponj\u00ebs, simbolit t\u00eb shqiptar\u00ebve, nj\u00eb projekt i financuar nga biznesmeni dhe veprimtari Lazim Destani. N\u00eb ceremonin\u00eb e p\u00ebrurimit t\u00eb k\u00ebsaj vepre mor\u00ebn pjes\u00eb kryeministri i Shqip\u00ebris\u00eb Sali Berisha, 13 kryetar\u00eb t\u00eb komunave nga Kosova,\u00a0Maqedonia,\u00a0Mali i Zi dhe Lugina e Preshev\u00ebs, mes tyre kryetari i Prishtin\u00ebs, Tetov\u00ebs, Preshev\u00ebs, Gostivarit, [&hellip;]<\/p>\n","protected":false},"author":1,"featured_media":0,"comment_status":"open","ping_status":"closed","sticky":false,"template":"","format":"standard","meta":{"spay_email":"","jetpack_publicize_message":"","jetpack_is_tweetstorm":false,"jetpack_publicize_feature_enabled":true},"categories":[1,14],"tags":[11609,21509,21512,21521,212,21522,17828,21239,17834,3382,21237,18370,17811,21523,21242,20884,7930,17831,18362,14353,17808,14354,12340,17840,17839,17468,8161,18363,21524,21221,21525,21222,18532,17835,21240,17814,17810,17816,2326,17071,2319,21246,10400,17807,21526,21253,21468,21469,19517,3516,14652,17837,2322,17827,18023,21219,21416,8470,21244,21572,21503,21494,2338,21238,21527,21248,14358,21528,222,2321,17802,17812,17803,2323,3584,17820,1499,21236,21250,21529,17825,21530,17817,21531,17805,21252,3169,305,21574,21251,840,17823,2325,17832,3506,17818,214,21231,3993,5913,17680,2327,14362,21532,14363,18371,297,21493,21230,21241,21513,21533,3507,730,21471,21249,17800,498,3500,21421,21534,21228,21255,115,14364,21234,18694,21254,21535,21536,21223,21418,21537,17799,21538,3327,21226,17841,3944,17826,15213,18236,3512,17806,21539,18399,11648,18289,21233,21540,17838,499,21541,95,2331,21542,21543,2348,21427,17813,21544,17804,21545,15141,347,21546,19495,17836,14366,21547,21510,2332,3875,79,17073,18294,21570,21573,318,118,18368,18369,21417,21257,21258,1653,21420,21426,21419,21548,2304,21261,2360,21232,1909,21549,21550,21551,21243,21224,14367,500,21552,21553,21235,2354,5380,21554,17801,40,2306,2334,2335,21470,18360,21227,3577,17822,14368,14369,21555,208,21225,21492,17824,14370,4244,21247,18291,16228,21556,21259,2083,3231,14371,21220,41,3617,5040,3582,2350,3722,21260,2310,14372,17844,17821,2312,21557,18372,21256,17830,17077,18295,14375,17833,17829,899,21245,20894,2337,42,3797,3583,1655,21558,21559,21229,21560,200,18,10421,17819,21561,21562,2339,4243,16445,3333,17809,21563,2340,4265,14376],"jetpack_publicize_connections":[],"yoast_head":"<!-- This site is optimized with the Yoast SEO plugin v19.1 - https:\/\/yoast.com\/wordpress\/plugins\/seo\/ -->\n<title>Cungu: Kjo shqiponj\u00eb ka fluturuar dhe do t\u00eb fluturoj\u00eb edhe n\u00eb Ulqin - Video - Lajme nga Ulqini<\/title>\n<meta name=\"description\" content=\"N\u00eb Tiran\u00eb u inauguruar sot Memoriali i Shqiponj\u00ebs, simbolit t\u00eb shqiptar\u00ebve, nj\u00eb projekt i financuar nga biznesmeni dhe veprimtari Lazim Destani. N\u00eb\" \/>\n<meta name=\"robots\" content=\"index, follow, max-snippet:-1, max-image-preview:large, max-video-preview:-1\" \/>\n<link rel=\"canonical\" href=\"https:\/\/www.visit-ulcinj.com\/blog\/2012\/12\/01\/cungu-kjo-shqiponje-ka-fluturuar-dhe-do-te-fluturoje-edhe-ne-ulqin-video\/\" \/>\n<meta property=\"og:locale\" content=\"en_US\" \/>\n<meta property=\"og:type\" content=\"article\" \/>\n<meta property=\"og:title\" content=\"Cungu: Kjo shqiponj\u00eb ka fluturuar dhe do t\u00eb fluturoj\u00eb edhe n\u00eb Ulqin - Video - Lajme nga Ulqini\" \/>\n<meta property=\"og:description\" content=\"N\u00eb Tiran\u00eb u inauguruar sot Memoriali i Shqiponj\u00ebs, simbolit t\u00eb shqiptar\u00ebve, nj\u00eb projekt i financuar nga biznesmeni dhe veprimtari Lazim Destani. N\u00eb\" \/>\n<meta property=\"og:url\" content=\"https:\/\/www.visit-ulcinj.com\/blog\/2012\/12\/01\/cungu-kjo-shqiponje-ka-fluturuar-dhe-do-te-fluturoje-edhe-ne-ulqin-video\/\" \/>\n<meta property=\"og:site_name\" content=\"Lajme nga Ulqini\" \/>\n<meta property=\"article:published_time\" content=\"2012-12-01T05:41:09+00:00\" \/>\n<meta property=\"article:modified_time\" content=\"2012-12-03T07:55:16+00:00\" \/>\n<meta property=\"og:image\" content=\"https:\/\/www.visit-ulcinj.com\/blog\/wp-content\/uploads\/2012\/12\/Memoriali-i-Shqiponjes-Tirane_Nazif-Cungu.5-150x150.jpg\" \/>\n<meta name=\"twitter:label1\" content=\"Written by\" \/>\n\t<meta name=\"twitter:data1\" content=\"ulqini\" \/>\n\t<meta name=\"twitter:label2\" content=\"Est. reading time\" \/>\n\t<meta name=\"twitter:data2\" content=\"5 minutes\" \/>\n<script type=\"application\/ld+json\" class=\"yoast-schema-graph\">{\"@context\":\"https:\/\/schema.org\",\"@graph\":[{\"@type\":\"WebSite\",\"@id\":\"https:\/\/www.visit-ulcinj.com\/blog\/#website\",\"url\":\"https:\/\/www.visit-ulcinj.com\/blog\/\",\"name\":\"Lajme nga Ulqini\",\"description\":\"Lajme,Vijesti,Ulqini,Ulqin,Crna Gora,Mali i Zi\",\"potentialAction\":[{\"@type\":\"SearchAction\",\"target\":{\"@type\":\"EntryPoint\",\"urlTemplate\":\"https:\/\/www.visit-ulcinj.com\/blog\/?s={search_term_string}\"},\"query-input\":\"required name=search_term_string\"}],\"inLanguage\":\"en-US\"},{\"@type\":\"ImageObject\",\"inLanguage\":\"en-US\",\"@id\":\"https:\/\/www.visit-ulcinj.com\/blog\/2012\/12\/01\/cungu-kjo-shqiponje-ka-fluturuar-dhe-do-te-fluturoje-edhe-ne-ulqin-video\/#primaryimage\",\"url\":\"https:\/\/www.visit-ulcinj.com\/blog\/wp-content\/uploads\/2012\/12\/Memoriali-i-Shqiponjes-Tirane_Nazif-Cungu.5.jpg\",\"contentUrl\":\"https:\/\/www.visit-ulcinj.com\/blog\/wp-content\/uploads\/2012\/12\/Memoriali-i-Shqiponjes-Tirane_Nazif-Cungu.5.jpg\",\"width\":\"960\",\"height\":\"638\"},{\"@type\":\"WebPage\",\"@id\":\"https:\/\/www.visit-ulcinj.com\/blog\/2012\/12\/01\/cungu-kjo-shqiponje-ka-fluturuar-dhe-do-te-fluturoje-edhe-ne-ulqin-video\/#webpage\",\"url\":\"https:\/\/www.visit-ulcinj.com\/blog\/2012\/12\/01\/cungu-kjo-shqiponje-ka-fluturuar-dhe-do-te-fluturoje-edhe-ne-ulqin-video\/\",\"name\":\"Cungu: Kjo shqiponj\u00eb ka fluturuar dhe do t\u00eb fluturoj\u00eb edhe n\u00eb Ulqin - Video - Lajme nga Ulqini\",\"isPartOf\":{\"@id\":\"https:\/\/www.visit-ulcinj.com\/blog\/#website\"},\"primaryImageOfPage\":{\"@id\":\"https:\/\/www.visit-ulcinj.com\/blog\/2012\/12\/01\/cungu-kjo-shqiponje-ka-fluturuar-dhe-do-te-fluturoje-edhe-ne-ulqin-video\/#primaryimage\"},\"datePublished\":\"2012-12-01T05:41:09+00:00\",\"dateModified\":\"2012-12-03T07:55:16+00:00\",\"author\":{\"@id\":\"https:\/\/www.visit-ulcinj.com\/blog\/#\/schema\/person\/dcab619c614d3038751c63bc2aadc06d\"},\"description\":\"N\u00eb Tiran\u00eb u inauguruar sot Memoriali i Shqiponj\u00ebs, simbolit t\u00eb shqiptar\u00ebve, nj\u00eb projekt i financuar nga biznesmeni dhe veprimtari Lazim Destani. N\u00eb\",\"breadcrumb\":{\"@id\":\"https:\/\/www.visit-ulcinj.com\/blog\/2012\/12\/01\/cungu-kjo-shqiponje-ka-fluturuar-dhe-do-te-fluturoje-edhe-ne-ulqin-video\/#breadcrumb\"},\"inLanguage\":\"en-US\",\"potentialAction\":[{\"@type\":\"ReadAction\",\"target\":[\"https:\/\/www.visit-ulcinj.com\/blog\/2012\/12\/01\/cungu-kjo-shqiponje-ka-fluturuar-dhe-do-te-fluturoje-edhe-ne-ulqin-video\/\"]}]},{\"@type\":\"BreadcrumbList\",\"@id\":\"https:\/\/www.visit-ulcinj.com\/blog\/2012\/12\/01\/cungu-kjo-shqiponje-ka-fluturuar-dhe-do-te-fluturoje-edhe-ne-ulqin-video\/#breadcrumb\",\"itemListElement\":[{\"@type\":\"ListItem\",\"position\":1,\"name\":\"Cungu: Kjo shqiponj\u00eb ka fluturuar dhe do t\u00eb fluturoj\u00eb edhe n\u00eb Ulqin &#8211; Video\"}]},{\"@type\":\"Person\",\"@id\":\"https:\/\/www.visit-ulcinj.com\/blog\/#\/schema\/person\/dcab619c614d3038751c63bc2aadc06d\",\"name\":\"ulqini\",\"sameAs\":[\"http:\/\/www.visit-ulcinj.com\"],\"url\":\"https:\/\/www.visit-ulcinj.com\/blog\/author\/admin\/\"}]}<\/script>\n<!-- \/ Yoast SEO plugin. -->","yoast_head_json":{"title":"Cungu: Kjo shqiponj\u00eb ka fluturuar dhe do t\u00eb fluturoj\u00eb edhe n\u00eb Ulqin - Video - Lajme nga Ulqini","description":"N\u00eb Tiran\u00eb u inauguruar sot Memoriali i Shqiponj\u00ebs, simbolit t\u00eb shqiptar\u00ebve, nj\u00eb projekt i financuar nga biznesmeni dhe veprimtari Lazim Destani. N\u00eb","robots":{"index":"index","follow":"follow","max-snippet":"max-snippet:-1","max-image-preview":"max-image-preview:large","max-video-preview":"max-video-preview:-1"},"canonical":"https:\/\/www.visit-ulcinj.com\/blog\/2012\/12\/01\/cungu-kjo-shqiponje-ka-fluturuar-dhe-do-te-fluturoje-edhe-ne-ulqin-video\/","og_locale":"en_US","og_type":"article","og_title":"Cungu: Kjo shqiponj\u00eb ka fluturuar dhe do t\u00eb fluturoj\u00eb edhe n\u00eb Ulqin - Video - Lajme nga Ulqini","og_description":"N\u00eb Tiran\u00eb u inauguruar sot Memoriali i Shqiponj\u00ebs, simbolit t\u00eb shqiptar\u00ebve, nj\u00eb projekt i financuar nga biznesmeni dhe veprimtari Lazim Destani. N\u00eb","og_url":"https:\/\/www.visit-ulcinj.com\/blog\/2012\/12\/01\/cungu-kjo-shqiponje-ka-fluturuar-dhe-do-te-fluturoje-edhe-ne-ulqin-video\/","og_site_name":"Lajme nga Ulqini","article_published_time":"2012-12-01T05:41:09+00:00","article_modified_time":"2012-12-03T07:55:16+00:00","og_image":[{"url":"https:\/\/www.visit-ulcinj.com\/blog\/wp-content\/uploads\/2012\/12\/Memoriali-i-Shqiponjes-Tirane_Nazif-Cungu.5-150x150.jpg"}],"twitter_misc":{"Written by":"ulqini","Est. reading time":"5 minutes"},"schema":{"@context":"https:\/\/schema.org","@graph":[{"@type":"WebSite","@id":"https:\/\/www.visit-ulcinj.com\/blog\/#website","url":"https:\/\/www.visit-ulcinj.com\/blog\/","name":"Lajme nga Ulqini","description":"Lajme,Vijesti,Ulqini,Ulqin,Crna Gora,Mali i Zi","potentialAction":[{"@type":"SearchAction","target":{"@type":"EntryPoint","urlTemplate":"https:\/\/www.visit-ulcinj.com\/blog\/?s={search_term_string}"},"query-input":"required name=search_term_string"}],"inLanguage":"en-US"},{"@type":"ImageObject","inLanguage":"en-US","@id":"https:\/\/www.visit-ulcinj.com\/blog\/2012\/12\/01\/cungu-kjo-shqiponje-ka-fluturuar-dhe-do-te-fluturoje-edhe-ne-ulqin-video\/#primaryimage","url":"https:\/\/www.visit-ulcinj.com\/blog\/wp-content\/uploads\/2012\/12\/Memoriali-i-Shqiponjes-Tirane_Nazif-Cungu.5.jpg","contentUrl":"https:\/\/www.visit-ulcinj.com\/blog\/wp-content\/uploads\/2012\/12\/Memoriali-i-Shqiponjes-Tirane_Nazif-Cungu.5.jpg","width":"960","height":"638"},{"@type":"WebPage","@id":"https:\/\/www.visit-ulcinj.com\/blog\/2012\/12\/01\/cungu-kjo-shqiponje-ka-fluturuar-dhe-do-te-fluturoje-edhe-ne-ulqin-video\/#webpage","url":"https:\/\/www.visit-ulcinj.com\/blog\/2012\/12\/01\/cungu-kjo-shqiponje-ka-fluturuar-dhe-do-te-fluturoje-edhe-ne-ulqin-video\/","name":"Cungu: Kjo shqiponj\u00eb ka fluturuar dhe do t\u00eb fluturoj\u00eb edhe n\u00eb Ulqin - Video - Lajme nga Ulqini","isPartOf":{"@id":"https:\/\/www.visit-ulcinj.com\/blog\/#website"},"primaryImageOfPage":{"@id":"https:\/\/www.visit-ulcinj.com\/blog\/2012\/12\/01\/cungu-kjo-shqiponje-ka-fluturuar-dhe-do-te-fluturoje-edhe-ne-ulqin-video\/#primaryimage"},"datePublished":"2012-12-01T05:41:09+00:00","dateModified":"2012-12-03T07:55:16+00:00","author":{"@id":"https:\/\/www.visit-ulcinj.com\/blog\/#\/schema\/person\/dcab619c614d3038751c63bc2aadc06d"},"description":"N\u00eb Tiran\u00eb u inauguruar sot Memoriali i Shqiponj\u00ebs, simbolit t\u00eb shqiptar\u00ebve, nj\u00eb projekt i financuar nga biznesmeni dhe veprimtari Lazim Destani. N\u00eb","breadcrumb":{"@id":"https:\/\/www.visit-ulcinj.com\/blog\/2012\/12\/01\/cungu-kjo-shqiponje-ka-fluturuar-dhe-do-te-fluturoje-edhe-ne-ulqin-video\/#breadcrumb"},"inLanguage":"en-US","potentialAction":[{"@type":"ReadAction","target":["https:\/\/www.visit-ulcinj.com\/blog\/2012\/12\/01\/cungu-kjo-shqiponje-ka-fluturuar-dhe-do-te-fluturoje-edhe-ne-ulqin-video\/"]}]},{"@type":"BreadcrumbList","@id":"https:\/\/www.visit-ulcinj.com\/blog\/2012\/12\/01\/cungu-kjo-shqiponje-ka-fluturuar-dhe-do-te-fluturoje-edhe-ne-ulqin-video\/#breadcrumb","itemListElement":[{"@type":"ListItem","position":1,"name":"Cungu: Kjo shqiponj\u00eb ka fluturuar dhe do t\u00eb fluturoj\u00eb edhe n\u00eb Ulqin &#8211; Video"}]},{"@type":"Person","@id":"https:\/\/www.visit-ulcinj.com\/blog\/#\/schema\/person\/dcab619c614d3038751c63bc2aadc06d","name":"ulqini","sameAs":["http:\/\/www.visit-ulcinj.com"],"url":"https:\/\/www.visit-ulcinj.com\/blog\/author\/admin\/"}]}},"jetpack_featured_media_url":"","jetpack_sharing_enabled":true,"jetpack_shortlink":"https:\/\/wp.me\/pe6lTn-hf5","_links":{"self":[{"href":"https:\/\/www.visit-ulcinj.com\/blog\/wp-json\/wp\/v2\/posts\/66283"}],"collection":[{"href":"https:\/\/www.visit-ulcinj.com\/blog\/wp-json\/wp\/v2\/posts"}],"about":[{"href":"https:\/\/www.visit-ulcinj.com\/blog\/wp-json\/wp\/v2\/types\/post"}],"author":[{"embeddable":true,"href":"https:\/\/www.visit-ulcinj.com\/blog\/wp-json\/wp\/v2\/users\/1"}],"replies":[{"embeddable":true,"href":"https:\/\/www.visit-ulcinj.com\/blog\/wp-json\/wp\/v2\/comments?post=66283"}],"version-history":[{"count":2,"href":"https:\/\/www.visit-ulcinj.com\/blog\/wp-json\/wp\/v2\/posts\/66283\/revisions"}],"predecessor-version":[{"id":66401,"href":"https:\/\/www.visit-ulcinj.com\/blog\/wp-json\/wp\/v2\/posts\/66283\/revisions\/66401"}],"wp:attachment":[{"href":"https:\/\/www.visit-ulcinj.com\/blog\/wp-json\/wp\/v2\/media?parent=66283"}],"wp:term":[{"taxonomy":"category","embeddable":true,"href":"https:\/\/www.visit-ulcinj.com\/blog\/wp-json\/wp\/v2\/categories?post=66283"},{"taxonomy":"post_tag","embeddable":true,"href":"https:\/\/www.visit-ulcinj.com\/blog\/wp-json\/wp\/v2\/tags?post=66283"}],"curies":[{"name":"wp","href":"https:\/\/api.w.org\/{rel}","templated":true}]}}