{"id":66293,"date":"2012-12-01T07:06:20","date_gmt":"2012-12-01T06:06:20","guid":{"rendered":"http:\/\/www.visit-ulcinj.com\/blog\/?p=66293"},"modified":"2012-12-01T07:09:29","modified_gmt":"2012-12-01T06:09:29","slug":"krijohet-kuvendi-kombetar-i-njesive-vendore-shqiptare-foto","status":"publish","type":"post","link":"https:\/\/www.visit-ulcinj.com\/blog\/2012\/12\/01\/krijohet-kuvendi-kombetar-i-njesive-vendore-shqiptare-foto\/","title":{"rendered":"Krijohet Kuvendi Komb\u00ebtar i Nj\u00ebsive Vendore Shqiptare + Foto"},"content":{"rendered":"<p><a href=\"http:\/\/www.visit-ulcinj.com\/blog\/wp-content\/uploads\/2012\/12\/Krijohet-Kuvendi-Komb\u00ebtar-i-Nj\u00ebsive-Vendore-Shqiptare.jpg\"><img loading=\"lazy\" class=\"alignleft  wp-image-66294\" title=\"Krijohet Kuvendi Komb\u00ebtar i Nj\u00ebsive Vendore Shqiptare\" src=\"http:\/\/www.visit-ulcinj.com\/blog\/wp-content\/uploads\/2012\/12\/Krijohet-Kuvendi-Komb\u00ebtar-i-Nj\u00ebsive-Vendore-Shqiptare.jpg\" alt=\"\" width=\"508\" height=\"360\" \/><\/a>Krahas ngritjes s\u00eb flamurit n\u00eb Tiran\u00eb, nga sot 26 n\u00ebntori do t\u00eb kujtohet edhe si dita e vendimit p\u00ebr krijimin e Kuvendit Komb\u00ebtar t\u00eb Nj\u00ebsive Vendore Shqiptare. Krijimi i kuvendit u formalizua sot me miratimin e t\u00eb zgjedhurve vendor\u00eb nga Shqip\u00ebria, Kosova, Maqedonia, Mali i zi e Presheva.<\/p>\n<p>&#8220;Uroj q\u00eb kjo dat\u00eb e r\u00ebnd\u00ebsishme p\u00ebr qytetin e Tiran\u00ebs, t\u00eb kthehet n\u00eb nj\u00eb dat\u00eb p\u00ebr t\u2019u mbajtur mend edhe p\u00ebr qytetar\u00ebt q\u00eb ne p\u00ebrfaq\u00ebsojm\u00eb sot rreth k\u00ebsaj tavoline, duke i dh\u00ebn\u00eb sot aprovimin formal nj\u00eb prej iniciativave q\u00eb kemi diskutuar s\u00eb bashku k\u00ebtu n\u00eb Tiran\u00eb por edhe n\u00eb Prishtin\u00eb, n\u00eb Tetov\u00eb, n\u00eb Preshev\u00eb, n\u00eb Ulqin dhe kudo tjet\u00ebr, n\u00eb Gjakov\u00eb, at\u00eb t\u00eb themelimit t\u00eb Kuvendit Komb\u00ebtar t\u00eb Nj\u00ebsive Vendore Shqiptare. Nj\u00eb kuvend i p\u00ebrhersh\u00ebm, i organizuar sipas p\u00ebrvojave m\u00eb t\u00eb mira nd\u00ebrkomb\u00ebtare, evropiane e q\u00eb do t\u00eb sh\u00ebrbej\u00eb p\u00ebr t\u00eb \u00e7uar sa m\u00eb p\u00ebrpara, praktikat m\u00eb t\u00eb mira t\u00eb mir\u00ebqeverisjes lokale dhe njehsimin komb\u00ebtar, pavar\u00ebsisht se ku jetojn\u00eb qytetar\u00ebt tan\u00eb, caktimin e nj\u00eb sekretariati p\u00ebr t\u00eb ndjekur aktualizimin e k\u00ebsaj iniciative dhe nisjen pa vones\u00eb t\u00eb nj\u00eb kalendari, i cili do t\u00eb na afroj\u00eb m\u00eb shum\u00eb me nj\u00ebri &#8211; tjetrin, do t\u00eb b\u00ebj\u00eb t\u00eb m\u00ebsojm\u00eb m\u00eb shum\u00eb nga p\u00ebrvojat e nj\u00ebri &#8211; tjetrit, t\u00eb ndihmojm\u00eb p\u00ebr t\u00eb zgjidhur probleme t\u00eb p\u00ebrbashk\u00ebta apo t\u00eb p\u00ebrve\u00e7me, q\u00eb gjithsecili prej nesh ka dhe me t\u00eb cilat ballafaqohet, si\u00e7 ballafaqohen qytetet dhe qytetar\u00ebt tan\u00eb dhe t\u00eb \u00e7ojm\u00eb p\u00ebrpara n\u00ebp\u00ebrmjet k\u00ebsaj ndjesie t\u00eb ribashkimit komb\u00ebtar, aspirat\u00ebn e qytetar\u00ebve tan\u00eb p\u00ebr identitet evropian dhe p\u00ebr bashkim n\u00eb Bashkimin Evropian&#8221; \u2013 theksoi Kreu i Bashkis\u00eb Lulzim Basha.<\/p>\n<p>Fjala e plot\u00eb e Kryetarit t\u00eb Bashkis\u00eb Lulzim Basha:<\/p>\n<p>\u201cT\u00eb nderuar kryetar\u00eb t\u00eb nj\u00ebsive vendore, t\u00eb bashkive dhe komunave;<\/p>\n<p>Zoti kryetar i Komun\u00ebs s\u00eb Prishtin\u00ebs, Profesor, Doktor Isa Mustafa, z. kryetar i Komun\u00ebs s\u00eb Tetov\u00ebs, Profesor Doktor z. Sadi Bexheti, z. kryetar i Komun\u00ebs s\u00eb Gostivarit, z. Kryetar i Komun\u00ebs s\u00eb Strug\u00ebs, i Komun\u00ebs s\u00eb Dibr\u00ebs s\u00eb Madhe, i Komun\u00ebs s\u00eb Prizrenit, i Komun\u00ebs s\u00eb Pej\u00ebs, i Komun\u00ebs s\u00eb Gjilanit, t\u00eb Komun\u00ebs s\u00eb Ferizait, t\u00eb Komun\u00ebs s\u00eb Podujev\u00ebs, z. Avni Kastrati, i Komun\u00ebs s\u00eb Mitrovic\u00ebs, zoti kryetar i Komun\u00ebs s\u00eb Ulqinit, z. Nazif Cungu, z. Kryetar i Komun\u00ebs s\u00eb Preshev\u00ebs, z. Rahmi Mustafa;<\/p>\n<p>I nderuar zoti Kryetar i K\u00ebshillit Bashkiak t\u00eb Tiran\u00ebs, zot\u00ebrinj deputet\u00eb t\u00eb Qarkut t\u00eb Tiran\u00ebs, z. Kryetar Shp\u00ebtim Idrizi, i Partis\u00eb p\u00ebr Drejt\u00ebsi, Integrim dhe Unitet, z. Kryetar i L\u00ebvizjes p\u00ebr Zhvillim Komb\u00ebtar, z. Dashamir Shehu, z. Kryetar i Partis\u00eb Republikane Fatmir Mehdiu;<\/p>\n<p>I nderuar mik i ve\u00e7ant\u00eb z. Destani, Nazif Destani;<\/p>\n<p>T\u00eb nderuar p\u00ebrfaq\u00ebsues t\u00eb familjeve q\u00eb ngrit\u00ebn flamurin n\u00eb Tiran\u00eb, sot 100 vjet m\u00eb par\u00eb;<\/p>\n<p>T\u00eb nderuar t\u00eb ftuar!<\/p>\n<p>Nj\u00eb emocion i ve\u00e7ant\u00eb p\u00ebr mua sot q\u00eb i mikpres n\u00eb k\u00ebt\u00eb drek\u00eb, q\u00eb i paraprin nj\u00eb ngjarje t\u00eb ve\u00e7ant\u00eb p\u00ebr k\u00ebt\u00eb dit\u00eb historike, p\u00ebr qytetin ton\u00eb, at\u00eb t\u00eb shpalosjes s\u00eb monumentit t\u00eb Shqiponj\u00ebs Komb\u00ebtare, shqiponj\u00ebs q\u00eb i ka bashkuar shqiptar\u00ebt nd\u00ebr shekuj, q\u00eb ka qen\u00eb p\u00ebr ta nj\u00eb nga tre tiparet dallues, p\u00ebrpos gjuh\u00ebs dhe gjakut, p\u00ebr t\u00eb cilin ka derdhur gjak dhe me cil\u00ebn jan\u00eb krenar\u00eb dhe krenohen edhe sot. Kam k\u00ebnaq\u00ebsin\u00eb e ve\u00e7ant\u00eb, q\u00eb k\u00ebt\u00eb ta b\u00ebjm\u00eb n\u00eb pranin\u00eb e personaliteteve t\u00eb shquara t\u00eb t\u00eb zgjedhurve vendor\u00eb, q\u00eb p\u00ebrfaq\u00ebsojn\u00eb t\u00eb gjith\u00eb trevat shqiptare sot, n\u00eb tokat tona st\u00ebrgjyshore, n\u00eb Ballkan.<\/p>\n<p>Dje, n\u00eb nj\u00eb ngjarje kulmore historike n\u00eb Shkup, i cili deri para pak dekadash mbante vendin e qytetit m\u00eb t\u00eb madh shqiptar\u00ebve, ne pam\u00eb se si ndjenjat e vet\u00ebndjesimit komb\u00ebtar, t\u00eb dashuris\u00eb p\u00ebr nj\u00ebri-tjetrin, simboleve tona komb\u00ebtare dhe p\u00ebrkushtimit ndaj amaneteve q\u00eb na ka l\u00ebn\u00eb historia shkuan edhe nj\u00ebher\u00eb n\u00eb pik\u00ebn e vlimit, duke i kujtuar brezave t\u00eb sotsh\u00ebm dhe t\u00eb ardhsh\u00ebm dhe gjith\u00eb fqinj\u00ebve, se kombi shqiptar \u00ebsht\u00eb nj\u00eb dhe i pandar\u00eb.<\/p>\n<p>N\u00ebse kufijt\u00eb shqiptar\u00eb t\u00eb nj\u00eb historie t\u00eb padrejt\u00eb nuk mund t\u00eb p\u00ebrb\u00ebjn\u00eb m\u00eb barriera ndar\u00ebse p\u00ebr bashkimin ton\u00eb ekonomik &#8211; kulturor, shpirt\u00ebror e n\u00eb t\u00eb gjitha rrafshet e tjera, duke respektuar identitetin dhe destinacionin ton\u00eb komb\u00ebtar, si qytetar\u00eb t\u00eb Bashkimit Evropian, pavar\u00ebsisht kufijve administrativ\u00eb q\u00eb na ndajn\u00eb, ky \u00ebsht\u00eb nj\u00eb p\u00ebrkushtim i madh, \u00ebsht\u00eb nj\u00eb bes\u00eblidhje e re shqiptare por tashm\u00eb jo vet\u00ebm p\u00ebr t\u00eb shp\u00ebtuar kombin ton\u00eb, por p\u00ebr t\u00eb \u00e7uar p\u00ebrpara nj\u00eb aspirat\u00eb, t\u00eb cil\u00ebn e ndajm\u00eb me t\u00eb gjith\u00eb fqinj\u00ebt tan\u00eb progresiv\u00eb q\u00eb k\u00ebrkojn\u00eb paqe dhe p\u00ebrparim. \u00cbsht\u00eb aspirata e integrimit evropian t\u00eb shqiptar\u00ebve dhe t\u00eb gjith\u00eb rajonit, ku shqiptar\u00ebt nga vet\u00eb historia jan\u00eb dhe do t\u00eb mbet\u00ebn pararoj\u00eb, sepse e shikojn\u00eb tek ky integrim p\u00ebrmbylljen e problematik\u00ebs shekullore t\u00eb cop\u00ebtimit t\u00eb kombit shqiptar. P\u00ebr ne, t\u00eb zgjedhurit vendor\u00eb kjo ka nj\u00eb dometh\u00ebnie t\u00eb ve\u00e7ant\u00eb, mund\u00ebsit\u00eb tona p\u00ebr t\u00eb kontribuar n\u00eb nj\u00eb komunikim m\u00eb t\u00eb p\u00ebrhersh\u00ebm, m\u00eb intensiv t\u00eb biznesit, t\u00eb artit, t\u00eb sportit dhe n\u00eb ve\u00e7anti t\u00eb qytetar\u00ebve q\u00eb p\u00ebrfaq\u00ebsojn\u00eb jan\u00eb shum\u00eb m\u00eb t\u00eb m\u00ebdha, nga sa kemi arritur deri m\u00eb sot.<\/p>\n<p>Dita jon\u00eb \u00ebsht\u00eb e madhe, p\u00ebr t\u00eb b\u00ebr\u00eb t\u00eb mundur q\u00eb n\u00eb rrafshin ekonomik, kulturor, sportiv, shpirt\u00ebror dhe ve\u00e7an\u00ebrisht njer\u00ebzor. Pra, qytetar\u00eb me qytetar\u00eb t\u00eb arrijm\u00eb t\u00eb shkrijm\u00eb p\u00ebrfundimisht mbeturinat dhe jehonat e kufijve, q\u00eb na kan\u00eb ndar\u00eb nd\u00ebr shekuj, t\u00eb shk\u00ebmbejm\u00eb p\u00ebrvojat m\u00eb t\u00eb mira t\u00eb mir\u00ebqeverisjes lokale, t\u00eb transparenc\u00ebs dhe sh\u00ebrbimit ndaj qytetar\u00ebve dhe t\u00eb jemi m\u00eb t\u00eb pranish\u00ebm n\u00eb qytetet, bashkit\u00eb, komunat dhe trevat e nj\u00ebri \u2013 tjetrit.<\/p>\n<p>Uroj q\u00eb kjo dat\u00eb e r\u00ebnd\u00ebsishme p\u00ebr qytetin e Tiran\u00ebs, t\u00eb kthehet n\u00eb nj\u00eb dat\u00eb p\u00ebr t\u2019u mbajtur mend edhe p\u00ebr qytetar\u00ebt q\u00eb ne p\u00ebrfaq\u00ebsojm\u00eb sot rreth k\u00ebsaj tavoline, duke i dh\u00ebn\u00eb sot aprovimin formal, nj\u00eb prej iniciativave q\u00eb kemi diskutuar s\u00eb bashku k\u00ebtu n\u00eb Tiran\u00eb, por edhe n\u00eb Prishtin\u00eb, n\u00eb Tetov\u00eb, n\u00eb Preshev\u00eb, n\u00eb Ulqin dhe kudo tjet\u00ebr, n\u00eb Gjakov\u00eb, at\u00eb t\u00eb themelimit t\u00eb Kuvendit Komb\u00ebtar t\u00eb Nj\u00ebsive Vendore Shqiptare, nj\u00eb kuvend i p\u00ebrhersh\u00ebm, i organizuar sipas p\u00ebrvojave m\u00eb t\u00eb mira nd\u00ebrkomb\u00ebtare, evropiane e q\u00eb do t\u00eb sh\u00ebrbej\u00eb p\u00ebr t\u00eb \u00e7uar sa m\u00eb para, praktikat m\u00eb t\u00eb mira t\u00eb mir\u00ebqeverisjes lokale dhe njehsimin komb\u00ebtar, pavar\u00ebsisht se ku jetojn\u00eb qytetar\u00ebt tan\u00eb, caktimin e nj\u00eb sekretariati p\u00ebr t\u00eb ndjekur aktualizimin e k\u00ebsaj iniciative dhe nisjen pa vones\u00eb t\u00eb nj\u00eb kalendari, i cili do t\u00eb na afroj\u00eb m\u00eb shum\u00eb me nj\u00ebri &#8211; tjetrin, do t\u00eb b\u00ebj\u00eb t\u00eb m\u00ebsojm\u00eb m\u00eb shum\u00eb nga p\u00ebrvojat e nj\u00ebri &#8211; tjetrit, t\u00eb ndihmojm\u00eb p\u00ebr t\u00eb zgjidhur probleme t\u00eb p\u00ebrbashk\u00ebta apo t\u00eb p\u00ebrve\u00e7me, q\u00eb gjithsecili prej nesh ka dhe me t\u00eb cilat ballafaqohet, si\u00e7 ballafaqohen qytetet dhe qytetar\u00ebt tan\u00eb dhe t\u00eb \u00e7ojm\u00eb p\u00ebrpara n\u00ebp\u00ebrmjet k\u00ebsaj ndjesie t\u00eb ribashkimit komb\u00ebtar aspirat\u00ebn e qytetar\u00ebve tan\u00eb, p\u00ebr identitet evropian dhe p\u00ebr bashkim n\u00eb Bashkimin Evropian.<\/p>\n<p>Edhe nj\u00eb her\u00eb shpreh mir\u00ebnjohjen e thell\u00eb p\u00ebr ardhjen tuaj sot k\u00ebtu n\u00eb Tiran\u00eb, n\u00eb k\u00ebt\u00eb dit\u00eb t\u00eb ve\u00e7ant\u00eb p\u00ebr qytetin dhe p\u00ebr kryeqytetin e Tiran\u00ebs dhe uroj q\u00eb s\u00eb bashku me kremtimet e k\u00ebsaj dite t\u00eb 100 vjetorit t\u00eb ngritjes s\u00eb flamurit komb\u00ebtar n\u00eb Tiran\u00eb, q\u00eb i paraprin ngjarjes historike t\u00eb 28 n\u00ebntorit, shpalljes s\u00eb Pavar\u00ebsis\u00eb n\u00eb Vlor\u00eb, po k\u00ebshtu t\u00eb mund t\u00eb frym\u00ebzohemi dhe t\u00eb b\u00ebjm\u00eb detyr\u00ebn ton\u00eb karshi dekadave, n\u00eb 100 vjetorin q\u00eb po troket n\u00eb portat tona.<\/p>\n<p>Faleminderit dhe g\u00ebzuar !&#8221;<\/p>\n<p><strong><a id=\"js_4\" href=\"https:\/\/www.facebook.com\/Tirana2011\" data-hovercard=\"\/ajax\/hovercard\/page.php?id=166424440075412\">Lulzim Basha &#8211;\u00a0<\/a> Facebook<\/strong><\/p>\n\n\t\t<style type=\"text\/css\">\n\t\t\t#gallery-1 {\n\t\t\t\tmargin: auto;\n\t\t\t}\n\t\t\t#gallery-1 .gallery-item {\n\t\t\t\tfloat: left;\n\t\t\t\tmargin-top: 10px;\n\t\t\t\ttext-align: center;\n\t\t\t\twidth: 33%;\n\t\t\t}\n\t\t\t#gallery-1 img {\n\t\t\t\tborder: 2px solid #cfcfcf;\n\t\t\t}\n\t\t\t#gallery-1 .gallery-caption {\n\t\t\t\tmargin-left: 0;\n\t\t\t}\n\t\t\t\/* see gallery_shortcode() in wp-includes\/media.php *\/\n\t\t<\/style>\n\t\t<div id='gallery-1' class='gallery galleryid-66293 gallery-columns-3 gallery-size-thumbnail'><dl class='gallery-item'>\n\t\t\t<dt class='gallery-icon landscape'>\n\t\t\t\t<a href='https:\/\/www.visit-ulcinj.com\/blog\/wp-content\/uploads\/2012\/12\/Krijohet-Kuvendi-Komb\u00ebtar-i-Nj\u00ebsive-Vendore-Shqiptare.jpg'><img width=\"150\" height=\"150\" src=\"https:\/\/www.visit-ulcinj.com\/blog\/wp-content\/uploads\/2012\/12\/Krijohet-Kuvendi-Komb\u00ebtar-i-Nj\u00ebsive-Vendore-Shqiptare-150x150.jpg\" class=\"attachment-thumbnail size-thumbnail\" alt=\"\" loading=\"lazy\" \/><\/a>\n\t\t\t<\/dt><\/dl><dl class='gallery-item'>\n\t\t\t<dt class='gallery-icon landscape'>\n\t\t\t\t<a href='https:\/\/www.visit-ulcinj.com\/blog\/wp-content\/uploads\/2012\/12\/Krijohet-Kuvendi-Komb\u00ebtar-i-Nj\u00ebsive-Vendore-Shqiptare.1_Nazif-Cungu.1.jpg'><img width=\"150\" height=\"150\" src=\"https:\/\/www.visit-ulcinj.com\/blog\/wp-content\/uploads\/2012\/12\/Krijohet-Kuvendi-Komb\u00ebtar-i-Nj\u00ebsive-Vendore-Shqiptare.1_Nazif-Cungu.1-150x150.jpg\" class=\"attachment-thumbnail size-thumbnail\" alt=\"\" loading=\"lazy\" \/><\/a>\n\t\t\t<\/dt><\/dl><dl class='gallery-item'>\n\t\t\t<dt class='gallery-icon landscape'>\n\t\t\t\t<a href='https:\/\/www.visit-ulcinj.com\/blog\/wp-content\/uploads\/2012\/12\/Krijohet-Kuvendi-Komb\u00ebtar-i-Nj\u00ebsive-Vendore-Shqiptare.1_Nazif-Cungu.2.jpg'><img width=\"150\" height=\"150\" src=\"https:\/\/www.visit-ulcinj.com\/blog\/wp-content\/uploads\/2012\/12\/Krijohet-Kuvendi-Komb\u00ebtar-i-Nj\u00ebsive-Vendore-Shqiptare.1_Nazif-Cungu.2-150x150.jpg\" class=\"attachment-thumbnail size-thumbnail\" alt=\"\" loading=\"lazy\" \/><\/a>\n\t\t\t<\/dt><\/dl><br style=\"clear: both\" \/><dl class='gallery-item'>\n\t\t\t<dt class='gallery-icon landscape'>\n\t\t\t\t<a href='https:\/\/www.visit-ulcinj.com\/blog\/wp-content\/uploads\/2012\/12\/Krijohet-Kuvendi-Komb\u00ebtar-i-Nj\u00ebsive-Vendore-Shqiptare.1_Nazif-Cungu.3.jpg'><img width=\"150\" height=\"150\" src=\"https:\/\/www.visit-ulcinj.com\/blog\/wp-content\/uploads\/2012\/12\/Krijohet-Kuvendi-Komb\u00ebtar-i-Nj\u00ebsive-Vendore-Shqiptare.1_Nazif-Cungu.3-150x150.jpg\" class=\"attachment-thumbnail size-thumbnail\" alt=\"\" loading=\"lazy\" \/><\/a>\n\t\t\t<\/dt><\/dl><dl class='gallery-item'>\n\t\t\t<dt class='gallery-icon landscape'>\n\t\t\t\t<a href='https:\/\/www.visit-ulcinj.com\/blog\/wp-content\/uploads\/2012\/12\/Krijohet-Kuvendi-Komb\u00ebtar-i-Nj\u00ebsive-Vendore-Shqiptare.1_Nazif-Cungu.4.jpg'><img width=\"150\" height=\"150\" src=\"https:\/\/www.visit-ulcinj.com\/blog\/wp-content\/uploads\/2012\/12\/Krijohet-Kuvendi-Komb\u00ebtar-i-Nj\u00ebsive-Vendore-Shqiptare.1_Nazif-Cungu.4-150x150.jpg\" class=\"attachment-thumbnail size-thumbnail\" alt=\"\" loading=\"lazy\" \/><\/a>\n\t\t\t<\/dt><\/dl><dl class='gallery-item'>\n\t\t\t<dt class='gallery-icon landscape'>\n\t\t\t\t<a href='https:\/\/www.visit-ulcinj.com\/blog\/wp-content\/uploads\/2012\/12\/Krijohet-Kuvendi-Komb\u00ebtar-i-Nj\u00ebsive-Vendore-Shqiptare.1_Nazif-Cungu.5.jpg'><img width=\"150\" height=\"150\" src=\"https:\/\/www.visit-ulcinj.com\/blog\/wp-content\/uploads\/2012\/12\/Krijohet-Kuvendi-Komb\u00ebtar-i-Nj\u00ebsive-Vendore-Shqiptare.1_Nazif-Cungu.5-150x150.jpg\" class=\"attachment-thumbnail size-thumbnail\" alt=\"\" loading=\"lazy\" \/><\/a>\n\t\t\t<\/dt><\/dl><br style=\"clear: both\" \/><dl class='gallery-item'>\n\t\t\t<dt class='gallery-icon landscape'>\n\t\t\t\t<a href='https:\/\/www.visit-ulcinj.com\/blog\/wp-content\/uploads\/2012\/12\/Krijohet-Kuvendi-Komb\u00ebtar-i-Nj\u00ebsive-Vendore-Shqiptare.1_Nazif-Cungu.6.jpg'><img width=\"150\" height=\"150\" src=\"https:\/\/www.visit-ulcinj.com\/blog\/wp-content\/uploads\/2012\/12\/Krijohet-Kuvendi-Komb\u00ebtar-i-Nj\u00ebsive-Vendore-Shqiptare.1_Nazif-Cungu.6-150x150.jpg\" class=\"attachment-thumbnail size-thumbnail\" alt=\"\" loading=\"lazy\" \/><\/a>\n\t\t\t<\/dt><\/dl><dl class='gallery-item'>\n\t\t\t<dt class='gallery-icon landscape'>\n\t\t\t\t<a href='https:\/\/www.visit-ulcinj.com\/blog\/wp-content\/uploads\/2012\/12\/Krijohet-Kuvendi-Komb\u00ebtar-i-Nj\u00ebsive-Vendore-Shqiptare.1_Nazif-Cungu.jpg'><img width=\"150\" height=\"150\" src=\"https:\/\/www.visit-ulcinj.com\/blog\/wp-content\/uploads\/2012\/12\/Krijohet-Kuvendi-Komb\u00ebtar-i-Nj\u00ebsive-Vendore-Shqiptare.1_Nazif-Cungu-150x150.jpg\" class=\"attachment-thumbnail size-thumbnail\" alt=\"\" loading=\"lazy\" \/><\/a>\n\t\t\t<\/dt><\/dl><dl class='gallery-item'>\n\t\t\t<dt class='gallery-icon landscape'>\n\t\t\t\t<a href='https:\/\/www.visit-ulcinj.com\/blog\/wp-content\/uploads\/2012\/12\/Krijohet-Kuvendi-Komb\u00ebtar-i-Nj\u00ebsive-Vendore-Shqiptare.1_Nazif-Cungu.7.jpg'><img width=\"150\" height=\"150\" src=\"https:\/\/www.visit-ulcinj.com\/blog\/wp-content\/uploads\/2012\/12\/Krijohet-Kuvendi-Komb\u00ebtar-i-Nj\u00ebsive-Vendore-Shqiptare.1_Nazif-Cungu.7-150x150.jpg\" class=\"attachment-thumbnail size-thumbnail\" alt=\"\" loading=\"lazy\" \/><\/a>\n\t\t\t<\/dt><\/dl><br style=\"clear: both\" \/>\n\t\t<\/div>\n\n","protected":false},"excerpt":{"rendered":"<p>Krahas ngritjes s\u00eb flamurit n\u00eb Tiran\u00eb, nga sot 26 n\u00ebntori do t\u00eb kujtohet edhe si dita e vendimit p\u00ebr krijimin e Kuvendit Komb\u00ebtar t\u00eb Nj\u00ebsive Vendore Shqiptare. Krijimi i kuvendit u formalizua sot me miratimin e t\u00eb zgjedhurve vendor\u00eb nga Shqip\u00ebria, Kosova, Maqedonia, Mali i zi e Presheva. &#8220;Uroj q\u00eb kjo dat\u00eb e r\u00ebnd\u00ebsishme p\u00ebr [&hellip;]<\/p>\n","protected":false},"author":1,"featured_media":0,"comment_status":"open","ping_status":"closed","sticky":false,"template":"","format":"standard","meta":{"spay_email":"","jetpack_publicize_message":"","jetpack_is_tweetstorm":false,"jetpack_publicize_feature_enabled":true},"categories":[6950],"tags":[11609,21509,21512,21521,212,21522,17828,21239,17834,3382,21237,18370,17811,21523,21242,20884,7930,17831,18362,14353,17808,14354,12340,17840,17839,17468,8161,18363,21524,21221,21525,21222,18532,17835,21240,17814,17810,17816,2326,17071,2319,21246,10400,17807,21526,21253,21468,21469,19517,3516,14652,17837,2322,17827,18023,21219,21416,8470,21244,21572,21503,21494,2338,21238,21527,21248,14358,21528,222,2321,17802,17812,17803,2323,3584,17820,1499,21236,21250,21529,17825,21530,17817,21531,17805,21252,3169,305,21574,21251,840,17823,2325,17832,3506,17818,214,21231,3993,5913,17680,2327,14362,21532,14363,18371,297,21493,21230,21241,21513,21533,3507,730,21471,21249,17800,498,3500,21421,21534,21228,21255,115,14364,21234,18694,21254,21535,21536,21223,21418,21537,17799,21538,3327,21226,17841,3944,17826,15213,18236,3512,17806,21539,18399,11648,18289,21233,21540,17838,499,21541,95,2331,21542,21543,2348,21427,17813,21544,17804,21545,15141,347,21546,19495,17836,14366,21547,21510,2332,3875,79,17073,18294,21570,21573,318,118,18368,18369,21417,21257,21258,1653,21420,21426,21419,21548,2304,21261,2360,21232,1909,21549,21550,21551,21243,21224,14367,500,21552,21553,21235,2354,5380,21554,17801,40,2306,2334,2335,21470,18360,21227,3577,17822,14368,14369,21555,208,21225,21492,17824,14370,4244,21247,18291,16228,21556,21259,2083,3231,14371,21220,41,3617,5040,3582,2350,3722,21260,2310,14372,17844,17821,2312,21557,18372,21256,17830,17077,18295,14375,17833,17829,899,21245,20894,2337,42,3797,3583,1655,21558,21559,21229,21560,200,18,10421,17819,21561,21562,2339,4243,16445,3333,17809,21563,2340,4265,14376],"jetpack_publicize_connections":[],"yoast_head":"<!-- This site is optimized with the Yoast SEO plugin v19.1 - https:\/\/yoast.com\/wordpress\/plugins\/seo\/ -->\n<title>Krijohet Kuvendi Komb\u00ebtar i Nj\u00ebsive Vendore Shqiptare + Foto - Lajme nga Ulqini<\/title>\n<meta name=\"description\" content=\"Krahas ngritjes s\u00eb flamurit n\u00eb Tiran\u00eb, nga sot 26 n\u00ebntori do t\u00eb kujtohet edhe si dita e vendimit p\u00ebr krijimin e Kuvendit Komb\u00ebtar t\u00eb Nj\u00ebsive Vendore\" \/>\n<meta name=\"robots\" content=\"index, follow, max-snippet:-1, max-image-preview:large, max-video-preview:-1\" \/>\n<link rel=\"canonical\" href=\"https:\/\/www.visit-ulcinj.com\/blog\/2012\/12\/01\/krijohet-kuvendi-kombetar-i-njesive-vendore-shqiptare-foto\/\" \/>\n<meta property=\"og:locale\" content=\"en_US\" \/>\n<meta property=\"og:type\" content=\"article\" \/>\n<meta property=\"og:title\" content=\"Krijohet Kuvendi Komb\u00ebtar i Nj\u00ebsive Vendore Shqiptare + Foto - Lajme nga Ulqini\" \/>\n<meta property=\"og:description\" content=\"Krahas ngritjes s\u00eb flamurit n\u00eb Tiran\u00eb, nga sot 26 n\u00ebntori do t\u00eb kujtohet edhe si dita e vendimit p\u00ebr krijimin e Kuvendit Komb\u00ebtar t\u00eb Nj\u00ebsive Vendore\" \/>\n<meta property=\"og:url\" content=\"https:\/\/www.visit-ulcinj.com\/blog\/2012\/12\/01\/krijohet-kuvendi-kombetar-i-njesive-vendore-shqiptare-foto\/\" \/>\n<meta property=\"og:site_name\" content=\"Lajme nga Ulqini\" \/>\n<meta property=\"article:published_time\" content=\"2012-12-01T06:06:20+00:00\" \/>\n<meta property=\"article:modified_time\" content=\"2012-12-01T06:09:29+00:00\" \/>\n<meta property=\"og:image\" content=\"https:\/\/www.visit-ulcinj.com\/blog\/wp-content\/uploads\/2012\/12\/Krijohet-Kuvendi-Komb\u00ebtar-i-Nj\u00ebsive-Vendore-Shqiptare-150x150.jpg\" \/>\n<meta name=\"twitter:label1\" content=\"Written by\" \/>\n\t<meta name=\"twitter:data1\" content=\"ulqini\" \/>\n\t<meta name=\"twitter:label2\" content=\"Est. reading time\" \/>\n\t<meta name=\"twitter:data2\" content=\"7 minutes\" \/>\n<script type=\"application\/ld+json\" class=\"yoast-schema-graph\">{\"@context\":\"https:\/\/schema.org\",\"@graph\":[{\"@type\":\"WebSite\",\"@id\":\"https:\/\/www.visit-ulcinj.com\/blog\/#website\",\"url\":\"https:\/\/www.visit-ulcinj.com\/blog\/\",\"name\":\"Lajme nga Ulqini\",\"description\":\"Lajme,Vijesti,Ulqini,Ulqin,Crna Gora,Mali i Zi\",\"potentialAction\":[{\"@type\":\"SearchAction\",\"target\":{\"@type\":\"EntryPoint\",\"urlTemplate\":\"https:\/\/www.visit-ulcinj.com\/blog\/?s={search_term_string}\"},\"query-input\":\"required name=search_term_string\"}],\"inLanguage\":\"en-US\"},{\"@type\":\"WebPage\",\"@id\":\"https:\/\/www.visit-ulcinj.com\/blog\/2012\/12\/01\/krijohet-kuvendi-kombetar-i-njesive-vendore-shqiptare-foto\/#webpage\",\"url\":\"https:\/\/www.visit-ulcinj.com\/blog\/2012\/12\/01\/krijohet-kuvendi-kombetar-i-njesive-vendore-shqiptare-foto\/\",\"name\":\"Krijohet Kuvendi Komb\u00ebtar i Nj\u00ebsive Vendore Shqiptare + Foto - Lajme nga Ulqini\",\"isPartOf\":{\"@id\":\"https:\/\/www.visit-ulcinj.com\/blog\/#website\"},\"datePublished\":\"2012-12-01T06:06:20+00:00\",\"dateModified\":\"2012-12-01T06:09:29+00:00\",\"author\":{\"@id\":\"https:\/\/www.visit-ulcinj.com\/blog\/#\/schema\/person\/dcab619c614d3038751c63bc2aadc06d\"},\"description\":\"Krahas ngritjes s\u00eb flamurit n\u00eb Tiran\u00eb, nga sot 26 n\u00ebntori do t\u00eb kujtohet edhe si dita e vendimit p\u00ebr krijimin e Kuvendit Komb\u00ebtar t\u00eb Nj\u00ebsive Vendore\",\"breadcrumb\":{\"@id\":\"https:\/\/www.visit-ulcinj.com\/blog\/2012\/12\/01\/krijohet-kuvendi-kombetar-i-njesive-vendore-shqiptare-foto\/#breadcrumb\"},\"inLanguage\":\"en-US\",\"potentialAction\":[{\"@type\":\"ReadAction\",\"target\":[\"https:\/\/www.visit-ulcinj.com\/blog\/2012\/12\/01\/krijohet-kuvendi-kombetar-i-njesive-vendore-shqiptare-foto\/\"]}]},{\"@type\":\"BreadcrumbList\",\"@id\":\"https:\/\/www.visit-ulcinj.com\/blog\/2012\/12\/01\/krijohet-kuvendi-kombetar-i-njesive-vendore-shqiptare-foto\/#breadcrumb\",\"itemListElement\":[{\"@type\":\"ListItem\",\"position\":1,\"name\":\"Krijohet Kuvendi Komb\u00ebtar i Nj\u00ebsive Vendore Shqiptare + Foto\"}]},{\"@type\":\"Person\",\"@id\":\"https:\/\/www.visit-ulcinj.com\/blog\/#\/schema\/person\/dcab619c614d3038751c63bc2aadc06d\",\"name\":\"ulqini\",\"sameAs\":[\"http:\/\/www.visit-ulcinj.com\"],\"url\":\"https:\/\/www.visit-ulcinj.com\/blog\/author\/admin\/\"}]}<\/script>\n<!-- \/ Yoast SEO plugin. -->","yoast_head_json":{"title":"Krijohet Kuvendi Komb\u00ebtar i Nj\u00ebsive Vendore Shqiptare + Foto - Lajme nga Ulqini","description":"Krahas ngritjes s\u00eb flamurit n\u00eb Tiran\u00eb, nga sot 26 n\u00ebntori do t\u00eb kujtohet edhe si dita e vendimit p\u00ebr krijimin e Kuvendit Komb\u00ebtar t\u00eb Nj\u00ebsive Vendore","robots":{"index":"index","follow":"follow","max-snippet":"max-snippet:-1","max-image-preview":"max-image-preview:large","max-video-preview":"max-video-preview:-1"},"canonical":"https:\/\/www.visit-ulcinj.com\/blog\/2012\/12\/01\/krijohet-kuvendi-kombetar-i-njesive-vendore-shqiptare-foto\/","og_locale":"en_US","og_type":"article","og_title":"Krijohet Kuvendi Komb\u00ebtar i Nj\u00ebsive Vendore Shqiptare + Foto - Lajme nga Ulqini","og_description":"Krahas ngritjes s\u00eb flamurit n\u00eb Tiran\u00eb, nga sot 26 n\u00ebntori do t\u00eb kujtohet edhe si dita e vendimit p\u00ebr krijimin e Kuvendit Komb\u00ebtar t\u00eb Nj\u00ebsive Vendore","og_url":"https:\/\/www.visit-ulcinj.com\/blog\/2012\/12\/01\/krijohet-kuvendi-kombetar-i-njesive-vendore-shqiptare-foto\/","og_site_name":"Lajme nga Ulqini","article_published_time":"2012-12-01T06:06:20+00:00","article_modified_time":"2012-12-01T06:09:29+00:00","og_image":[{"url":"https:\/\/www.visit-ulcinj.com\/blog\/wp-content\/uploads\/2012\/12\/Krijohet-Kuvendi-Komb\u00ebtar-i-Nj\u00ebsive-Vendore-Shqiptare-150x150.jpg"}],"twitter_misc":{"Written by":"ulqini","Est. reading time":"7 minutes"},"schema":{"@context":"https:\/\/schema.org","@graph":[{"@type":"WebSite","@id":"https:\/\/www.visit-ulcinj.com\/blog\/#website","url":"https:\/\/www.visit-ulcinj.com\/blog\/","name":"Lajme nga Ulqini","description":"Lajme,Vijesti,Ulqini,Ulqin,Crna Gora,Mali i Zi","potentialAction":[{"@type":"SearchAction","target":{"@type":"EntryPoint","urlTemplate":"https:\/\/www.visit-ulcinj.com\/blog\/?s={search_term_string}"},"query-input":"required name=search_term_string"}],"inLanguage":"en-US"},{"@type":"WebPage","@id":"https:\/\/www.visit-ulcinj.com\/blog\/2012\/12\/01\/krijohet-kuvendi-kombetar-i-njesive-vendore-shqiptare-foto\/#webpage","url":"https:\/\/www.visit-ulcinj.com\/blog\/2012\/12\/01\/krijohet-kuvendi-kombetar-i-njesive-vendore-shqiptare-foto\/","name":"Krijohet Kuvendi Komb\u00ebtar i Nj\u00ebsive Vendore Shqiptare + Foto - Lajme nga Ulqini","isPartOf":{"@id":"https:\/\/www.visit-ulcinj.com\/blog\/#website"},"datePublished":"2012-12-01T06:06:20+00:00","dateModified":"2012-12-01T06:09:29+00:00","author":{"@id":"https:\/\/www.visit-ulcinj.com\/blog\/#\/schema\/person\/dcab619c614d3038751c63bc2aadc06d"},"description":"Krahas ngritjes s\u00eb flamurit n\u00eb Tiran\u00eb, nga sot 26 n\u00ebntori do t\u00eb kujtohet edhe si dita e vendimit p\u00ebr krijimin e Kuvendit Komb\u00ebtar t\u00eb Nj\u00ebsive Vendore","breadcrumb":{"@id":"https:\/\/www.visit-ulcinj.com\/blog\/2012\/12\/01\/krijohet-kuvendi-kombetar-i-njesive-vendore-shqiptare-foto\/#breadcrumb"},"inLanguage":"en-US","potentialAction":[{"@type":"ReadAction","target":["https:\/\/www.visit-ulcinj.com\/blog\/2012\/12\/01\/krijohet-kuvendi-kombetar-i-njesive-vendore-shqiptare-foto\/"]}]},{"@type":"BreadcrumbList","@id":"https:\/\/www.visit-ulcinj.com\/blog\/2012\/12\/01\/krijohet-kuvendi-kombetar-i-njesive-vendore-shqiptare-foto\/#breadcrumb","itemListElement":[{"@type":"ListItem","position":1,"name":"Krijohet Kuvendi Komb\u00ebtar i Nj\u00ebsive Vendore Shqiptare + Foto"}]},{"@type":"Person","@id":"https:\/\/www.visit-ulcinj.com\/blog\/#\/schema\/person\/dcab619c614d3038751c63bc2aadc06d","name":"ulqini","sameAs":["http:\/\/www.visit-ulcinj.com"],"url":"https:\/\/www.visit-ulcinj.com\/blog\/author\/admin\/"}]}},"jetpack_featured_media_url":"","jetpack_sharing_enabled":true,"jetpack_shortlink":"https:\/\/wp.me\/pe6lTn-hff","_links":{"self":[{"href":"https:\/\/www.visit-ulcinj.com\/blog\/wp-json\/wp\/v2\/posts\/66293"}],"collection":[{"href":"https:\/\/www.visit-ulcinj.com\/blog\/wp-json\/wp\/v2\/posts"}],"about":[{"href":"https:\/\/www.visit-ulcinj.com\/blog\/wp-json\/wp\/v2\/types\/post"}],"author":[{"embeddable":true,"href":"https:\/\/www.visit-ulcinj.com\/blog\/wp-json\/wp\/v2\/users\/1"}],"replies":[{"embeddable":true,"href":"https:\/\/www.visit-ulcinj.com\/blog\/wp-json\/wp\/v2\/comments?post=66293"}],"version-history":[{"count":3,"href":"https:\/\/www.visit-ulcinj.com\/blog\/wp-json\/wp\/v2\/posts\/66293\/revisions"}],"predecessor-version":[{"id":66305,"href":"https:\/\/www.visit-ulcinj.com\/blog\/wp-json\/wp\/v2\/posts\/66293\/revisions\/66305"}],"wp:attachment":[{"href":"https:\/\/www.visit-ulcinj.com\/blog\/wp-json\/wp\/v2\/media?parent=66293"}],"wp:term":[{"taxonomy":"category","embeddable":true,"href":"https:\/\/www.visit-ulcinj.com\/blog\/wp-json\/wp\/v2\/categories?post=66293"},{"taxonomy":"post_tag","embeddable":true,"href":"https:\/\/www.visit-ulcinj.com\/blog\/wp-json\/wp\/v2\/tags?post=66293"}],"curies":[{"name":"wp","href":"https:\/\/api.w.org\/{rel}","templated":true}]}}