{"id":66308,"date":"2012-12-01T07:36:23","date_gmt":"2012-12-01T06:36:23","guid":{"rendered":"http:\/\/www.visit-ulcinj.com\/blog\/?p=66308"},"modified":"2012-12-01T07:36:23","modified_gmt":"2012-12-01T06:36:23","slug":"hoxhaj-kalugjeroviq-bashkepunimi-rajonal-prioritet-evropian","status":"publish","type":"post","link":"https:\/\/www.visit-ulcinj.com\/blog\/2012\/12\/01\/hoxhaj-kalugjeroviq-bashkepunimi-rajonal-prioritet-evropian\/","title":{"rendered":"Hoxhaj &#8211; Kalugjeroviq: Bashk\u00ebpunimi rajonal, prioritet evropian"},"content":{"rendered":"<p><strong><a href=\"http:\/\/www.visit-ulcinj.com\/blog\/wp-content\/uploads\/2012\/12\/Hoxhaj-Kaludjerovic.jpg\"><img loading=\"lazy\" class=\"alignleft  wp-image-66309\" title=\"Hoxhaj-Kaludjerovic\" src=\"http:\/\/www.visit-ulcinj.com\/blog\/wp-content\/uploads\/2012\/12\/Hoxhaj-Kaludjerovic.jpg\" alt=\"\" width=\"508\" height=\"360\" \/><\/a>Berlin, 24 n\u00ebntor 2012 \u2013 Ministri i Pun\u00ebve t\u00eb Jashtme i Republik\u00ebs s\u00eb Kosov\u00ebs, Enver Hoxhaj, gjat\u00eb pjes\u00ebmarrjes n\u00eb Konferenc\u00ebn e Ministrave t\u00eb Jasht\u00ebm t\u00eb Evrop\u00ebs Juglindore n\u00eb Berlin, ka zhvilluar takime t\u00eb ndara me homologun e Malit t\u00eb Zi, Neboj\u0161a Kalu\u0111erovi\u0107 dhe at\u00eb t\u00eb Maqedonis\u00eb, Nikola Poposki.<\/strong><\/p>\n<p>Ministri Hoxhaj ka vler\u00ebsuar raportet shum\u00eb t\u00eb mira dhe bashk\u00ebpunimin e fuqish\u00ebm nd\u00ebrmjet Republik\u00ebs s\u00eb Kosov\u00ebs, me dy shtetet fqinje.<\/p>\n<p>Hoxhaj fal\u00ebnderoi homolog\u00ebt e Malit t\u00eb Zi dhe Maqedonis\u00eb p\u00ebr mb\u00ebshtetjen q\u00eb Podgorica dhe Shkupi kan\u00eb dh\u00ebn\u00eb p\u00ebr Kosov\u00ebn, n\u00eb an\u00ebtar\u00ebsimin n\u00eb Bank\u00ebn Evropiane p\u00ebr Rind\u00ebrtim dhe Zhvillim (BERZH).<\/p>\n<p>Ministri i Jasht\u00ebm i Kosov\u00ebs vler\u00ebsoi edhe marr\u00ebveshjet bilaterale nd\u00ebrmjet Kosov\u00ebs me t\u00eb dyja shtetet, duke theksuar se k\u00ebto marr\u00ebveshje jan\u00eb vendimtare p\u00ebr bashk\u00ebpunim dhe shk\u00ebmbime t\u00eb fuqishme ekonomike nd\u00ebrmjet shteteve n\u00eb rajon.<\/p>\n<p>\u201cQasja e Kosov\u00ebs \u00ebsht\u00eb q\u00eb t\u00eb kemi nj\u00eb bashk\u00ebpunim m\u00eb t\u00eb ngusht\u00eb rajonal n\u00eb t\u00eb gjitha fushat e jet\u00ebs, i cili do t\u2019i ndihmonte vendeve tona q\u00eb t\u00eb kemi rritje ekonomike edhe l\u00ebvizje t\u00eb lir\u00eb t\u00eb njer\u00ebzve, ideve dhe mallrave, por i cili bashk\u00ebpunim \u00ebsht\u00eb parakusht q\u00eb vendet tona t\u00eb l\u00ebvizin shum\u00eb shpejt n\u00eb rrug\u00ebn e integrimeve evropiane\u201d, ka th\u00ebn\u00eb Hoxhaj, gjat\u00eb takimeve me Kalu\u0111erovi\u0107 dhe Poposki.<\/p>\n<p>N\u00eb an\u00ebn tjet\u00ebr, ministri i Pun\u00ebve t\u00eb Jashtme i Republik\u00ebs s\u00eb Malit t\u00eb Zi, Neboj\u0161a Kalu\u0111erovi\u0107 dhe ministri i Pun\u00ebve t\u00eb Jashtme i Republik\u00ebs s\u00eb Maqedonis\u00eb, Nikola Poposki, kan\u00eb vler\u00ebsuar progresin n\u00eb Kosov\u00eb dhe kan\u00eb shprehur mb\u00ebshtetjen e dy shteteve t\u00eb tyre p\u00ebr Kosov\u00ebn, n\u00eb proceset e integrimeve n\u00eb organizatat rajonale dhe evropiane.<\/p>\n<p>Ata kan\u00eb shprehur mir\u00ebnjohjen e tyre edhe p\u00ebr bashk\u00ebpunimin e thell\u00eb q\u00eb po zhvillohet nd\u00ebrmjet Republik\u00ebs s\u00eb Kosov\u00ebs me shtetet e tyre.<\/p>\n<p><strong>Ministria e Pun\u00ebve t\u00eb Jashtme e Republik\u00ebs s\u00eb Kosov\u00ebs <\/strong><\/p>\n","protected":false},"excerpt":{"rendered":"<p>Berlin, 24 n\u00ebntor 2012 \u2013 Ministri i Pun\u00ebve t\u00eb Jashtme i Republik\u00ebs s\u00eb Kosov\u00ebs, Enver Hoxhaj, gjat\u00eb pjes\u00ebmarrjes n\u00eb Konferenc\u00ebn e Ministrave t\u00eb Jasht\u00ebm t\u00eb Evrop\u00ebs Juglindore n\u00eb Berlin, ka zhvilluar takime t\u00eb ndara me homologun e Malit t\u00eb Zi, Neboj\u0161a Kalu\u0111erovi\u0107 dhe at\u00eb t\u00eb Maqedonis\u00eb, Nikola Poposki. Ministri Hoxhaj ka vler\u00ebsuar raportet shum\u00eb t\u00eb [&hellip;]<\/p>\n","protected":false},"author":1,"featured_media":0,"comment_status":"open","ping_status":"closed","sticky":false,"template":"","format":"standard","meta":{"spay_email":"","jetpack_publicize_message":"","jetpack_is_tweetstorm":false,"jetpack_publicize_feature_enabled":true},"categories":[8],"tags":[21575,21576],"jetpack_publicize_connections":[],"yoast_head":"<!-- This site is optimized with the Yoast SEO plugin v19.1 - https:\/\/yoast.com\/wordpress\/plugins\/seo\/ -->\n<title>Hoxhaj - Kalugjeroviq: Bashk\u00ebpunimi rajonal, prioritet evropian - Lajme nga Ulqini<\/title>\n<meta name=\"description\" content=\"Berlin, 24 n\u00ebntor 2012 \u2013 Ministri i Pun\u00ebve t\u00eb Jashtme i Republik\u00ebs s\u00eb Kosov\u00ebs, Enver Hoxhaj, gjat\u00eb pjes\u00ebmarrjes n\u00eb Konferenc\u00ebn e Ministrave t\u00eb Jasht\u00ebm t\u00eb\" \/>\n<meta name=\"robots\" content=\"index, follow, max-snippet:-1, max-image-preview:large, max-video-preview:-1\" \/>\n<link rel=\"canonical\" href=\"https:\/\/www.visit-ulcinj.com\/blog\/2012\/12\/01\/hoxhaj-kalugjeroviq-bashkepunimi-rajonal-prioritet-evropian\/\" \/>\n<meta property=\"og:locale\" content=\"en_US\" \/>\n<meta property=\"og:type\" content=\"article\" \/>\n<meta property=\"og:title\" content=\"Hoxhaj - Kalugjeroviq: Bashk\u00ebpunimi rajonal, prioritet evropian - Lajme nga Ulqini\" \/>\n<meta property=\"og:description\" content=\"Berlin, 24 n\u00ebntor 2012 \u2013 Ministri i Pun\u00ebve t\u00eb Jashtme i Republik\u00ebs s\u00eb Kosov\u00ebs, Enver Hoxhaj, gjat\u00eb pjes\u00ebmarrjes n\u00eb Konferenc\u00ebn e Ministrave t\u00eb Jasht\u00ebm t\u00eb\" \/>\n<meta property=\"og:url\" content=\"https:\/\/www.visit-ulcinj.com\/blog\/2012\/12\/01\/hoxhaj-kalugjeroviq-bashkepunimi-rajonal-prioritet-evropian\/\" \/>\n<meta property=\"og:site_name\" content=\"Lajme nga Ulqini\" \/>\n<meta property=\"article:published_time\" content=\"2012-12-01T06:36:23+00:00\" \/>\n<meta property=\"og:image\" content=\"http:\/\/www.visit-ulcinj.com\/blog\/wp-content\/uploads\/2012\/12\/Hoxhaj-Kaludjerovic.jpg\" \/>\n<meta name=\"twitter:label1\" content=\"Written by\" \/>\n\t<meta name=\"twitter:data1\" content=\"ulqini\" \/>\n\t<meta name=\"twitter:label2\" content=\"Est. reading time\" \/>\n\t<meta name=\"twitter:data2\" content=\"2 minutes\" \/>\n<script type=\"application\/ld+json\" class=\"yoast-schema-graph\">{\"@context\":\"https:\/\/schema.org\",\"@graph\":[{\"@type\":\"WebSite\",\"@id\":\"https:\/\/www.visit-ulcinj.com\/blog\/#website\",\"url\":\"https:\/\/www.visit-ulcinj.com\/blog\/\",\"name\":\"Lajme nga Ulqini\",\"description\":\"Lajme,Vijesti,Ulqini,Ulqin,Crna Gora,Mali i Zi\",\"potentialAction\":[{\"@type\":\"SearchAction\",\"target\":{\"@type\":\"EntryPoint\",\"urlTemplate\":\"https:\/\/www.visit-ulcinj.com\/blog\/?s={search_term_string}\"},\"query-input\":\"required name=search_term_string\"}],\"inLanguage\":\"en-US\"},{\"@type\":\"ImageObject\",\"inLanguage\":\"en-US\",\"@id\":\"https:\/\/www.visit-ulcinj.com\/blog\/2012\/12\/01\/hoxhaj-kalugjeroviq-bashkepunimi-rajonal-prioritet-evropian\/#primaryimage\",\"url\":\"https:\/\/www.visit-ulcinj.com\/blog\/wp-content\/uploads\/2012\/12\/Hoxhaj-Kaludjerovic.jpg\",\"contentUrl\":\"https:\/\/www.visit-ulcinj.com\/blog\/wp-content\/uploads\/2012\/12\/Hoxhaj-Kaludjerovic.jpg\",\"width\":\"999\",\"height\":\"749\"},{\"@type\":\"WebPage\",\"@id\":\"https:\/\/www.visit-ulcinj.com\/blog\/2012\/12\/01\/hoxhaj-kalugjeroviq-bashkepunimi-rajonal-prioritet-evropian\/#webpage\",\"url\":\"https:\/\/www.visit-ulcinj.com\/blog\/2012\/12\/01\/hoxhaj-kalugjeroviq-bashkepunimi-rajonal-prioritet-evropian\/\",\"name\":\"Hoxhaj - Kalugjeroviq: Bashk\u00ebpunimi rajonal, prioritet evropian - Lajme nga Ulqini\",\"isPartOf\":{\"@id\":\"https:\/\/www.visit-ulcinj.com\/blog\/#website\"},\"primaryImageOfPage\":{\"@id\":\"https:\/\/www.visit-ulcinj.com\/blog\/2012\/12\/01\/hoxhaj-kalugjeroviq-bashkepunimi-rajonal-prioritet-evropian\/#primaryimage\"},\"datePublished\":\"2012-12-01T06:36:23+00:00\",\"dateModified\":\"2012-12-01T06:36:23+00:00\",\"author\":{\"@id\":\"https:\/\/www.visit-ulcinj.com\/blog\/#\/schema\/person\/dcab619c614d3038751c63bc2aadc06d\"},\"description\":\"Berlin, 24 n\u00ebntor 2012 \u2013 Ministri i Pun\u00ebve t\u00eb Jashtme i Republik\u00ebs s\u00eb Kosov\u00ebs, Enver Hoxhaj, gjat\u00eb pjes\u00ebmarrjes n\u00eb Konferenc\u00ebn e Ministrave t\u00eb Jasht\u00ebm t\u00eb\",\"breadcrumb\":{\"@id\":\"https:\/\/www.visit-ulcinj.com\/blog\/2012\/12\/01\/hoxhaj-kalugjeroviq-bashkepunimi-rajonal-prioritet-evropian\/#breadcrumb\"},\"inLanguage\":\"en-US\",\"potentialAction\":[{\"@type\":\"ReadAction\",\"target\":[\"https:\/\/www.visit-ulcinj.com\/blog\/2012\/12\/01\/hoxhaj-kalugjeroviq-bashkepunimi-rajonal-prioritet-evropian\/\"]}]},{\"@type\":\"BreadcrumbList\",\"@id\":\"https:\/\/www.visit-ulcinj.com\/blog\/2012\/12\/01\/hoxhaj-kalugjeroviq-bashkepunimi-rajonal-prioritet-evropian\/#breadcrumb\",\"itemListElement\":[{\"@type\":\"ListItem\",\"position\":1,\"name\":\"Hoxhaj &#8211; Kalugjeroviq: Bashk\u00ebpunimi rajonal, prioritet evropian\"}]},{\"@type\":\"Person\",\"@id\":\"https:\/\/www.visit-ulcinj.com\/blog\/#\/schema\/person\/dcab619c614d3038751c63bc2aadc06d\",\"name\":\"ulqini\",\"sameAs\":[\"http:\/\/www.visit-ulcinj.com\"],\"url\":\"https:\/\/www.visit-ulcinj.com\/blog\/author\/admin\/\"}]}<\/script>\n<!-- \/ Yoast SEO plugin. -->","yoast_head_json":{"title":"Hoxhaj - Kalugjeroviq: Bashk\u00ebpunimi rajonal, prioritet evropian - Lajme nga Ulqini","description":"Berlin, 24 n\u00ebntor 2012 \u2013 Ministri i Pun\u00ebve t\u00eb Jashtme i Republik\u00ebs s\u00eb Kosov\u00ebs, Enver Hoxhaj, gjat\u00eb pjes\u00ebmarrjes n\u00eb Konferenc\u00ebn e Ministrave t\u00eb Jasht\u00ebm t\u00eb","robots":{"index":"index","follow":"follow","max-snippet":"max-snippet:-1","max-image-preview":"max-image-preview:large","max-video-preview":"max-video-preview:-1"},"canonical":"https:\/\/www.visit-ulcinj.com\/blog\/2012\/12\/01\/hoxhaj-kalugjeroviq-bashkepunimi-rajonal-prioritet-evropian\/","og_locale":"en_US","og_type":"article","og_title":"Hoxhaj - Kalugjeroviq: Bashk\u00ebpunimi rajonal, prioritet evropian - Lajme nga Ulqini","og_description":"Berlin, 24 n\u00ebntor 2012 \u2013 Ministri i Pun\u00ebve t\u00eb Jashtme i Republik\u00ebs s\u00eb Kosov\u00ebs, Enver Hoxhaj, gjat\u00eb pjes\u00ebmarrjes n\u00eb Konferenc\u00ebn e Ministrave t\u00eb Jasht\u00ebm t\u00eb","og_url":"https:\/\/www.visit-ulcinj.com\/blog\/2012\/12\/01\/hoxhaj-kalugjeroviq-bashkepunimi-rajonal-prioritet-evropian\/","og_site_name":"Lajme nga Ulqini","article_published_time":"2012-12-01T06:36:23+00:00","og_image":[{"url":"http:\/\/www.visit-ulcinj.com\/blog\/wp-content\/uploads\/2012\/12\/Hoxhaj-Kaludjerovic.jpg"}],"twitter_misc":{"Written by":"ulqini","Est. reading time":"2 minutes"},"schema":{"@context":"https:\/\/schema.org","@graph":[{"@type":"WebSite","@id":"https:\/\/www.visit-ulcinj.com\/blog\/#website","url":"https:\/\/www.visit-ulcinj.com\/blog\/","name":"Lajme nga Ulqini","description":"Lajme,Vijesti,Ulqini,Ulqin,Crna Gora,Mali i Zi","potentialAction":[{"@type":"SearchAction","target":{"@type":"EntryPoint","urlTemplate":"https:\/\/www.visit-ulcinj.com\/blog\/?s={search_term_string}"},"query-input":"required name=search_term_string"}],"inLanguage":"en-US"},{"@type":"ImageObject","inLanguage":"en-US","@id":"https:\/\/www.visit-ulcinj.com\/blog\/2012\/12\/01\/hoxhaj-kalugjeroviq-bashkepunimi-rajonal-prioritet-evropian\/#primaryimage","url":"https:\/\/www.visit-ulcinj.com\/blog\/wp-content\/uploads\/2012\/12\/Hoxhaj-Kaludjerovic.jpg","contentUrl":"https:\/\/www.visit-ulcinj.com\/blog\/wp-content\/uploads\/2012\/12\/Hoxhaj-Kaludjerovic.jpg","width":"999","height":"749"},{"@type":"WebPage","@id":"https:\/\/www.visit-ulcinj.com\/blog\/2012\/12\/01\/hoxhaj-kalugjeroviq-bashkepunimi-rajonal-prioritet-evropian\/#webpage","url":"https:\/\/www.visit-ulcinj.com\/blog\/2012\/12\/01\/hoxhaj-kalugjeroviq-bashkepunimi-rajonal-prioritet-evropian\/","name":"Hoxhaj - Kalugjeroviq: Bashk\u00ebpunimi rajonal, prioritet evropian - Lajme nga Ulqini","isPartOf":{"@id":"https:\/\/www.visit-ulcinj.com\/blog\/#website"},"primaryImageOfPage":{"@id":"https:\/\/www.visit-ulcinj.com\/blog\/2012\/12\/01\/hoxhaj-kalugjeroviq-bashkepunimi-rajonal-prioritet-evropian\/#primaryimage"},"datePublished":"2012-12-01T06:36:23+00:00","dateModified":"2012-12-01T06:36:23+00:00","author":{"@id":"https:\/\/www.visit-ulcinj.com\/blog\/#\/schema\/person\/dcab619c614d3038751c63bc2aadc06d"},"description":"Berlin, 24 n\u00ebntor 2012 \u2013 Ministri i Pun\u00ebve t\u00eb Jashtme i Republik\u00ebs s\u00eb Kosov\u00ebs, Enver Hoxhaj, gjat\u00eb pjes\u00ebmarrjes n\u00eb Konferenc\u00ebn e Ministrave t\u00eb Jasht\u00ebm t\u00eb","breadcrumb":{"@id":"https:\/\/www.visit-ulcinj.com\/blog\/2012\/12\/01\/hoxhaj-kalugjeroviq-bashkepunimi-rajonal-prioritet-evropian\/#breadcrumb"},"inLanguage":"en-US","potentialAction":[{"@type":"ReadAction","target":["https:\/\/www.visit-ulcinj.com\/blog\/2012\/12\/01\/hoxhaj-kalugjeroviq-bashkepunimi-rajonal-prioritet-evropian\/"]}]},{"@type":"BreadcrumbList","@id":"https:\/\/www.visit-ulcinj.com\/blog\/2012\/12\/01\/hoxhaj-kalugjeroviq-bashkepunimi-rajonal-prioritet-evropian\/#breadcrumb","itemListElement":[{"@type":"ListItem","position":1,"name":"Hoxhaj &#8211; Kalugjeroviq: Bashk\u00ebpunimi rajonal, prioritet evropian"}]},{"@type":"Person","@id":"https:\/\/www.visit-ulcinj.com\/blog\/#\/schema\/person\/dcab619c614d3038751c63bc2aadc06d","name":"ulqini","sameAs":["http:\/\/www.visit-ulcinj.com"],"url":"https:\/\/www.visit-ulcinj.com\/blog\/author\/admin\/"}]}},"jetpack_featured_media_url":"","jetpack_sharing_enabled":true,"jetpack_shortlink":"https:\/\/wp.me\/pe6lTn-hfu","_links":{"self":[{"href":"https:\/\/www.visit-ulcinj.com\/blog\/wp-json\/wp\/v2\/posts\/66308"}],"collection":[{"href":"https:\/\/www.visit-ulcinj.com\/blog\/wp-json\/wp\/v2\/posts"}],"about":[{"href":"https:\/\/www.visit-ulcinj.com\/blog\/wp-json\/wp\/v2\/types\/post"}],"author":[{"embeddable":true,"href":"https:\/\/www.visit-ulcinj.com\/blog\/wp-json\/wp\/v2\/users\/1"}],"replies":[{"embeddable":true,"href":"https:\/\/www.visit-ulcinj.com\/blog\/wp-json\/wp\/v2\/comments?post=66308"}],"version-history":[{"count":2,"href":"https:\/\/www.visit-ulcinj.com\/blog\/wp-json\/wp\/v2\/posts\/66308\/revisions"}],"predecessor-version":[{"id":66311,"href":"https:\/\/www.visit-ulcinj.com\/blog\/wp-json\/wp\/v2\/posts\/66308\/revisions\/66311"}],"wp:attachment":[{"href":"https:\/\/www.visit-ulcinj.com\/blog\/wp-json\/wp\/v2\/media?parent=66308"}],"wp:term":[{"taxonomy":"category","embeddable":true,"href":"https:\/\/www.visit-ulcinj.com\/blog\/wp-json\/wp\/v2\/categories?post=66308"},{"taxonomy":"post_tag","embeddable":true,"href":"https:\/\/www.visit-ulcinj.com\/blog\/wp-json\/wp\/v2\/tags?post=66308"}],"curies":[{"name":"wp","href":"https:\/\/api.w.org\/{rel}","templated":true}]}}