{"id":66312,"date":"2012-12-01T08:37:33","date_gmt":"2012-12-01T07:37:33","guid":{"rendered":"http:\/\/www.visit-ulcinj.com\/blog\/?p=66312"},"modified":"2012-12-02T01:23:42","modified_gmt":"2012-12-02T00:23:42","slug":"nishani-dekoron-malesine-e-madhemerrnin-pjese-deputetet-shqiptare-te-kuvendit-te-malit-te-zi-video","status":"publish","type":"post","link":"https:\/\/www.visit-ulcinj.com\/blog\/2012\/12\/01\/nishani-dekoron-malesine-e-madhemerrnin-pjese-deputetet-shqiptare-te-kuvendit-te-malit-te-zi-video\/","title":{"rendered":"Nishani dekoron Mal\u00ebsin\u00eb e Madhe,merrnin pjes\u00eb deputetet shqiptar\u00eb t\u00eb Kuvendit t\u00eb Malit t\u00eb Zi &#8211; Video"},"content":{"rendered":"<p><a href=\"http:\/\/www.visit-ulcinj.com\/blog\/wp-content\/uploads\/2012\/12\/Nishani-nderi-kombit.jpg\"><img loading=\"lazy\" class=\"alignleft  wp-image-66313\" title=\"Nishani-nderi kombit\" src=\"http:\/\/www.visit-ulcinj.com\/blog\/wp-content\/uploads\/2012\/12\/Nishani-nderi-kombit.jpg\" alt=\"\" width=\"508\" height=\"360\" \/><\/a>N\u00eb prag t\u00eb 100 vjetorit te shpalljes s\u00eb Pavar\u00ebsis\u00eb s\u00eb vendit, n\u00eb nj\u00eb aktivitet artistik p\u00ebrkujtimor t\u00eb zhvilluar n\u00eb teatrin &#8220;Migjeni&#8221; t\u00eb Shkodr\u00ebs, Presidenti i Republikes Bujar Nishani nderoi Mal\u00ebsin\u00eb e Madhe me titullin e lart\u00eb &#8220;Nderi i Kombit&#8221;. N\u00eb aktivitetin &#8220;Ku e muer emrin Mal\u00ebsia e Madhe&#8221; merrnin pjes\u00eb artist\u00eb t\u00eb zon\u00ebs s\u00eb Mal\u00ebsis\u00eb n\u00eb dy an\u00ebt e kufirit .<\/p>\n<p><a href=\"http:\/\/www.visit-ulcinj.com\/blog\/wp-content\/uploads\/2012\/12\/Nishani-Shkrela.jpg\"><img loading=\"lazy\" class=\"alignleft  wp-image-66314\" title=\"Nishani-Shkrela\" src=\"http:\/\/www.visit-ulcinj.com\/blog\/wp-content\/uploads\/2012\/12\/Nishani-Shkrela.jpg\" alt=\"\" width=\"300\" height=\"350\" \/><\/a>Presidenti Nishani beri nj\u00eb p\u00ebrmbledhje t\u00eb kontributit t\u00eb madh \u00a0t\u00eb krahin\u00ebs s\u00eb Mal\u00ebsis\u00eb s\u00eb Madhe jo vet\u00ebm n\u00eb pavar\u00ebsin\u00eb e vendit, por dhe n\u00eb mbrojtjen me gjakun dhe jet\u00ebn e tyre t\u00eb trojeve shqiptare. Kreu i shtetit p\u00ebrmendi ngritjen e flamurit te Gjergj Kastriotit n\u00eb De\u00e7i\u00e7 me 1911,betejat e Ded\u00eb Gjo Lulit , luft\u00ebn e 1920-\u00ebs \u00a0kund\u00ebr pushtuesit malazez, ku n\u00eb nj\u00ebher\u00ebsh \u00a0me Vlor\u00ebn luftohej n\u00eb dy fronte p\u00ebr shp\u00ebtimin e trojeve nga cop\u00ebtimi.<\/p>\n<p>Gjithashtu u kujtua dhe kryengritja antikomuniste e 1945 udh\u00ebhequr nga Prek\u00eb Cali e trima t\u00eb tjer\u00eb, kryengritje q\u00eb u shtyp me gjak nga komunist\u00ebt.<\/p>\n<p>P\u00ebr k\u00ebto kontribute historike ,n\u00eb kuad\u00ebr t\u00eb 100 vjetorit t\u00eb shpalljes s\u00eb Pavar\u00ebsis\u00eb, me motivacion &#8220;P\u00ebr meritat dhe kontributin e jasht\u00ebzakonsh\u00ebm t\u00eb Mal\u00ebsis\u00eb se Madhe dhe popullit t\u00eb saj liridash\u00ebs\u201d, ju akordua titulli i lart\u00eb\u201d Nderi i Kombit\u201d. Gjithashtu n\u00eb fjal\u00ebn e tij \u00a0Nishani theksoi se ky shembull i paraardh\u00ebsve tan\u00eb, duhet t\u00eb ndiqet dhe nga shqiptar\u00ebt sot ve\u00e7an\u00ebrisht politika q\u00eb duhet t\u00eb bashk\u00ebpunoj\u00eb n\u00eb t\u00eb mir\u00eb t\u00eb kombit dhe progresit t\u00eb vendit.<br \/>\n<a href=\"http:\/\/www.visit-ulcinj.com\/blog\/wp-content\/uploads\/2012\/12\/Shkrelja_Gjeka_Princ-Leka-100-vjetori-i-pavarsise.1.jpg\"><img loading=\"lazy\" src=\"http:\/\/www.visit-ulcinj.com\/blog\/wp-content\/uploads\/2012\/12\/Shkrelja_Gjeka_Princ-Leka-100-vjetori-i-pavarsise.1.jpg\" alt=\"\" title=\"Shkrelja_Gjeka_Princ Leka - 100 vjetori i pavarsise.1\" width=\"508\" height=\"300\" class=\"alignleft size-full wp-image-66321\" \/><\/a><br \/>\nN\u00eb aktivitetin p\u00ebrkujtimor merrnin pjes\u00eb deputet\u00eb t\u00eb Kuvendit t\u00eb Shqip\u00ebris\u00eb, por dhe deputetet shqiptar\u00eb t\u00eb Kuvendit t\u00eb Malit t\u00eb Zi,Luigj Shkrela,Fatmir Gjeka,Vasel Sinishtaj si dhe princi Leka.<\/p>\n<p>SHEKULLI<\/p>\n<p>\n\t\t<style type=\"text\/css\">\n\t\t\t#gallery-1 {\n\t\t\t\tmargin: auto;\n\t\t\t}\n\t\t\t#gallery-1 .gallery-item {\n\t\t\t\tfloat: left;\n\t\t\t\tmargin-top: 10px;\n\t\t\t\ttext-align: center;\n\t\t\t\twidth: 33%;\n\t\t\t}\n\t\t\t#gallery-1 img {\n\t\t\t\tborder: 2px solid #cfcfcf;\n\t\t\t}\n\t\t\t#gallery-1 .gallery-caption {\n\t\t\t\tmargin-left: 0;\n\t\t\t}\n\t\t\t\/* see gallery_shortcode() in wp-includes\/media.php *\/\n\t\t<\/style>\n\t\t<div id='gallery-1' class='gallery galleryid-66312 gallery-columns-3 gallery-size-thumbnail'><dl class='gallery-item'>\n\t\t\t<dt class='gallery-icon landscape'>\n\t\t\t\t<a href='https:\/\/www.visit-ulcinj.com\/blog\/wp-content\/uploads\/2012\/12\/Nishani-nderi-kombit.jpg'><img width=\"150\" height=\"150\" src=\"https:\/\/www.visit-ulcinj.com\/blog\/wp-content\/uploads\/2012\/12\/Nishani-nderi-kombit-150x150.jpg\" class=\"attachment-thumbnail size-thumbnail\" alt=\"\" loading=\"lazy\" \/><\/a>\n\t\t\t<\/dt><\/dl><dl class='gallery-item'>\n\t\t\t<dt class='gallery-icon portrait'>\n\t\t\t\t<a href='https:\/\/www.visit-ulcinj.com\/blog\/wp-content\/uploads\/2012\/12\/Nishani-Shkrela.jpg'><img width=\"150\" height=\"150\" src=\"https:\/\/www.visit-ulcinj.com\/blog\/wp-content\/uploads\/2012\/12\/Nishani-Shkrela-150x150.jpg\" class=\"attachment-thumbnail size-thumbnail\" alt=\"\" loading=\"lazy\" \/><\/a>\n\t\t\t<\/dt><\/dl><dl class='gallery-item'>\n\t\t\t<dt class='gallery-icon portrait'>\n\t\t\t\t<a href='https:\/\/www.visit-ulcinj.com\/blog\/wp-content\/uploads\/2012\/12\/Shkrelja_Jahjaga-100-vjetori-i-pavarsise.1.jpg'><img width=\"150\" height=\"150\" src=\"https:\/\/www.visit-ulcinj.com\/blog\/wp-content\/uploads\/2012\/12\/Shkrelja_Jahjaga-100-vjetori-i-pavarsise.1-150x150.jpg\" class=\"attachment-thumbnail size-thumbnail\" alt=\"\" loading=\"lazy\" \/><\/a>\n\t\t\t<\/dt><\/dl><br style=\"clear: both\" \/><dl class='gallery-item'>\n\t\t\t<dt class='gallery-icon portrait'>\n\t\t\t\t<a href='https:\/\/www.visit-ulcinj.com\/blog\/wp-content\/uploads\/2012\/12\/Shkrelja_Topalli-100-vjetori-i-pavarsise.1.jpg'><img width=\"150\" height=\"150\" src=\"https:\/\/www.visit-ulcinj.com\/blog\/wp-content\/uploads\/2012\/12\/Shkrelja_Topalli-100-vjetori-i-pavarsise.1-150x150.jpg\" class=\"attachment-thumbnail size-thumbnail\" alt=\"\" loading=\"lazy\" \/><\/a>\n\t\t\t<\/dt><\/dl><dl class='gallery-item'>\n\t\t\t<dt class='gallery-icon landscape'>\n\t\t\t\t<a href='https:\/\/www.visit-ulcinj.com\/blog\/wp-content\/uploads\/2012\/12\/Shkrelja_Gjeka-100-vjetori-i-pavarsise.1.jpg'><img width=\"150\" height=\"150\" src=\"https:\/\/www.visit-ulcinj.com\/blog\/wp-content\/uploads\/2012\/12\/Shkrelja_Gjeka-100-vjetori-i-pavarsise.1-150x150.jpg\" class=\"attachment-thumbnail size-thumbnail\" alt=\"\" loading=\"lazy\" \/><\/a>\n\t\t\t<\/dt><\/dl><dl class='gallery-item'>\n\t\t\t<dt class='gallery-icon landscape'>\n\t\t\t\t<a href='https:\/\/www.visit-ulcinj.com\/blog\/wp-content\/uploads\/2012\/12\/Shkrelja_Gjeka-100-vjetori-i-pavarsise.2.jpg'><img width=\"150\" height=\"150\" src=\"https:\/\/www.visit-ulcinj.com\/blog\/wp-content\/uploads\/2012\/12\/Shkrelja_Gjeka-100-vjetori-i-pavarsise.2-150x150.jpg\" class=\"attachment-thumbnail size-thumbnail\" alt=\"\" loading=\"lazy\" \/><\/a>\n\t\t\t<\/dt><\/dl><br style=\"clear: both\" \/><dl class='gallery-item'>\n\t\t\t<dt class='gallery-icon landscape'>\n\t\t\t\t<a href='https:\/\/www.visit-ulcinj.com\/blog\/wp-content\/uploads\/2012\/12\/Shkrelja_Gjeka-100-vjetori-i-pavarsise.3.jpg'><img width=\"150\" height=\"150\" src=\"https:\/\/www.visit-ulcinj.com\/blog\/wp-content\/uploads\/2012\/12\/Shkrelja_Gjeka-100-vjetori-i-pavarsise.3-150x150.jpg\" class=\"attachment-thumbnail size-thumbnail\" alt=\"\" loading=\"lazy\" \/><\/a>\n\t\t\t<\/dt><\/dl><dl class='gallery-item'>\n\t\t\t<dt class='gallery-icon portrait'>\n\t\t\t\t<a href='https:\/\/www.visit-ulcinj.com\/blog\/wp-content\/uploads\/2012\/12\/Shkrelja_Gjeka_Gjoni-100-vjetori-i-pavarsise.1.jpg'><img width=\"150\" height=\"150\" src=\"https:\/\/www.visit-ulcinj.com\/blog\/wp-content\/uploads\/2012\/12\/Shkrelja_Gjeka_Gjoni-100-vjetori-i-pavarsise.1-150x150.jpg\" class=\"attachment-thumbnail size-thumbnail\" alt=\"\" loading=\"lazy\" \/><\/a>\n\t\t\t<\/dt><\/dl><dl class='gallery-item'>\n\t\t\t<dt class='gallery-icon landscape'>\n\t\t\t\t<a href='https:\/\/www.visit-ulcinj.com\/blog\/wp-content\/uploads\/2012\/12\/Shkrelja_Gjeka_Princ-Leka-100-vjetori-i-pavarsise.1.jpg'><img width=\"150\" height=\"150\" src=\"https:\/\/www.visit-ulcinj.com\/blog\/wp-content\/uploads\/2012\/12\/Shkrelja_Gjeka_Princ-Leka-100-vjetori-i-pavarsise.1-150x150.jpg\" class=\"attachment-thumbnail size-thumbnail\" alt=\"\" loading=\"lazy\" \/><\/a>\n\t\t\t<\/dt><\/dl><br style=\"clear: both\" \/><dl class='gallery-item'>\n\t\t\t<dt class='gallery-icon portrait'>\n\t\t\t\t<a href='https:\/\/www.visit-ulcinj.com\/blog\/wp-content\/uploads\/2012\/12\/Shkrelja_Gjeka_Sinishtaj-100-vjetori-i-pavarsise.1.jpg'><img width=\"150\" height=\"150\" src=\"https:\/\/www.visit-ulcinj.com\/blog\/wp-content\/uploads\/2012\/12\/Shkrelja_Gjeka_Sinishtaj-100-vjetori-i-pavarsise.1-150x150.jpg\" class=\"attachment-thumbnail size-thumbnail\" alt=\"\" loading=\"lazy\" \/><\/a>\n\t\t\t<\/dt><\/dl><dl class='gallery-item'>\n\t\t\t<dt class='gallery-icon portrait'>\n\t\t\t\t<a href='https:\/\/www.visit-ulcinj.com\/blog\/wp-content\/uploads\/2012\/12\/Cungu_Shkrelja_Gjeka-100-vjetori-i-pavarsise.1.jpg'><img width=\"150\" height=\"150\" src=\"https:\/\/www.visit-ulcinj.com\/blog\/wp-content\/uploads\/2012\/12\/Cungu_Shkrelja_Gjeka-100-vjetori-i-pavarsise.1-150x150.jpg\" class=\"attachment-thumbnail size-thumbnail\" alt=\"\" loading=\"lazy\" \/><\/a>\n\t\t\t<\/dt><\/dl><dl class='gallery-item'>\n\t\t\t<dt class='gallery-icon portrait'>\n\t\t\t\t<a href='https:\/\/www.visit-ulcinj.com\/blog\/wp-content\/uploads\/2012\/12\/Cungu_Shkrelja_Gjeka-100-vjetori-i-pavarsise.jpg'><img width=\"150\" height=\"150\" src=\"https:\/\/www.visit-ulcinj.com\/blog\/wp-content\/uploads\/2012\/12\/Cungu_Shkrelja_Gjeka-100-vjetori-i-pavarsise-150x150.jpg\" class=\"attachment-thumbnail size-thumbnail\" alt=\"\" loading=\"lazy\" \/><\/a>\n\t\t\t<\/dt><\/dl><br style=\"clear: both\" \/>\n\t\t<\/div>\n<br \/>\n1.<iframe loading=\"lazy\" width=\"508\" height=\"360\" src=\"http:\/\/www.youtube.com\/embed\/wP_zotd96HY?rel=0\" frameborder=\"0\" allowfullscreen><\/iframe><\/p>\n<p>2.<iframe loading=\"lazy\" width=\"508\" height=\"360\" src=\"http:\/\/www.youtube.com\/embed\/limoP51SvtQ?rel=0\" frameborder=\"0\" allowfullscreen><\/iframe><\/p>\n","protected":false},"excerpt":{"rendered":"<p>N\u00eb prag t\u00eb 100 vjetorit te shpalljes s\u00eb Pavar\u00ebsis\u00eb s\u00eb vendit, n\u00eb nj\u00eb aktivitet artistik p\u00ebrkujtimor t\u00eb zhvilluar n\u00eb teatrin &#8220;Migjeni&#8221; t\u00eb Shkodr\u00ebs, Presidenti i Republikes Bujar Nishani nderoi Mal\u00ebsin\u00eb e Madhe me titullin e lart\u00eb &#8220;Nderi i Kombit&#8221;. N\u00eb aktivitetin &#8220;Ku e muer emrin Mal\u00ebsia e Madhe&#8221; merrnin pjes\u00eb artist\u00eb t\u00eb zon\u00ebs s\u00eb Mal\u00ebsis\u00eb [&hellip;]<\/p>\n","protected":false},"author":1,"featured_media":0,"comment_status":"open","ping_status":"closed","sticky":false,"template":"","format":"standard","meta":{"spay_email":"","jetpack_publicize_message":"","jetpack_is_tweetstorm":false,"jetpack_publicize_feature_enabled":true},"categories":[12],"tags":[11609,21509,21512,21521,212,21522,17828,21239,17834,3382,21237,18370,17811,21523,21242,20884,7930,17831,18362,14353,17808,14354,12340,17840,17839,17468,8161,18363,21524,21221,21525,21222,18532,17835,21240,17814,17810,17816,2326,17071,2319,21246,10400,17807,21526,21253,21468,21469,19517,3516,14652,17837,2322,17827,18023,21219,21416,8470,21244,21572,21503,21494,2338,21238,21527,21248,14358,21528,222,2321,17802,17812,17803,2323,3584,17820,1499,21236,21250,21529,17825,21530,17817,21531,17805,21252,3169,305,21574,21251,840,17823,2325,17832,3506,17818,214,21231,3993,5913,17680,2327,14362,21532,14363,18371,297,21493,21230,21241,21513,21533,3507,730,21471,21249,17800,498,3500,21421,21534,21228,21255,115,14364,21234,18694,21254,21535,21536,21223,21418,21537,17799,21538,3327,21226,17841,3944,17826,15213,18236,3512,17806,21539,18399,11648,18289,21233,21540,17838,499,21541,95,2331,21542,21543,2348,21427,17813,21544,17804,21545,15141,347,21546,19495,17836,14366,21547,21510,2332,3875,79,17073,18294,21570,21573,318,118,18368,18369,21417,21257,21258,1653,21420,21426,21419,21548,2304,21261,2360,21232,1909,21549,21550,21551,21243,21224,14367,500,21552,21553,21235,2354,5380,21554,17801,40,2306,2334,2335,21470,18360,21227,3577,17822,14368,14369,21555,208,21225,21492,17824,14370,4244,21247,18291,16228,21556,21259,2083,3231,14371,21220,41,3617,5040,3582,2350,3722,21260,2310,14372,17844,17821,2312,21557,18372,21256,17830,17077,18295,14375,17833,17829,899,21245,20894,2337,42,3797,3583,1655,21558,21559,21229,21560,200,18,16465,10421,17819,21561,21562,2339,4243,16445,3333,17809,21563,2340,4265,14376],"jetpack_publicize_connections":[],"yoast_head":"<!-- This site is optimized with the Yoast SEO plugin v19.1 - https:\/\/yoast.com\/wordpress\/plugins\/seo\/ -->\n<title>Nishani dekoron Mal\u00ebsin\u00eb e Madhe,merrnin pjes\u00eb deputetet shqiptar\u00eb t\u00eb Kuvendit t\u00eb Malit t\u00eb Zi - Video - Lajme nga Ulqini<\/title>\n<meta name=\"description\" content=\"N\u00eb prag t\u00eb 100 vjetorit te shpalljes s\u00eb Pavar\u00ebsis\u00eb s\u00eb vendit, n\u00eb nj\u00eb aktivitet artistik p\u00ebrkujtimor t\u00eb zhvilluar n\u00eb teatrin &quot;Migjeni&quot; t\u00eb Shkodr\u00ebs,\" \/>\n<meta name=\"robots\" content=\"index, follow, max-snippet:-1, max-image-preview:large, max-video-preview:-1\" \/>\n<link rel=\"canonical\" href=\"https:\/\/www.visit-ulcinj.com\/blog\/2012\/12\/01\/nishani-dekoron-malesine-e-madhemerrnin-pjese-deputetet-shqiptare-te-kuvendit-te-malit-te-zi-video\/\" \/>\n<meta property=\"og:locale\" content=\"en_US\" \/>\n<meta property=\"og:type\" content=\"article\" \/>\n<meta property=\"og:title\" content=\"Nishani dekoron Mal\u00ebsin\u00eb e Madhe,merrnin pjes\u00eb deputetet shqiptar\u00eb t\u00eb Kuvendit t\u00eb Malit t\u00eb Zi - Video - Lajme nga Ulqini\" \/>\n<meta property=\"og:description\" content=\"N\u00eb prag t\u00eb 100 vjetorit te shpalljes s\u00eb Pavar\u00ebsis\u00eb s\u00eb vendit, n\u00eb nj\u00eb aktivitet artistik p\u00ebrkujtimor t\u00eb zhvilluar n\u00eb teatrin &quot;Migjeni&quot; t\u00eb Shkodr\u00ebs,\" \/>\n<meta property=\"og:url\" content=\"https:\/\/www.visit-ulcinj.com\/blog\/2012\/12\/01\/nishani-dekoron-malesine-e-madhemerrnin-pjese-deputetet-shqiptare-te-kuvendit-te-malit-te-zi-video\/\" \/>\n<meta property=\"og:site_name\" content=\"Lajme nga Ulqini\" \/>\n<meta property=\"article:published_time\" content=\"2012-12-01T07:37:33+00:00\" \/>\n<meta property=\"article:modified_time\" content=\"2012-12-02T00:23:42+00:00\" \/>\n<meta property=\"og:image\" content=\"https:\/\/www.visit-ulcinj.com\/blog\/wp-content\/uploads\/2012\/12\/Nishani-nderi-kombit-150x150.jpg\" \/>\n<meta name=\"twitter:label1\" content=\"Written by\" \/>\n\t<meta name=\"twitter:data1\" content=\"ulqini\" \/>\n\t<meta name=\"twitter:label2\" content=\"Est. reading time\" \/>\n\t<meta name=\"twitter:data2\" content=\"2 minutes\" \/>\n<script type=\"application\/ld+json\" class=\"yoast-schema-graph\">{\"@context\":\"https:\/\/schema.org\",\"@graph\":[{\"@type\":\"WebSite\",\"@id\":\"https:\/\/www.visit-ulcinj.com\/blog\/#website\",\"url\":\"https:\/\/www.visit-ulcinj.com\/blog\/\",\"name\":\"Lajme nga Ulqini\",\"description\":\"Lajme,Vijesti,Ulqini,Ulqin,Crna Gora,Mali i Zi\",\"potentialAction\":[{\"@type\":\"SearchAction\",\"target\":{\"@type\":\"EntryPoint\",\"urlTemplate\":\"https:\/\/www.visit-ulcinj.com\/blog\/?s={search_term_string}\"},\"query-input\":\"required name=search_term_string\"}],\"inLanguage\":\"en-US\"},{\"@type\":\"ImageObject\",\"inLanguage\":\"en-US\",\"@id\":\"https:\/\/www.visit-ulcinj.com\/blog\/2012\/12\/01\/nishani-dekoron-malesine-e-madhemerrnin-pjese-deputetet-shqiptare-te-kuvendit-te-malit-te-zi-video\/#primaryimage\",\"url\":\"https:\/\/www.visit-ulcinj.com\/blog\/wp-content\/uploads\/2012\/12\/Nishani-nderi-kombit.jpg\",\"contentUrl\":\"https:\/\/www.visit-ulcinj.com\/blog\/wp-content\/uploads\/2012\/12\/Nishani-nderi-kombit.jpg\",\"width\":\"960\",\"height\":\"638\"},{\"@type\":\"WebPage\",\"@id\":\"https:\/\/www.visit-ulcinj.com\/blog\/2012\/12\/01\/nishani-dekoron-malesine-e-madhemerrnin-pjese-deputetet-shqiptare-te-kuvendit-te-malit-te-zi-video\/#webpage\",\"url\":\"https:\/\/www.visit-ulcinj.com\/blog\/2012\/12\/01\/nishani-dekoron-malesine-e-madhemerrnin-pjese-deputetet-shqiptare-te-kuvendit-te-malit-te-zi-video\/\",\"name\":\"Nishani dekoron Mal\u00ebsin\u00eb e Madhe,merrnin pjes\u00eb deputetet shqiptar\u00eb t\u00eb Kuvendit t\u00eb Malit t\u00eb Zi - Video - Lajme nga Ulqini\",\"isPartOf\":{\"@id\":\"https:\/\/www.visit-ulcinj.com\/blog\/#website\"},\"primaryImageOfPage\":{\"@id\":\"https:\/\/www.visit-ulcinj.com\/blog\/2012\/12\/01\/nishani-dekoron-malesine-e-madhemerrnin-pjese-deputetet-shqiptare-te-kuvendit-te-malit-te-zi-video\/#primaryimage\"},\"datePublished\":\"2012-12-01T07:37:33+00:00\",\"dateModified\":\"2012-12-02T00:23:42+00:00\",\"author\":{\"@id\":\"https:\/\/www.visit-ulcinj.com\/blog\/#\/schema\/person\/dcab619c614d3038751c63bc2aadc06d\"},\"description\":\"N\u00eb prag t\u00eb 100 vjetorit te shpalljes s\u00eb Pavar\u00ebsis\u00eb s\u00eb vendit, n\u00eb nj\u00eb aktivitet artistik p\u00ebrkujtimor t\u00eb zhvilluar n\u00eb teatrin \\\"Migjeni\\\" t\u00eb Shkodr\u00ebs,\",\"breadcrumb\":{\"@id\":\"https:\/\/www.visit-ulcinj.com\/blog\/2012\/12\/01\/nishani-dekoron-malesine-e-madhemerrnin-pjese-deputetet-shqiptare-te-kuvendit-te-malit-te-zi-video\/#breadcrumb\"},\"inLanguage\":\"en-US\",\"potentialAction\":[{\"@type\":\"ReadAction\",\"target\":[\"https:\/\/www.visit-ulcinj.com\/blog\/2012\/12\/01\/nishani-dekoron-malesine-e-madhemerrnin-pjese-deputetet-shqiptare-te-kuvendit-te-malit-te-zi-video\/\"]}]},{\"@type\":\"BreadcrumbList\",\"@id\":\"https:\/\/www.visit-ulcinj.com\/blog\/2012\/12\/01\/nishani-dekoron-malesine-e-madhemerrnin-pjese-deputetet-shqiptare-te-kuvendit-te-malit-te-zi-video\/#breadcrumb\",\"itemListElement\":[{\"@type\":\"ListItem\",\"position\":1,\"name\":\"Nishani dekoron Mal\u00ebsin\u00eb e Madhe,merrnin pjes\u00eb deputetet shqiptar\u00eb t\u00eb Kuvendit t\u00eb Malit t\u00eb Zi &#8211; Video\"}]},{\"@type\":\"Person\",\"@id\":\"https:\/\/www.visit-ulcinj.com\/blog\/#\/schema\/person\/dcab619c614d3038751c63bc2aadc06d\",\"name\":\"ulqini\",\"sameAs\":[\"http:\/\/www.visit-ulcinj.com\"],\"url\":\"https:\/\/www.visit-ulcinj.com\/blog\/author\/admin\/\"}]}<\/script>\n<!-- \/ Yoast SEO plugin. -->","yoast_head_json":{"title":"Nishani dekoron Mal\u00ebsin\u00eb e Madhe,merrnin pjes\u00eb deputetet shqiptar\u00eb t\u00eb Kuvendit t\u00eb Malit t\u00eb Zi - Video - Lajme nga Ulqini","description":"N\u00eb prag t\u00eb 100 vjetorit te shpalljes s\u00eb Pavar\u00ebsis\u00eb s\u00eb vendit, n\u00eb nj\u00eb aktivitet artistik p\u00ebrkujtimor t\u00eb zhvilluar n\u00eb teatrin \"Migjeni\" t\u00eb Shkodr\u00ebs,","robots":{"index":"index","follow":"follow","max-snippet":"max-snippet:-1","max-image-preview":"max-image-preview:large","max-video-preview":"max-video-preview:-1"},"canonical":"https:\/\/www.visit-ulcinj.com\/blog\/2012\/12\/01\/nishani-dekoron-malesine-e-madhemerrnin-pjese-deputetet-shqiptare-te-kuvendit-te-malit-te-zi-video\/","og_locale":"en_US","og_type":"article","og_title":"Nishani dekoron Mal\u00ebsin\u00eb e Madhe,merrnin pjes\u00eb deputetet shqiptar\u00eb t\u00eb Kuvendit t\u00eb Malit t\u00eb Zi - Video - Lajme nga Ulqini","og_description":"N\u00eb prag t\u00eb 100 vjetorit te shpalljes s\u00eb Pavar\u00ebsis\u00eb s\u00eb vendit, n\u00eb nj\u00eb aktivitet artistik p\u00ebrkujtimor t\u00eb zhvilluar n\u00eb teatrin \"Migjeni\" t\u00eb Shkodr\u00ebs,","og_url":"https:\/\/www.visit-ulcinj.com\/blog\/2012\/12\/01\/nishani-dekoron-malesine-e-madhemerrnin-pjese-deputetet-shqiptare-te-kuvendit-te-malit-te-zi-video\/","og_site_name":"Lajme nga Ulqini","article_published_time":"2012-12-01T07:37:33+00:00","article_modified_time":"2012-12-02T00:23:42+00:00","og_image":[{"url":"https:\/\/www.visit-ulcinj.com\/blog\/wp-content\/uploads\/2012\/12\/Nishani-nderi-kombit-150x150.jpg"}],"twitter_misc":{"Written by":"ulqini","Est. reading time":"2 minutes"},"schema":{"@context":"https:\/\/schema.org","@graph":[{"@type":"WebSite","@id":"https:\/\/www.visit-ulcinj.com\/blog\/#website","url":"https:\/\/www.visit-ulcinj.com\/blog\/","name":"Lajme nga Ulqini","description":"Lajme,Vijesti,Ulqini,Ulqin,Crna Gora,Mali i Zi","potentialAction":[{"@type":"SearchAction","target":{"@type":"EntryPoint","urlTemplate":"https:\/\/www.visit-ulcinj.com\/blog\/?s={search_term_string}"},"query-input":"required name=search_term_string"}],"inLanguage":"en-US"},{"@type":"ImageObject","inLanguage":"en-US","@id":"https:\/\/www.visit-ulcinj.com\/blog\/2012\/12\/01\/nishani-dekoron-malesine-e-madhemerrnin-pjese-deputetet-shqiptare-te-kuvendit-te-malit-te-zi-video\/#primaryimage","url":"https:\/\/www.visit-ulcinj.com\/blog\/wp-content\/uploads\/2012\/12\/Nishani-nderi-kombit.jpg","contentUrl":"https:\/\/www.visit-ulcinj.com\/blog\/wp-content\/uploads\/2012\/12\/Nishani-nderi-kombit.jpg","width":"960","height":"638"},{"@type":"WebPage","@id":"https:\/\/www.visit-ulcinj.com\/blog\/2012\/12\/01\/nishani-dekoron-malesine-e-madhemerrnin-pjese-deputetet-shqiptare-te-kuvendit-te-malit-te-zi-video\/#webpage","url":"https:\/\/www.visit-ulcinj.com\/blog\/2012\/12\/01\/nishani-dekoron-malesine-e-madhemerrnin-pjese-deputetet-shqiptare-te-kuvendit-te-malit-te-zi-video\/","name":"Nishani dekoron Mal\u00ebsin\u00eb e Madhe,merrnin pjes\u00eb deputetet shqiptar\u00eb t\u00eb Kuvendit t\u00eb Malit t\u00eb Zi - Video - Lajme nga Ulqini","isPartOf":{"@id":"https:\/\/www.visit-ulcinj.com\/blog\/#website"},"primaryImageOfPage":{"@id":"https:\/\/www.visit-ulcinj.com\/blog\/2012\/12\/01\/nishani-dekoron-malesine-e-madhemerrnin-pjese-deputetet-shqiptare-te-kuvendit-te-malit-te-zi-video\/#primaryimage"},"datePublished":"2012-12-01T07:37:33+00:00","dateModified":"2012-12-02T00:23:42+00:00","author":{"@id":"https:\/\/www.visit-ulcinj.com\/blog\/#\/schema\/person\/dcab619c614d3038751c63bc2aadc06d"},"description":"N\u00eb prag t\u00eb 100 vjetorit te shpalljes s\u00eb Pavar\u00ebsis\u00eb s\u00eb vendit, n\u00eb nj\u00eb aktivitet artistik p\u00ebrkujtimor t\u00eb zhvilluar n\u00eb teatrin \"Migjeni\" t\u00eb Shkodr\u00ebs,","breadcrumb":{"@id":"https:\/\/www.visit-ulcinj.com\/blog\/2012\/12\/01\/nishani-dekoron-malesine-e-madhemerrnin-pjese-deputetet-shqiptare-te-kuvendit-te-malit-te-zi-video\/#breadcrumb"},"inLanguage":"en-US","potentialAction":[{"@type":"ReadAction","target":["https:\/\/www.visit-ulcinj.com\/blog\/2012\/12\/01\/nishani-dekoron-malesine-e-madhemerrnin-pjese-deputetet-shqiptare-te-kuvendit-te-malit-te-zi-video\/"]}]},{"@type":"BreadcrumbList","@id":"https:\/\/www.visit-ulcinj.com\/blog\/2012\/12\/01\/nishani-dekoron-malesine-e-madhemerrnin-pjese-deputetet-shqiptare-te-kuvendit-te-malit-te-zi-video\/#breadcrumb","itemListElement":[{"@type":"ListItem","position":1,"name":"Nishani dekoron Mal\u00ebsin\u00eb e Madhe,merrnin pjes\u00eb deputetet shqiptar\u00eb t\u00eb Kuvendit t\u00eb Malit t\u00eb Zi &#8211; Video"}]},{"@type":"Person","@id":"https:\/\/www.visit-ulcinj.com\/blog\/#\/schema\/person\/dcab619c614d3038751c63bc2aadc06d","name":"ulqini","sameAs":["http:\/\/www.visit-ulcinj.com"],"url":"https:\/\/www.visit-ulcinj.com\/blog\/author\/admin\/"}]}},"jetpack_featured_media_url":"","jetpack_sharing_enabled":true,"jetpack_shortlink":"https:\/\/wp.me\/pe6lTn-hfy","_links":{"self":[{"href":"https:\/\/www.visit-ulcinj.com\/blog\/wp-json\/wp\/v2\/posts\/66312"}],"collection":[{"href":"https:\/\/www.visit-ulcinj.com\/blog\/wp-json\/wp\/v2\/posts"}],"about":[{"href":"https:\/\/www.visit-ulcinj.com\/blog\/wp-json\/wp\/v2\/types\/post"}],"author":[{"embeddable":true,"href":"https:\/\/www.visit-ulcinj.com\/blog\/wp-json\/wp\/v2\/users\/1"}],"replies":[{"embeddable":true,"href":"https:\/\/www.visit-ulcinj.com\/blog\/wp-json\/wp\/v2\/comments?post=66312"}],"version-history":[{"count":7,"href":"https:\/\/www.visit-ulcinj.com\/blog\/wp-json\/wp\/v2\/posts\/66312\/revisions"}],"predecessor-version":[{"id":66338,"href":"https:\/\/www.visit-ulcinj.com\/blog\/wp-json\/wp\/v2\/posts\/66312\/revisions\/66338"}],"wp:attachment":[{"href":"https:\/\/www.visit-ulcinj.com\/blog\/wp-json\/wp\/v2\/media?parent=66312"}],"wp:term":[{"taxonomy":"category","embeddable":true,"href":"https:\/\/www.visit-ulcinj.com\/blog\/wp-json\/wp\/v2\/categories?post=66312"},{"taxonomy":"post_tag","embeddable":true,"href":"https:\/\/www.visit-ulcinj.com\/blog\/wp-json\/wp\/v2\/tags?post=66312"}],"curies":[{"name":"wp","href":"https:\/\/api.w.org\/{rel}","templated":true}]}}