{"id":66335,"date":"2012-12-02T01:21:13","date_gmt":"2012-12-02T00:21:13","guid":{"rendered":"http:\/\/www.visit-ulcinj.com\/blog\/?p=66335"},"modified":"2012-12-06T22:42:05","modified_gmt":"2012-12-06T21:42:05","slug":"koreodrama-kalendari-nga-ulqini-ne-you-tube","status":"publish","type":"post","link":"https:\/\/www.visit-ulcinj.com\/blog\/2012\/12\/02\/koreodrama-kalendari-nga-ulqini-ne-you-tube\/","title":{"rendered":"Koreodrama &#8220;KALENDARI&#8221; nga Ulqini n\u00eb You Tube + Foto"},"content":{"rendered":"<p><a href=\"http:\/\/www.visit-ulcinj.com\/blog\/wp-content\/uploads\/2012\/12\/Koreodrama-Kalendari-i-historis-se-Ulqinit_ZANA.jpg\"><img loading=\"lazy\" class=\"alignleft  wp-image-66336\" title=\"Koreodrama-Kalendari-i-historis-se-Ulqinit_ZANA\" src=\"http:\/\/www.visit-ulcinj.com\/blog\/wp-content\/uploads\/2012\/12\/Koreodrama-Kalendari-i-historis-se-Ulqinit_ZANA.jpg\" alt=\"\" width=\"508\" height=\"360\" \/><\/a>Por k\u00ebshtu nuk nis koreodrama \u201cKalendari\u201d e trup\u00ebs nga Ulqini duke \u00e7faqur p\u00ebr festat e n\u00ebntorit n\u00eb Ulqin,Prishtin dhe Tiran. Pjesa e par\u00eb e saj \u00ebsht\u00eb e hareshme, e flet p\u00ebr nj\u00eb periudh\u00eb kur p\u00ebr shqiptar\u00ebt nuk ka pasur kufij.<br \/>\nPjes\u00ebtar\u00ebt e ansamblit \u201cZana\u201d dhe ata t\u00eb shkoll\u00ebs s\u00eb vall\u00ebzimit modern \u201cPorta di Danza\u201d kan\u00eb veshur veshje komb\u00ebtare nga t\u00eb gjitha viset shqiptare. E l\u00ebvizjet e tyre i kan\u00eb p\u00ebrcjell\u00eb tinguj t\u00eb folklorit shqiptar. N\u00eb prapavij\u00eb q\u00ebndron Kalaja e Ulqinit n\u00eb nj\u00ebr\u00ebn an\u00eb, e nj\u00eb shqiponj\u00eb gjigante si e flamurit n\u00eb an\u00ebn tjet\u00ebr, vep\u00ebr e skenografit Agron Ujkashi. Pjesa e par\u00eb sjell harmoni midis shqiptar\u00ebve. Tingujt e muzik\u00ebs p\u00ebrcjellin trishtim, teksa shqiponja ndahet p\u00ebrgjysm\u00eb p\u00ebr t\u00eb mos u rikthyer deri n\u00eb epilogun e saj. Ajo kthehet n\u00eb pjes\u00ebn e tret\u00eb, q\u00eb rikthen heqjen e kufirit mes Shqip\u00ebris\u00eb dhe ish-Jugosllavis\u00eb. N\u00eb mes t\u00eb saj \u00ebsht\u00eb numri 100, p\u00ebr t\u00eb treguar se kjo \u00ebsht\u00eb dhurata q\u00eb Ulqini i ka b\u00ebr\u00eb jubileut t\u00eb madh t\u00eb shtet\u00ebsis\u00eb s\u00eb Shqip\u00ebris\u00eb. E gjith\u00eb ngjarja rr\u00ebfehet p\u00ebrmes historis\u00eb s\u00eb nj\u00eb familjeje. N\u00ebn\u00eb e bij\u00eb mbesin n\u00eb Shkod\u00ebr, e bab\u00eb e bir n\u00eb Ulqin.<br \/>\n<a href=\"http:\/\/www.visit-ulcinj.com\/blog\/wp-content\/uploads\/2012\/12\/Koreodrama-Kalendari-i-historis-se-Ulqinit_ZANA.1.jpg\"><img loading=\"lazy\" class=\"alignleft  wp-image-66352\" title=\"Koreodrama-Kalendari-i-historis-se-Ulqinit_ZANA.1\" src=\"http:\/\/www.visit-ulcinj.com\/blog\/wp-content\/uploads\/2012\/12\/Koreodrama-Kalendari-i-historis-se-Ulqinit_ZANA.1.jpg\" alt=\"\" width=\"508\" height=\"500\" \/><\/a><br \/>\nMe regji te Munib Abazit,tekst te Valbona Hoxhes,koreografi te Musa Hoxhes,muzik\u00eb te Ardian Hasanages,skenografi te Agron Ujkashit si dhe udheq\u00ebs artistik Basri Milla.Koreodrama perfshinte tri pjes\u00eb, nje zinxhir vallesh trAdicionale dhe bashkohore, duke v\u00ebn\u00eb ne qend\u00ebr te vemendjes nje pjese tragjike te nj\u00eb familjes s\u00eb ndar\u00eb n\u00eb dy shtete, nga vija kufitare me Shqip\u00ebrine.Interpretuan Atif Hasanaga, Flutur Mustafa, Jenuz Abazi, Anida Kollari, Shkolla e vallzimit Porta Di danza dhe SHKA&#8221;Zana&#8221;.<\/p>\n<p>N\u00ebper mes k\u00ebsaj video in\u00e7izimi ju d\u00ebshirojm shikim t\u00eb k\u00ebnd\u00ebshem.<\/p>\n<p><iframe loading=\"lazy\" src=\"http:\/\/www.youtube.com\/embed\/8M88-Bz5TAs?rel=0\" frameborder=\"0\" width=\"508\" height=\"360\"><\/iframe><br \/>\n\n\t\t<style type=\"text\/css\">\n\t\t\t#gallery-1 {\n\t\t\t\tmargin: auto;\n\t\t\t}\n\t\t\t#gallery-1 .gallery-item {\n\t\t\t\tfloat: left;\n\t\t\t\tmargin-top: 10px;\n\t\t\t\ttext-align: center;\n\t\t\t\twidth: 33%;\n\t\t\t}\n\t\t\t#gallery-1 img {\n\t\t\t\tborder: 2px solid #cfcfcf;\n\t\t\t}\n\t\t\t#gallery-1 .gallery-caption {\n\t\t\t\tmargin-left: 0;\n\t\t\t}\n\t\t\t\/* see gallery_shortcode() in wp-includes\/media.php *\/\n\t\t<\/style>\n\t\t<div id='gallery-1' class='gallery galleryid-66335 gallery-columns-3 gallery-size-thumbnail'><dl class='gallery-item'>\n\t\t\t<dt class='gallery-icon landscape'>\n\t\t\t\t<a href='https:\/\/www.visit-ulcinj.com\/blog\/2012\/12\/02\/koreodrama-kalendari-nga-ulqini-ne-you-tube\/koreodrama-kalendari-i-historis-se-ulqinit_zana\/'><img width=\"150\" height=\"150\" src=\"https:\/\/www.visit-ulcinj.com\/blog\/wp-content\/uploads\/2012\/12\/Koreodrama-Kalendari-i-historis-se-Ulqinit_ZANA-150x150.jpg\" class=\"attachment-thumbnail size-thumbnail\" alt=\"\" loading=\"lazy\" \/><\/a>\n\t\t\t<\/dt><\/dl><dl class='gallery-item'>\n\t\t\t<dt class='gallery-icon landscape'>\n\t\t\t\t<a href='https:\/\/www.visit-ulcinj.com\/blog\/2012\/12\/02\/koreodrama-kalendari-nga-ulqini-ne-you-tube\/koreodrama-kalendari-i-historis-se-ulqinit_zana-1\/'><img width=\"150\" height=\"150\" src=\"https:\/\/www.visit-ulcinj.com\/blog\/wp-content\/uploads\/2012\/12\/Koreodrama-Kalendari-i-historis-se-Ulqinit_ZANA.1-150x150.jpg\" class=\"attachment-thumbnail size-thumbnail\" alt=\"\" loading=\"lazy\" srcset=\"https:\/\/www.visit-ulcinj.com\/blog\/wp-content\/uploads\/2012\/12\/Koreodrama-Kalendari-i-historis-se-Ulqinit_ZANA.1-150x150.jpg 150w, https:\/\/www.visit-ulcinj.com\/blog\/wp-content\/uploads\/2012\/12\/Koreodrama-Kalendari-i-historis-se-Ulqinit_ZANA.1-300x300.jpg 300w, https:\/\/www.visit-ulcinj.com\/blog\/wp-content\/uploads\/2012\/12\/Koreodrama-Kalendari-i-historis-se-Ulqinit_ZANA.1.jpg 960w\" sizes=\"(max-width: 150px) 100vw, 150px\" \/><\/a>\n\t\t\t<\/dt><\/dl><dl class='gallery-item'>\n\t\t\t<dt class='gallery-icon landscape'>\n\t\t\t\t<a href='https:\/\/www.visit-ulcinj.com\/blog\/2012\/12\/02\/koreodrama-kalendari-nga-ulqini-ne-you-tube\/koreodrama-kalendari-i-historis-se-ulqinit_shka-zana-2\/'><img width=\"150\" height=\"150\" src=\"https:\/\/www.visit-ulcinj.com\/blog\/wp-content\/uploads\/2012\/12\/Koreodrama-Kalendari-i-historis-se-Ulqinit_SHKA-ZANA.2-150x150.jpg\" class=\"attachment-thumbnail size-thumbnail\" alt=\"\" loading=\"lazy\" \/><\/a>\n\t\t\t<\/dt><\/dl><br style=\"clear: both\" \/><dl class='gallery-item'>\n\t\t\t<dt class='gallery-icon landscape'>\n\t\t\t\t<a href='https:\/\/www.visit-ulcinj.com\/blog\/2012\/12\/02\/koreodrama-kalendari-nga-ulqini-ne-you-tube\/koreodrama-kalendari-i-historis-se-ulqinit_shka-zana-3\/'><img width=\"150\" height=\"150\" src=\"https:\/\/www.visit-ulcinj.com\/blog\/wp-content\/uploads\/2012\/12\/Koreodrama-Kalendari-i-historis-se-Ulqinit_SHKA-ZANA.3-150x150.jpg\" class=\"attachment-thumbnail size-thumbnail\" alt=\"\" loading=\"lazy\" \/><\/a>\n\t\t\t<\/dt><\/dl><dl class='gallery-item'>\n\t\t\t<dt class='gallery-icon landscape'>\n\t\t\t\t<a href='https:\/\/www.visit-ulcinj.com\/blog\/2012\/12\/02\/koreodrama-kalendari-nga-ulqini-ne-you-tube\/koreodrama-kalendari-i-historis-se-ulqinit_shka-zana-4\/'><img width=\"150\" height=\"150\" src=\"https:\/\/www.visit-ulcinj.com\/blog\/wp-content\/uploads\/2012\/12\/Koreodrama-Kalendari-i-historis-se-Ulqinit_SHKA-ZANA.4-150x150.jpg\" class=\"attachment-thumbnail size-thumbnail\" alt=\"\" loading=\"lazy\" \/><\/a>\n\t\t\t<\/dt><\/dl><dl class='gallery-item'>\n\t\t\t<dt class='gallery-icon landscape'>\n\t\t\t\t<a href='https:\/\/www.visit-ulcinj.com\/blog\/2012\/12\/02\/koreodrama-kalendari-nga-ulqini-ne-you-tube\/koreodrama-kalendari-i-historis-se-ulqinit_shka-zana-5\/'><img width=\"150\" height=\"150\" src=\"https:\/\/www.visit-ulcinj.com\/blog\/wp-content\/uploads\/2012\/12\/Koreodrama-Kalendari-i-historis-se-Ulqinit_SHKA-ZANA.5-150x150.jpg\" class=\"attachment-thumbnail size-thumbnail\" alt=\"\" loading=\"lazy\" \/><\/a>\n\t\t\t<\/dt><\/dl><br style=\"clear: both\" \/><dl class='gallery-item'>\n\t\t\t<dt class='gallery-icon landscape'>\n\t\t\t\t<a href='https:\/\/www.visit-ulcinj.com\/blog\/2012\/12\/02\/koreodrama-kalendari-nga-ulqini-ne-you-tube\/koreodrama-kalendari-i-historis-se-ulqinit_shka-zana-6\/'><img width=\"150\" height=\"150\" src=\"https:\/\/www.visit-ulcinj.com\/blog\/wp-content\/uploads\/2012\/12\/Koreodrama-Kalendari-i-historis-se-Ulqinit_SHKA-ZANA.6-150x150.jpg\" class=\"attachment-thumbnail size-thumbnail\" alt=\"\" loading=\"lazy\" \/><\/a>\n\t\t\t<\/dt><\/dl><dl class='gallery-item'>\n\t\t\t<dt class='gallery-icon landscape'>\n\t\t\t\t<a href='https:\/\/www.visit-ulcinj.com\/blog\/2012\/12\/02\/koreodrama-kalendari-nga-ulqini-ne-you-tube\/koreodrama-kalendari-i-historis-se-ulqinit_shka-zana-7\/'><img width=\"150\" height=\"150\" src=\"https:\/\/www.visit-ulcinj.com\/blog\/wp-content\/uploads\/2012\/12\/Koreodrama-Kalendari-i-historis-se-Ulqinit_SHKA-ZANA.7-150x150.jpg\" class=\"attachment-thumbnail size-thumbnail\" alt=\"\" loading=\"lazy\" \/><\/a>\n\t\t\t<\/dt><\/dl><dl class='gallery-item'>\n\t\t\t<dt class='gallery-icon landscape'>\n\t\t\t\t<a href='https:\/\/www.visit-ulcinj.com\/blog\/2012\/12\/02\/koreodrama-kalendari-nga-ulqini-ne-you-tube\/koreodrama-kalendari-i-historis-se-ulqinit_shka-zana-8\/'><img width=\"150\" height=\"150\" src=\"https:\/\/www.visit-ulcinj.com\/blog\/wp-content\/uploads\/2012\/12\/Koreodrama-Kalendari-i-historis-se-Ulqinit_SHKA-ZANA.8-150x150.jpg\" class=\"attachment-thumbnail size-thumbnail\" alt=\"\" loading=\"lazy\" \/><\/a>\n\t\t\t<\/dt><\/dl><br style=\"clear: both\" \/><dl class='gallery-item'>\n\t\t\t<dt class='gallery-icon landscape'>\n\t\t\t\t<a href='https:\/\/www.visit-ulcinj.com\/blog\/2012\/12\/02\/koreodrama-kalendari-nga-ulqini-ne-you-tube\/koreodrama-kalendari-i-historis-se-ulqinit_shka-zana-9\/'><img width=\"150\" height=\"150\" src=\"https:\/\/www.visit-ulcinj.com\/blog\/wp-content\/uploads\/2012\/12\/Koreodrama-Kalendari-i-historis-se-Ulqinit_SHKA-ZANA.9-150x150.jpg\" class=\"attachment-thumbnail size-thumbnail\" alt=\"\" loading=\"lazy\" \/><\/a>\n\t\t\t<\/dt><\/dl><dl class='gallery-item'>\n\t\t\t<dt class='gallery-icon landscape'>\n\t\t\t\t<a href='https:\/\/www.visit-ulcinj.com\/blog\/2012\/12\/02\/koreodrama-kalendari-nga-ulqini-ne-you-tube\/koreodrama-kalendari-i-historis-se-ulqinit_shka-zana-10\/'><img width=\"150\" height=\"150\" src=\"https:\/\/www.visit-ulcinj.com\/blog\/wp-content\/uploads\/2012\/12\/Koreodrama-Kalendari-i-historis-se-Ulqinit_SHKA-ZANA.10-150x150.jpg\" class=\"attachment-thumbnail size-thumbnail\" alt=\"\" loading=\"lazy\" \/><\/a>\n\t\t\t<\/dt><\/dl><dl class='gallery-item'>\n\t\t\t<dt class='gallery-icon portrait'>\n\t\t\t\t<a href='https:\/\/www.visit-ulcinj.com\/blog\/2012\/12\/02\/koreodrama-kalendari-nga-ulqini-ne-you-tube\/koreodrama-kalendari-i-historis-se-ulqinit_shka-zana-11\/'><img width=\"150\" height=\"150\" src=\"https:\/\/www.visit-ulcinj.com\/blog\/wp-content\/uploads\/2012\/12\/Koreodrama-Kalendari-i-historis-se-Ulqinit_SHKA-ZANA.11-150x150.jpg\" class=\"attachment-thumbnail size-thumbnail\" alt=\"\" loading=\"lazy\" \/><\/a>\n\t\t\t<\/dt><\/dl><br style=\"clear: both\" \/><dl class='gallery-item'>\n\t\t\t<dt class='gallery-icon landscape'>\n\t\t\t\t<a href='https:\/\/www.visit-ulcinj.com\/blog\/2012\/12\/02\/koreodrama-kalendari-nga-ulqini-ne-you-tube\/koreodrama-kalendari-i-historis-se-ulqinit_shka-zana-12\/'><img width=\"150\" height=\"150\" src=\"https:\/\/www.visit-ulcinj.com\/blog\/wp-content\/uploads\/2012\/12\/Koreodrama-Kalendari-i-historis-se-Ulqinit_SHKA-ZANA.12-150x150.jpg\" class=\"attachment-thumbnail size-thumbnail\" alt=\"\" loading=\"lazy\" \/><\/a>\n\t\t\t<\/dt><\/dl><dl class='gallery-item'>\n\t\t\t<dt class='gallery-icon landscape'>\n\t\t\t\t<a href='https:\/\/www.visit-ulcinj.com\/blog\/2012\/12\/02\/koreodrama-kalendari-nga-ulqini-ne-you-tube\/koreodrama-kalendari-i-historis-se-ulqinit_shka-zana-13\/'><img width=\"150\" height=\"150\" src=\"https:\/\/www.visit-ulcinj.com\/blog\/wp-content\/uploads\/2012\/12\/Koreodrama-Kalendari-i-historis-se-Ulqinit_SHKA-ZANA.13-150x150.jpg\" class=\"attachment-thumbnail size-thumbnail\" alt=\"\" loading=\"lazy\" srcset=\"https:\/\/www.visit-ulcinj.com\/blog\/wp-content\/uploads\/2012\/12\/Koreodrama-Kalendari-i-historis-se-Ulqinit_SHKA-ZANA.13-150x150.jpg 150w, https:\/\/www.visit-ulcinj.com\/blog\/wp-content\/uploads\/2012\/12\/Koreodrama-Kalendari-i-historis-se-Ulqinit_SHKA-ZANA.13-300x300.jpg 300w, https:\/\/www.visit-ulcinj.com\/blog\/wp-content\/uploads\/2012\/12\/Koreodrama-Kalendari-i-historis-se-Ulqinit_SHKA-ZANA.13.jpg 403w\" sizes=\"(max-width: 150px) 100vw, 150px\" \/><\/a>\n\t\t\t<\/dt><\/dl><dl class='gallery-item'>\n\t\t\t<dt class='gallery-icon landscape'>\n\t\t\t\t<a href='https:\/\/www.visit-ulcinj.com\/blog\/2012\/12\/02\/koreodrama-kalendari-nga-ulqini-ne-you-tube\/koreodrama-kalendari-i-historis-se-ulqinit_shka-zana-14\/'><img width=\"150\" height=\"150\" src=\"https:\/\/www.visit-ulcinj.com\/blog\/wp-content\/uploads\/2012\/12\/Koreodrama-Kalendari-i-historis-se-Ulqinit_SHKA-ZANA.14-150x150.jpg\" class=\"attachment-thumbnail size-thumbnail\" alt=\"\" loading=\"lazy\" \/><\/a>\n\t\t\t<\/dt><\/dl><br style=\"clear: both\" \/><dl class='gallery-item'>\n\t\t\t<dt class='gallery-icon landscape'>\n\t\t\t\t<a href='https:\/\/www.visit-ulcinj.com\/blog\/2012\/12\/02\/koreodrama-kalendari-nga-ulqini-ne-you-tube\/koreodrama-kalendari-i-historis-se-ulqinit_shka-zana-15\/'><img width=\"150\" height=\"150\" src=\"https:\/\/www.visit-ulcinj.com\/blog\/wp-content\/uploads\/2012\/12\/Koreodrama-Kalendari-i-historis-se-Ulqinit_SHKA-ZANA.15-150x150.jpg\" class=\"attachment-thumbnail size-thumbnail\" alt=\"\" loading=\"lazy\" \/><\/a>\n\t\t\t<\/dt><\/dl><dl class='gallery-item'>\n\t\t\t<dt class='gallery-icon landscape'>\n\t\t\t\t<a href='https:\/\/www.visit-ulcinj.com\/blog\/2012\/12\/02\/koreodrama-kalendari-nga-ulqini-ne-you-tube\/koreodrama-kalendari-i-historis-se-ulqinit_shka-zana-16\/'><img width=\"150\" height=\"150\" src=\"https:\/\/www.visit-ulcinj.com\/blog\/wp-content\/uploads\/2012\/12\/Koreodrama-Kalendari-i-historis-se-Ulqinit_SHKA-ZANA.16-150x150.jpg\" class=\"attachment-thumbnail size-thumbnail\" alt=\"\" loading=\"lazy\" \/><\/a>\n\t\t\t<\/dt><\/dl><dl class='gallery-item'>\n\t\t\t<dt class='gallery-icon landscape'>\n\t\t\t\t<a href='https:\/\/www.visit-ulcinj.com\/blog\/2012\/12\/02\/koreodrama-kalendari-nga-ulqini-ne-you-tube\/koreodrama-kalendari-i-historis-se-ulqinit_shka-zana-17\/'><img width=\"150\" height=\"150\" src=\"https:\/\/www.visit-ulcinj.com\/blog\/wp-content\/uploads\/2012\/12\/Koreodrama-Kalendari-i-historis-se-Ulqinit_SHKA-ZANA.17-150x150.jpg\" class=\"attachment-thumbnail size-thumbnail\" alt=\"\" loading=\"lazy\" \/><\/a>\n\t\t\t<\/dt><\/dl><br style=\"clear: both\" \/><dl class='gallery-item'>\n\t\t\t<dt class='gallery-icon landscape'>\n\t\t\t\t<a href='https:\/\/www.visit-ulcinj.com\/blog\/2012\/12\/02\/koreodrama-kalendari-nga-ulqini-ne-you-tube\/koreodrama-kalendari-i-historis-se-ulqinit_shka-zana-18\/'><img width=\"150\" height=\"150\" src=\"https:\/\/www.visit-ulcinj.com\/blog\/wp-content\/uploads\/2012\/12\/Koreodrama-Kalendari-i-historis-se-Ulqinit_SHKA-ZANA.18-150x150.jpg\" class=\"attachment-thumbnail size-thumbnail\" alt=\"\" loading=\"lazy\" \/><\/a>\n\t\t\t<\/dt><\/dl><dl class='gallery-item'>\n\t\t\t<dt class='gallery-icon landscape'>\n\t\t\t\t<a href='https:\/\/www.visit-ulcinj.com\/blog\/2012\/12\/02\/koreodrama-kalendari-nga-ulqini-ne-you-tube\/koreodrama-kalendari-i-historis-se-ulqinit_shka-zana-22\/'><img width=\"150\" height=\"150\" src=\"https:\/\/www.visit-ulcinj.com\/blog\/wp-content\/uploads\/2012\/12\/Koreodrama-Kalendari-i-historis-se-Ulqinit_SHKA-ZANA.22-150x150.jpg\" class=\"attachment-thumbnail size-thumbnail\" alt=\"\" loading=\"lazy\" srcset=\"https:\/\/www.visit-ulcinj.com\/blog\/wp-content\/uploads\/2012\/12\/Koreodrama-Kalendari-i-historis-se-Ulqinit_SHKA-ZANA.22-150x150.jpg 150w, https:\/\/www.visit-ulcinj.com\/blog\/wp-content\/uploads\/2012\/12\/Koreodrama-Kalendari-i-historis-se-Ulqinit_SHKA-ZANA.22-300x300.jpg 300w, https:\/\/www.visit-ulcinj.com\/blog\/wp-content\/uploads\/2012\/12\/Koreodrama-Kalendari-i-historis-se-Ulqinit_SHKA-ZANA.22.jpg 403w\" sizes=\"(max-width: 150px) 100vw, 150px\" \/><\/a>\n\t\t\t<\/dt><\/dl><dl class='gallery-item'>\n\t\t\t<dt class='gallery-icon landscape'>\n\t\t\t\t<a href='https:\/\/www.visit-ulcinj.com\/blog\/2012\/12\/02\/koreodrama-kalendari-nga-ulqini-ne-you-tube\/koreodrama-kalendari-i-historis-se-ulqinit_shka-zana-23\/'><img width=\"150\" height=\"150\" src=\"https:\/\/www.visit-ulcinj.com\/blog\/wp-content\/uploads\/2012\/12\/Koreodrama-Kalendari-i-historis-se-Ulqinit_SHKA-ZANA.23-150x150.jpg\" class=\"attachment-thumbnail size-thumbnail\" alt=\"\" loading=\"lazy\" srcset=\"https:\/\/www.visit-ulcinj.com\/blog\/wp-content\/uploads\/2012\/12\/Koreodrama-Kalendari-i-historis-se-Ulqinit_SHKA-ZANA.23-150x150.jpg 150w, https:\/\/www.visit-ulcinj.com\/blog\/wp-content\/uploads\/2012\/12\/Koreodrama-Kalendari-i-historis-se-Ulqinit_SHKA-ZANA.23-300x300.jpg 300w, https:\/\/www.visit-ulcinj.com\/blog\/wp-content\/uploads\/2012\/12\/Koreodrama-Kalendari-i-historis-se-Ulqinit_SHKA-ZANA.23.jpg 403w\" sizes=\"(max-width: 150px) 100vw, 150px\" \/><\/a>\n\t\t\t<\/dt><\/dl><br style=\"clear: both\" \/><dl class='gallery-item'>\n\t\t\t<dt class='gallery-icon landscape'>\n\t\t\t\t<a href='https:\/\/www.visit-ulcinj.com\/blog\/2012\/12\/02\/koreodrama-kalendari-nga-ulqini-ne-you-tube\/koreodrama-kalendari-i-historis-se-ulqinit_shka-zana-24\/'><img width=\"150\" height=\"150\" src=\"https:\/\/www.visit-ulcinj.com\/blog\/wp-content\/uploads\/2012\/12\/Koreodrama-Kalendari-i-historis-se-Ulqinit_SHKA-ZANA.24-150x150.jpg\" class=\"attachment-thumbnail size-thumbnail\" alt=\"\" loading=\"lazy\" srcset=\"https:\/\/www.visit-ulcinj.com\/blog\/wp-content\/uploads\/2012\/12\/Koreodrama-Kalendari-i-historis-se-Ulqinit_SHKA-ZANA.24-150x150.jpg 150w, https:\/\/www.visit-ulcinj.com\/blog\/wp-content\/uploads\/2012\/12\/Koreodrama-Kalendari-i-historis-se-Ulqinit_SHKA-ZANA.24-300x300.jpg 300w, https:\/\/www.visit-ulcinj.com\/blog\/wp-content\/uploads\/2012\/12\/Koreodrama-Kalendari-i-historis-se-Ulqinit_SHKA-ZANA.24.jpg 403w\" sizes=\"(max-width: 150px) 100vw, 150px\" \/><\/a>\n\t\t\t<\/dt><\/dl><dl class='gallery-item'>\n\t\t\t<dt class='gallery-icon landscape'>\n\t\t\t\t<a href='https:\/\/www.visit-ulcinj.com\/blog\/2012\/12\/02\/koreodrama-kalendari-nga-ulqini-ne-you-tube\/koreodrama-kalendari-i-historis-se-ulqinit_shka-zana-25\/'><img width=\"150\" height=\"150\" src=\"https:\/\/www.visit-ulcinj.com\/blog\/wp-content\/uploads\/2012\/12\/Koreodrama-Kalendari-i-historis-se-Ulqinit_SHKA-ZANA.25-150x150.jpg\" class=\"attachment-thumbnail size-thumbnail\" alt=\"\" loading=\"lazy\" srcset=\"https:\/\/www.visit-ulcinj.com\/blog\/wp-content\/uploads\/2012\/12\/Koreodrama-Kalendari-i-historis-se-Ulqinit_SHKA-ZANA.25-150x150.jpg 150w, https:\/\/www.visit-ulcinj.com\/blog\/wp-content\/uploads\/2012\/12\/Koreodrama-Kalendari-i-historis-se-Ulqinit_SHKA-ZANA.25-300x300.jpg 300w, https:\/\/www.visit-ulcinj.com\/blog\/wp-content\/uploads\/2012\/12\/Koreodrama-Kalendari-i-historis-se-Ulqinit_SHKA-ZANA.25.jpg 403w\" sizes=\"(max-width: 150px) 100vw, 150px\" \/><\/a>\n\t\t\t<\/dt><\/dl><dl class='gallery-item'>\n\t\t\t<dt class='gallery-icon landscape'>\n\t\t\t\t<a href='https:\/\/www.visit-ulcinj.com\/blog\/2012\/12\/02\/koreodrama-kalendari-nga-ulqini-ne-you-tube\/koreodrama-kalendari-i-historis-se-ulqinit_shka-zana-19\/'><img width=\"150\" height=\"150\" src=\"https:\/\/www.visit-ulcinj.com\/blog\/wp-content\/uploads\/2012\/12\/Koreodrama-Kalendari-i-historis-se-Ulqinit_SHKA-ZANA.19-150x150.jpg\" class=\"attachment-thumbnail size-thumbnail\" alt=\"\" loading=\"lazy\" srcset=\"https:\/\/www.visit-ulcinj.com\/blog\/wp-content\/uploads\/2012\/12\/Koreodrama-Kalendari-i-historis-se-Ulqinit_SHKA-ZANA.19-150x150.jpg 150w, https:\/\/www.visit-ulcinj.com\/blog\/wp-content\/uploads\/2012\/12\/Koreodrama-Kalendari-i-historis-se-Ulqinit_SHKA-ZANA.19-300x300.jpg 300w, https:\/\/www.visit-ulcinj.com\/blog\/wp-content\/uploads\/2012\/12\/Koreodrama-Kalendari-i-historis-se-Ulqinit_SHKA-ZANA.19.jpg 403w\" sizes=\"(max-width: 150px) 100vw, 150px\" \/><\/a>\n\t\t\t<\/dt><\/dl><br style=\"clear: both\" \/><dl class='gallery-item'>\n\t\t\t<dt class='gallery-icon landscape'>\n\t\t\t\t<a href='https:\/\/www.visit-ulcinj.com\/blog\/2012\/12\/02\/koreodrama-kalendari-nga-ulqini-ne-you-tube\/koreodrama-kalendari-i-historis-se-ulqinit_shka-zana-20\/'><img width=\"150\" height=\"150\" src=\"https:\/\/www.visit-ulcinj.com\/blog\/wp-content\/uploads\/2012\/12\/Koreodrama-Kalendari-i-historis-se-Ulqinit_SHKA-ZANA.20-150x150.jpg\" class=\"attachment-thumbnail size-thumbnail\" alt=\"\" loading=\"lazy\" srcset=\"https:\/\/www.visit-ulcinj.com\/blog\/wp-content\/uploads\/2012\/12\/Koreodrama-Kalendari-i-historis-se-Ulqinit_SHKA-ZANA.20-150x150.jpg 150w, https:\/\/www.visit-ulcinj.com\/blog\/wp-content\/uploads\/2012\/12\/Koreodrama-Kalendari-i-historis-se-Ulqinit_SHKA-ZANA.20-300x300.jpg 300w, https:\/\/www.visit-ulcinj.com\/blog\/wp-content\/uploads\/2012\/12\/Koreodrama-Kalendari-i-historis-se-Ulqinit_SHKA-ZANA.20.jpg 403w\" sizes=\"(max-width: 150px) 100vw, 150px\" \/><\/a>\n\t\t\t<\/dt><\/dl><dl class='gallery-item'>\n\t\t\t<dt class='gallery-icon landscape'>\n\t\t\t\t<a href='https:\/\/www.visit-ulcinj.com\/blog\/2012\/12\/02\/koreodrama-kalendari-nga-ulqini-ne-you-tube\/koreodrama-kalendari-i-historis-se-ulqinit_shka-zana-26\/'><img width=\"150\" height=\"150\" src=\"https:\/\/www.visit-ulcinj.com\/blog\/wp-content\/uploads\/2012\/12\/Koreodrama-Kalendari-i-historis-se-Ulqinit_SHKA-ZANA.26-150x150.jpg\" class=\"attachment-thumbnail size-thumbnail\" alt=\"\" loading=\"lazy\" srcset=\"https:\/\/www.visit-ulcinj.com\/blog\/wp-content\/uploads\/2012\/12\/Koreodrama-Kalendari-i-historis-se-Ulqinit_SHKA-ZANA.26-150x150.jpg 150w, https:\/\/www.visit-ulcinj.com\/blog\/wp-content\/uploads\/2012\/12\/Koreodrama-Kalendari-i-historis-se-Ulqinit_SHKA-ZANA.26-300x300.jpg 300w, https:\/\/www.visit-ulcinj.com\/blog\/wp-content\/uploads\/2012\/12\/Koreodrama-Kalendari-i-historis-se-Ulqinit_SHKA-ZANA.26.jpg 403w\" sizes=\"(max-width: 150px) 100vw, 150px\" \/><\/a>\n\t\t\t<\/dt><\/dl><dl class='gallery-item'>\n\t\t\t<dt class='gallery-icon landscape'>\n\t\t\t\t<a href='https:\/\/www.visit-ulcinj.com\/blog\/2012\/12\/02\/koreodrama-kalendari-nga-ulqini-ne-you-tube\/koreodrama-kalendari-i-historis-se-ulqinit_shka-zana-27\/'><img width=\"150\" height=\"150\" src=\"https:\/\/www.visit-ulcinj.com\/blog\/wp-content\/uploads\/2012\/12\/Koreodrama-Kalendari-i-historis-se-Ulqinit_SHKA-ZANA.27-150x150.jpg\" class=\"attachment-thumbnail size-thumbnail\" alt=\"\" loading=\"lazy\" srcset=\"https:\/\/www.visit-ulcinj.com\/blog\/wp-content\/uploads\/2012\/12\/Koreodrama-Kalendari-i-historis-se-Ulqinit_SHKA-ZANA.27-150x150.jpg 150w, https:\/\/www.visit-ulcinj.com\/blog\/wp-content\/uploads\/2012\/12\/Koreodrama-Kalendari-i-historis-se-Ulqinit_SHKA-ZANA.27-300x300.jpg 300w, https:\/\/www.visit-ulcinj.com\/blog\/wp-content\/uploads\/2012\/12\/Koreodrama-Kalendari-i-historis-se-Ulqinit_SHKA-ZANA.27.jpg 403w\" sizes=\"(max-width: 150px) 100vw, 150px\" \/><\/a>\n\t\t\t<\/dt><\/dl><br style=\"clear: both\" \/>\n\t\t<\/div>\n<\/p>\n","protected":false},"excerpt":{"rendered":"<p>Por k\u00ebshtu nuk nis koreodrama \u201cKalendari\u201d e trup\u00ebs nga Ulqini duke \u00e7faqur p\u00ebr festat e n\u00ebntorit n\u00eb Ulqin,Prishtin dhe Tiran. Pjesa e par\u00eb e saj \u00ebsht\u00eb e hareshme, e flet p\u00ebr nj\u00eb periudh\u00eb kur p\u00ebr shqiptar\u00ebt nuk ka pasur kufij. Pjes\u00ebtar\u00ebt e ansamblit \u201cZana\u201d dhe ata t\u00eb shkoll\u00ebs s\u00eb vall\u00ebzimit modern \u201cPorta di Danza\u201d kan\u00eb [&hellip;]<\/p>\n","protected":false},"author":1,"featured_media":0,"comment_status":"open","ping_status":"closed","sticky":false,"template":"","format":"standard","meta":{"spay_email":"","jetpack_publicize_message":"","jetpack_is_tweetstorm":false,"jetpack_publicize_feature_enabled":true},"categories":[5,4],"tags":[21578,7103,14195,200,18],"jetpack_publicize_connections":[],"yoast_head":"<!-- This site is optimized with the Yoast SEO plugin v19.1 - https:\/\/yoast.com\/wordpress\/plugins\/seo\/ -->\n<title>Koreodrama &quot;KALENDARI&quot; nga Ulqini n\u00eb You Tube + Foto - Lajme nga Ulqini<\/title>\n<meta name=\"description\" content=\"Por k\u00ebshtu nuk nis koreodrama \u201cKalendari\u201d e trup\u00ebs nga Ulqini duke \u00e7faqur p\u00ebr festat e n\u00ebntorit n\u00eb Ulqin,Prishtin dhe Tiran. Pjesa e par\u00eb e saj \u00ebsht\u00eb e\" \/>\n<meta name=\"robots\" content=\"index, follow, max-snippet:-1, max-image-preview:large, max-video-preview:-1\" \/>\n<link rel=\"canonical\" href=\"https:\/\/www.visit-ulcinj.com\/blog\/2012\/12\/02\/koreodrama-kalendari-nga-ulqini-ne-you-tube\/\" \/>\n<meta property=\"og:locale\" content=\"en_US\" \/>\n<meta property=\"og:type\" content=\"article\" \/>\n<meta property=\"og:title\" content=\"Koreodrama &quot;KALENDARI&quot; nga Ulqini n\u00eb You Tube + Foto - Lajme nga Ulqini\" \/>\n<meta property=\"og:description\" content=\"Por k\u00ebshtu nuk nis koreodrama \u201cKalendari\u201d e trup\u00ebs nga Ulqini duke \u00e7faqur p\u00ebr festat e n\u00ebntorit n\u00eb Ulqin,Prishtin dhe Tiran. Pjesa e par\u00eb e saj \u00ebsht\u00eb e\" \/>\n<meta property=\"og:url\" content=\"https:\/\/www.visit-ulcinj.com\/blog\/2012\/12\/02\/koreodrama-kalendari-nga-ulqini-ne-you-tube\/\" \/>\n<meta property=\"og:site_name\" content=\"Lajme nga Ulqini\" \/>\n<meta property=\"article:published_time\" content=\"2012-12-02T00:21:13+00:00\" \/>\n<meta property=\"article:modified_time\" content=\"2012-12-06T21:42:05+00:00\" \/>\n<meta property=\"og:image\" content=\"https:\/\/www.visit-ulcinj.com\/blog\/wp-content\/uploads\/2012\/12\/Koreodrama-Kalendari-i-historis-se-Ulqinit_ZANA-150x150.jpg\" \/>\n<meta name=\"twitter:label1\" content=\"Written by\" \/>\n\t<meta name=\"twitter:data1\" content=\"ulqini\" \/>\n\t<meta name=\"twitter:label2\" content=\"Est. reading time\" \/>\n\t<meta name=\"twitter:data2\" content=\"2 minutes\" \/>\n<script type=\"application\/ld+json\" class=\"yoast-schema-graph\">{\"@context\":\"https:\/\/schema.org\",\"@graph\":[{\"@type\":\"WebSite\",\"@id\":\"https:\/\/www.visit-ulcinj.com\/blog\/#website\",\"url\":\"https:\/\/www.visit-ulcinj.com\/blog\/\",\"name\":\"Lajme nga Ulqini\",\"description\":\"Lajme,Vijesti,Ulqini,Ulqin,Crna Gora,Mali i Zi\",\"potentialAction\":[{\"@type\":\"SearchAction\",\"target\":{\"@type\":\"EntryPoint\",\"urlTemplate\":\"https:\/\/www.visit-ulcinj.com\/blog\/?s={search_term_string}\"},\"query-input\":\"required name=search_term_string\"}],\"inLanguage\":\"en-US\"},{\"@type\":\"ImageObject\",\"inLanguage\":\"en-US\",\"@id\":\"https:\/\/www.visit-ulcinj.com\/blog\/2012\/12\/02\/koreodrama-kalendari-nga-ulqini-ne-you-tube\/#primaryimage\",\"url\":\"https:\/\/www.visit-ulcinj.com\/blog\/wp-content\/uploads\/2012\/12\/Koreodrama-Kalendari-i-historis-se-Ulqinit_ZANA.jpg\",\"contentUrl\":\"https:\/\/www.visit-ulcinj.com\/blog\/wp-content\/uploads\/2012\/12\/Koreodrama-Kalendari-i-historis-se-Ulqinit_ZANA.jpg\",\"width\":\"720\",\"height\":\"482\"},{\"@type\":\"WebPage\",\"@id\":\"https:\/\/www.visit-ulcinj.com\/blog\/2012\/12\/02\/koreodrama-kalendari-nga-ulqini-ne-you-tube\/#webpage\",\"url\":\"https:\/\/www.visit-ulcinj.com\/blog\/2012\/12\/02\/koreodrama-kalendari-nga-ulqini-ne-you-tube\/\",\"name\":\"Koreodrama \\\"KALENDARI\\\" nga Ulqini n\u00eb You Tube + Foto - Lajme nga Ulqini\",\"isPartOf\":{\"@id\":\"https:\/\/www.visit-ulcinj.com\/blog\/#website\"},\"primaryImageOfPage\":{\"@id\":\"https:\/\/www.visit-ulcinj.com\/blog\/2012\/12\/02\/koreodrama-kalendari-nga-ulqini-ne-you-tube\/#primaryimage\"},\"datePublished\":\"2012-12-02T00:21:13+00:00\",\"dateModified\":\"2012-12-06T21:42:05+00:00\",\"author\":{\"@id\":\"https:\/\/www.visit-ulcinj.com\/blog\/#\/schema\/person\/dcab619c614d3038751c63bc2aadc06d\"},\"description\":\"Por k\u00ebshtu nuk nis koreodrama \u201cKalendari\u201d e trup\u00ebs nga Ulqini duke \u00e7faqur p\u00ebr festat e n\u00ebntorit n\u00eb Ulqin,Prishtin dhe Tiran. Pjesa e par\u00eb e saj \u00ebsht\u00eb e\",\"breadcrumb\":{\"@id\":\"https:\/\/www.visit-ulcinj.com\/blog\/2012\/12\/02\/koreodrama-kalendari-nga-ulqini-ne-you-tube\/#breadcrumb\"},\"inLanguage\":\"en-US\",\"potentialAction\":[{\"@type\":\"ReadAction\",\"target\":[\"https:\/\/www.visit-ulcinj.com\/blog\/2012\/12\/02\/koreodrama-kalendari-nga-ulqini-ne-you-tube\/\"]}]},{\"@type\":\"BreadcrumbList\",\"@id\":\"https:\/\/www.visit-ulcinj.com\/blog\/2012\/12\/02\/koreodrama-kalendari-nga-ulqini-ne-you-tube\/#breadcrumb\",\"itemListElement\":[{\"@type\":\"ListItem\",\"position\":1,\"name\":\"Koreodrama &#8220;KALENDARI&#8221; nga Ulqini n\u00eb You Tube + Foto\"}]},{\"@type\":\"Person\",\"@id\":\"https:\/\/www.visit-ulcinj.com\/blog\/#\/schema\/person\/dcab619c614d3038751c63bc2aadc06d\",\"name\":\"ulqini\",\"sameAs\":[\"http:\/\/www.visit-ulcinj.com\"],\"url\":\"https:\/\/www.visit-ulcinj.com\/blog\/author\/admin\/\"}]}<\/script>\n<!-- \/ Yoast SEO plugin. -->","yoast_head_json":{"title":"Koreodrama \"KALENDARI\" nga Ulqini n\u00eb You Tube + Foto - Lajme nga Ulqini","description":"Por k\u00ebshtu nuk nis koreodrama \u201cKalendari\u201d e trup\u00ebs nga Ulqini duke \u00e7faqur p\u00ebr festat e n\u00ebntorit n\u00eb Ulqin,Prishtin dhe Tiran. Pjesa e par\u00eb e saj \u00ebsht\u00eb e","robots":{"index":"index","follow":"follow","max-snippet":"max-snippet:-1","max-image-preview":"max-image-preview:large","max-video-preview":"max-video-preview:-1"},"canonical":"https:\/\/www.visit-ulcinj.com\/blog\/2012\/12\/02\/koreodrama-kalendari-nga-ulqini-ne-you-tube\/","og_locale":"en_US","og_type":"article","og_title":"Koreodrama \"KALENDARI\" nga Ulqini n\u00eb You Tube + Foto - Lajme nga Ulqini","og_description":"Por k\u00ebshtu nuk nis koreodrama \u201cKalendari\u201d e trup\u00ebs nga Ulqini duke \u00e7faqur p\u00ebr festat e n\u00ebntorit n\u00eb Ulqin,Prishtin dhe Tiran. Pjesa e par\u00eb e saj \u00ebsht\u00eb e","og_url":"https:\/\/www.visit-ulcinj.com\/blog\/2012\/12\/02\/koreodrama-kalendari-nga-ulqini-ne-you-tube\/","og_site_name":"Lajme nga Ulqini","article_published_time":"2012-12-02T00:21:13+00:00","article_modified_time":"2012-12-06T21:42:05+00:00","og_image":[{"url":"https:\/\/www.visit-ulcinj.com\/blog\/wp-content\/uploads\/2012\/12\/Koreodrama-Kalendari-i-historis-se-Ulqinit_ZANA-150x150.jpg"}],"twitter_misc":{"Written by":"ulqini","Est. reading time":"2 minutes"},"schema":{"@context":"https:\/\/schema.org","@graph":[{"@type":"WebSite","@id":"https:\/\/www.visit-ulcinj.com\/blog\/#website","url":"https:\/\/www.visit-ulcinj.com\/blog\/","name":"Lajme nga Ulqini","description":"Lajme,Vijesti,Ulqini,Ulqin,Crna Gora,Mali i Zi","potentialAction":[{"@type":"SearchAction","target":{"@type":"EntryPoint","urlTemplate":"https:\/\/www.visit-ulcinj.com\/blog\/?s={search_term_string}"},"query-input":"required name=search_term_string"}],"inLanguage":"en-US"},{"@type":"ImageObject","inLanguage":"en-US","@id":"https:\/\/www.visit-ulcinj.com\/blog\/2012\/12\/02\/koreodrama-kalendari-nga-ulqini-ne-you-tube\/#primaryimage","url":"https:\/\/www.visit-ulcinj.com\/blog\/wp-content\/uploads\/2012\/12\/Koreodrama-Kalendari-i-historis-se-Ulqinit_ZANA.jpg","contentUrl":"https:\/\/www.visit-ulcinj.com\/blog\/wp-content\/uploads\/2012\/12\/Koreodrama-Kalendari-i-historis-se-Ulqinit_ZANA.jpg","width":"720","height":"482"},{"@type":"WebPage","@id":"https:\/\/www.visit-ulcinj.com\/blog\/2012\/12\/02\/koreodrama-kalendari-nga-ulqini-ne-you-tube\/#webpage","url":"https:\/\/www.visit-ulcinj.com\/blog\/2012\/12\/02\/koreodrama-kalendari-nga-ulqini-ne-you-tube\/","name":"Koreodrama \"KALENDARI\" nga Ulqini n\u00eb You Tube + Foto - Lajme nga Ulqini","isPartOf":{"@id":"https:\/\/www.visit-ulcinj.com\/blog\/#website"},"primaryImageOfPage":{"@id":"https:\/\/www.visit-ulcinj.com\/blog\/2012\/12\/02\/koreodrama-kalendari-nga-ulqini-ne-you-tube\/#primaryimage"},"datePublished":"2012-12-02T00:21:13+00:00","dateModified":"2012-12-06T21:42:05+00:00","author":{"@id":"https:\/\/www.visit-ulcinj.com\/blog\/#\/schema\/person\/dcab619c614d3038751c63bc2aadc06d"},"description":"Por k\u00ebshtu nuk nis koreodrama \u201cKalendari\u201d e trup\u00ebs nga Ulqini duke \u00e7faqur p\u00ebr festat e n\u00ebntorit n\u00eb Ulqin,Prishtin dhe Tiran. Pjesa e par\u00eb e saj \u00ebsht\u00eb e","breadcrumb":{"@id":"https:\/\/www.visit-ulcinj.com\/blog\/2012\/12\/02\/koreodrama-kalendari-nga-ulqini-ne-you-tube\/#breadcrumb"},"inLanguage":"en-US","potentialAction":[{"@type":"ReadAction","target":["https:\/\/www.visit-ulcinj.com\/blog\/2012\/12\/02\/koreodrama-kalendari-nga-ulqini-ne-you-tube\/"]}]},{"@type":"BreadcrumbList","@id":"https:\/\/www.visit-ulcinj.com\/blog\/2012\/12\/02\/koreodrama-kalendari-nga-ulqini-ne-you-tube\/#breadcrumb","itemListElement":[{"@type":"ListItem","position":1,"name":"Koreodrama &#8220;KALENDARI&#8221; nga Ulqini n\u00eb You Tube + Foto"}]},{"@type":"Person","@id":"https:\/\/www.visit-ulcinj.com\/blog\/#\/schema\/person\/dcab619c614d3038751c63bc2aadc06d","name":"ulqini","sameAs":["http:\/\/www.visit-ulcinj.com"],"url":"https:\/\/www.visit-ulcinj.com\/blog\/author\/admin\/"}]}},"jetpack_featured_media_url":"","jetpack_sharing_enabled":true,"jetpack_shortlink":"https:\/\/wp.me\/pe6lTn-hfV","_links":{"self":[{"href":"https:\/\/www.visit-ulcinj.com\/blog\/wp-json\/wp\/v2\/posts\/66335"}],"collection":[{"href":"https:\/\/www.visit-ulcinj.com\/blog\/wp-json\/wp\/v2\/posts"}],"about":[{"href":"https:\/\/www.visit-ulcinj.com\/blog\/wp-json\/wp\/v2\/types\/post"}],"author":[{"embeddable":true,"href":"https:\/\/www.visit-ulcinj.com\/blog\/wp-json\/wp\/v2\/users\/1"}],"replies":[{"embeddable":true,"href":"https:\/\/www.visit-ulcinj.com\/blog\/wp-json\/wp\/v2\/comments?post=66335"}],"version-history":[{"count":10,"href":"https:\/\/www.visit-ulcinj.com\/blog\/wp-json\/wp\/v2\/posts\/66335\/revisions"}],"predecessor-version":[{"id":66567,"href":"https:\/\/www.visit-ulcinj.com\/blog\/wp-json\/wp\/v2\/posts\/66335\/revisions\/66567"}],"wp:attachment":[{"href":"https:\/\/www.visit-ulcinj.com\/blog\/wp-json\/wp\/v2\/media?parent=66335"}],"wp:term":[{"taxonomy":"category","embeddable":true,"href":"https:\/\/www.visit-ulcinj.com\/blog\/wp-json\/wp\/v2\/categories?post=66335"},{"taxonomy":"post_tag","embeddable":true,"href":"https:\/\/www.visit-ulcinj.com\/blog\/wp-json\/wp\/v2\/tags?post=66335"}],"curies":[{"name":"wp","href":"https:\/\/api.w.org\/{rel}","templated":true}]}}