{"id":66344,"date":"2012-12-02T09:26:36","date_gmt":"2012-12-02T08:26:36","guid":{"rendered":"http:\/\/www.visit-ulcinj.com\/blog\/?p=66344"},"modified":"2012-12-02T09:27:45","modified_gmt":"2012-12-02T08:27:45","slug":"antene-m-fatmir-deka-ministar-za-manjinska-prava","status":"publish","type":"post","link":"https:\/\/www.visit-ulcinj.com\/blog\/2012\/12\/02\/antene-m-fatmir-deka-ministar-za-manjinska-prava\/","title":{"rendered":"Antena M: Fatmir \u0110eka &#8211; ministar za manjinska prava"},"content":{"rendered":"<p><strong><a href=\"http:\/\/www.visit-ulcinj.com\/blog\/wp-content\/uploads\/2012\/12\/Fatmir-Djeka-iz-Albanske-koalicije.jpg\"><img loading=\"lazy\" class=\"alignleft  wp-image-66345\" title=\"Fatmir Djeka iz Albanske koalicije\" src=\"http:\/\/www.visit-ulcinj.com\/blog\/wp-content\/uploads\/2012\/12\/Fatmir-Djeka-iz-Albanske-koalicije.jpg\" alt=\"\" width=\"508\" height=\"360\" \/><\/a>Danas definisanje sastava Vlade, neka rje\u0161enja ve\u0107 izvjesna<\/strong><\/p>\n<div>\n<p>Mandatar Milo \u0110ukanovi\u0107 obrazlo\u017ei\u0107e danas na sjednici Glavnog odbora DPS-a program i sastav nove Vlade.<\/p>\n<p>Ne\u0161to ranije, Glavni odbor Socijaldemokratske partije utvrdi\u0107e predlog svojih kandidata za \u010dlanove Vlade.<\/p>\n<p>No, prema saznanjima Antene M iz dobro obavije\u0161tenih izvora, neka rje\u0161enja prakti\u010dno su ve\u0107 izvjesna.<\/p>\n<p>Vujica Lazovi\u0107 bi\u0107e i dalje potpredsjednik Vlade za ekonomsku politiku i finansijski sistem i ministar za informaciono dru\u0161tvo i telekomunikacije.<\/p>\n<p>Izvjesno je da Du\u0161ko Markovi\u0107 ostaje ministar pravde i potpredsjednik Vlade za politi\u010dki sistem, unutra\u0161nju i spoljnu politiku.<\/p>\n<p>U Vladi \u0107e sigurno biti Igor Luk\u0161i\u0107, ali jo\u0161 nije poznato da li kao ministar vanjskih poslova ili ministar za evropske integracije ili \u0107e ti resori ostati objedinjeni.<\/p>\n<p>Lider Bo\u0161nja\u010dke stranke Rafet Husovi\u0107 bi\u0107e potpredsjednik Vlade za regionalni razvoj.<\/p>\n<p>Na poziciji ministra unutra\u0161njih poslova osta\u0107e SDP-ov Ivan Brajovi\u0107. Novog \u010dovjeka SDP mora\u0107e da predlo\u017ei za ministra saobra\u0107aja i pomorstva, jer Andrija Lompar, na sopstveni zahtjev, ne\u0107e vi\u0161e biti na toj poziciji.<\/p>\n<p>Mjesto ministra prosvjete i sporta zadr\u017ea\u0107e Slavoljub Stijepovi\u0107.<\/p>\n<p>Marija Vu\u010dinovi\u0107 iz Hrvatske gra\u0111anske inicijative bi\u0107e ministar bez portfelja, a Fatmir \u0110eka iz Albanske koalicije &#8211; ministar za manjinska prava.<\/p>\n<p>Ova kadrovska rje\u0161enja gotovo su sigurna, mada ne bi bilo iznena\u0111enje da uo\u010di same sjednice Skup\u0161tine do\u0111e do nekih izmjena.<\/p>\n<p>Sjednica Parlamenta, na kojoj \u0107e biti izabran premijer i \u010dlanovi Vlade, zakazana je za sjutra u 11 sati.<\/p>\n<p><strong>Izvor: Radio Antena M<\/strong><\/p>\n<\/div>\n","protected":false},"excerpt":{"rendered":"<p>Danas definisanje sastava Vlade, neka rje\u0161enja ve\u0107 izvjesna Mandatar Milo \u0110ukanovi\u0107 obrazlo\u017ei\u0107e danas na sjednici Glavnog odbora DPS-a program i sastav nove Vlade. Ne\u0161to ranije, Glavni odbor Socijaldemokratske partije utvrdi\u0107e predlog svojih kandidata za \u010dlanove Vlade. No, prema saznanjima Antene M iz dobro obavije\u0161tenih izvora, neka rje\u0161enja prakti\u010dno su ve\u0107 izvjesna. Vujica Lazovi\u0107 bi\u0107e i [&hellip;]<\/p>\n","protected":false},"author":1,"featured_media":0,"comment_status":"open","ping_status":"closed","sticky":false,"template":"","format":"standard","meta":{"spay_email":"","jetpack_publicize_message":"","jetpack_is_tweetstorm":false,"jetpack_publicize_feature_enabled":true},"categories":[8337],"tags":[21266,19738,201,19],"jetpack_publicize_connections":[],"yoast_head":"<!-- This site is optimized with the Yoast SEO plugin v19.1 - https:\/\/yoast.com\/wordpress\/plugins\/seo\/ -->\n<title>Antena M: Fatmir \u0110eka - ministar za manjinska prava - Lajme nga Ulqini<\/title>\n<meta name=\"description\" content=\"Danas definisanje sastava Vlade, neka rje\u0161enja ve\u0107 izvjesna Mandatar Milo \u0110ukanovi\u0107 obrazlo\u017ei\u0107e danas na sjednici Glavnog odbora DPS-a program i sastav\" \/>\n<meta name=\"robots\" content=\"index, follow, max-snippet:-1, max-image-preview:large, max-video-preview:-1\" \/>\n<link rel=\"canonical\" href=\"https:\/\/www.visit-ulcinj.com\/blog\/2012\/12\/02\/antene-m-fatmir-deka-ministar-za-manjinska-prava\/\" \/>\n<meta property=\"og:locale\" content=\"en_US\" \/>\n<meta property=\"og:type\" content=\"article\" \/>\n<meta property=\"og:title\" content=\"Antena M: Fatmir \u0110eka - ministar za manjinska prava - Lajme nga Ulqini\" \/>\n<meta property=\"og:description\" content=\"Danas definisanje sastava Vlade, neka rje\u0161enja ve\u0107 izvjesna Mandatar Milo \u0110ukanovi\u0107 obrazlo\u017ei\u0107e danas na sjednici Glavnog odbora DPS-a program i sastav\" \/>\n<meta property=\"og:url\" content=\"https:\/\/www.visit-ulcinj.com\/blog\/2012\/12\/02\/antene-m-fatmir-deka-ministar-za-manjinska-prava\/\" \/>\n<meta property=\"og:site_name\" content=\"Lajme nga Ulqini\" \/>\n<meta property=\"article:published_time\" content=\"2012-12-02T08:26:36+00:00\" \/>\n<meta property=\"article:modified_time\" content=\"2012-12-02T08:27:45+00:00\" \/>\n<meta property=\"og:image\" content=\"http:\/\/www.visit-ulcinj.com\/blog\/wp-content\/uploads\/2012\/12\/Fatmir-Djeka-iz-Albanske-koalicije.jpg\" \/>\n<meta name=\"twitter:label1\" content=\"Written by\" \/>\n\t<meta name=\"twitter:data1\" content=\"ulqini\" \/>\n\t<meta name=\"twitter:label2\" content=\"Est. reading time\" \/>\n\t<meta name=\"twitter:data2\" content=\"1 minute\" \/>\n<script type=\"application\/ld+json\" class=\"yoast-schema-graph\">{\"@context\":\"https:\/\/schema.org\",\"@graph\":[{\"@type\":\"WebSite\",\"@id\":\"https:\/\/www.visit-ulcinj.com\/blog\/#website\",\"url\":\"https:\/\/www.visit-ulcinj.com\/blog\/\",\"name\":\"Lajme nga Ulqini\",\"description\":\"Lajme,Vijesti,Ulqini,Ulqin,Crna Gora,Mali i Zi\",\"potentialAction\":[{\"@type\":\"SearchAction\",\"target\":{\"@type\":\"EntryPoint\",\"urlTemplate\":\"https:\/\/www.visit-ulcinj.com\/blog\/?s={search_term_string}\"},\"query-input\":\"required name=search_term_string\"}],\"inLanguage\":\"en-US\"},{\"@type\":\"ImageObject\",\"inLanguage\":\"en-US\",\"@id\":\"https:\/\/www.visit-ulcinj.com\/blog\/2012\/12\/02\/antene-m-fatmir-deka-ministar-za-manjinska-prava\/#primaryimage\",\"url\":\"https:\/\/www.visit-ulcinj.com\/blog\/wp-content\/uploads\/2012\/12\/Fatmir-Djeka-iz-Albanske-koalicije.jpg\",\"contentUrl\":\"https:\/\/www.visit-ulcinj.com\/blog\/wp-content\/uploads\/2012\/12\/Fatmir-Djeka-iz-Albanske-koalicije.jpg\",\"width\":\"960\",\"height\":\"640\"},{\"@type\":\"WebPage\",\"@id\":\"https:\/\/www.visit-ulcinj.com\/blog\/2012\/12\/02\/antene-m-fatmir-deka-ministar-za-manjinska-prava\/#webpage\",\"url\":\"https:\/\/www.visit-ulcinj.com\/blog\/2012\/12\/02\/antene-m-fatmir-deka-ministar-za-manjinska-prava\/\",\"name\":\"Antena M: Fatmir \u0110eka - ministar za manjinska prava - Lajme nga Ulqini\",\"isPartOf\":{\"@id\":\"https:\/\/www.visit-ulcinj.com\/blog\/#website\"},\"primaryImageOfPage\":{\"@id\":\"https:\/\/www.visit-ulcinj.com\/blog\/2012\/12\/02\/antene-m-fatmir-deka-ministar-za-manjinska-prava\/#primaryimage\"},\"datePublished\":\"2012-12-02T08:26:36+00:00\",\"dateModified\":\"2012-12-02T08:27:45+00:00\",\"author\":{\"@id\":\"https:\/\/www.visit-ulcinj.com\/blog\/#\/schema\/person\/dcab619c614d3038751c63bc2aadc06d\"},\"description\":\"Danas definisanje sastava Vlade, neka rje\u0161enja ve\u0107 izvjesna Mandatar Milo \u0110ukanovi\u0107 obrazlo\u017ei\u0107e danas na sjednici Glavnog odbora DPS-a program i sastav\",\"breadcrumb\":{\"@id\":\"https:\/\/www.visit-ulcinj.com\/blog\/2012\/12\/02\/antene-m-fatmir-deka-ministar-za-manjinska-prava\/#breadcrumb\"},\"inLanguage\":\"en-US\",\"potentialAction\":[{\"@type\":\"ReadAction\",\"target\":[\"https:\/\/www.visit-ulcinj.com\/blog\/2012\/12\/02\/antene-m-fatmir-deka-ministar-za-manjinska-prava\/\"]}]},{\"@type\":\"BreadcrumbList\",\"@id\":\"https:\/\/www.visit-ulcinj.com\/blog\/2012\/12\/02\/antene-m-fatmir-deka-ministar-za-manjinska-prava\/#breadcrumb\",\"itemListElement\":[{\"@type\":\"ListItem\",\"position\":1,\"name\":\"Antena M: Fatmir \u0110eka &#8211; ministar za manjinska prava\"}]},{\"@type\":\"Person\",\"@id\":\"https:\/\/www.visit-ulcinj.com\/blog\/#\/schema\/person\/dcab619c614d3038751c63bc2aadc06d\",\"name\":\"ulqini\",\"sameAs\":[\"http:\/\/www.visit-ulcinj.com\"],\"url\":\"https:\/\/www.visit-ulcinj.com\/blog\/author\/admin\/\"}]}<\/script>\n<!-- \/ Yoast SEO plugin. -->","yoast_head_json":{"title":"Antena M: Fatmir \u0110eka - ministar za manjinska prava - Lajme nga Ulqini","description":"Danas definisanje sastava Vlade, neka rje\u0161enja ve\u0107 izvjesna Mandatar Milo \u0110ukanovi\u0107 obrazlo\u017ei\u0107e danas na sjednici Glavnog odbora DPS-a program i sastav","robots":{"index":"index","follow":"follow","max-snippet":"max-snippet:-1","max-image-preview":"max-image-preview:large","max-video-preview":"max-video-preview:-1"},"canonical":"https:\/\/www.visit-ulcinj.com\/blog\/2012\/12\/02\/antene-m-fatmir-deka-ministar-za-manjinska-prava\/","og_locale":"en_US","og_type":"article","og_title":"Antena M: Fatmir \u0110eka - ministar za manjinska prava - Lajme nga Ulqini","og_description":"Danas definisanje sastava Vlade, neka rje\u0161enja ve\u0107 izvjesna Mandatar Milo \u0110ukanovi\u0107 obrazlo\u017ei\u0107e danas na sjednici Glavnog odbora DPS-a program i sastav","og_url":"https:\/\/www.visit-ulcinj.com\/blog\/2012\/12\/02\/antene-m-fatmir-deka-ministar-za-manjinska-prava\/","og_site_name":"Lajme nga Ulqini","article_published_time":"2012-12-02T08:26:36+00:00","article_modified_time":"2012-12-02T08:27:45+00:00","og_image":[{"url":"http:\/\/www.visit-ulcinj.com\/blog\/wp-content\/uploads\/2012\/12\/Fatmir-Djeka-iz-Albanske-koalicije.jpg"}],"twitter_misc":{"Written by":"ulqini","Est. reading time":"1 minute"},"schema":{"@context":"https:\/\/schema.org","@graph":[{"@type":"WebSite","@id":"https:\/\/www.visit-ulcinj.com\/blog\/#website","url":"https:\/\/www.visit-ulcinj.com\/blog\/","name":"Lajme nga Ulqini","description":"Lajme,Vijesti,Ulqini,Ulqin,Crna Gora,Mali i Zi","potentialAction":[{"@type":"SearchAction","target":{"@type":"EntryPoint","urlTemplate":"https:\/\/www.visit-ulcinj.com\/blog\/?s={search_term_string}"},"query-input":"required name=search_term_string"}],"inLanguage":"en-US"},{"@type":"ImageObject","inLanguage":"en-US","@id":"https:\/\/www.visit-ulcinj.com\/blog\/2012\/12\/02\/antene-m-fatmir-deka-ministar-za-manjinska-prava\/#primaryimage","url":"https:\/\/www.visit-ulcinj.com\/blog\/wp-content\/uploads\/2012\/12\/Fatmir-Djeka-iz-Albanske-koalicije.jpg","contentUrl":"https:\/\/www.visit-ulcinj.com\/blog\/wp-content\/uploads\/2012\/12\/Fatmir-Djeka-iz-Albanske-koalicije.jpg","width":"960","height":"640"},{"@type":"WebPage","@id":"https:\/\/www.visit-ulcinj.com\/blog\/2012\/12\/02\/antene-m-fatmir-deka-ministar-za-manjinska-prava\/#webpage","url":"https:\/\/www.visit-ulcinj.com\/blog\/2012\/12\/02\/antene-m-fatmir-deka-ministar-za-manjinska-prava\/","name":"Antena M: Fatmir \u0110eka - ministar za manjinska prava - Lajme nga Ulqini","isPartOf":{"@id":"https:\/\/www.visit-ulcinj.com\/blog\/#website"},"primaryImageOfPage":{"@id":"https:\/\/www.visit-ulcinj.com\/blog\/2012\/12\/02\/antene-m-fatmir-deka-ministar-za-manjinska-prava\/#primaryimage"},"datePublished":"2012-12-02T08:26:36+00:00","dateModified":"2012-12-02T08:27:45+00:00","author":{"@id":"https:\/\/www.visit-ulcinj.com\/blog\/#\/schema\/person\/dcab619c614d3038751c63bc2aadc06d"},"description":"Danas definisanje sastava Vlade, neka rje\u0161enja ve\u0107 izvjesna Mandatar Milo \u0110ukanovi\u0107 obrazlo\u017ei\u0107e danas na sjednici Glavnog odbora DPS-a program i sastav","breadcrumb":{"@id":"https:\/\/www.visit-ulcinj.com\/blog\/2012\/12\/02\/antene-m-fatmir-deka-ministar-za-manjinska-prava\/#breadcrumb"},"inLanguage":"en-US","potentialAction":[{"@type":"ReadAction","target":["https:\/\/www.visit-ulcinj.com\/blog\/2012\/12\/02\/antene-m-fatmir-deka-ministar-za-manjinska-prava\/"]}]},{"@type":"BreadcrumbList","@id":"https:\/\/www.visit-ulcinj.com\/blog\/2012\/12\/02\/antene-m-fatmir-deka-ministar-za-manjinska-prava\/#breadcrumb","itemListElement":[{"@type":"ListItem","position":1,"name":"Antena M: Fatmir \u0110eka &#8211; ministar za manjinska prava"}]},{"@type":"Person","@id":"https:\/\/www.visit-ulcinj.com\/blog\/#\/schema\/person\/dcab619c614d3038751c63bc2aadc06d","name":"ulqini","sameAs":["http:\/\/www.visit-ulcinj.com"],"url":"https:\/\/www.visit-ulcinj.com\/blog\/author\/admin\/"}]}},"jetpack_featured_media_url":"","jetpack_sharing_enabled":true,"jetpack_shortlink":"https:\/\/wp.me\/pe6lTn-hg4","_links":{"self":[{"href":"https:\/\/www.visit-ulcinj.com\/blog\/wp-json\/wp\/v2\/posts\/66344"}],"collection":[{"href":"https:\/\/www.visit-ulcinj.com\/blog\/wp-json\/wp\/v2\/posts"}],"about":[{"href":"https:\/\/www.visit-ulcinj.com\/blog\/wp-json\/wp\/v2\/types\/post"}],"author":[{"embeddable":true,"href":"https:\/\/www.visit-ulcinj.com\/blog\/wp-json\/wp\/v2\/users\/1"}],"replies":[{"embeddable":true,"href":"https:\/\/www.visit-ulcinj.com\/blog\/wp-json\/wp\/v2\/comments?post=66344"}],"version-history":[{"count":2,"href":"https:\/\/www.visit-ulcinj.com\/blog\/wp-json\/wp\/v2\/posts\/66344\/revisions"}],"predecessor-version":[{"id":66347,"href":"https:\/\/www.visit-ulcinj.com\/blog\/wp-json\/wp\/v2\/posts\/66344\/revisions\/66347"}],"wp:attachment":[{"href":"https:\/\/www.visit-ulcinj.com\/blog\/wp-json\/wp\/v2\/media?parent=66344"}],"wp:term":[{"taxonomy":"category","embeddable":true,"href":"https:\/\/www.visit-ulcinj.com\/blog\/wp-json\/wp\/v2\/categories?post=66344"},{"taxonomy":"post_tag","embeddable":true,"href":"https:\/\/www.visit-ulcinj.com\/blog\/wp-json\/wp\/v2\/tags?post=66344"}],"curies":[{"name":"wp","href":"https:\/\/api.w.org\/{rel}","templated":true}]}}