{"id":66383,"date":"2012-12-03T08:37:01","date_gmt":"2012-12-03T07:37:01","guid":{"rendered":"http:\/\/www.visit-ulcinj.com\/blog\/?p=66383"},"modified":"2012-12-05T15:01:50","modified_gmt":"2012-12-05T14:01:50","slug":"fadil-ceka-nga-brajsha-mbeti-pa-cati-mbi-koke","status":"publish","type":"post","link":"https:\/\/www.visit-ulcinj.com\/blog\/2012\/12\/03\/fadil-ceka-nga-brajsha-mbeti-pa-cati-mbi-koke\/","title":{"rendered":"Fadil Ceka nga Brajsha mbeti \u201cPa \u00e7ati mbi kok\u00eb\u201d!"},"content":{"rendered":"<p><a href=\"http:\/\/www.visit-ulcinj.com\/blog\/wp-content\/uploads\/2012\/12\/Fadil-Ceka-nga-Brajsha-pa-shtepi.jpg\"><img loading=\"lazy\" class=\"alignleft  wp-image-66384\" title=\"Fadil Ceka nga Brajsha -pa shtepi\" src=\"http:\/\/www.visit-ulcinj.com\/blog\/wp-content\/uploads\/2012\/12\/Fadil-Ceka-nga-Brajsha-pa-shtepi.jpg\" alt=\"\" width=\"508\" height=\"360\" \/><\/a>Sht\u00ebpia. Nuk \u00ebsht\u00eb vetem nj\u00eb emer dy rrok\u00ebsh. \u00cbsht\u00eb shum m\u00eb teper. Me te, t\u00eb gjith\u00eb njerzimi e kan\u00eb t\u00eb lidhur jeten. Ajo \u00ebsht\u00eb vend ku njeriu lind, kalon f\u00ebmij\u00ebrin\u00eb, rinin\u00eb, martohet e lulzohet, krijon familje t\u00eb re, e m\u00eb n\u00eb fund veds p\u00ebr ta trashiguar brezat e ri. Esht\u00eb vendi ku perkunden djepat, e rriten filizat. Me te e n\u00eb t\u00eb njeriu i kalon t\u00eb gjitha, g\u00ebzimet e pik\u00ebllimet. \u00cbsht\u00eb vater ku ngrohet shpirti sht\u00ebpiakut kur vjen musafiri. T\u00eb gjitha k\u00ebto, n\u00eb kushte normale, ata q\u00eb i kan\u00eb sht\u00ebpit\u00eb, rrall i mendojn\u00eb. P\u00ebr gj\u00ebra t\u00eb tilla, m\u00eb tep\u00ebr diskutojn\u00eb ato q\u00eb sht\u00ebpin\u00eb e kan\u00eb t\u00eb ngusht\u00eb ose u mungon fare. Shpesh jemi d\u00ebshmitar\u00eb t\u00eb d\u00ebgjojm\u00eb fraz\u00ebn \u201cpa \u00e7ati mbi kok\u00eb\u201d. Fraz\u00eb q\u00eb d\u00ebgjohet n\u00eb raste t\u00eb ndryshme fatkeq\u00ebsirash, termetesh, permbytjesh, zjarresh, etj. \u201cPa \u00e7ati mbi kok\u00eb\u201d! I till\u00eb mbeti Fadil Haziz Ceka i Brajsh\u00ebs. E shtunja e 01. Dhjetorit, ia mori at\u00eb. Disa minuta pas mesedit\u00ebs, Fadili, kishte dal\u00eb nga sht\u00ebpia e ti. \u00c7do gj\u00eb si dit\u00ebt tjera. Asgj\u00eb e pazakont\u00eb. Doli n\u00eb Katerkoll\u00eb p\u00ebr t\u00eb pir\u00eb nj\u00eb kafe. N\u00eb ato momente, kur n\u00eb sht\u00ebpi nuk gjindej kush, shkendia elektrike shkaktoi zjarr. Fillimisht n\u00eb dhomen e fjetjes, tavanin e pastaj t\u00eb gjitha dhomat me ren. Meq\u00eb sht\u00ebpia \u00ebsht\u00eb afer rrug\u00ebs, tymin, t\u00eb par\u00ebt e v\u00ebrejten kalimtar\u00ebt e rastit. Ato lajmruan. Brenda disa minutave u mblodh\u00ebn shum njerz t\u00eb gatsh\u00ebm p\u00ebr t\u00eb ndihmuar n\u00eb shuarjen e zjarrit. Ishte e kot. Kurgja nuk favorizonte shuarjen e ti. As kroni n\u00eb ba\u00e7e, i cili, ndon\u00ebse n\u00eb dim\u00ebr, kishte shum pak uj. As zjarr\u00ebfiksat q\u00eb vinin nga Ulqini i larg\u00ebt. Uji i kronit dhe ndihma e disa njerzve q\u00eb banin uj\u00eb me kova ishin t\u00eb pamjaftueshme. Zjarri po g\u00eblltit\u00ebte gjith\u00eb\u00e7ka. Kaploi kulmin e doli n\u00eb maje. E tmerrshme! Skena t\u00eb tilla ishin par\u00eb vetem n\u00eb TV. Njerzit dridheshin e kishte prej atyre q\u00eb qanin. Pullazi u dogj e ra brenda. Nuk shihej tjeter ve\u00e7 se zjarr mbrenda kter murijeve.<br \/>\n<a href=\"http:\/\/www.visit-ulcinj.com\/blog\/wp-content\/uploads\/2012\/12\/Fadil-Ceka-nga-Brajsha-pa-shtepi.5.jpg\"><img loading=\"lazy\" class=\"alignleft  wp-image-66385\" title=\"Fadil Ceka nga Brajsha -pa shtepi.5\" src=\"http:\/\/www.visit-ulcinj.com\/blog\/wp-content\/uploads\/2012\/12\/Fadil-Ceka-nga-Brajsha-pa-shtepi.5.jpg\" alt=\"\" width=\"508\" height=\"300\" \/><\/a><\/p>\n<p>Brenda 20 minutave u shkatrru gjith\u00eb\u00e7ka. Erdhi ndihma e zjarrfik\u00ebsve, por ishte von\u00eb. Nuk mbeti tjeter ve\u00e7 t\u00eb inkurajohet pronari. Fjal\u00eb inkurajuese \u201cdo ta nd\u00ebrtom\u00eb sht\u00ebpin\u00eb\u201d. Disa bisada spontane nga Visari, Izeti, Besniku, Isaja, Naseri, Imeri, Shabani e shum\u00eb t\u00eb tjer\u00eb, paralajmruan ndihm\u00eb. T\u00eb nesrmen, e diele, 02.12.2012. asaj bisede spontane ishin p\u00ebrgjigjur t\u00eb gjith\u00eb. Nj\u00eb solidaritet papar\u00eb. Thirrjes p\u00ebr ndihm\u00eb ishte p\u00ebrgjegj\u00eb krejt\u00eb Brajsha. Nga t\u00eb gjitha fiset: Lukaj, Likej, Cekej, Shabaj, Osmanaj, \u00c7aushej, Kasnecej, Kokej, Lleshej, Dedej, Sjelej dhe Kallabaj. N\u00eb fytyren e secilit prej tyre u shihte entuziaz\u00ebm. Breshnjan\u00ebt kishin ardh\u00eb me kamiona, traktora, karroca e vegla tjera pune p\u00ebr t\u00eb ndihmuar n\u00eb pastrimin e rr\u00ebnojave q\u00eb kishte l\u00ebn\u00eb zjarri. \u201cFadil, do ta ndertojm\u00eb sht\u00ebpin\u201d ishte fraz\u00eb kjo q\u00eb u d\u00ebgjonte vazhdimisht. Edhepse moti me shi nuk favorizonet, brenda disa or\u00ebve u pastru gjith\u00e7ka. P\u00ebrs\u00ebri nj\u00eb bised\u00eb spontane. Burra, duhet t\u00eb organizohemi. P\u00ebr k\u00ebt\u00eb duhet t\u00eb ulemi e t\u00eb kuvendojm\u00eb. U la nj\u00eb takim i menj\u00ebher\u00ebsh\u00ebm, n\u00eb mbr\u00ebmje n\u00eb ora 19:00, n\u00eb lokalet e Mejtepit t\u00eb Brajsh\u00ebs. Aty u mblodhen burra nga mbar Brajsha. Mbas fatkeq\u00ebsis\u00eb q\u00eb i ka ndodh Fadilit, konkluduan se Brajsha duhet t\u00eb bartin barren kryesore p\u00ebr rindertimin e sht\u00ebpis\u00eb.<\/p>\n<p><strong>Konto num\u00ebr p\u00ebr Shtetet e Bashkuara t\u00eb Amerik\u00ebs<\/strong><\/p>\n<p><a href=\"http:\/\/www.visit-ulcinj.com\/blog\/wp-content\/uploads\/2012\/12\/APEL-PER-NDIHME-KONTO-BANKARE.jpg\"><img loading=\"lazy\" class=\"alignleft  wp-image-66434\" title=\"APEL PER NDIHME - KONTO BANKARE\" src=\"http:\/\/www.visit-ulcinj.com\/blog\/wp-content\/uploads\/2012\/12\/APEL-PER-NDIHME-KONTO-BANKARE.jpg\" alt=\"\" width=\"508\" height=\"600\" \/><\/a><\/p>\n<p>P\u00ebr k\u00ebt\u00eb formuan K\u00ebshillin organizativ prej 3 an\u00ebtar\u00ebve:Naser Sella kryetar, Imer Shaba antar dhe Zenel Sella antar.<br \/>\nApelojm\u00eb tek njerzit e vullnetit t\u00eb mir\u00eb, t\u00eb kontribojn\u00eb n\u00eb ndertimin e sht\u00ebpis\u00eb s\u00eb Fadil Cek\u00ebs. Donacionet mund ti dergoni n\u00eb kontakt direkt te an\u00ebtar\u00ebt e K\u00ebshillit organizativ:<\/p>\n<p><strong>Naser Sella tel. 0038269685644, <\/strong><br \/>\n<strong>Imer Shaba tel. 0038269572341 <\/strong><br \/>\n<strong>Zenel Sella tel. 0038269480106<\/strong><\/p>\n<p>S\u00eb shpejti do t\u00eb hapet llogaria bankare ku do t\u00eb b\u00ebhet grumbullimi i mjeteve, p\u00ebr \u00e7ka do t\u00eb njoftohet mbar opinioni.<\/p>\n<p><strong> Ilir Lleshi<\/strong><\/p>\n<p><strong>Konto numer p\u00ebr Europ\u00eb<br \/>\n<a href=\"http:\/\/www.visit-ulcinj.com\/blog\/wp-content\/uploads\/2012\/12\/APEL-PER-NDIHME-KONTO-BANKARE.1.jpg\"><img loading=\"lazy\" class=\"alignleft  wp-image-66433\" title=\"APEL PER NDIHME - KONTO BANKARE.1\" src=\"http:\/\/www.visit-ulcinj.com\/blog\/wp-content\/uploads\/2012\/12\/APEL-PER-NDIHME-KONTO-BANKARE.1.jpg\" alt=\"\" width=\"508\" height=\"600\" \/><\/a><br \/>\n<\/strong><\/p>\n<h3 style=\"text-align: center;\">APEL P\u00cbR NDIHM\u00cb<\/h3>\n<p>T\u00eb nderuar njerz t\u00eb vulentit t\u00eb mire. T\u00eb nderuar breshnjan\u00eb, anamalas, ulqinak, t\u00eb nderuar bashkvendas, kudo q\u00eb ndodheni, n\u00eb An\u00eb t\u00eb Malit, Ulqin, Europ\u00eb, Amerik\u00eb apo gjetiu, apelojm\u00eb p\u00ebr ndihm\u00eb n\u00eb ndertimin e sht\u00ebpis\u00eb s\u00eb Fadil Cek\u00ebs nga Brajsha-Ana e Malit.<br \/>\nNdihmat mund ti dergoni n\u00eb kontakt direkt me K\u00ebshillin organizativ p\u00ebr ndertim: Naser Sella tel. 0038269685644, Imer Shaba tel. 0038269572341 Zenel Sella tel. 0038269480106 Ose n\u00eb kontakt direkt me pronarin Fadil Ceka tel. 0038269036641 ose n\u00eb llogarit\u00eb rrjedh\u00ebse q\u00eb jan\u00eb hapur te Banka komercialae malazeze. Logarit\u00eb jan\u00eb t\u00eb hapuara p\u00ebr Amerik\u00eb, Europ\u00eb dhe Mal t\u00eb Zi.<\/p>\n<p><strong>Shkruan: Ilir Lleshi<\/strong><\/p>\n<p>&nbsp;<\/p>\n<p><strong><a href=\"https:\/\/www.facebook.com\/media\/set\/?set=a.462676940445182.102941.100001086415019&amp;type=1\" target=\"_blank\">P\u00ebr ma teper Foto: Ilir Lleshi Facebook<\/a><\/strong><\/p>\n<p><strong>Lajme nga Ulqini i bashkangjitet &#8220;AKSIONIT P\u00cbR NDIHM\u00cb&#8221;<br \/>\n<\/strong><\/p>\n<p><strong>Ftojm\u00eb gjith\u00eb shqiptar\u00ebt me pun\u00eb dhe q\u00ebndrim n\u00eb diaspor dhe Ulqin, shoqatat, klubet, bashk\u00ebsit\u00eb fetare, intelektual\u00ebt, shoq\u00ebrit\u00eb afariste, firmat shqiptare donator\u00ebt individual e institucional pa dallim moshe, gjinie, krahine e feje q\u00eb t\u00eb kontribuojn\u00eb n\u00eb k\u00ebt\u00eb aksion humanitar p\u00ebr ndihm\u00eb.<\/strong><\/p>\n<p>Lajme nga Ulqini u b\u00ebn thirrje bashkatdhetar\u00ebve tan\u00eb, jo vet\u00ebm n\u00eb diaspor, por dhe gjith\u00eb atyre q\u00eb kan\u00eb vullnet t\u00eb mir\u00eb, q\u00eb me mjetet tona t\u2019ua leht\u00ebsojm\u00eb v\u00ebshtir\u00ebsit\u00eb\u00a0 \u00a0familjes Ceka, t\u00eb cil\u00ebt k\u00ebto dit\u00eb po kalojn\u00eb nj\u00eb situat\u00eb tep\u00ebr t\u00eb r\u00ebnd\u00eb.<br \/>\nNga stafi drejtues\u00a0\u00bbLajme nga Ulqini\u00a0\u00bb shpresojm\u00eb se as k\u00ebsaj here nuk do t\u00eb mungoj\u00eb solidariteti yn\u00eb, ashtu si\u00e7 nuk ka munguar edhe her\u00eb t\u00eb tjera, qoft\u00eb duke ia leht\u00ebsuar varf\u00ebrin\u00eb dikujt, apo dikujt tjet\u00ebr duke i siguruar para p\u00ebr sh\u00ebrim dhe sende tjera t\u00eb jet\u00ebs.<\/p>\n<p>Thon\u00eb se shpresa vdes e fundit, k\u00ebshtu thon\u00eb edhe banor\u00ebt e An\u00ebs s\u00eb Malit dhe Ulqinit n\u00eb p\u00ebrgjithesi duke shpresuar p\u00ebr nj\u00eb t\u00eb ardhme m\u00eb t\u00eb mir t\u00eb vendit t\u00eb vet.<\/p>\n<p><strong>I lutemi\u00a0 \u00e7do antari ta Shperndaje ne Facebook lajmin.Faliminderit<\/strong><\/p>\n\n\t\t<style type=\"text\/css\">\n\t\t\t#gallery-1 {\n\t\t\t\tmargin: auto;\n\t\t\t}\n\t\t\t#gallery-1 .gallery-item {\n\t\t\t\tfloat: left;\n\t\t\t\tmargin-top: 10px;\n\t\t\t\ttext-align: center;\n\t\t\t\twidth: 33%;\n\t\t\t}\n\t\t\t#gallery-1 img {\n\t\t\t\tborder: 2px solid #cfcfcf;\n\t\t\t}\n\t\t\t#gallery-1 .gallery-caption {\n\t\t\t\tmargin-left: 0;\n\t\t\t}\n\t\t\t\/* see gallery_shortcode() in wp-includes\/media.php *\/\n\t\t<\/style>\n\t\t<div id='gallery-1' class='gallery galleryid-66383 gallery-columns-3 gallery-size-thumbnail'><dl class='gallery-item'>\n\t\t\t<dt class='gallery-icon landscape'>\n\t\t\t\t<a href='https:\/\/www.visit-ulcinj.com\/blog\/wp-content\/uploads\/2012\/12\/Fadil-Ceka-nga-Brajsha-pa-shtepi.jpg'><img width=\"150\" height=\"150\" src=\"https:\/\/www.visit-ulcinj.com\/blog\/wp-content\/uploads\/2012\/12\/Fadil-Ceka-nga-Brajsha-pa-shtepi-150x150.jpg\" class=\"attachment-thumbnail size-thumbnail\" alt=\"\" loading=\"lazy\" \/><\/a>\n\t\t\t<\/dt><\/dl><dl class='gallery-item'>\n\t\t\t<dt class='gallery-icon landscape'>\n\t\t\t\t<a href='https:\/\/www.visit-ulcinj.com\/blog\/wp-content\/uploads\/2012\/12\/Fadil-Ceka-nga-Brajsha-pa-shtepi.5.jpg'><img width=\"150\" height=\"150\" src=\"https:\/\/www.visit-ulcinj.com\/blog\/wp-content\/uploads\/2012\/12\/Fadil-Ceka-nga-Brajsha-pa-shtepi.5-150x150.jpg\" class=\"attachment-thumbnail size-thumbnail\" alt=\"\" loading=\"lazy\" \/><\/a>\n\t\t\t<\/dt><\/dl><dl class='gallery-item'>\n\t\t\t<dt class='gallery-icon landscape'>\n\t\t\t\t<a href='https:\/\/www.visit-ulcinj.com\/blog\/wp-content\/uploads\/2012\/12\/Fadil-Ceka-nga-Brajsha-pa-shtepi.1.jpg'><img width=\"150\" height=\"150\" src=\"https:\/\/www.visit-ulcinj.com\/blog\/wp-content\/uploads\/2012\/12\/Fadil-Ceka-nga-Brajsha-pa-shtepi.1-150x150.jpg\" class=\"attachment-thumbnail size-thumbnail\" alt=\"\" loading=\"lazy\" \/><\/a>\n\t\t\t<\/dt><\/dl><br style=\"clear: both\" \/><dl class='gallery-item'>\n\t\t\t<dt class='gallery-icon landscape'>\n\t\t\t\t<a href='https:\/\/www.visit-ulcinj.com\/blog\/wp-content\/uploads\/2012\/12\/Fadil-Ceka-nga-Brajsha-pa-shtepi.2.jpg'><img width=\"150\" height=\"150\" src=\"https:\/\/www.visit-ulcinj.com\/blog\/wp-content\/uploads\/2012\/12\/Fadil-Ceka-nga-Brajsha-pa-shtepi.2-150x150.jpg\" class=\"attachment-thumbnail size-thumbnail\" alt=\"\" loading=\"lazy\" \/><\/a>\n\t\t\t<\/dt><\/dl><dl class='gallery-item'>\n\t\t\t<dt class='gallery-icon landscape'>\n\t\t\t\t<a href='https:\/\/www.visit-ulcinj.com\/blog\/wp-content\/uploads\/2012\/12\/Fadil-Ceka-nga-Brajsha-pa-shtepi.3.jpg'><img width=\"150\" height=\"150\" src=\"https:\/\/www.visit-ulcinj.com\/blog\/wp-content\/uploads\/2012\/12\/Fadil-Ceka-nga-Brajsha-pa-shtepi.3-150x150.jpg\" class=\"attachment-thumbnail size-thumbnail\" alt=\"\" loading=\"lazy\" \/><\/a>\n\t\t\t<\/dt><\/dl><dl class='gallery-item'>\n\t\t\t<dt class='gallery-icon landscape'>\n\t\t\t\t<a href='https:\/\/www.visit-ulcinj.com\/blog\/wp-content\/uploads\/2012\/12\/Fadil-Ceka-nga-Brajsha-pa-shtepi.4.jpg'><img width=\"150\" height=\"150\" src=\"https:\/\/www.visit-ulcinj.com\/blog\/wp-content\/uploads\/2012\/12\/Fadil-Ceka-nga-Brajsha-pa-shtepi.4-150x150.jpg\" class=\"attachment-thumbnail size-thumbnail\" alt=\"\" loading=\"lazy\" \/><\/a>\n\t\t\t<\/dt><\/dl><br style=\"clear: both\" \/><dl class='gallery-item'>\n\t\t\t<dt class='gallery-icon landscape'>\n\t\t\t\t<a href='https:\/\/www.visit-ulcinj.com\/blog\/wp-content\/uploads\/2012\/12\/Fadil-Ceka-nga-Brajsha-pa-shtepi.6.jpg'><img width=\"150\" height=\"150\" src=\"https:\/\/www.visit-ulcinj.com\/blog\/wp-content\/uploads\/2012\/12\/Fadil-Ceka-nga-Brajsha-pa-shtepi.6-150x150.jpg\" class=\"attachment-thumbnail size-thumbnail\" alt=\"\" loading=\"lazy\" \/><\/a>\n\t\t\t<\/dt><\/dl><dl class='gallery-item'>\n\t\t\t<dt class='gallery-icon landscape'>\n\t\t\t\t<a href='https:\/\/www.visit-ulcinj.com\/blog\/wp-content\/uploads\/2012\/12\/Fadil-Ceka-nga-Brajsha-pa-shtepi.7.jpg'><img width=\"150\" height=\"150\" src=\"https:\/\/www.visit-ulcinj.com\/blog\/wp-content\/uploads\/2012\/12\/Fadil-Ceka-nga-Brajsha-pa-shtepi.7-150x150.jpg\" class=\"attachment-thumbnail size-thumbnail\" alt=\"\" loading=\"lazy\" \/><\/a>\n\t\t\t<\/dt><\/dl><dl class='gallery-item'>\n\t\t\t<dt class='gallery-icon landscape'>\n\t\t\t\t<a href='https:\/\/www.visit-ulcinj.com\/blog\/wp-content\/uploads\/2012\/12\/Fadil-Ceka-nga-Brajsha-pa-shtepi.8.jpg'><img width=\"150\" height=\"150\" src=\"https:\/\/www.visit-ulcinj.com\/blog\/wp-content\/uploads\/2012\/12\/Fadil-Ceka-nga-Brajsha-pa-shtepi.8-150x150.jpg\" class=\"attachment-thumbnail size-thumbnail\" alt=\"\" loading=\"lazy\" \/><\/a>\n\t\t\t<\/dt><\/dl><br style=\"clear: both\" \/><dl class='gallery-item'>\n\t\t\t<dt class='gallery-icon landscape'>\n\t\t\t\t<a href='https:\/\/www.visit-ulcinj.com\/blog\/wp-content\/uploads\/2012\/12\/Fadil-Ceka-nga-Brajsha-pa-shtepi.9.jpg'><img width=\"150\" height=\"150\" src=\"https:\/\/www.visit-ulcinj.com\/blog\/wp-content\/uploads\/2012\/12\/Fadil-Ceka-nga-Brajsha-pa-shtepi.9-150x150.jpg\" class=\"attachment-thumbnail size-thumbnail\" alt=\"\" loading=\"lazy\" \/><\/a>\n\t\t\t<\/dt><\/dl><dl class='gallery-item'>\n\t\t\t<dt class='gallery-icon landscape'>\n\t\t\t\t<a href='https:\/\/www.visit-ulcinj.com\/blog\/wp-content\/uploads\/2012\/12\/Fadil-Ceka-nga-Brajsha-pa-shtepi.10.jpg'><img width=\"150\" height=\"150\" src=\"https:\/\/www.visit-ulcinj.com\/blog\/wp-content\/uploads\/2012\/12\/Fadil-Ceka-nga-Brajsha-pa-shtepi.10-150x150.jpg\" class=\"attachment-thumbnail size-thumbnail\" alt=\"\" loading=\"lazy\" \/><\/a>\n\t\t\t<\/dt><\/dl><dl class='gallery-item'>\n\t\t\t<dt class='gallery-icon landscape'>\n\t\t\t\t<a href='https:\/\/www.visit-ulcinj.com\/blog\/wp-content\/uploads\/2012\/12\/Fadil-Ceka-nga-Brajsha-pa-shtepi.11.jpg'><img width=\"150\" height=\"150\" src=\"https:\/\/www.visit-ulcinj.com\/blog\/wp-content\/uploads\/2012\/12\/Fadil-Ceka-nga-Brajsha-pa-shtepi.11-150x150.jpg\" class=\"attachment-thumbnail size-thumbnail\" alt=\"\" loading=\"lazy\" \/><\/a>\n\t\t\t<\/dt><\/dl><br style=\"clear: both\" \/><dl class='gallery-item'>\n\t\t\t<dt class='gallery-icon portrait'>\n\t\t\t\t<a href='https:\/\/www.visit-ulcinj.com\/blog\/wp-content\/uploads\/2012\/12\/APEL-PER-NDIHME-KONTO-BANKARE.1.jpg'><img width=\"150\" height=\"150\" src=\"https:\/\/www.visit-ulcinj.com\/blog\/wp-content\/uploads\/2012\/12\/APEL-PER-NDIHME-KONTO-BANKARE.1-150x150.jpg\" class=\"attachment-thumbnail size-thumbnail\" alt=\"\" loading=\"lazy\" \/><\/a>\n\t\t\t<\/dt><\/dl><dl class='gallery-item'>\n\t\t\t<dt class='gallery-icon portrait'>\n\t\t\t\t<a href='https:\/\/www.visit-ulcinj.com\/blog\/wp-content\/uploads\/2012\/12\/APEL-PER-NDIHME-KONTO-BANKARE.jpg'><img width=\"150\" height=\"150\" src=\"https:\/\/www.visit-ulcinj.com\/blog\/wp-content\/uploads\/2012\/12\/APEL-PER-NDIHME-KONTO-BANKARE-150x150.jpg\" class=\"attachment-thumbnail size-thumbnail\" alt=\"\" loading=\"lazy\" \/><\/a>\n\t\t\t<\/dt><\/dl>\n\t\t\t<br style='clear: both' \/>\n\t\t<\/div>\n\n","protected":false},"excerpt":{"rendered":"<p>Sht\u00ebpia. Nuk \u00ebsht\u00eb vetem nj\u00eb emer dy rrok\u00ebsh. \u00cbsht\u00eb shum m\u00eb teper. Me te, t\u00eb gjith\u00eb njerzimi e kan\u00eb t\u00eb lidhur jeten. Ajo \u00ebsht\u00eb vend ku njeriu lind, kalon f\u00ebmij\u00ebrin\u00eb, rinin\u00eb, martohet e lulzohet, krijon familje t\u00eb re, e m\u00eb n\u00eb fund veds p\u00ebr ta trashiguar brezat e ri. Esht\u00eb vendi ku perkunden djepat, e [&hellip;]<\/p>\n","protected":false},"author":1,"featured_media":0,"comment_status":"open","ping_status":"closed","sticky":false,"template":"","format":"standard","meta":{"spay_email":"","jetpack_publicize_message":"","jetpack_is_tweetstorm":false,"jetpack_publicize_feature_enabled":true},"categories":[1,12],"tags":[16554,16560,16567,19022,19021,14351,3505,212,16553,17828,16552,17834,18370,17811,14352,17831,18362,14349,15136,14353,3510,17808,16245,17401,3502,14354,714,12340,14355,15798,17840,17839,18363,16558,19585,16216,17835,20,17814,17810,17816,14356,17071,17807,3730,3516,14652,14357,3511,15139,17837,17827,16246,16237,16238,21579,10203,3504,14358,19020,3220,222,17802,17812,17803,16214,17820,17825,17817,16249,16564,16547,16559,16565,16551,17805,8966,22011,305,16491,19584,16247,16563,17823,17832,19586,14359,3506,17818,3499,214,17680,14360,14361,3509,16210,17402,16211,14362,19541,216,14363,18371,194,16248,19501,3507,14655,17800,498,3717,3500,1762,4625,16490,115,3228,14364,362,22008,17799,14657,3327,15140,17841,19627,17826,15213,18236,13230,3512,17806,729,16212,11648,18289,17838,95,19583,17813,19587,17804,5937,14365,15141,14658,3227,17836,14366,79,14661,17073,3513,14348,1082,16234,16241,16233,18369,16478,4642,3514,1653,16244,1909,17815,14367,92,13393,16566,17801,18360,14663,19543,125,14906,17822,3501,14368,14369,19542,14665,14664,16243,17824,14370,14666,18291,16557,10472,16236,16232,2083,3231,14371,41,3617,16769,3508,15143,14372,3503,14373,14374,17844,3515,17821,16235,16240,5589,18372,17830,16215,17077,3498,2800,18295,15160,14375,17833,17829,899,16242,16546,19,409,200,18,17819,1388,17809,16570,16213,16239,14376],"jetpack_publicize_connections":[],"yoast_head":"<!-- This site is optimized with the Yoast SEO plugin v19.1 - https:\/\/yoast.com\/wordpress\/plugins\/seo\/ -->\n<title>Fadil Ceka nga Brajsha mbeti \u201cPa \u00e7ati mbi kok\u00eb\u201d! - Lajme nga Ulqini<\/title>\n<meta name=\"description\" content=\"Sht\u00ebpia. Nuk \u00ebsht\u00eb vetem nj\u00eb emer dy rrok\u00ebsh. \u00cbsht\u00eb shum m\u00eb teper. Me te, t\u00eb gjith\u00eb njerzimi e kan\u00eb t\u00eb lidhur jeten. Ajo \u00ebsht\u00eb vend ku njeriu lind, kalon\" \/>\n<meta name=\"robots\" content=\"index, follow, max-snippet:-1, max-image-preview:large, max-video-preview:-1\" \/>\n<link rel=\"canonical\" href=\"https:\/\/www.visit-ulcinj.com\/blog\/2012\/12\/03\/fadil-ceka-nga-brajsha-mbeti-pa-cati-mbi-koke\/\" \/>\n<meta property=\"og:locale\" content=\"en_US\" \/>\n<meta property=\"og:type\" content=\"article\" \/>\n<meta property=\"og:title\" content=\"Fadil Ceka nga Brajsha mbeti \u201cPa \u00e7ati mbi kok\u00eb\u201d! - Lajme nga Ulqini\" \/>\n<meta property=\"og:description\" content=\"Sht\u00ebpia. Nuk \u00ebsht\u00eb vetem nj\u00eb emer dy rrok\u00ebsh. \u00cbsht\u00eb shum m\u00eb teper. Me te, t\u00eb gjith\u00eb njerzimi e kan\u00eb t\u00eb lidhur jeten. Ajo \u00ebsht\u00eb vend ku njeriu lind, kalon\" \/>\n<meta property=\"og:url\" content=\"https:\/\/www.visit-ulcinj.com\/blog\/2012\/12\/03\/fadil-ceka-nga-brajsha-mbeti-pa-cati-mbi-koke\/\" \/>\n<meta property=\"og:site_name\" content=\"Lajme nga Ulqini\" \/>\n<meta property=\"article:published_time\" content=\"2012-12-03T07:37:01+00:00\" \/>\n<meta property=\"article:modified_time\" content=\"2012-12-05T14:01:50+00:00\" \/>\n<meta property=\"og:image\" content=\"https:\/\/www.visit-ulcinj.com\/blog\/wp-content\/uploads\/2012\/12\/Fadil-Ceka-nga-Brajsha-pa-shtepi-150x150.jpg\" \/>\n<meta name=\"twitter:label1\" content=\"Written by\" \/>\n\t<meta name=\"twitter:data1\" content=\"ulqini\" \/>\n\t<meta name=\"twitter:label2\" content=\"Est. reading time\" \/>\n\t<meta name=\"twitter:data2\" content=\"5 minutes\" \/>\n<script type=\"application\/ld+json\" class=\"yoast-schema-graph\">{\"@context\":\"https:\/\/schema.org\",\"@graph\":[{\"@type\":\"WebSite\",\"@id\":\"https:\/\/www.visit-ulcinj.com\/blog\/#website\",\"url\":\"https:\/\/www.visit-ulcinj.com\/blog\/\",\"name\":\"Lajme nga Ulqini\",\"description\":\"Lajme,Vijesti,Ulqini,Ulqin,Crna Gora,Mali i Zi\",\"potentialAction\":[{\"@type\":\"SearchAction\",\"target\":{\"@type\":\"EntryPoint\",\"urlTemplate\":\"https:\/\/www.visit-ulcinj.com\/blog\/?s={search_term_string}\"},\"query-input\":\"required name=search_term_string\"}],\"inLanguage\":\"en-US\"},{\"@type\":\"ImageObject\",\"inLanguage\":\"en-US\",\"@id\":\"https:\/\/www.visit-ulcinj.com\/blog\/2012\/12\/03\/fadil-ceka-nga-brajsha-mbeti-pa-cati-mbi-koke\/#primaryimage\",\"url\":\"https:\/\/www.visit-ulcinj.com\/blog\/wp-content\/uploads\/2012\/12\/Fadil-Ceka-nga-Brajsha-pa-shtepi.jpg\",\"contentUrl\":\"https:\/\/www.visit-ulcinj.com\/blog\/wp-content\/uploads\/2012\/12\/Fadil-Ceka-nga-Brajsha-pa-shtepi.jpg\",\"width\":\"960\",\"height\":\"720\"},{\"@type\":\"WebPage\",\"@id\":\"https:\/\/www.visit-ulcinj.com\/blog\/2012\/12\/03\/fadil-ceka-nga-brajsha-mbeti-pa-cati-mbi-koke\/#webpage\",\"url\":\"https:\/\/www.visit-ulcinj.com\/blog\/2012\/12\/03\/fadil-ceka-nga-brajsha-mbeti-pa-cati-mbi-koke\/\",\"name\":\"Fadil Ceka nga Brajsha mbeti \u201cPa \u00e7ati mbi kok\u00eb\u201d! - Lajme nga Ulqini\",\"isPartOf\":{\"@id\":\"https:\/\/www.visit-ulcinj.com\/blog\/#website\"},\"primaryImageOfPage\":{\"@id\":\"https:\/\/www.visit-ulcinj.com\/blog\/2012\/12\/03\/fadil-ceka-nga-brajsha-mbeti-pa-cati-mbi-koke\/#primaryimage\"},\"datePublished\":\"2012-12-03T07:37:01+00:00\",\"dateModified\":\"2012-12-05T14:01:50+00:00\",\"author\":{\"@id\":\"https:\/\/www.visit-ulcinj.com\/blog\/#\/schema\/person\/dcab619c614d3038751c63bc2aadc06d\"},\"description\":\"Sht\u00ebpia. Nuk \u00ebsht\u00eb vetem nj\u00eb emer dy rrok\u00ebsh. \u00cbsht\u00eb shum m\u00eb teper. Me te, t\u00eb gjith\u00eb njerzimi e kan\u00eb t\u00eb lidhur jeten. Ajo \u00ebsht\u00eb vend ku njeriu lind, kalon\",\"breadcrumb\":{\"@id\":\"https:\/\/www.visit-ulcinj.com\/blog\/2012\/12\/03\/fadil-ceka-nga-brajsha-mbeti-pa-cati-mbi-koke\/#breadcrumb\"},\"inLanguage\":\"en-US\",\"potentialAction\":[{\"@type\":\"ReadAction\",\"target\":[\"https:\/\/www.visit-ulcinj.com\/blog\/2012\/12\/03\/fadil-ceka-nga-brajsha-mbeti-pa-cati-mbi-koke\/\"]}]},{\"@type\":\"BreadcrumbList\",\"@id\":\"https:\/\/www.visit-ulcinj.com\/blog\/2012\/12\/03\/fadil-ceka-nga-brajsha-mbeti-pa-cati-mbi-koke\/#breadcrumb\",\"itemListElement\":[{\"@type\":\"ListItem\",\"position\":1,\"name\":\"Fadil Ceka nga Brajsha mbeti \u201cPa \u00e7ati mbi kok\u00eb\u201d!\"}]},{\"@type\":\"Person\",\"@id\":\"https:\/\/www.visit-ulcinj.com\/blog\/#\/schema\/person\/dcab619c614d3038751c63bc2aadc06d\",\"name\":\"ulqini\",\"sameAs\":[\"http:\/\/www.visit-ulcinj.com\"],\"url\":\"https:\/\/www.visit-ulcinj.com\/blog\/author\/admin\/\"}]}<\/script>\n<!-- \/ Yoast SEO plugin. -->","yoast_head_json":{"title":"Fadil Ceka nga Brajsha mbeti \u201cPa \u00e7ati mbi kok\u00eb\u201d! - Lajme nga Ulqini","description":"Sht\u00ebpia. Nuk \u00ebsht\u00eb vetem nj\u00eb emer dy rrok\u00ebsh. \u00cbsht\u00eb shum m\u00eb teper. Me te, t\u00eb gjith\u00eb njerzimi e kan\u00eb t\u00eb lidhur jeten. Ajo \u00ebsht\u00eb vend ku njeriu lind, kalon","robots":{"index":"index","follow":"follow","max-snippet":"max-snippet:-1","max-image-preview":"max-image-preview:large","max-video-preview":"max-video-preview:-1"},"canonical":"https:\/\/www.visit-ulcinj.com\/blog\/2012\/12\/03\/fadil-ceka-nga-brajsha-mbeti-pa-cati-mbi-koke\/","og_locale":"en_US","og_type":"article","og_title":"Fadil Ceka nga Brajsha mbeti \u201cPa \u00e7ati mbi kok\u00eb\u201d! - Lajme nga Ulqini","og_description":"Sht\u00ebpia. Nuk \u00ebsht\u00eb vetem nj\u00eb emer dy rrok\u00ebsh. \u00cbsht\u00eb shum m\u00eb teper. Me te, t\u00eb gjith\u00eb njerzimi e kan\u00eb t\u00eb lidhur jeten. Ajo \u00ebsht\u00eb vend ku njeriu lind, kalon","og_url":"https:\/\/www.visit-ulcinj.com\/blog\/2012\/12\/03\/fadil-ceka-nga-brajsha-mbeti-pa-cati-mbi-koke\/","og_site_name":"Lajme nga Ulqini","article_published_time":"2012-12-03T07:37:01+00:00","article_modified_time":"2012-12-05T14:01:50+00:00","og_image":[{"url":"https:\/\/www.visit-ulcinj.com\/blog\/wp-content\/uploads\/2012\/12\/Fadil-Ceka-nga-Brajsha-pa-shtepi-150x150.jpg"}],"twitter_misc":{"Written by":"ulqini","Est. reading time":"5 minutes"},"schema":{"@context":"https:\/\/schema.org","@graph":[{"@type":"WebSite","@id":"https:\/\/www.visit-ulcinj.com\/blog\/#website","url":"https:\/\/www.visit-ulcinj.com\/blog\/","name":"Lajme nga Ulqini","description":"Lajme,Vijesti,Ulqini,Ulqin,Crna Gora,Mali i Zi","potentialAction":[{"@type":"SearchAction","target":{"@type":"EntryPoint","urlTemplate":"https:\/\/www.visit-ulcinj.com\/blog\/?s={search_term_string}"},"query-input":"required name=search_term_string"}],"inLanguage":"en-US"},{"@type":"ImageObject","inLanguage":"en-US","@id":"https:\/\/www.visit-ulcinj.com\/blog\/2012\/12\/03\/fadil-ceka-nga-brajsha-mbeti-pa-cati-mbi-koke\/#primaryimage","url":"https:\/\/www.visit-ulcinj.com\/blog\/wp-content\/uploads\/2012\/12\/Fadil-Ceka-nga-Brajsha-pa-shtepi.jpg","contentUrl":"https:\/\/www.visit-ulcinj.com\/blog\/wp-content\/uploads\/2012\/12\/Fadil-Ceka-nga-Brajsha-pa-shtepi.jpg","width":"960","height":"720"},{"@type":"WebPage","@id":"https:\/\/www.visit-ulcinj.com\/blog\/2012\/12\/03\/fadil-ceka-nga-brajsha-mbeti-pa-cati-mbi-koke\/#webpage","url":"https:\/\/www.visit-ulcinj.com\/blog\/2012\/12\/03\/fadil-ceka-nga-brajsha-mbeti-pa-cati-mbi-koke\/","name":"Fadil Ceka nga Brajsha mbeti \u201cPa \u00e7ati mbi kok\u00eb\u201d! - Lajme nga Ulqini","isPartOf":{"@id":"https:\/\/www.visit-ulcinj.com\/blog\/#website"},"primaryImageOfPage":{"@id":"https:\/\/www.visit-ulcinj.com\/blog\/2012\/12\/03\/fadil-ceka-nga-brajsha-mbeti-pa-cati-mbi-koke\/#primaryimage"},"datePublished":"2012-12-03T07:37:01+00:00","dateModified":"2012-12-05T14:01:50+00:00","author":{"@id":"https:\/\/www.visit-ulcinj.com\/blog\/#\/schema\/person\/dcab619c614d3038751c63bc2aadc06d"},"description":"Sht\u00ebpia. Nuk \u00ebsht\u00eb vetem nj\u00eb emer dy rrok\u00ebsh. \u00cbsht\u00eb shum m\u00eb teper. Me te, t\u00eb gjith\u00eb njerzimi e kan\u00eb t\u00eb lidhur jeten. Ajo \u00ebsht\u00eb vend ku njeriu lind, kalon","breadcrumb":{"@id":"https:\/\/www.visit-ulcinj.com\/blog\/2012\/12\/03\/fadil-ceka-nga-brajsha-mbeti-pa-cati-mbi-koke\/#breadcrumb"},"inLanguage":"en-US","potentialAction":[{"@type":"ReadAction","target":["https:\/\/www.visit-ulcinj.com\/blog\/2012\/12\/03\/fadil-ceka-nga-brajsha-mbeti-pa-cati-mbi-koke\/"]}]},{"@type":"BreadcrumbList","@id":"https:\/\/www.visit-ulcinj.com\/blog\/2012\/12\/03\/fadil-ceka-nga-brajsha-mbeti-pa-cati-mbi-koke\/#breadcrumb","itemListElement":[{"@type":"ListItem","position":1,"name":"Fadil Ceka nga Brajsha mbeti \u201cPa \u00e7ati mbi kok\u00eb\u201d!"}]},{"@type":"Person","@id":"https:\/\/www.visit-ulcinj.com\/blog\/#\/schema\/person\/dcab619c614d3038751c63bc2aadc06d","name":"ulqini","sameAs":["http:\/\/www.visit-ulcinj.com"],"url":"https:\/\/www.visit-ulcinj.com\/blog\/author\/admin\/"}]}},"jetpack_featured_media_url":"","jetpack_sharing_enabled":true,"jetpack_shortlink":"https:\/\/wp.me\/pe6lTn-hgH","_links":{"self":[{"href":"https:\/\/www.visit-ulcinj.com\/blog\/wp-json\/wp\/v2\/posts\/66383"}],"collection":[{"href":"https:\/\/www.visit-ulcinj.com\/blog\/wp-json\/wp\/v2\/posts"}],"about":[{"href":"https:\/\/www.visit-ulcinj.com\/blog\/wp-json\/wp\/v2\/types\/post"}],"author":[{"embeddable":true,"href":"https:\/\/www.visit-ulcinj.com\/blog\/wp-json\/wp\/v2\/users\/1"}],"replies":[{"embeddable":true,"href":"https:\/\/www.visit-ulcinj.com\/blog\/wp-json\/wp\/v2\/comments?post=66383"}],"version-history":[{"count":7,"href":"https:\/\/www.visit-ulcinj.com\/blog\/wp-json\/wp\/v2\/posts\/66383\/revisions"}],"predecessor-version":[{"id":66496,"href":"https:\/\/www.visit-ulcinj.com\/blog\/wp-json\/wp\/v2\/posts\/66383\/revisions\/66496"}],"wp:attachment":[{"href":"https:\/\/www.visit-ulcinj.com\/blog\/wp-json\/wp\/v2\/media?parent=66383"}],"wp:term":[{"taxonomy":"category","embeddable":true,"href":"https:\/\/www.visit-ulcinj.com\/blog\/wp-json\/wp\/v2\/categories?post=66383"},{"taxonomy":"post_tag","embeddable":true,"href":"https:\/\/www.visit-ulcinj.com\/blog\/wp-json\/wp\/v2\/tags?post=66383"}],"curies":[{"name":"wp","href":"https:\/\/api.w.org\/{rel}","templated":true}]}}