{"id":664,"date":"2008-02-26T21:28:30","date_gmt":"2008-02-27T02:28:30","guid":{"rendered":"http:\/\/www.visit-ulcinj.com\/blog\/2008\/02\/26\/seanca-e-kuvendit-te-komunes-urbane-te-tuzit-shtyhet-per-nje-here-tjeter\/"},"modified":"2008-02-26T21:30:22","modified_gmt":"2008-02-27T02:30:22","slug":"seanca-e-kuvendit-te-komunes-urbane-te-tuzit-shtyhet-per-nje-here-tjeter","status":"publish","type":"post","link":"https:\/\/www.visit-ulcinj.com\/blog\/2008\/02\/26\/seanca-e-kuvendit-te-komunes-urbane-te-tuzit-shtyhet-per-nje-here-tjeter\/","title":{"rendered":"Seanca e kuvendit t\u00eb komun\u00ebs urbane t\u00eb Tuzit shtyhet p\u00ebr nj\u00eb her\u00eb tjet\u00ebr"},"content":{"rendered":"<p><font size=\"2\"><strong><a rel=\"lightbox[pics-1204079147]\" href=\"http:\/\/www.visit-ulcinj.com\/blog\/wp-content\/uploads\/2008\/02\/camaj.jpg\" title=\"Camaj LDMZ\"><\/a><img loading=\"lazy\" border=\"0\" align=\"left\" width=\"200\" src=\"http:\/\/www.visit-ulcinj.com\/blog\/wp-content\/uploads\/2008\/02\/camaj.thumbnail.jpg\" alt=\"Camaj LDMZ\" height=\"150\" \/>Dy dit\u00eb pa kuorum<\/strong><\/font><font size=\"2\"> <\/font><font size=\"2\" face=\"Verdana\">Tuz- K\u00ebshilltar\u00ebt e Kuvendit t\u00eb KU t\u00eb Tuzit as t\u00eb h\u00ebn\u00ebn dhe as t\u00eb mart\u00ebn nuk mbajt\u00ebn mbledhje, pasi q\u00eb k\u00ebshilltar\u00ebt e PDS-s\u00eb, PSD-s\u00eb, PB-s\u00eb, UDSH-s\u00eb dhe PSP-s\u00eb nuk mor\u00ebn pjes\u00eb.<br \/>\nKuvendi i KU t\u00eb Tuzit kishte parapar\u00eb q\u00eb si pik\u00eb kryesore e seanc\u00ebs t\u00eb jet\u00eb Propozimi i vendimit p\u00ebr organizimin e referendumit p\u00ebr komun\u00eb t\u00eb m\u00ebvet\u00ebsishme t\u00eb Tuzit, propozim ky t\u00eb cilin e kishte dor\u00ebzuar koh\u00eb m\u00eb par\u00eb, Vasel Sinishtaj n\u00eb em\u00ebr t\u00eb IQ-s\u00eb.<br \/>\nSeanca e t\u00eb h\u00ebn\u00ebs filloi me urimet p\u00ebr Pavar\u00ebsin\u00eb e Kosov\u00ebs. K\u00ebshtu, Nikoll\u00eb Camaj (LD), Vasel Sinishtaj (IQ) dhe Fadil Kajoshaj (UDSH) uruan Pavar\u00ebsin\u00eb e Kosov\u00ebs, por ky i fundit deklaroi se &#8220;Unioni nuk punon sot, por feston&#8221;, me \u00e7`rast k\u00ebshilltar\u00ebt e k\u00ebsaj partie e braktis\u00ebn mbledhjen. Nd\u00ebrkoh\u00eb, dr. Halil Dukoviq (PDS) u shpreh se &#8220;ne si parti d\u00ebshirojm\u00eb q\u00eb t\u00eb nd\u00ebrtojm\u00eb marr\u00ebdh\u00ebnie t\u00eb mira fqinj\u00ebsore me Kosov\u00ebn edhe me Serbin\u00eb. &#8220;Q\u00ebndrimin ton\u00eb do ta themi kur edhe BE-ja dhe n\u00eb pajtim me t\u00eb&#8221; tha ai, duke k\u00ebrkuar nga kryetari i Kuvendit, Nikoll\u00eb Camaj, t`i sqaroj\u00eb p\u00ebrse k\u00ebshilltari i PSP-s\u00eb, Kol\u00eb Lulgjuraj, nuk \u00ebsht\u00eb prezent. Duke par\u00eb se Lulgjuraj nuk vinte n\u00eb mbledhje, Dukoviq s\u00eb bashku me k\u00ebshilltar\u00ebt e tij e braktis\u00ebn mbledhjen. P\u00ebr k\u00ebshilltarin e PB-s\u00eb, dr. Nexhat Dresheviq, organizimi i referendumit p\u00ebr komun\u00eb t\u00eb m\u00ebvet\u00ebsishme t\u00eb Tuzit \u00ebsht\u00eb nj\u00eb gj\u00eb joserioze dhe k\u00ebrkoi q\u00eb p\u00ebr k\u00ebt\u00eb t\u00eb angazhohen ekonomist\u00eb, e pastaj edhe vet\u00eb doli nga seanca. Pasi q\u00eb kvorumi mungoi, mbledhja u shty p\u00ebr t\u00eb mart\u00ebn.<br \/>\nNd\u00ebrkaq, edhe n\u00eb seanc\u00ebn e s\u00eb mart\u00ebs munguan k\u00ebshilltar\u00ebt e PDS-s\u00eb, PSD-s\u00eb, UDSH-s\u00eb, PB-s\u00eb dhe i PPS-s\u00eb. Vasel Sinishtaj, tregoi se propozimi i tij q\u00eb Kuvendi i KU t\u00eb Tuzit t\u00eb marr\u00eb vendimin mbi shpalljen dhe organizimin e referendumit m\u00eb 6 prill 2008, kur \u00ebsht\u00eb edhe dita e mbajtjes s\u00eb zgjedhjeve presidenciale n\u00eb Mal t\u00eb Zi, ishte i bazuar n\u00eb Marr\u00ebveshjen politike, t\u00eb cil\u00ebn e kishte n\u00ebnshkruar edhe lideri i UDSH-s\u00eb, i bindur edhe n\u00eb orientimet programore t\u00eb LD n\u00eb MZ dhe t\u00eb PSP me besim se kjo gj\u00eb do t\u00eb realizohet.<br \/>\nAi b\u00ebri t\u00eb ditur se n\u00eb dit\u00ebt e ardhshme ata do ta njoftojn\u00eb opinionin me pozit\u00ebn e tyre. &#8220;Prej sot jemi t\u00eb gatsh\u00ebm q\u00eb mandatin q\u00eb na e ka besuar populli i Mal\u00ebsis\u00eb p\u00ebrs\u00ebri t`ia kthejm\u00eb &#8220;, deklaroi Sinishtaj.<br \/>\nNikoll\u00eb Camajt nuk i kishte shkuar nd\u00ebrmend se lajmi q\u00ebllimmir\u00eb q\u00eb Pavar\u00ebsin\u00eb e Kosov\u00ebs e kishin festuar s\u00eb bashku me partner\u00ebt e tyre mund t\u00eb shkaktonte nj\u00eb reagim t\u00eb k\u00ebtill\u00eb. &#8220;Obligimi yn\u00eb si partner n\u00eb Koalicion ka qen\u00eb q\u00eb \u00e7doher\u00eb ta publikojm\u00eb nj\u00ebri-tjetrin para opinionit shqiptar n\u00eb drit\u00eb sa m\u00eb t\u00eb bukur&#8221;.<br \/>\nLindon Gjelaj (IQ) mosardhjen e k\u00ebshilltar\u00ebve t\u00eb opozit\u00ebs e karakterizon si frik\u00eb nga realiteti.<\/font><font size=\"2\" face=\"Verdana\"><strong>rr.d.<\/strong><strong><font size=\"2\" face=\"Arial\">www.kohajavore.cg.yu<\/font><\/p>\n<p><\/strong><\/font><\/p>\n","protected":false},"excerpt":{"rendered":"<p>&#8220;><\/a><img loading=\"lazy\" border=\"0\" align=\"left\" width=\"140\" src=\"http:\/\/www.visit-ulcinj.com\/blog\/wp-content\/uploads\/2008\/02\/camaj.thumbnail.jpg\" alt=\"Camaj LDMZ\" height=\"140\" \/><\/p>\n","protected":false},"author":1,"featured_media":0,"comment_status":"open","ping_status":"closed","sticky":false,"template":"","format":"standard","meta":{"spay_email":"","jetpack_publicize_message":"","jetpack_is_tweetstorm":false,"jetpack_publicize_feature_enabled":true},"categories":[12],"tags":[1941,325,503,1940,1646,201,1649,348],"jetpack_publicize_connections":[],"yoast_head":"<!-- This site is optimized with the Yoast SEO plugin v19.1 - https:\/\/yoast.com\/wordpress\/plugins\/seo\/ -->\n<title>Seanca e kuvendit t\u00eb komun\u00ebs urbane t\u00eb Tuzit shtyhet p\u00ebr nj\u00eb her\u00eb tjet\u00ebr - Lajme nga Ulqini<\/title>\n<meta name=\"description\" content=\"&quot;&gt;\" \/>\n<meta name=\"robots\" content=\"index, follow, max-snippet:-1, max-image-preview:large, max-video-preview:-1\" \/>\n<link rel=\"canonical\" href=\"https:\/\/www.visit-ulcinj.com\/blog\/2008\/02\/26\/seanca-e-kuvendit-te-komunes-urbane-te-tuzit-shtyhet-per-nje-here-tjeter\/\" \/>\n<meta property=\"og:locale\" content=\"en_US\" \/>\n<meta property=\"og:type\" content=\"article\" \/>\n<meta property=\"og:title\" content=\"Seanca e kuvendit t\u00eb komun\u00ebs urbane t\u00eb Tuzit shtyhet p\u00ebr nj\u00eb her\u00eb tjet\u00ebr - Lajme nga Ulqini\" \/>\n<meta property=\"og:description\" content=\"&quot;&gt;\" \/>\n<meta property=\"og:url\" content=\"https:\/\/www.visit-ulcinj.com\/blog\/2008\/02\/26\/seanca-e-kuvendit-te-komunes-urbane-te-tuzit-shtyhet-per-nje-here-tjeter\/\" \/>\n<meta property=\"og:site_name\" content=\"Lajme nga Ulqini\" \/>\n<meta property=\"article:published_time\" content=\"2008-02-27T02:28:30+00:00\" \/>\n<meta property=\"article:modified_time\" content=\"2008-02-27T02:30:22+00:00\" \/>\n<meta property=\"og:image\" content=\"http:\/\/www.visit-ulcinj.com\/blog\/wp-content\/uploads\/2008\/02\/camaj.thumbnail.jpg\" \/>\n<meta name=\"twitter:label1\" content=\"Written by\" \/>\n\t<meta name=\"twitter:data1\" content=\"ulqini\" \/>\n\t<meta name=\"twitter:label2\" content=\"Est. reading time\" \/>\n\t<meta name=\"twitter:data2\" content=\"3 minutes\" \/>\n<script type=\"application\/ld+json\" class=\"yoast-schema-graph\">{\"@context\":\"https:\/\/schema.org\",\"@graph\":[{\"@type\":\"WebSite\",\"@id\":\"https:\/\/www.visit-ulcinj.com\/blog\/#website\",\"url\":\"https:\/\/www.visit-ulcinj.com\/blog\/\",\"name\":\"Lajme nga Ulqini\",\"description\":\"Lajme,Vijesti,Ulqini,Ulqin,Crna Gora,Mali i Zi\",\"potentialAction\":[{\"@type\":\"SearchAction\",\"target\":{\"@type\":\"EntryPoint\",\"urlTemplate\":\"https:\/\/www.visit-ulcinj.com\/blog\/?s={search_term_string}\"},\"query-input\":\"required name=search_term_string\"}],\"inLanguage\":\"en-US\"},{\"@type\":\"ImageObject\",\"inLanguage\":\"en-US\",\"@id\":\"https:\/\/www.visit-ulcinj.com\/blog\/2008\/02\/26\/seanca-e-kuvendit-te-komunes-urbane-te-tuzit-shtyhet-per-nje-here-tjeter\/#primaryimage\",\"url\":\"http:\/\/www.visit-ulcinj.com\/blog\/wp-content\/uploads\/2008\/02\/camaj.thumbnail.jpg\",\"contentUrl\":\"http:\/\/www.visit-ulcinj.com\/blog\/wp-content\/uploads\/2008\/02\/camaj.thumbnail.jpg\"},{\"@type\":\"WebPage\",\"@id\":\"https:\/\/www.visit-ulcinj.com\/blog\/2008\/02\/26\/seanca-e-kuvendit-te-komunes-urbane-te-tuzit-shtyhet-per-nje-here-tjeter\/#webpage\",\"url\":\"https:\/\/www.visit-ulcinj.com\/blog\/2008\/02\/26\/seanca-e-kuvendit-te-komunes-urbane-te-tuzit-shtyhet-per-nje-here-tjeter\/\",\"name\":\"Seanca e kuvendit t\u00eb komun\u00ebs urbane t\u00eb Tuzit shtyhet p\u00ebr nj\u00eb her\u00eb tjet\u00ebr - Lajme nga Ulqini\",\"isPartOf\":{\"@id\":\"https:\/\/www.visit-ulcinj.com\/blog\/#website\"},\"primaryImageOfPage\":{\"@id\":\"https:\/\/www.visit-ulcinj.com\/blog\/2008\/02\/26\/seanca-e-kuvendit-te-komunes-urbane-te-tuzit-shtyhet-per-nje-here-tjeter\/#primaryimage\"},\"datePublished\":\"2008-02-27T02:28:30+00:00\",\"dateModified\":\"2008-02-27T02:30:22+00:00\",\"author\":{\"@id\":\"https:\/\/www.visit-ulcinj.com\/blog\/#\/schema\/person\/dcab619c614d3038751c63bc2aadc06d\"},\"description\":\"\\\">\",\"breadcrumb\":{\"@id\":\"https:\/\/www.visit-ulcinj.com\/blog\/2008\/02\/26\/seanca-e-kuvendit-te-komunes-urbane-te-tuzit-shtyhet-per-nje-here-tjeter\/#breadcrumb\"},\"inLanguage\":\"en-US\",\"potentialAction\":[{\"@type\":\"ReadAction\",\"target\":[\"https:\/\/www.visit-ulcinj.com\/blog\/2008\/02\/26\/seanca-e-kuvendit-te-komunes-urbane-te-tuzit-shtyhet-per-nje-here-tjeter\/\"]}]},{\"@type\":\"BreadcrumbList\",\"@id\":\"https:\/\/www.visit-ulcinj.com\/blog\/2008\/02\/26\/seanca-e-kuvendit-te-komunes-urbane-te-tuzit-shtyhet-per-nje-here-tjeter\/#breadcrumb\",\"itemListElement\":[{\"@type\":\"ListItem\",\"position\":1,\"name\":\"Seanca e kuvendit t\u00eb komun\u00ebs urbane t\u00eb Tuzit shtyhet p\u00ebr nj\u00eb her\u00eb tjet\u00ebr\"}]},{\"@type\":\"Person\",\"@id\":\"https:\/\/www.visit-ulcinj.com\/blog\/#\/schema\/person\/dcab619c614d3038751c63bc2aadc06d\",\"name\":\"ulqini\",\"sameAs\":[\"http:\/\/www.visit-ulcinj.com\"],\"url\":\"https:\/\/www.visit-ulcinj.com\/blog\/author\/admin\/\"}]}<\/script>\n<!-- \/ Yoast SEO plugin. -->","yoast_head_json":{"title":"Seanca e kuvendit t\u00eb komun\u00ebs urbane t\u00eb Tuzit shtyhet p\u00ebr nj\u00eb her\u00eb tjet\u00ebr - Lajme nga Ulqini","description":"\">","robots":{"index":"index","follow":"follow","max-snippet":"max-snippet:-1","max-image-preview":"max-image-preview:large","max-video-preview":"max-video-preview:-1"},"canonical":"https:\/\/www.visit-ulcinj.com\/blog\/2008\/02\/26\/seanca-e-kuvendit-te-komunes-urbane-te-tuzit-shtyhet-per-nje-here-tjeter\/","og_locale":"en_US","og_type":"article","og_title":"Seanca e kuvendit t\u00eb komun\u00ebs urbane t\u00eb Tuzit shtyhet p\u00ebr nj\u00eb her\u00eb tjet\u00ebr - Lajme nga Ulqini","og_description":"\">","og_url":"https:\/\/www.visit-ulcinj.com\/blog\/2008\/02\/26\/seanca-e-kuvendit-te-komunes-urbane-te-tuzit-shtyhet-per-nje-here-tjeter\/","og_site_name":"Lajme nga Ulqini","article_published_time":"2008-02-27T02:28:30+00:00","article_modified_time":"2008-02-27T02:30:22+00:00","og_image":[{"url":"http:\/\/www.visit-ulcinj.com\/blog\/wp-content\/uploads\/2008\/02\/camaj.thumbnail.jpg"}],"twitter_misc":{"Written by":"ulqini","Est. reading time":"3 minutes"},"schema":{"@context":"https:\/\/schema.org","@graph":[{"@type":"WebSite","@id":"https:\/\/www.visit-ulcinj.com\/blog\/#website","url":"https:\/\/www.visit-ulcinj.com\/blog\/","name":"Lajme nga Ulqini","description":"Lajme,Vijesti,Ulqini,Ulqin,Crna Gora,Mali i Zi","potentialAction":[{"@type":"SearchAction","target":{"@type":"EntryPoint","urlTemplate":"https:\/\/www.visit-ulcinj.com\/blog\/?s={search_term_string}"},"query-input":"required name=search_term_string"}],"inLanguage":"en-US"},{"@type":"ImageObject","inLanguage":"en-US","@id":"https:\/\/www.visit-ulcinj.com\/blog\/2008\/02\/26\/seanca-e-kuvendit-te-komunes-urbane-te-tuzit-shtyhet-per-nje-here-tjeter\/#primaryimage","url":"http:\/\/www.visit-ulcinj.com\/blog\/wp-content\/uploads\/2008\/02\/camaj.thumbnail.jpg","contentUrl":"http:\/\/www.visit-ulcinj.com\/blog\/wp-content\/uploads\/2008\/02\/camaj.thumbnail.jpg"},{"@type":"WebPage","@id":"https:\/\/www.visit-ulcinj.com\/blog\/2008\/02\/26\/seanca-e-kuvendit-te-komunes-urbane-te-tuzit-shtyhet-per-nje-here-tjeter\/#webpage","url":"https:\/\/www.visit-ulcinj.com\/blog\/2008\/02\/26\/seanca-e-kuvendit-te-komunes-urbane-te-tuzit-shtyhet-per-nje-here-tjeter\/","name":"Seanca e kuvendit t\u00eb komun\u00ebs urbane t\u00eb Tuzit shtyhet p\u00ebr nj\u00eb her\u00eb tjet\u00ebr - Lajme nga Ulqini","isPartOf":{"@id":"https:\/\/www.visit-ulcinj.com\/blog\/#website"},"primaryImageOfPage":{"@id":"https:\/\/www.visit-ulcinj.com\/blog\/2008\/02\/26\/seanca-e-kuvendit-te-komunes-urbane-te-tuzit-shtyhet-per-nje-here-tjeter\/#primaryimage"},"datePublished":"2008-02-27T02:28:30+00:00","dateModified":"2008-02-27T02:30:22+00:00","author":{"@id":"https:\/\/www.visit-ulcinj.com\/blog\/#\/schema\/person\/dcab619c614d3038751c63bc2aadc06d"},"description":"\">","breadcrumb":{"@id":"https:\/\/www.visit-ulcinj.com\/blog\/2008\/02\/26\/seanca-e-kuvendit-te-komunes-urbane-te-tuzit-shtyhet-per-nje-here-tjeter\/#breadcrumb"},"inLanguage":"en-US","potentialAction":[{"@type":"ReadAction","target":["https:\/\/www.visit-ulcinj.com\/blog\/2008\/02\/26\/seanca-e-kuvendit-te-komunes-urbane-te-tuzit-shtyhet-per-nje-here-tjeter\/"]}]},{"@type":"BreadcrumbList","@id":"https:\/\/www.visit-ulcinj.com\/blog\/2008\/02\/26\/seanca-e-kuvendit-te-komunes-urbane-te-tuzit-shtyhet-per-nje-here-tjeter\/#breadcrumb","itemListElement":[{"@type":"ListItem","position":1,"name":"Seanca e kuvendit t\u00eb komun\u00ebs urbane t\u00eb Tuzit shtyhet p\u00ebr nj\u00eb her\u00eb tjet\u00ebr"}]},{"@type":"Person","@id":"https:\/\/www.visit-ulcinj.com\/blog\/#\/schema\/person\/dcab619c614d3038751c63bc2aadc06d","name":"ulqini","sameAs":["http:\/\/www.visit-ulcinj.com"],"url":"https:\/\/www.visit-ulcinj.com\/blog\/author\/admin\/"}]}},"jetpack_featured_media_url":"","jetpack_sharing_enabled":true,"jetpack_shortlink":"https:\/\/wp.me\/pe6lTn-aI","_links":{"self":[{"href":"https:\/\/www.visit-ulcinj.com\/blog\/wp-json\/wp\/v2\/posts\/664"}],"collection":[{"href":"https:\/\/www.visit-ulcinj.com\/blog\/wp-json\/wp\/v2\/posts"}],"about":[{"href":"https:\/\/www.visit-ulcinj.com\/blog\/wp-json\/wp\/v2\/types\/post"}],"author":[{"embeddable":true,"href":"https:\/\/www.visit-ulcinj.com\/blog\/wp-json\/wp\/v2\/users\/1"}],"replies":[{"embeddable":true,"href":"https:\/\/www.visit-ulcinj.com\/blog\/wp-json\/wp\/v2\/comments?post=664"}],"version-history":[{"count":0,"href":"https:\/\/www.visit-ulcinj.com\/blog\/wp-json\/wp\/v2\/posts\/664\/revisions"}],"wp:attachment":[{"href":"https:\/\/www.visit-ulcinj.com\/blog\/wp-json\/wp\/v2\/media?parent=664"}],"wp:term":[{"taxonomy":"category","embeddable":true,"href":"https:\/\/www.visit-ulcinj.com\/blog\/wp-json\/wp\/v2\/categories?post=664"},{"taxonomy":"post_tag","embeddable":true,"href":"https:\/\/www.visit-ulcinj.com\/blog\/wp-json\/wp\/v2\/tags?post=664"}],"curies":[{"name":"wp","href":"https:\/\/api.w.org\/{rel}","templated":true}]}}