{"id":66402,"date":"2012-12-03T09:13:53","date_gmt":"2012-12-03T08:13:53","guid":{"rendered":"http:\/\/www.visit-ulcinj.com\/blog\/?p=66402"},"modified":"2012-12-03T17:25:22","modified_gmt":"2012-12-03T16:25:22","slug":"klubi-i-taekwondo-se-ulqini-me-8-medalje-te-arta-ne-podgorice","status":"publish","type":"post","link":"https:\/\/www.visit-ulcinj.com\/blog\/2012\/12\/03\/klubi-i-taekwondo-se-ulqini-me-8-medalje-te-arta-ne-podgorice\/","title":{"rendered":"Klubi i Taekwondo-s\u00eb Ulqini me 24 medalje t\u00eb arta n\u00eb Podgoric\u00eb"},"content":{"rendered":"<p><strong><a href=\"http:\/\/www.visit-ulcinj.com\/blog\/wp-content\/uploads\/2012\/12\/Taekwondo-Ulqini-8-medalje-te-arta-ne-Podgoric.3.jpg\"><img loading=\"lazy\" class=\"alignleft  wp-image-66403\" title=\"Taekwondo Ulqini 8 medalje te arta ne Podgoric.3\" src=\"http:\/\/www.visit-ulcinj.com\/blog\/wp-content\/uploads\/2012\/12\/Taekwondo-Ulqini-8-medalje-te-arta-ne-Podgoric.3.jpg\" alt=\"\" width=\"508\" height=\"360\" \/><\/a>Taekwondo kupa e Malit t\u00eb Zi<\/strong><\/p>\n<p>Gjat\u00eb k\u00ebtij vikendi me dat\u00eb 02.12.2012 n\u00eb Podgoric\u00eb u mbajt\u00eb kupa e Malit t\u00ebZi p\u00ebr vitin 2012 n\u00eb sportin olimpik t\u00eb Taekwondo-s\u00eb.<\/p>\n<p>N\u00eb k\u00ebt\u00eb kampionat\u00eb klubi i Taekwondo-s\u00eb Ulqini u paraqit me 15 garues si n\u00eb diciplin\u00ebn e formave ashtu edhe n\u00eb kategorit\u00eb p\u00ebrkat\u00ebse pionir, kadet, junior dhe senior.<\/p>\n<p>Rezultati p\u00ebr klubin e TK Ulqinit ishte si m\u00eb posht\u00eb: Gjith\u00ebsejt 34 medalje prej tyre, 24 medalje t\u00eb arta, 8 medalje t\u00eb argjend\u00ebta dhe 2 medalje t\u00eb bronzit. Nd\u00ebrsa n\u00eb plasmanin gjeneral TK Ulqini fitoi vendin e par\u00eb gjegj\u00ebsisht kup\u00ebn e vendit t\u00eb par\u00eb n\u00eb kategorin\u00eb e formave, n\u00eb kategorin\u00eb e pioner\u00ebve, \u00a0kadet\u00ebve dhe junior\u00ebve i takoi kupa e vendit t\u00eb dyt\u00eb.<\/p>\n<p><a href=\"http:\/\/www.visit-ulcinj.com\/blog\/wp-content\/uploads\/2012\/12\/Taekwondo-Ulqini-8-medalje-te-arta-ne-Podgoric.2.jpg\"><img loading=\"lazy\" class=\"alignleft  wp-image-66404\" title=\"Taekwondo Ulqini 8 medalje te arta ne Podgoric.2\" src=\"http:\/\/www.visit-ulcinj.com\/blog\/wp-content\/uploads\/2012\/12\/Taekwondo-Ulqini-8-medalje-te-arta-ne-Podgoric.2.jpg\" alt=\"\" width=\"508\" height=\"600\" \/><\/a><\/p>\n<p>N\u00eb diciplin\u00ebn e dyluftimit TK Ulqini pati k\u00ebt\u00ebt rezultat\u00eb.<\/p>\n<p>Medalist\u00ebt e art\u00eb:<\/p>\n<ol>\n<ol>\n<li>Esad Kraja<\/li>\n<li>Edina Kraja<\/li>\n<li>Bojan Vladisavljeviq<\/li>\n<li>Nuri Kanaqi<\/li>\n<li>Rinor Jahja<\/li>\n<li>Ardiana Karamanaga<\/li>\n<li>\u00a0Sulejman Murati<\/li>\n<li>Mersudin Kurti<\/li>\n<\/ol>\n<\/ol>\n<p><a href=\"http:\/\/www.visit-ulcinj.com\/blog\/wp-content\/uploads\/2012\/12\/Taekwondo-Ulqini-8-medalje-te-arta-ne-Podgoric.1.jpg\"><img loading=\"lazy\" class=\"alignleft size-full wp-image-66405\" title=\"Taekwondo Ulqini 8 medalje te arta ne Podgoric.1\" src=\"http:\/\/www.visit-ulcinj.com\/blog\/wp-content\/uploads\/2012\/12\/Taekwondo-Ulqini-8-medalje-te-arta-ne-Podgoric.1.jpg\" alt=\"\" width=\"508\" height=\"300\" \/><\/a><\/p>\n<p>Me medalje t\u00eb argjend\u00eb u shp\u00ebrblyen k\u00ebto garues:<\/p>\n<ol>\n<ol>\n<li>Amina Kanaqi<\/li>\n<li>Artan Fici<\/li>\n<li>Medina Kanaqi<\/li>\n<li>Amir Suka<\/li>\n<\/ol>\n<\/ol>\n<p><a href=\"http:\/\/www.visit-ulcinj.com\/blog\/wp-content\/uploads\/2012\/12\/Taekwondo-Ulqini-8-medalje-te-arta-ne-Podgoric.4.jpg\"><img loading=\"lazy\" class=\"alignleft size-full wp-image-66406\" title=\"Taekwondo Ulqini 8 medalje te arta ne Podgoric.4\" src=\"http:\/\/www.visit-ulcinj.com\/blog\/wp-content\/uploads\/2012\/12\/Taekwondo-Ulqini-8-medalje-te-arta-ne-Podgoric.4.jpg\" alt=\"\" width=\"508\" height=\"300\" \/><\/a><\/p>\n<p>N\u00eb diciplin\u00ebn e formave TK Ulqini pati k\u00ebt\u00eb sukses\u00eb:<\/p>\n<ol>\n<li>Medina Kanaqi me 3 medalje t\u00eb arta, n\u00eb at\u00eb individuale, ekipore dhe \u00e7ift\u00eb<\/li>\n<li>Bojan Vladisavljeviq poashtu me 3 medalje t\u00eb arta i cili konkuroj n\u00eb tri diciplina<\/li>\n<li>Mersudin Kurti dy medalje t\u00eb arta dhe 1 t\u00eb argjend\u00eb<\/li>\n<li>Ardiana Karamanaga 1 medalje art\u00eb dhe 2 t\u00eb argjend\u00ebta<\/li>\n<li>Artan Fici 1 medalje t\u00eb art\u00eb dhe 1 t\u00eb bronzit<\/li>\n<li>Nuri Kanaqi me 2 medalje t\u00eb arta<\/li>\n<li>Esad Kraja 1 medalje t\u00eb art\u00eb<\/li>\n<li>Edina Kraja medalje e art\u00eb<\/li>\n<li>Rinor Jahja medalje e art\u00eb<\/li>\n<li>Sulejman Murati medalje e art\u00eb<\/li>\n<li>Amina Kanaqi medalje e argjend\u00eb<\/li>\n<li>Florian Efendija medalje e bronzit<\/li>\n<\/ol>\n<p>Garuesit m\u00eb t\u00eb suksesh\u00ebm n\u00eb kup\u00ebn e Malit t\u00eb Zi ishin Bojan Vladisavljeviq me 4 medalje t\u00eb arta, \u00a0Medina Kanaqi me 3 medalje t\u00eb arta dhe 1 t\u00eb argjend\u00eb, Mersudin Kurti me 3 medalje t\u00eb arta dhe nj\u00eb t\u00eb argjend\u00eb, Ardiana Karamanaga dy medalje t\u00eb arta dhe dy t\u00eb argjend\u00ebta.<\/p>\n<p>Falenderojm\u00eb prind\u00ebrit p\u00ebr p\u00ebrkrahje finaciare t\u00eb cil\u00ebve \u00a0ju jemi shum\u00eb mir\u00ebnjoh\u00ebs\u00eb, gjithashtu ju urojm\u00eb suksese garuesve tan\u00eb.<\/p>\n<p>Sh\u00ebrbimi informativ i TK Ulqinit.<\/p>\n<p><iframe loading=\"lazy\" src=\"http:\/\/www.youtube.com\/embed\/PGca6SsiHDo?rel=0\" frameborder=\"0\" width=\"508\" height=\"360\"><\/iframe><\/p>\n","protected":false},"excerpt":{"rendered":"<p>Taekwondo kupa e Malit t\u00eb Zi Gjat\u00eb k\u00ebtij vikendi me dat\u00eb 02.12.2012 n\u00eb Podgoric\u00eb u mbajt\u00eb kupa e Malit t\u00ebZi p\u00ebr vitin 2012 n\u00eb sportin olimpik t\u00eb Taekwondo-s\u00eb. N\u00eb k\u00ebt\u00eb kampionat\u00eb klubi i Taekwondo-s\u00eb Ulqini u paraqit me 15 garues si n\u00eb diciplin\u00ebn e formave ashtu edhe n\u00eb kategorit\u00eb p\u00ebrkat\u00ebse pionir, kadet, junior dhe senior. [&hellip;]<\/p>\n","protected":false},"author":1,"featured_media":0,"comment_status":"open","ping_status":"closed","sticky":false,"template":"","format":"standard","meta":{"spay_email":"","jetpack_publicize_message":"","jetpack_is_tweetstorm":false,"jetpack_publicize_feature_enabled":true},"categories":[3],"tags":[5926,21117,21119,21118,21120,21116,21115,21114],"jetpack_publicize_connections":[],"yoast_head":"<!-- This site is optimized with the Yoast SEO plugin v19.1 - https:\/\/yoast.com\/wordpress\/plugins\/seo\/ -->\n<title>Klubi i Taekwondo-s\u00eb Ulqini me 24 medalje t\u00eb arta n\u00eb Podgoric\u00eb - Lajme nga Ulqini<\/title>\n<meta name=\"description\" content=\"Taekwondo kupa e Malit t\u00eb Zi Gjat\u00eb k\u00ebtij vikendi me dat\u00eb 02.12.2012 n\u00eb Podgoric\u00eb u mbajt\u00eb kupa e Malit t\u00ebZi p\u00ebr vitin 2012 n\u00eb sportin olimpik t\u00eb\" \/>\n<meta name=\"robots\" content=\"index, follow, max-snippet:-1, max-image-preview:large, max-video-preview:-1\" \/>\n<link rel=\"canonical\" href=\"https:\/\/www.visit-ulcinj.com\/blog\/2012\/12\/03\/klubi-i-taekwondo-se-ulqini-me-8-medalje-te-arta-ne-podgorice\/\" \/>\n<meta property=\"og:locale\" content=\"en_US\" \/>\n<meta property=\"og:type\" content=\"article\" \/>\n<meta property=\"og:title\" content=\"Klubi i Taekwondo-s\u00eb Ulqini me 24 medalje t\u00eb arta n\u00eb Podgoric\u00eb - Lajme nga Ulqini\" \/>\n<meta property=\"og:description\" content=\"Taekwondo kupa e Malit t\u00eb Zi Gjat\u00eb k\u00ebtij vikendi me dat\u00eb 02.12.2012 n\u00eb Podgoric\u00eb u mbajt\u00eb kupa e Malit t\u00ebZi p\u00ebr vitin 2012 n\u00eb sportin olimpik t\u00eb\" \/>\n<meta property=\"og:url\" content=\"https:\/\/www.visit-ulcinj.com\/blog\/2012\/12\/03\/klubi-i-taekwondo-se-ulqini-me-8-medalje-te-arta-ne-podgorice\/\" \/>\n<meta property=\"og:site_name\" content=\"Lajme nga Ulqini\" \/>\n<meta property=\"article:published_time\" content=\"2012-12-03T08:13:53+00:00\" \/>\n<meta property=\"article:modified_time\" content=\"2012-12-03T16:25:22+00:00\" \/>\n<meta property=\"og:image\" content=\"http:\/\/www.visit-ulcinj.com\/blog\/wp-content\/uploads\/2012\/12\/Taekwondo-Ulqini-8-medalje-te-arta-ne-Podgoric.3.jpg\" \/>\n<meta name=\"twitter:label1\" content=\"Written by\" \/>\n\t<meta name=\"twitter:data1\" content=\"ulqini\" \/>\n\t<meta name=\"twitter:label2\" content=\"Est. reading time\" \/>\n\t<meta name=\"twitter:data2\" content=\"2 minutes\" \/>\n<script type=\"application\/ld+json\" class=\"yoast-schema-graph\">{\"@context\":\"https:\/\/schema.org\",\"@graph\":[{\"@type\":\"WebSite\",\"@id\":\"https:\/\/www.visit-ulcinj.com\/blog\/#website\",\"url\":\"https:\/\/www.visit-ulcinj.com\/blog\/\",\"name\":\"Lajme nga Ulqini\",\"description\":\"Lajme,Vijesti,Ulqini,Ulqin,Crna Gora,Mali i Zi\",\"potentialAction\":[{\"@type\":\"SearchAction\",\"target\":{\"@type\":\"EntryPoint\",\"urlTemplate\":\"https:\/\/www.visit-ulcinj.com\/blog\/?s={search_term_string}\"},\"query-input\":\"required name=search_term_string\"}],\"inLanguage\":\"en-US\"},{\"@type\":\"ImageObject\",\"inLanguage\":\"en-US\",\"@id\":\"https:\/\/www.visit-ulcinj.com\/blog\/2012\/12\/03\/klubi-i-taekwondo-se-ulqini-me-8-medalje-te-arta-ne-podgorice\/#primaryimage\",\"url\":\"https:\/\/www.visit-ulcinj.com\/blog\/wp-content\/uploads\/2012\/12\/Taekwondo-Ulqini-8-medalje-te-arta-ne-Podgoric.3.jpg\",\"contentUrl\":\"https:\/\/www.visit-ulcinj.com\/blog\/wp-content\/uploads\/2012\/12\/Taekwondo-Ulqini-8-medalje-te-arta-ne-Podgoric.3.jpg\",\"width\":\"720\",\"height\":\"540\"},{\"@type\":\"WebPage\",\"@id\":\"https:\/\/www.visit-ulcinj.com\/blog\/2012\/12\/03\/klubi-i-taekwondo-se-ulqini-me-8-medalje-te-arta-ne-podgorice\/#webpage\",\"url\":\"https:\/\/www.visit-ulcinj.com\/blog\/2012\/12\/03\/klubi-i-taekwondo-se-ulqini-me-8-medalje-te-arta-ne-podgorice\/\",\"name\":\"Klubi i Taekwondo-s\u00eb Ulqini me 24 medalje t\u00eb arta n\u00eb Podgoric\u00eb - Lajme nga Ulqini\",\"isPartOf\":{\"@id\":\"https:\/\/www.visit-ulcinj.com\/blog\/#website\"},\"primaryImageOfPage\":{\"@id\":\"https:\/\/www.visit-ulcinj.com\/blog\/2012\/12\/03\/klubi-i-taekwondo-se-ulqini-me-8-medalje-te-arta-ne-podgorice\/#primaryimage\"},\"datePublished\":\"2012-12-03T08:13:53+00:00\",\"dateModified\":\"2012-12-03T16:25:22+00:00\",\"author\":{\"@id\":\"https:\/\/www.visit-ulcinj.com\/blog\/#\/schema\/person\/dcab619c614d3038751c63bc2aadc06d\"},\"description\":\"Taekwondo kupa e Malit t\u00eb Zi Gjat\u00eb k\u00ebtij vikendi me dat\u00eb 02.12.2012 n\u00eb Podgoric\u00eb u mbajt\u00eb kupa e Malit t\u00ebZi p\u00ebr vitin 2012 n\u00eb sportin olimpik t\u00eb\",\"breadcrumb\":{\"@id\":\"https:\/\/www.visit-ulcinj.com\/blog\/2012\/12\/03\/klubi-i-taekwondo-se-ulqini-me-8-medalje-te-arta-ne-podgorice\/#breadcrumb\"},\"inLanguage\":\"en-US\",\"potentialAction\":[{\"@type\":\"ReadAction\",\"target\":[\"https:\/\/www.visit-ulcinj.com\/blog\/2012\/12\/03\/klubi-i-taekwondo-se-ulqini-me-8-medalje-te-arta-ne-podgorice\/\"]}]},{\"@type\":\"BreadcrumbList\",\"@id\":\"https:\/\/www.visit-ulcinj.com\/blog\/2012\/12\/03\/klubi-i-taekwondo-se-ulqini-me-8-medalje-te-arta-ne-podgorice\/#breadcrumb\",\"itemListElement\":[{\"@type\":\"ListItem\",\"position\":1,\"name\":\"Klubi i Taekwondo-s\u00eb Ulqini me 24 medalje t\u00eb arta n\u00eb Podgoric\u00eb\"}]},{\"@type\":\"Person\",\"@id\":\"https:\/\/www.visit-ulcinj.com\/blog\/#\/schema\/person\/dcab619c614d3038751c63bc2aadc06d\",\"name\":\"ulqini\",\"sameAs\":[\"http:\/\/www.visit-ulcinj.com\"],\"url\":\"https:\/\/www.visit-ulcinj.com\/blog\/author\/admin\/\"}]}<\/script>\n<!-- \/ Yoast SEO plugin. -->","yoast_head_json":{"title":"Klubi i Taekwondo-s\u00eb Ulqini me 24 medalje t\u00eb arta n\u00eb Podgoric\u00eb - Lajme nga Ulqini","description":"Taekwondo kupa e Malit t\u00eb Zi Gjat\u00eb k\u00ebtij vikendi me dat\u00eb 02.12.2012 n\u00eb Podgoric\u00eb u mbajt\u00eb kupa e Malit t\u00ebZi p\u00ebr vitin 2012 n\u00eb sportin olimpik t\u00eb","robots":{"index":"index","follow":"follow","max-snippet":"max-snippet:-1","max-image-preview":"max-image-preview:large","max-video-preview":"max-video-preview:-1"},"canonical":"https:\/\/www.visit-ulcinj.com\/blog\/2012\/12\/03\/klubi-i-taekwondo-se-ulqini-me-8-medalje-te-arta-ne-podgorice\/","og_locale":"en_US","og_type":"article","og_title":"Klubi i Taekwondo-s\u00eb Ulqini me 24 medalje t\u00eb arta n\u00eb Podgoric\u00eb - Lajme nga Ulqini","og_description":"Taekwondo kupa e Malit t\u00eb Zi Gjat\u00eb k\u00ebtij vikendi me dat\u00eb 02.12.2012 n\u00eb Podgoric\u00eb u mbajt\u00eb kupa e Malit t\u00ebZi p\u00ebr vitin 2012 n\u00eb sportin olimpik t\u00eb","og_url":"https:\/\/www.visit-ulcinj.com\/blog\/2012\/12\/03\/klubi-i-taekwondo-se-ulqini-me-8-medalje-te-arta-ne-podgorice\/","og_site_name":"Lajme nga Ulqini","article_published_time":"2012-12-03T08:13:53+00:00","article_modified_time":"2012-12-03T16:25:22+00:00","og_image":[{"url":"http:\/\/www.visit-ulcinj.com\/blog\/wp-content\/uploads\/2012\/12\/Taekwondo-Ulqini-8-medalje-te-arta-ne-Podgoric.3.jpg"}],"twitter_misc":{"Written by":"ulqini","Est. reading time":"2 minutes"},"schema":{"@context":"https:\/\/schema.org","@graph":[{"@type":"WebSite","@id":"https:\/\/www.visit-ulcinj.com\/blog\/#website","url":"https:\/\/www.visit-ulcinj.com\/blog\/","name":"Lajme nga Ulqini","description":"Lajme,Vijesti,Ulqini,Ulqin,Crna Gora,Mali i Zi","potentialAction":[{"@type":"SearchAction","target":{"@type":"EntryPoint","urlTemplate":"https:\/\/www.visit-ulcinj.com\/blog\/?s={search_term_string}"},"query-input":"required name=search_term_string"}],"inLanguage":"en-US"},{"@type":"ImageObject","inLanguage":"en-US","@id":"https:\/\/www.visit-ulcinj.com\/blog\/2012\/12\/03\/klubi-i-taekwondo-se-ulqini-me-8-medalje-te-arta-ne-podgorice\/#primaryimage","url":"https:\/\/www.visit-ulcinj.com\/blog\/wp-content\/uploads\/2012\/12\/Taekwondo-Ulqini-8-medalje-te-arta-ne-Podgoric.3.jpg","contentUrl":"https:\/\/www.visit-ulcinj.com\/blog\/wp-content\/uploads\/2012\/12\/Taekwondo-Ulqini-8-medalje-te-arta-ne-Podgoric.3.jpg","width":"720","height":"540"},{"@type":"WebPage","@id":"https:\/\/www.visit-ulcinj.com\/blog\/2012\/12\/03\/klubi-i-taekwondo-se-ulqini-me-8-medalje-te-arta-ne-podgorice\/#webpage","url":"https:\/\/www.visit-ulcinj.com\/blog\/2012\/12\/03\/klubi-i-taekwondo-se-ulqini-me-8-medalje-te-arta-ne-podgorice\/","name":"Klubi i Taekwondo-s\u00eb Ulqini me 24 medalje t\u00eb arta n\u00eb Podgoric\u00eb - Lajme nga Ulqini","isPartOf":{"@id":"https:\/\/www.visit-ulcinj.com\/blog\/#website"},"primaryImageOfPage":{"@id":"https:\/\/www.visit-ulcinj.com\/blog\/2012\/12\/03\/klubi-i-taekwondo-se-ulqini-me-8-medalje-te-arta-ne-podgorice\/#primaryimage"},"datePublished":"2012-12-03T08:13:53+00:00","dateModified":"2012-12-03T16:25:22+00:00","author":{"@id":"https:\/\/www.visit-ulcinj.com\/blog\/#\/schema\/person\/dcab619c614d3038751c63bc2aadc06d"},"description":"Taekwondo kupa e Malit t\u00eb Zi Gjat\u00eb k\u00ebtij vikendi me dat\u00eb 02.12.2012 n\u00eb Podgoric\u00eb u mbajt\u00eb kupa e Malit t\u00ebZi p\u00ebr vitin 2012 n\u00eb sportin olimpik t\u00eb","breadcrumb":{"@id":"https:\/\/www.visit-ulcinj.com\/blog\/2012\/12\/03\/klubi-i-taekwondo-se-ulqini-me-8-medalje-te-arta-ne-podgorice\/#breadcrumb"},"inLanguage":"en-US","potentialAction":[{"@type":"ReadAction","target":["https:\/\/www.visit-ulcinj.com\/blog\/2012\/12\/03\/klubi-i-taekwondo-se-ulqini-me-8-medalje-te-arta-ne-podgorice\/"]}]},{"@type":"BreadcrumbList","@id":"https:\/\/www.visit-ulcinj.com\/blog\/2012\/12\/03\/klubi-i-taekwondo-se-ulqini-me-8-medalje-te-arta-ne-podgorice\/#breadcrumb","itemListElement":[{"@type":"ListItem","position":1,"name":"Klubi i Taekwondo-s\u00eb Ulqini me 24 medalje t\u00eb arta n\u00eb Podgoric\u00eb"}]},{"@type":"Person","@id":"https:\/\/www.visit-ulcinj.com\/blog\/#\/schema\/person\/dcab619c614d3038751c63bc2aadc06d","name":"ulqini","sameAs":["http:\/\/www.visit-ulcinj.com"],"url":"https:\/\/www.visit-ulcinj.com\/blog\/author\/admin\/"}]}},"jetpack_featured_media_url":"","jetpack_sharing_enabled":true,"jetpack_shortlink":"https:\/\/wp.me\/pe6lTn-hh0","_links":{"self":[{"href":"https:\/\/www.visit-ulcinj.com\/blog\/wp-json\/wp\/v2\/posts\/66402"}],"collection":[{"href":"https:\/\/www.visit-ulcinj.com\/blog\/wp-json\/wp\/v2\/posts"}],"about":[{"href":"https:\/\/www.visit-ulcinj.com\/blog\/wp-json\/wp\/v2\/types\/post"}],"author":[{"embeddable":true,"href":"https:\/\/www.visit-ulcinj.com\/blog\/wp-json\/wp\/v2\/users\/1"}],"replies":[{"embeddable":true,"href":"https:\/\/www.visit-ulcinj.com\/blog\/wp-json\/wp\/v2\/comments?post=66402"}],"version-history":[{"count":4,"href":"https:\/\/www.visit-ulcinj.com\/blog\/wp-json\/wp\/v2\/posts\/66402\/revisions"}],"predecessor-version":[{"id":66414,"href":"https:\/\/www.visit-ulcinj.com\/blog\/wp-json\/wp\/v2\/posts\/66402\/revisions\/66414"}],"wp:attachment":[{"href":"https:\/\/www.visit-ulcinj.com\/blog\/wp-json\/wp\/v2\/media?parent=66402"}],"wp:term":[{"taxonomy":"category","embeddable":true,"href":"https:\/\/www.visit-ulcinj.com\/blog\/wp-json\/wp\/v2\/categories?post=66402"},{"taxonomy":"post_tag","embeddable":true,"href":"https:\/\/www.visit-ulcinj.com\/blog\/wp-json\/wp\/v2\/tags?post=66402"}],"curies":[{"name":"wp","href":"https:\/\/api.w.org\/{rel}","templated":true}]}}