{"id":66426,"date":"2012-12-03T19:27:40","date_gmt":"2012-12-03T18:27:40","guid":{"rendered":"http:\/\/www.visit-ulcinj.com\/blog\/?p=66426"},"modified":"2012-12-03T20:55:46","modified_gmt":"2012-12-03T19:55:46","slug":"dritan-abazovic-u-emisiji-okvir-parlament-da-reaguje-video","status":"publish","type":"post","link":"https:\/\/www.visit-ulcinj.com\/blog\/2012\/12\/03\/dritan-abazovic-u-emisiji-okvir-parlament-da-reaguje-video\/","title":{"rendered":"Dritan Abazovi\u0107 u emisiji Okvir: Parlament da reaguje &#8211; Video"},"content":{"rendered":"<p><a href=\"http:\/\/www.visit-ulcinj.com\/blog\/wp-content\/uploads\/2012\/12\/dritan-abazovic.jpg\"><img loading=\"lazy\" class=\"alignleft  wp-image-66427\" title=\"dritan abazovic\" src=\"http:\/\/www.visit-ulcinj.com\/blog\/wp-content\/uploads\/2012\/12\/dritan-abazovic.jpg\" alt=\"\" width=\"508\" height=\"316\" \/><\/a>U Nik\u0161i\u0107u se desila politi\u010dka korupcija sistemskog karaktera i bilo bi suludo da parlament kao krovna demokratska institucija ne preduzme ne\u0161to radi prevazila\u017eenja situacije, rekao je funkcioner Pozitivne Crne Gore, Dritan Abazovi\u0107. Sjednica crnogorskog parlamenta, na kojoj je trebalo da se raspravlja o programu i sastavu nove vlade, odgo\u0111ena je za sjutra, na zahtjev opozicije zbog doga\u0111anja u Nik\u0161i\u0107u u vezi formiranja vlasti. Abazovi\u0107 je kazao da je Pozitivna podr\u017eala inicijativu opozicije da se odgodi sjednica Skup\u0161tine. \u00bbMislimo da je to zbog slo\u017eenosti situacije u Nik\u0161i\u0107u neophodno&#8221;.<\/p>\n<p>&#8220;Svi smo uvjereni da je u pitanju politi\u010dka korupcija sistemskog karaktera koja se vi\u0161e puta ponavlja u Crnoj Gori. Potpuno bi bilo suludo kada parlament kao krovna institucija koja treba da brani demokratske tekove ne bi preduzela neke korake u pravcu prevazila\u017eenja situacije&#8221;, rekao je Abazovi\u0107 novinarima.<\/p>\n<p>On je ocijenio da nema nikakvih razloga za odr\u017eavanje novih izbora u Nik\u0161i\u0107u, jer je \u010dinjenica da su gra\u0111ani svoju volju iskazali prije 40 dana.<\/p>\n<p>&#8220;To \u0161to se desilo obesmi\u0161ljava samu demokratiju, I onda \u010demu odr\u017eavati nove izbore ako svaki put mo\u017eete da kupite ono \u0161to vam nedostaje, naravno mislim na Demokratsku partiju socijalista&#8221;, rekao je Abazovi\u0107.<\/p>\n<p>Upitan da li odga\u0111anje sjednice tra\u017ee iz protesta ili zato \u0161to o\u010dekuju promjenu za jedan dan, on je rekao da je to &#8220;znak protesta, ali i da o\u010dekuju da se sva\u0161ta desi&#8221;.<\/p>\n<p>&#8220;Izraz na\u0161eg protesta je odga\u0111anje te sjednice, a \u0161ta mo\u017ee da se o\u010dekuje pitajte nadle\u017ene. U svakom slu\u010daju ne\u0107emo dozvoliti da ovo pro\u0111e nesmotreno, jer je u pitanju sistemska pojava korupcije u dru\u0161tvu&#8221;, kazao je Abazovi\u0107.<\/p>\n<p><strong>Izvor: Mina<\/strong><\/p>\n<p>[flv]http:\/\/www.rtcg.me\/images\/biblioteka\/audio_video_arhiva\/okvir_02122012.flv[\/flv]<\/p>\n","protected":false},"excerpt":{"rendered":"<p>U Nik\u0161i\u0107u se desila politi\u010dka korupcija sistemskog karaktera i bilo bi suludo da parlament kao krovna demokratska institucija ne preduzme ne\u0161to radi prevazila\u017eenja situacije, rekao je funkcioner Pozitivne Crne Gore, Dritan Abazovi\u0107. Sjednica crnogorskog parlamenta, na kojoj je trebalo da se raspravlja o programu i sastavu nove vlade, odgo\u0111ena je za sjutra, na zahtjev opozicije [&hellip;]<\/p>\n","protected":false},"author":1,"featured_media":0,"comment_status":"open","ping_status":"closed","sticky":false,"template":"","format":"standard","meta":{"spay_email":"","jetpack_publicize_message":"","jetpack_is_tweetstorm":false,"jetpack_publicize_feature_enabled":true},"categories":[6950],"tags":[13706,2401,19],"jetpack_publicize_connections":[],"yoast_head":"<!-- This site is optimized with the Yoast SEO plugin v19.1 - https:\/\/yoast.com\/wordpress\/plugins\/seo\/ -->\n<title>Dritan Abazovi\u0107 u emisiji Okvir: Parlament da reaguje - Video - Lajme nga Ulqini<\/title>\n<meta name=\"description\" content=\"U Nik\u0161i\u0107u se desila politi\u010dka korupcija sistemskog karaktera i bilo bi suludo da parlament kao krovna demokratska institucija ne preduzme ne\u0161to radi\" \/>\n<meta name=\"robots\" content=\"index, follow, max-snippet:-1, max-image-preview:large, max-video-preview:-1\" \/>\n<link rel=\"canonical\" href=\"https:\/\/www.visit-ulcinj.com\/blog\/2012\/12\/03\/dritan-abazovic-u-emisiji-okvir-parlament-da-reaguje-video\/\" \/>\n<meta property=\"og:locale\" content=\"en_US\" \/>\n<meta property=\"og:type\" content=\"article\" \/>\n<meta property=\"og:title\" content=\"Dritan Abazovi\u0107 u emisiji Okvir: Parlament da reaguje - Video - Lajme nga Ulqini\" \/>\n<meta property=\"og:description\" content=\"U Nik\u0161i\u0107u se desila politi\u010dka korupcija sistemskog karaktera i bilo bi suludo da parlament kao krovna demokratska institucija ne preduzme ne\u0161to radi\" \/>\n<meta property=\"og:url\" content=\"https:\/\/www.visit-ulcinj.com\/blog\/2012\/12\/03\/dritan-abazovic-u-emisiji-okvir-parlament-da-reaguje-video\/\" \/>\n<meta property=\"og:site_name\" content=\"Lajme nga Ulqini\" \/>\n<meta property=\"article:published_time\" content=\"2012-12-03T18:27:40+00:00\" \/>\n<meta property=\"article:modified_time\" content=\"2012-12-03T19:55:46+00:00\" \/>\n<meta property=\"og:image\" content=\"http:\/\/www.visit-ulcinj.com\/blog\/wp-content\/uploads\/2012\/12\/dritan-abazovic.jpg\" \/>\n<meta name=\"twitter:label1\" content=\"Written by\" \/>\n\t<meta name=\"twitter:data1\" content=\"ulqini\" \/>\n\t<meta name=\"twitter:label2\" content=\"Est. reading time\" \/>\n\t<meta name=\"twitter:data2\" content=\"2 minutes\" \/>\n<script type=\"application\/ld+json\" class=\"yoast-schema-graph\">{\"@context\":\"https:\/\/schema.org\",\"@graph\":[{\"@type\":\"WebSite\",\"@id\":\"https:\/\/www.visit-ulcinj.com\/blog\/#website\",\"url\":\"https:\/\/www.visit-ulcinj.com\/blog\/\",\"name\":\"Lajme nga Ulqini\",\"description\":\"Lajme,Vijesti,Ulqini,Ulqin,Crna Gora,Mali i Zi\",\"potentialAction\":[{\"@type\":\"SearchAction\",\"target\":{\"@type\":\"EntryPoint\",\"urlTemplate\":\"https:\/\/www.visit-ulcinj.com\/blog\/?s={search_term_string}\"},\"query-input\":\"required name=search_term_string\"}],\"inLanguage\":\"en-US\"},{\"@type\":\"ImageObject\",\"inLanguage\":\"en-US\",\"@id\":\"https:\/\/www.visit-ulcinj.com\/blog\/2012\/12\/03\/dritan-abazovic-u-emisiji-okvir-parlament-da-reaguje-video\/#primaryimage\",\"url\":\"https:\/\/www.visit-ulcinj.com\/blog\/wp-content\/uploads\/2012\/12\/dritan-abazovic.jpg\",\"contentUrl\":\"https:\/\/www.visit-ulcinj.com\/blog\/wp-content\/uploads\/2012\/12\/dritan-abazovic.jpg\",\"width\":\"519\",\"height\":\"316\"},{\"@type\":\"WebPage\",\"@id\":\"https:\/\/www.visit-ulcinj.com\/blog\/2012\/12\/03\/dritan-abazovic-u-emisiji-okvir-parlament-da-reaguje-video\/#webpage\",\"url\":\"https:\/\/www.visit-ulcinj.com\/blog\/2012\/12\/03\/dritan-abazovic-u-emisiji-okvir-parlament-da-reaguje-video\/\",\"name\":\"Dritan Abazovi\u0107 u emisiji Okvir: Parlament da reaguje - Video - Lajme nga Ulqini\",\"isPartOf\":{\"@id\":\"https:\/\/www.visit-ulcinj.com\/blog\/#website\"},\"primaryImageOfPage\":{\"@id\":\"https:\/\/www.visit-ulcinj.com\/blog\/2012\/12\/03\/dritan-abazovic-u-emisiji-okvir-parlament-da-reaguje-video\/#primaryimage\"},\"datePublished\":\"2012-12-03T18:27:40+00:00\",\"dateModified\":\"2012-12-03T19:55:46+00:00\",\"author\":{\"@id\":\"https:\/\/www.visit-ulcinj.com\/blog\/#\/schema\/person\/dcab619c614d3038751c63bc2aadc06d\"},\"description\":\"U Nik\u0161i\u0107u se desila politi\u010dka korupcija sistemskog karaktera i bilo bi suludo da parlament kao krovna demokratska institucija ne preduzme ne\u0161to radi\",\"breadcrumb\":{\"@id\":\"https:\/\/www.visit-ulcinj.com\/blog\/2012\/12\/03\/dritan-abazovic-u-emisiji-okvir-parlament-da-reaguje-video\/#breadcrumb\"},\"inLanguage\":\"en-US\",\"potentialAction\":[{\"@type\":\"ReadAction\",\"target\":[\"https:\/\/www.visit-ulcinj.com\/blog\/2012\/12\/03\/dritan-abazovic-u-emisiji-okvir-parlament-da-reaguje-video\/\"]}]},{\"@type\":\"BreadcrumbList\",\"@id\":\"https:\/\/www.visit-ulcinj.com\/blog\/2012\/12\/03\/dritan-abazovic-u-emisiji-okvir-parlament-da-reaguje-video\/#breadcrumb\",\"itemListElement\":[{\"@type\":\"ListItem\",\"position\":1,\"name\":\"Dritan Abazovi\u0107 u emisiji Okvir: Parlament da reaguje &#8211; Video\"}]},{\"@type\":\"Person\",\"@id\":\"https:\/\/www.visit-ulcinj.com\/blog\/#\/schema\/person\/dcab619c614d3038751c63bc2aadc06d\",\"name\":\"ulqini\",\"sameAs\":[\"http:\/\/www.visit-ulcinj.com\"],\"url\":\"https:\/\/www.visit-ulcinj.com\/blog\/author\/admin\/\"}]}<\/script>\n<!-- \/ Yoast SEO plugin. -->","yoast_head_json":{"title":"Dritan Abazovi\u0107 u emisiji Okvir: Parlament da reaguje - Video - Lajme nga Ulqini","description":"U Nik\u0161i\u0107u se desila politi\u010dka korupcija sistemskog karaktera i bilo bi suludo da parlament kao krovna demokratska institucija ne preduzme ne\u0161to radi","robots":{"index":"index","follow":"follow","max-snippet":"max-snippet:-1","max-image-preview":"max-image-preview:large","max-video-preview":"max-video-preview:-1"},"canonical":"https:\/\/www.visit-ulcinj.com\/blog\/2012\/12\/03\/dritan-abazovic-u-emisiji-okvir-parlament-da-reaguje-video\/","og_locale":"en_US","og_type":"article","og_title":"Dritan Abazovi\u0107 u emisiji Okvir: Parlament da reaguje - Video - Lajme nga Ulqini","og_description":"U Nik\u0161i\u0107u se desila politi\u010dka korupcija sistemskog karaktera i bilo bi suludo da parlament kao krovna demokratska institucija ne preduzme ne\u0161to radi","og_url":"https:\/\/www.visit-ulcinj.com\/blog\/2012\/12\/03\/dritan-abazovic-u-emisiji-okvir-parlament-da-reaguje-video\/","og_site_name":"Lajme nga Ulqini","article_published_time":"2012-12-03T18:27:40+00:00","article_modified_time":"2012-12-03T19:55:46+00:00","og_image":[{"url":"http:\/\/www.visit-ulcinj.com\/blog\/wp-content\/uploads\/2012\/12\/dritan-abazovic.jpg"}],"twitter_misc":{"Written by":"ulqini","Est. reading time":"2 minutes"},"schema":{"@context":"https:\/\/schema.org","@graph":[{"@type":"WebSite","@id":"https:\/\/www.visit-ulcinj.com\/blog\/#website","url":"https:\/\/www.visit-ulcinj.com\/blog\/","name":"Lajme nga Ulqini","description":"Lajme,Vijesti,Ulqini,Ulqin,Crna Gora,Mali i Zi","potentialAction":[{"@type":"SearchAction","target":{"@type":"EntryPoint","urlTemplate":"https:\/\/www.visit-ulcinj.com\/blog\/?s={search_term_string}"},"query-input":"required name=search_term_string"}],"inLanguage":"en-US"},{"@type":"ImageObject","inLanguage":"en-US","@id":"https:\/\/www.visit-ulcinj.com\/blog\/2012\/12\/03\/dritan-abazovic-u-emisiji-okvir-parlament-da-reaguje-video\/#primaryimage","url":"https:\/\/www.visit-ulcinj.com\/blog\/wp-content\/uploads\/2012\/12\/dritan-abazovic.jpg","contentUrl":"https:\/\/www.visit-ulcinj.com\/blog\/wp-content\/uploads\/2012\/12\/dritan-abazovic.jpg","width":"519","height":"316"},{"@type":"WebPage","@id":"https:\/\/www.visit-ulcinj.com\/blog\/2012\/12\/03\/dritan-abazovic-u-emisiji-okvir-parlament-da-reaguje-video\/#webpage","url":"https:\/\/www.visit-ulcinj.com\/blog\/2012\/12\/03\/dritan-abazovic-u-emisiji-okvir-parlament-da-reaguje-video\/","name":"Dritan Abazovi\u0107 u emisiji Okvir: Parlament da reaguje - Video - Lajme nga Ulqini","isPartOf":{"@id":"https:\/\/www.visit-ulcinj.com\/blog\/#website"},"primaryImageOfPage":{"@id":"https:\/\/www.visit-ulcinj.com\/blog\/2012\/12\/03\/dritan-abazovic-u-emisiji-okvir-parlament-da-reaguje-video\/#primaryimage"},"datePublished":"2012-12-03T18:27:40+00:00","dateModified":"2012-12-03T19:55:46+00:00","author":{"@id":"https:\/\/www.visit-ulcinj.com\/blog\/#\/schema\/person\/dcab619c614d3038751c63bc2aadc06d"},"description":"U Nik\u0161i\u0107u se desila politi\u010dka korupcija sistemskog karaktera i bilo bi suludo da parlament kao krovna demokratska institucija ne preduzme ne\u0161to radi","breadcrumb":{"@id":"https:\/\/www.visit-ulcinj.com\/blog\/2012\/12\/03\/dritan-abazovic-u-emisiji-okvir-parlament-da-reaguje-video\/#breadcrumb"},"inLanguage":"en-US","potentialAction":[{"@type":"ReadAction","target":["https:\/\/www.visit-ulcinj.com\/blog\/2012\/12\/03\/dritan-abazovic-u-emisiji-okvir-parlament-da-reaguje-video\/"]}]},{"@type":"BreadcrumbList","@id":"https:\/\/www.visit-ulcinj.com\/blog\/2012\/12\/03\/dritan-abazovic-u-emisiji-okvir-parlament-da-reaguje-video\/#breadcrumb","itemListElement":[{"@type":"ListItem","position":1,"name":"Dritan Abazovi\u0107 u emisiji Okvir: Parlament da reaguje &#8211; Video"}]},{"@type":"Person","@id":"https:\/\/www.visit-ulcinj.com\/blog\/#\/schema\/person\/dcab619c614d3038751c63bc2aadc06d","name":"ulqini","sameAs":["http:\/\/www.visit-ulcinj.com"],"url":"https:\/\/www.visit-ulcinj.com\/blog\/author\/admin\/"}]}},"jetpack_featured_media_url":"","jetpack_sharing_enabled":true,"jetpack_shortlink":"https:\/\/wp.me\/pe6lTn-hho","_links":{"self":[{"href":"https:\/\/www.visit-ulcinj.com\/blog\/wp-json\/wp\/v2\/posts\/66426"}],"collection":[{"href":"https:\/\/www.visit-ulcinj.com\/blog\/wp-json\/wp\/v2\/posts"}],"about":[{"href":"https:\/\/www.visit-ulcinj.com\/blog\/wp-json\/wp\/v2\/types\/post"}],"author":[{"embeddable":true,"href":"https:\/\/www.visit-ulcinj.com\/blog\/wp-json\/wp\/v2\/users\/1"}],"replies":[{"embeddable":true,"href":"https:\/\/www.visit-ulcinj.com\/blog\/wp-json\/wp\/v2\/comments?post=66426"}],"version-history":[{"count":3,"href":"https:\/\/www.visit-ulcinj.com\/blog\/wp-json\/wp\/v2\/posts\/66426\/revisions"}],"predecessor-version":[{"id":66436,"href":"https:\/\/www.visit-ulcinj.com\/blog\/wp-json\/wp\/v2\/posts\/66426\/revisions\/66436"}],"wp:attachment":[{"href":"https:\/\/www.visit-ulcinj.com\/blog\/wp-json\/wp\/v2\/media?parent=66426"}],"wp:term":[{"taxonomy":"category","embeddable":true,"href":"https:\/\/www.visit-ulcinj.com\/blog\/wp-json\/wp\/v2\/categories?post=66426"},{"taxonomy":"post_tag","embeddable":true,"href":"https:\/\/www.visit-ulcinj.com\/blog\/wp-json\/wp\/v2\/tags?post=66426"}],"curies":[{"name":"wp","href":"https:\/\/api.w.org\/{rel}","templated":true}]}}