{"id":66430,"date":"2012-12-03T19:45:15","date_gmt":"2012-12-03T18:45:15","guid":{"rendered":"http:\/\/www.visit-ulcinj.com\/blog\/?p=66430"},"modified":"2012-12-03T19:45:15","modified_gmt":"2012-12-03T18:45:15","slug":"qeveria-e-malit-te-zi-pa-asnje-minister-shqiptare","status":"publish","type":"post","link":"https:\/\/www.visit-ulcinj.com\/blog\/2012\/12\/03\/qeveria-e-malit-te-zi-pa-asnje-minister-shqiptare\/","title":{"rendered":"Qeveria e Malit te Zi pa asnj\u00eb minist\u00ebr shqiptar\u00eb"},"content":{"rendered":"<p><strong><a href=\"http:\/\/www.visit-ulcinj.com\/blog\/wp-content\/uploads\/2012\/12\/Milo-Gjukanoviq.jpg\"><img loading=\"lazy\" class=\"alignleft  wp-image-66431\" title=\"Milo-Gjukanoviq\" src=\"http:\/\/www.visit-ulcinj.com\/blog\/wp-content\/uploads\/2012\/12\/Milo-Gjukanoviq.jpg\" alt=\"\" width=\"508\" height=\"225\" \/><\/a>Nes\u00ebr mbledhja e paralajm\u00ebruar e parlamentit <\/strong><\/p>\n<p>Mbledhja e Kuvendit t\u00eb Malit t\u00eb Zi n\u00eb t\u00eb cil\u00ebn duhet t\u00eb debatohet mbi formimin e qeveris\u00eb s\u00eb re, \u00ebsht\u00eb shtyr\u00eb p\u00ebr nes\u00ebr me k\u00ebrkes\u00eb t\u00eb opozit\u00ebs. Si\u00e7 njofton kryetari i Kuvendit Ranko Krivokapiq mbledhja \u00ebsht\u00eb shtyr\u00eb me k\u00ebrkes\u00eb t\u00eb opozit\u00ebs p\u00ebr shkak t\u00eb situat\u00ebs n\u00eb Nikshiq.<\/p>\n<p>Ai tha se nuk ka pasur kurrfar\u00eb arsyeje p\u00ebr shtyrjen e mbledhjes, por k\u00ebt\u00eb k\u00ebrkes\u00eb t\u00eb opozit\u00ebs e ka plot\u00ebsuar p\u00ebr shkak t\u00eb vullnetit t\u00eb mir\u00eb. N\u00eb mbledhjen e nes\u00ebrme t\u00eb kuvendit mandatari Gjukanoviq para deputet\u00ebve do t\u00eb prezantoj\u00eb programin dhe do t\u00eb propozoj\u00eb ministrat.<\/p>\n<p>Mbr\u00ebm\u00eb n\u00eb K\u00ebshillin qendror t\u00eb Partis\u00eb Demokratike t\u00eb Socialisteve, mandatori Gjukanoviq fitoi p\u00ebrkrahje p\u00ebr emrat e ministrave.N\u00eb p\u00ebrb\u00ebrjen e qeveris\u00eb s\u00eb re, nuk do t\u00eb ket\u00eb asnj\u00eb minist\u00ebr nga partit\u00eb shqiptare edhe pse jan\u00eb pjes\u00eb e koalicionit qeveris\u00ebs. P\u00ebr her\u00eb t\u00eb par\u00eb ministri n\u00eb Ministrin\u00eb e pakicave nuk do t\u00eb jet\u00eb shqiptar.Si\u00e7 njoftohet, partit\u00eb shqiptare q\u00eb participojn\u00eb n\u00eb qeveri, n\u00eb resore ministrore, do t\u00eb ken\u00eb vet\u00ebm k\u00ebshilltar\u00eb dhe sekretar\u00eb.<\/p>\n<p>TVCG<\/p>\n<p>&nbsp;<\/p>\n","protected":false},"excerpt":{"rendered":"<p>Nes\u00ebr mbledhja e paralajm\u00ebruar e parlamentit Mbledhja e Kuvendit t\u00eb Malit t\u00eb Zi n\u00eb t\u00eb cil\u00ebn duhet t\u00eb debatohet mbi formimin e qeveris\u00eb s\u00eb re, \u00ebsht\u00eb shtyr\u00eb p\u00ebr nes\u00ebr me k\u00ebrkes\u00eb t\u00eb opozit\u00ebs. Si\u00e7 njofton kryetari i Kuvendit Ranko Krivokapiq mbledhja \u00ebsht\u00eb shtyr\u00eb me k\u00ebrkes\u00eb t\u00eb opozit\u00ebs p\u00ebr shkak t\u00eb situat\u00ebs n\u00eb Nikshiq. Ai tha [&hellip;]<\/p>\n","protected":false},"author":1,"featured_media":0,"comment_status":"open","ping_status":"closed","sticky":false,"template":"","format":"standard","meta":{"spay_email":"","jetpack_publicize_message":"","jetpack_is_tweetstorm":false,"jetpack_publicize_feature_enabled":true},"categories":[6950],"tags":[1616],"jetpack_publicize_connections":[],"yoast_head":"<!-- This site is optimized with the Yoast SEO plugin v19.1 - https:\/\/yoast.com\/wordpress\/plugins\/seo\/ -->\n<title>Qeveria e Malit te Zi pa asnj\u00eb minist\u00ebr shqiptar\u00eb - Lajme nga Ulqini<\/title>\n<meta name=\"description\" content=\"Nes\u00ebr mbledhja e paralajm\u00ebruar e parlamentit Mbledhja e Kuvendit t\u00eb Malit t\u00eb Zi n\u00eb t\u00eb cil\u00ebn duhet t\u00eb debatohet mbi formimin e qeveris\u00eb s\u00eb re, \u00ebsht\u00eb shtyr\u00eb\" \/>\n<meta name=\"robots\" content=\"index, follow, max-snippet:-1, max-image-preview:large, max-video-preview:-1\" \/>\n<link rel=\"canonical\" href=\"https:\/\/www.visit-ulcinj.com\/blog\/2012\/12\/03\/qeveria-e-malit-te-zi-pa-asnje-minister-shqiptare\/\" \/>\n<meta property=\"og:locale\" content=\"en_US\" \/>\n<meta property=\"og:type\" content=\"article\" \/>\n<meta property=\"og:title\" content=\"Qeveria e Malit te Zi pa asnj\u00eb minist\u00ebr shqiptar\u00eb - Lajme nga Ulqini\" \/>\n<meta property=\"og:description\" content=\"Nes\u00ebr mbledhja e paralajm\u00ebruar e parlamentit Mbledhja e Kuvendit t\u00eb Malit t\u00eb Zi n\u00eb t\u00eb cil\u00ebn duhet t\u00eb debatohet mbi formimin e qeveris\u00eb s\u00eb re, \u00ebsht\u00eb shtyr\u00eb\" \/>\n<meta property=\"og:url\" content=\"https:\/\/www.visit-ulcinj.com\/blog\/2012\/12\/03\/qeveria-e-malit-te-zi-pa-asnje-minister-shqiptare\/\" \/>\n<meta property=\"og:site_name\" content=\"Lajme nga Ulqini\" \/>\n<meta property=\"article:published_time\" content=\"2012-12-03T18:45:15+00:00\" \/>\n<meta property=\"og:image\" content=\"http:\/\/www.visit-ulcinj.com\/blog\/wp-content\/uploads\/2012\/12\/Milo-Gjukanoviq.jpg\" \/>\n<meta name=\"twitter:label1\" content=\"Written by\" \/>\n\t<meta name=\"twitter:data1\" content=\"ulqini\" \/>\n\t<meta name=\"twitter:label2\" content=\"Est. reading time\" \/>\n\t<meta name=\"twitter:data2\" content=\"1 minute\" \/>\n<script type=\"application\/ld+json\" class=\"yoast-schema-graph\">{\"@context\":\"https:\/\/schema.org\",\"@graph\":[{\"@type\":\"WebSite\",\"@id\":\"https:\/\/www.visit-ulcinj.com\/blog\/#website\",\"url\":\"https:\/\/www.visit-ulcinj.com\/blog\/\",\"name\":\"Lajme nga Ulqini\",\"description\":\"Lajme,Vijesti,Ulqini,Ulqin,Crna Gora,Mali i Zi\",\"potentialAction\":[{\"@type\":\"SearchAction\",\"target\":{\"@type\":\"EntryPoint\",\"urlTemplate\":\"https:\/\/www.visit-ulcinj.com\/blog\/?s={search_term_string}\"},\"query-input\":\"required name=search_term_string\"}],\"inLanguage\":\"en-US\"},{\"@type\":\"ImageObject\",\"inLanguage\":\"en-US\",\"@id\":\"https:\/\/www.visit-ulcinj.com\/blog\/2012\/12\/03\/qeveria-e-malit-te-zi-pa-asnje-minister-shqiptare\/#primaryimage\",\"url\":\"https:\/\/www.visit-ulcinj.com\/blog\/wp-content\/uploads\/2012\/12\/Milo-Gjukanoviq.jpg\",\"contentUrl\":\"https:\/\/www.visit-ulcinj.com\/blog\/wp-content\/uploads\/2012\/12\/Milo-Gjukanoviq.jpg\",\"width\":\"490\",\"height\":\"225\"},{\"@type\":\"WebPage\",\"@id\":\"https:\/\/www.visit-ulcinj.com\/blog\/2012\/12\/03\/qeveria-e-malit-te-zi-pa-asnje-minister-shqiptare\/#webpage\",\"url\":\"https:\/\/www.visit-ulcinj.com\/blog\/2012\/12\/03\/qeveria-e-malit-te-zi-pa-asnje-minister-shqiptare\/\",\"name\":\"Qeveria e Malit te Zi pa asnj\u00eb minist\u00ebr shqiptar\u00eb - Lajme nga Ulqini\",\"isPartOf\":{\"@id\":\"https:\/\/www.visit-ulcinj.com\/blog\/#website\"},\"primaryImageOfPage\":{\"@id\":\"https:\/\/www.visit-ulcinj.com\/blog\/2012\/12\/03\/qeveria-e-malit-te-zi-pa-asnje-minister-shqiptare\/#primaryimage\"},\"datePublished\":\"2012-12-03T18:45:15+00:00\",\"dateModified\":\"2012-12-03T18:45:15+00:00\",\"author\":{\"@id\":\"https:\/\/www.visit-ulcinj.com\/blog\/#\/schema\/person\/dcab619c614d3038751c63bc2aadc06d\"},\"description\":\"Nes\u00ebr mbledhja e paralajm\u00ebruar e parlamentit Mbledhja e Kuvendit t\u00eb Malit t\u00eb Zi n\u00eb t\u00eb cil\u00ebn duhet t\u00eb debatohet mbi formimin e qeveris\u00eb s\u00eb re, \u00ebsht\u00eb shtyr\u00eb\",\"breadcrumb\":{\"@id\":\"https:\/\/www.visit-ulcinj.com\/blog\/2012\/12\/03\/qeveria-e-malit-te-zi-pa-asnje-minister-shqiptare\/#breadcrumb\"},\"inLanguage\":\"en-US\",\"potentialAction\":[{\"@type\":\"ReadAction\",\"target\":[\"https:\/\/www.visit-ulcinj.com\/blog\/2012\/12\/03\/qeveria-e-malit-te-zi-pa-asnje-minister-shqiptare\/\"]}]},{\"@type\":\"BreadcrumbList\",\"@id\":\"https:\/\/www.visit-ulcinj.com\/blog\/2012\/12\/03\/qeveria-e-malit-te-zi-pa-asnje-minister-shqiptare\/#breadcrumb\",\"itemListElement\":[{\"@type\":\"ListItem\",\"position\":1,\"name\":\"Qeveria e Malit te Zi pa asnj\u00eb minist\u00ebr shqiptar\u00eb\"}]},{\"@type\":\"Person\",\"@id\":\"https:\/\/www.visit-ulcinj.com\/blog\/#\/schema\/person\/dcab619c614d3038751c63bc2aadc06d\",\"name\":\"ulqini\",\"sameAs\":[\"http:\/\/www.visit-ulcinj.com\"],\"url\":\"https:\/\/www.visit-ulcinj.com\/blog\/author\/admin\/\"}]}<\/script>\n<!-- \/ Yoast SEO plugin. -->","yoast_head_json":{"title":"Qeveria e Malit te Zi pa asnj\u00eb minist\u00ebr shqiptar\u00eb - Lajme nga Ulqini","description":"Nes\u00ebr mbledhja e paralajm\u00ebruar e parlamentit Mbledhja e Kuvendit t\u00eb Malit t\u00eb Zi n\u00eb t\u00eb cil\u00ebn duhet t\u00eb debatohet mbi formimin e qeveris\u00eb s\u00eb re, \u00ebsht\u00eb shtyr\u00eb","robots":{"index":"index","follow":"follow","max-snippet":"max-snippet:-1","max-image-preview":"max-image-preview:large","max-video-preview":"max-video-preview:-1"},"canonical":"https:\/\/www.visit-ulcinj.com\/blog\/2012\/12\/03\/qeveria-e-malit-te-zi-pa-asnje-minister-shqiptare\/","og_locale":"en_US","og_type":"article","og_title":"Qeveria e Malit te Zi pa asnj\u00eb minist\u00ebr shqiptar\u00eb - Lajme nga Ulqini","og_description":"Nes\u00ebr mbledhja e paralajm\u00ebruar e parlamentit Mbledhja e Kuvendit t\u00eb Malit t\u00eb Zi n\u00eb t\u00eb cil\u00ebn duhet t\u00eb debatohet mbi formimin e qeveris\u00eb s\u00eb re, \u00ebsht\u00eb shtyr\u00eb","og_url":"https:\/\/www.visit-ulcinj.com\/blog\/2012\/12\/03\/qeveria-e-malit-te-zi-pa-asnje-minister-shqiptare\/","og_site_name":"Lajme nga Ulqini","article_published_time":"2012-12-03T18:45:15+00:00","og_image":[{"url":"http:\/\/www.visit-ulcinj.com\/blog\/wp-content\/uploads\/2012\/12\/Milo-Gjukanoviq.jpg"}],"twitter_misc":{"Written by":"ulqini","Est. reading time":"1 minute"},"schema":{"@context":"https:\/\/schema.org","@graph":[{"@type":"WebSite","@id":"https:\/\/www.visit-ulcinj.com\/blog\/#website","url":"https:\/\/www.visit-ulcinj.com\/blog\/","name":"Lajme nga Ulqini","description":"Lajme,Vijesti,Ulqini,Ulqin,Crna Gora,Mali i Zi","potentialAction":[{"@type":"SearchAction","target":{"@type":"EntryPoint","urlTemplate":"https:\/\/www.visit-ulcinj.com\/blog\/?s={search_term_string}"},"query-input":"required name=search_term_string"}],"inLanguage":"en-US"},{"@type":"ImageObject","inLanguage":"en-US","@id":"https:\/\/www.visit-ulcinj.com\/blog\/2012\/12\/03\/qeveria-e-malit-te-zi-pa-asnje-minister-shqiptare\/#primaryimage","url":"https:\/\/www.visit-ulcinj.com\/blog\/wp-content\/uploads\/2012\/12\/Milo-Gjukanoviq.jpg","contentUrl":"https:\/\/www.visit-ulcinj.com\/blog\/wp-content\/uploads\/2012\/12\/Milo-Gjukanoviq.jpg","width":"490","height":"225"},{"@type":"WebPage","@id":"https:\/\/www.visit-ulcinj.com\/blog\/2012\/12\/03\/qeveria-e-malit-te-zi-pa-asnje-minister-shqiptare\/#webpage","url":"https:\/\/www.visit-ulcinj.com\/blog\/2012\/12\/03\/qeveria-e-malit-te-zi-pa-asnje-minister-shqiptare\/","name":"Qeveria e Malit te Zi pa asnj\u00eb minist\u00ebr shqiptar\u00eb - Lajme nga Ulqini","isPartOf":{"@id":"https:\/\/www.visit-ulcinj.com\/blog\/#website"},"primaryImageOfPage":{"@id":"https:\/\/www.visit-ulcinj.com\/blog\/2012\/12\/03\/qeveria-e-malit-te-zi-pa-asnje-minister-shqiptare\/#primaryimage"},"datePublished":"2012-12-03T18:45:15+00:00","dateModified":"2012-12-03T18:45:15+00:00","author":{"@id":"https:\/\/www.visit-ulcinj.com\/blog\/#\/schema\/person\/dcab619c614d3038751c63bc2aadc06d"},"description":"Nes\u00ebr mbledhja e paralajm\u00ebruar e parlamentit Mbledhja e Kuvendit t\u00eb Malit t\u00eb Zi n\u00eb t\u00eb cil\u00ebn duhet t\u00eb debatohet mbi formimin e qeveris\u00eb s\u00eb re, \u00ebsht\u00eb shtyr\u00eb","breadcrumb":{"@id":"https:\/\/www.visit-ulcinj.com\/blog\/2012\/12\/03\/qeveria-e-malit-te-zi-pa-asnje-minister-shqiptare\/#breadcrumb"},"inLanguage":"en-US","potentialAction":[{"@type":"ReadAction","target":["https:\/\/www.visit-ulcinj.com\/blog\/2012\/12\/03\/qeveria-e-malit-te-zi-pa-asnje-minister-shqiptare\/"]}]},{"@type":"BreadcrumbList","@id":"https:\/\/www.visit-ulcinj.com\/blog\/2012\/12\/03\/qeveria-e-malit-te-zi-pa-asnje-minister-shqiptare\/#breadcrumb","itemListElement":[{"@type":"ListItem","position":1,"name":"Qeveria e Malit te Zi pa asnj\u00eb minist\u00ebr shqiptar\u00eb"}]},{"@type":"Person","@id":"https:\/\/www.visit-ulcinj.com\/blog\/#\/schema\/person\/dcab619c614d3038751c63bc2aadc06d","name":"ulqini","sameAs":["http:\/\/www.visit-ulcinj.com"],"url":"https:\/\/www.visit-ulcinj.com\/blog\/author\/admin\/"}]}},"jetpack_featured_media_url":"","jetpack_sharing_enabled":true,"jetpack_shortlink":"https:\/\/wp.me\/pe6lTn-hhs","_links":{"self":[{"href":"https:\/\/www.visit-ulcinj.com\/blog\/wp-json\/wp\/v2\/posts\/66430"}],"collection":[{"href":"https:\/\/www.visit-ulcinj.com\/blog\/wp-json\/wp\/v2\/posts"}],"about":[{"href":"https:\/\/www.visit-ulcinj.com\/blog\/wp-json\/wp\/v2\/types\/post"}],"author":[{"embeddable":true,"href":"https:\/\/www.visit-ulcinj.com\/blog\/wp-json\/wp\/v2\/users\/1"}],"replies":[{"embeddable":true,"href":"https:\/\/www.visit-ulcinj.com\/blog\/wp-json\/wp\/v2\/comments?post=66430"}],"version-history":[{"count":1,"href":"https:\/\/www.visit-ulcinj.com\/blog\/wp-json\/wp\/v2\/posts\/66430\/revisions"}],"predecessor-version":[{"id":66432,"href":"https:\/\/www.visit-ulcinj.com\/blog\/wp-json\/wp\/v2\/posts\/66430\/revisions\/66432"}],"wp:attachment":[{"href":"https:\/\/www.visit-ulcinj.com\/blog\/wp-json\/wp\/v2\/media?parent=66430"}],"wp:term":[{"taxonomy":"category","embeddable":true,"href":"https:\/\/www.visit-ulcinj.com\/blog\/wp-json\/wp\/v2\/categories?post=66430"},{"taxonomy":"post_tag","embeddable":true,"href":"https:\/\/www.visit-ulcinj.com\/blog\/wp-json\/wp\/v2\/tags?post=66430"}],"curies":[{"name":"wp","href":"https:\/\/api.w.org\/{rel}","templated":true}]}}