{"id":66450,"date":"2012-12-04T08:41:45","date_gmt":"2012-12-04T07:41:45","guid":{"rendered":"http:\/\/www.visit-ulcinj.com\/blog\/?p=66450"},"modified":"2012-12-04T08:41:45","modified_gmt":"2012-12-04T07:41:45","slug":"pas-deshtimit-me-vedatin-argjentina-do-beje-duet-me-florin","status":"publish","type":"post","link":"https:\/\/www.visit-ulcinj.com\/blog\/2012\/12\/04\/pas-deshtimit-me-vedatin-argjentina-do-beje-duet-me-florin\/","title":{"rendered":"Pas d\u00ebshtimit me Vedatin, Argjentina do b\u00ebj\u00eb duet me Florin"},"content":{"rendered":"<p>Ka koh\u00eb q\u00eb nuk kemi d\u00ebgjuar k\u00ebng\u00eb t\u00eb re nga Argjentina Ramosaj. Sa u p\u00ebrfol p\u00ebr nj\u00eb duet me Vedat Ademin, t\u00eb gjith\u00eb fansat ishin shprehur t\u00eb lumtur, por ky bashk\u00ebpunim d\u00ebshtoi. N\u00eb nj\u00eb intervist\u00eb p\u00ebr \u201dPanorama plus\u201d, k\u00ebng\u00ebtarja e njohur shprehet se ka 10 muaj q\u00eb \u00ebsht\u00eb beqare dhe ndihet mir\u00eb, p\u00ebr Vitin e Ri do t\u00eb k\u00ebndoj\u00eb n\u00eb Maqedoni, si dhe do t\u00eb sjell\u00eb nj\u00eb balad\u00eb me Flori Mumajesin.<br \/>\n<a href=\"http:\/\/www.visit-ulcinj.com\/blog\/wp-content\/uploads\/2012\/12\/Argjentina-Ramosaj.jpg\"><img loading=\"lazy\" class=\"alignleft  wp-image-66451\" title=\"Argjentina Ramosaj\" src=\"http:\/\/www.visit-ulcinj.com\/blog\/wp-content\/uploads\/2012\/12\/Argjentina-Ramosaj.jpg\" alt=\"\" width=\"508\" height=\"360\" \/><\/a><\/p>\n<p><strong>Si e ke kaluar k\u00ebt\u00eb sezon dhe sa e angazhuar ke qen\u00eb n\u00eb muzik\u00eb?<\/strong><br \/>\nShum\u00eb mir\u00eb, kam pasur disa koncerte, por m\u00eb shum\u00eb kam qen\u00eb e angazhuar me studimet q\u00eb ishin m\u00eb primare p\u00ebr mua k\u00ebta muaj t\u00eb par\u00eb t\u00eb semestrit. Por kam punuar dhe ka di\u00e7ka t\u00eb re q\u00eb do t\u00eb lan\u00e7ohet s\u00eb shpejti.<br \/>\n<strong>\u00cbsht\u00eb p\u00ebrfolur shum\u00eb nj\u00eb bashk\u00ebpunim i juaj me nj\u00eb grup n\u00eb Holand\u00eb, deri ku ka arritur ky projekt?<\/strong><br \/>\nN\u00eb fakt, k\u00ebng\u00ebt jan\u00eb regjistruar me dy Dj nga Holanda (Vince le Fin &amp; NouveauBeats). Fakti \u00ebsht\u00eb q\u00eb n\u00eb Holand\u00eb jan\u00eb procedurat m\u00eb ndryshe se k\u00ebtu dhe do t\u00eb zgjas\u00eb besoj, nuk e kam iden\u00eb se kur do t\u00eb lan\u00e7ohen k\u00ebng\u00ebt.<br \/>\n<strong>Ku jetoni p\u00ebr momentin, si vijon axhenda mes Prishtin\u00ebs dhe Tiran\u00ebs?<\/strong><br \/>\nUn\u00eb udh\u00ebtoj shpesh p\u00ebr shkak t\u00eb angazhimeve t\u00eb muzik\u00ebs, 50% t\u00eb koh\u00ebs jam n\u00eb Prishtin\u00eb dhe 50% n\u00eb Tiran\u00eb, edhe Holand\u00ebn e vizitoj shpesh se e kam familjen atje.<br \/>\n<strong>Ke menduar p\u00ebr ndonj\u00eb k\u00ebng\u00eb t\u00eb re p\u00ebr festat e fundvitit dhe ku do t\u00eb k\u00ebndoni nat\u00ebn e Vitit t\u00eb Ri?<\/strong><br \/>\nJemi duke punuar nj\u00eb duet me Flori Mumajesin, \u00ebsht\u00eb nj\u00eb balad\u00eb shum\u00eb e bukur, besoj do t\u00eb lan\u00e7ohet para Vitit t\u00eb Ri. P\u00ebr nat\u00ebn e fundvitit do jem n\u00eb koncert n\u00eb K\u00ebr\u00e7ov\u00eb, Maqedoni.<br \/>\n<strong>Sa produktive \u00ebsht\u00eb skena muzikore k\u00ebto vitet e fundit, sa ke fituar e \u00e7far\u00eb ke humbur deri m\u00eb tani?<\/strong><br \/>\nNuk \u00ebsht\u00eb keq, koh\u00ebve t\u00eb fundit m\u00eb shum\u00eb po fitoj\u2026<br \/>\n<strong>Aktuale jan\u00eb fjal\u00ebt rreth bashk\u00ebpunimit me Vedat Ademin, ku q\u00ebndron e v\u00ebrteta e k\u00ebtij lajmi, ka pasur shum\u00eb reagime? Na trego si ka ngelur raporti juaj.<\/strong><br \/>\nUn\u00eb Vedatin e kam shum\u00eb mik t\u00eb mir\u00eb dhe e vler\u00ebsoj shum\u00eb si artist. Ka pasur disa mosmarr\u00ebveshje dhe bashk\u00eb me labelin tim vendos\u00ebm t\u00eb nd\u00ebrpresim duetin.<br \/>\n<strong>Po gjendja juaj momentale n\u00eb sfer\u00ebn sentimentale\u2026 Ekziston ndonj\u00eb mashkull n\u00eb jet\u00ebn t\u00ebnde dhe \u00e7far\u00eb raporti keni me parukierin Armend Gashi?<\/strong><br \/>\nKa m\u00eb shum\u00eb se dhjet\u00eb muaj q\u00eb jam beqare. Ndihem shum\u00eb mir\u00eb dhe jam maksimalisht e lumtur. P\u00ebrve\u00e7 q\u00eb jam kliente e Armendit n\u00eb sallonin e tij, e kam edhe shum\u00eb mik t\u00eb mir\u00eb dhe asgj\u00eb m\u00eb shum\u00eb.<\/p>\n<p><strong>BLERAND REXHEPI<\/strong><\/p>\n<p><iframe loading=\"lazy\" width=\"508\" height=\"360\" src=\"http:\/\/www.youtube.com\/embed\/_5Ln88FVJQM?rel=0\" frameborder=\"0\" allowfullscreen><\/iframe><\/p>\n","protected":false},"excerpt":{"rendered":"<p>Ka koh\u00eb q\u00eb nuk kemi d\u00ebgjuar k\u00ebng\u00eb t\u00eb re nga Argjentina Ramosaj. Sa u p\u00ebrfol p\u00ebr nj\u00eb duet me Vedat Ademin, t\u00eb gjith\u00eb fansat ishin shprehur t\u00eb lumtur, por ky bashk\u00ebpunim d\u00ebshtoi. N\u00eb nj\u00eb intervist\u00eb p\u00ebr \u201dPanorama plus\u201d, k\u00ebng\u00ebtarja e njohur shprehet se ka 10 muaj q\u00eb \u00ebsht\u00eb beqare dhe ndihet mir\u00eb, p\u00ebr Vitin e [&hellip;]<\/p>\n","protected":false},"author":1,"featured_media":0,"comment_status":"open","ping_status":"closed","sticky":false,"template":"","format":"standard","meta":{"spay_email":"","jetpack_publicize_message":"","jetpack_is_tweetstorm":false,"jetpack_publicize_feature_enabled":true},"categories":[1],"tags":[16524,19677,19806,16036,19514,19511,19513,6693,4684,19460],"jetpack_publicize_connections":[],"yoast_head":"<!-- This site is optimized with the Yoast SEO plugin v19.1 - https:\/\/yoast.com\/wordpress\/plugins\/seo\/ -->\n<title>Pas d\u00ebshtimit me Vedatin, Argjentina do b\u00ebj\u00eb duet me Florin - Lajme nga Ulqini<\/title>\n<meta name=\"description\" content=\"Ka koh\u00eb q\u00eb nuk kemi d\u00ebgjuar k\u00ebng\u00eb t\u00eb re nga Argjentina Ramosaj. Sa u p\u00ebrfol p\u00ebr nj\u00eb duet me Vedat Ademin, t\u00eb gjith\u00eb fansat ishin shprehur t\u00eb lumtur, por\" \/>\n<meta name=\"robots\" content=\"index, follow, max-snippet:-1, max-image-preview:large, max-video-preview:-1\" \/>\n<link rel=\"canonical\" href=\"https:\/\/www.visit-ulcinj.com\/blog\/2012\/12\/04\/pas-deshtimit-me-vedatin-argjentina-do-beje-duet-me-florin\/\" \/>\n<meta property=\"og:locale\" content=\"en_US\" \/>\n<meta property=\"og:type\" content=\"article\" \/>\n<meta property=\"og:title\" content=\"Pas d\u00ebshtimit me Vedatin, Argjentina do b\u00ebj\u00eb duet me Florin - Lajme nga Ulqini\" \/>\n<meta property=\"og:description\" content=\"Ka koh\u00eb q\u00eb nuk kemi d\u00ebgjuar k\u00ebng\u00eb t\u00eb re nga Argjentina Ramosaj. Sa u p\u00ebrfol p\u00ebr nj\u00eb duet me Vedat Ademin, t\u00eb gjith\u00eb fansat ishin shprehur t\u00eb lumtur, por\" \/>\n<meta property=\"og:url\" content=\"https:\/\/www.visit-ulcinj.com\/blog\/2012\/12\/04\/pas-deshtimit-me-vedatin-argjentina-do-beje-duet-me-florin\/\" \/>\n<meta property=\"og:site_name\" content=\"Lajme nga Ulqini\" \/>\n<meta property=\"article:published_time\" content=\"2012-12-04T07:41:45+00:00\" \/>\n<meta property=\"og:image\" content=\"http:\/\/www.visit-ulcinj.com\/blog\/wp-content\/uploads\/2012\/12\/Argjentina-Ramosaj.jpg\" \/>\n<meta name=\"twitter:label1\" content=\"Written by\" \/>\n\t<meta name=\"twitter:data1\" content=\"ulqini\" \/>\n\t<meta name=\"twitter:label2\" content=\"Est. reading time\" \/>\n\t<meta name=\"twitter:data2\" content=\"2 minutes\" \/>\n<script type=\"application\/ld+json\" class=\"yoast-schema-graph\">{\"@context\":\"https:\/\/schema.org\",\"@graph\":[{\"@type\":\"WebSite\",\"@id\":\"https:\/\/www.visit-ulcinj.com\/blog\/#website\",\"url\":\"https:\/\/www.visit-ulcinj.com\/blog\/\",\"name\":\"Lajme nga Ulqini\",\"description\":\"Lajme,Vijesti,Ulqini,Ulqin,Crna Gora,Mali i Zi\",\"potentialAction\":[{\"@type\":\"SearchAction\",\"target\":{\"@type\":\"EntryPoint\",\"urlTemplate\":\"https:\/\/www.visit-ulcinj.com\/blog\/?s={search_term_string}\"},\"query-input\":\"required name=search_term_string\"}],\"inLanguage\":\"en-US\"},{\"@type\":\"ImageObject\",\"inLanguage\":\"en-US\",\"@id\":\"https:\/\/www.visit-ulcinj.com\/blog\/2012\/12\/04\/pas-deshtimit-me-vedatin-argjentina-do-beje-duet-me-florin\/#primaryimage\",\"url\":\"https:\/\/www.visit-ulcinj.com\/blog\/wp-content\/uploads\/2012\/12\/Argjentina-Ramosaj.jpg\",\"contentUrl\":\"https:\/\/www.visit-ulcinj.com\/blog\/wp-content\/uploads\/2012\/12\/Argjentina-Ramosaj.jpg\",\"width\":\"960\",\"height\":\"639\"},{\"@type\":\"WebPage\",\"@id\":\"https:\/\/www.visit-ulcinj.com\/blog\/2012\/12\/04\/pas-deshtimit-me-vedatin-argjentina-do-beje-duet-me-florin\/#webpage\",\"url\":\"https:\/\/www.visit-ulcinj.com\/blog\/2012\/12\/04\/pas-deshtimit-me-vedatin-argjentina-do-beje-duet-me-florin\/\",\"name\":\"Pas d\u00ebshtimit me Vedatin, Argjentina do b\u00ebj\u00eb duet me Florin - Lajme nga Ulqini\",\"isPartOf\":{\"@id\":\"https:\/\/www.visit-ulcinj.com\/blog\/#website\"},\"primaryImageOfPage\":{\"@id\":\"https:\/\/www.visit-ulcinj.com\/blog\/2012\/12\/04\/pas-deshtimit-me-vedatin-argjentina-do-beje-duet-me-florin\/#primaryimage\"},\"datePublished\":\"2012-12-04T07:41:45+00:00\",\"dateModified\":\"2012-12-04T07:41:45+00:00\",\"author\":{\"@id\":\"https:\/\/www.visit-ulcinj.com\/blog\/#\/schema\/person\/dcab619c614d3038751c63bc2aadc06d\"},\"description\":\"Ka koh\u00eb q\u00eb nuk kemi d\u00ebgjuar k\u00ebng\u00eb t\u00eb re nga Argjentina Ramosaj. Sa u p\u00ebrfol p\u00ebr nj\u00eb duet me Vedat Ademin, t\u00eb gjith\u00eb fansat ishin shprehur t\u00eb lumtur, por\",\"breadcrumb\":{\"@id\":\"https:\/\/www.visit-ulcinj.com\/blog\/2012\/12\/04\/pas-deshtimit-me-vedatin-argjentina-do-beje-duet-me-florin\/#breadcrumb\"},\"inLanguage\":\"en-US\",\"potentialAction\":[{\"@type\":\"ReadAction\",\"target\":[\"https:\/\/www.visit-ulcinj.com\/blog\/2012\/12\/04\/pas-deshtimit-me-vedatin-argjentina-do-beje-duet-me-florin\/\"]}]},{\"@type\":\"BreadcrumbList\",\"@id\":\"https:\/\/www.visit-ulcinj.com\/blog\/2012\/12\/04\/pas-deshtimit-me-vedatin-argjentina-do-beje-duet-me-florin\/#breadcrumb\",\"itemListElement\":[{\"@type\":\"ListItem\",\"position\":1,\"name\":\"Pas d\u00ebshtimit me Vedatin, Argjentina do b\u00ebj\u00eb duet me Florin\"}]},{\"@type\":\"Person\",\"@id\":\"https:\/\/www.visit-ulcinj.com\/blog\/#\/schema\/person\/dcab619c614d3038751c63bc2aadc06d\",\"name\":\"ulqini\",\"sameAs\":[\"http:\/\/www.visit-ulcinj.com\"],\"url\":\"https:\/\/www.visit-ulcinj.com\/blog\/author\/admin\/\"}]}<\/script>\n<!-- \/ Yoast SEO plugin. -->","yoast_head_json":{"title":"Pas d\u00ebshtimit me Vedatin, Argjentina do b\u00ebj\u00eb duet me Florin - Lajme nga Ulqini","description":"Ka koh\u00eb q\u00eb nuk kemi d\u00ebgjuar k\u00ebng\u00eb t\u00eb re nga Argjentina Ramosaj. Sa u p\u00ebrfol p\u00ebr nj\u00eb duet me Vedat Ademin, t\u00eb gjith\u00eb fansat ishin shprehur t\u00eb lumtur, por","robots":{"index":"index","follow":"follow","max-snippet":"max-snippet:-1","max-image-preview":"max-image-preview:large","max-video-preview":"max-video-preview:-1"},"canonical":"https:\/\/www.visit-ulcinj.com\/blog\/2012\/12\/04\/pas-deshtimit-me-vedatin-argjentina-do-beje-duet-me-florin\/","og_locale":"en_US","og_type":"article","og_title":"Pas d\u00ebshtimit me Vedatin, Argjentina do b\u00ebj\u00eb duet me Florin - Lajme nga Ulqini","og_description":"Ka koh\u00eb q\u00eb nuk kemi d\u00ebgjuar k\u00ebng\u00eb t\u00eb re nga Argjentina Ramosaj. Sa u p\u00ebrfol p\u00ebr nj\u00eb duet me Vedat Ademin, t\u00eb gjith\u00eb fansat ishin shprehur t\u00eb lumtur, por","og_url":"https:\/\/www.visit-ulcinj.com\/blog\/2012\/12\/04\/pas-deshtimit-me-vedatin-argjentina-do-beje-duet-me-florin\/","og_site_name":"Lajme nga Ulqini","article_published_time":"2012-12-04T07:41:45+00:00","og_image":[{"url":"http:\/\/www.visit-ulcinj.com\/blog\/wp-content\/uploads\/2012\/12\/Argjentina-Ramosaj.jpg"}],"twitter_misc":{"Written by":"ulqini","Est. reading time":"2 minutes"},"schema":{"@context":"https:\/\/schema.org","@graph":[{"@type":"WebSite","@id":"https:\/\/www.visit-ulcinj.com\/blog\/#website","url":"https:\/\/www.visit-ulcinj.com\/blog\/","name":"Lajme nga Ulqini","description":"Lajme,Vijesti,Ulqini,Ulqin,Crna Gora,Mali i Zi","potentialAction":[{"@type":"SearchAction","target":{"@type":"EntryPoint","urlTemplate":"https:\/\/www.visit-ulcinj.com\/blog\/?s={search_term_string}"},"query-input":"required name=search_term_string"}],"inLanguage":"en-US"},{"@type":"ImageObject","inLanguage":"en-US","@id":"https:\/\/www.visit-ulcinj.com\/blog\/2012\/12\/04\/pas-deshtimit-me-vedatin-argjentina-do-beje-duet-me-florin\/#primaryimage","url":"https:\/\/www.visit-ulcinj.com\/blog\/wp-content\/uploads\/2012\/12\/Argjentina-Ramosaj.jpg","contentUrl":"https:\/\/www.visit-ulcinj.com\/blog\/wp-content\/uploads\/2012\/12\/Argjentina-Ramosaj.jpg","width":"960","height":"639"},{"@type":"WebPage","@id":"https:\/\/www.visit-ulcinj.com\/blog\/2012\/12\/04\/pas-deshtimit-me-vedatin-argjentina-do-beje-duet-me-florin\/#webpage","url":"https:\/\/www.visit-ulcinj.com\/blog\/2012\/12\/04\/pas-deshtimit-me-vedatin-argjentina-do-beje-duet-me-florin\/","name":"Pas d\u00ebshtimit me Vedatin, Argjentina do b\u00ebj\u00eb duet me Florin - Lajme nga Ulqini","isPartOf":{"@id":"https:\/\/www.visit-ulcinj.com\/blog\/#website"},"primaryImageOfPage":{"@id":"https:\/\/www.visit-ulcinj.com\/blog\/2012\/12\/04\/pas-deshtimit-me-vedatin-argjentina-do-beje-duet-me-florin\/#primaryimage"},"datePublished":"2012-12-04T07:41:45+00:00","dateModified":"2012-12-04T07:41:45+00:00","author":{"@id":"https:\/\/www.visit-ulcinj.com\/blog\/#\/schema\/person\/dcab619c614d3038751c63bc2aadc06d"},"description":"Ka koh\u00eb q\u00eb nuk kemi d\u00ebgjuar k\u00ebng\u00eb t\u00eb re nga Argjentina Ramosaj. Sa u p\u00ebrfol p\u00ebr nj\u00eb duet me Vedat Ademin, t\u00eb gjith\u00eb fansat ishin shprehur t\u00eb lumtur, por","breadcrumb":{"@id":"https:\/\/www.visit-ulcinj.com\/blog\/2012\/12\/04\/pas-deshtimit-me-vedatin-argjentina-do-beje-duet-me-florin\/#breadcrumb"},"inLanguage":"en-US","potentialAction":[{"@type":"ReadAction","target":["https:\/\/www.visit-ulcinj.com\/blog\/2012\/12\/04\/pas-deshtimit-me-vedatin-argjentina-do-beje-duet-me-florin\/"]}]},{"@type":"BreadcrumbList","@id":"https:\/\/www.visit-ulcinj.com\/blog\/2012\/12\/04\/pas-deshtimit-me-vedatin-argjentina-do-beje-duet-me-florin\/#breadcrumb","itemListElement":[{"@type":"ListItem","position":1,"name":"Pas d\u00ebshtimit me Vedatin, Argjentina do b\u00ebj\u00eb duet me Florin"}]},{"@type":"Person","@id":"https:\/\/www.visit-ulcinj.com\/blog\/#\/schema\/person\/dcab619c614d3038751c63bc2aadc06d","name":"ulqini","sameAs":["http:\/\/www.visit-ulcinj.com"],"url":"https:\/\/www.visit-ulcinj.com\/blog\/author\/admin\/"}]}},"jetpack_featured_media_url":"","jetpack_sharing_enabled":true,"jetpack_shortlink":"https:\/\/wp.me\/pe6lTn-hhM","_links":{"self":[{"href":"https:\/\/www.visit-ulcinj.com\/blog\/wp-json\/wp\/v2\/posts\/66450"}],"collection":[{"href":"https:\/\/www.visit-ulcinj.com\/blog\/wp-json\/wp\/v2\/posts"}],"about":[{"href":"https:\/\/www.visit-ulcinj.com\/blog\/wp-json\/wp\/v2\/types\/post"}],"author":[{"embeddable":true,"href":"https:\/\/www.visit-ulcinj.com\/blog\/wp-json\/wp\/v2\/users\/1"}],"replies":[{"embeddable":true,"href":"https:\/\/www.visit-ulcinj.com\/blog\/wp-json\/wp\/v2\/comments?post=66450"}],"version-history":[{"count":1,"href":"https:\/\/www.visit-ulcinj.com\/blog\/wp-json\/wp\/v2\/posts\/66450\/revisions"}],"predecessor-version":[{"id":66452,"href":"https:\/\/www.visit-ulcinj.com\/blog\/wp-json\/wp\/v2\/posts\/66450\/revisions\/66452"}],"wp:attachment":[{"href":"https:\/\/www.visit-ulcinj.com\/blog\/wp-json\/wp\/v2\/media?parent=66450"}],"wp:term":[{"taxonomy":"category","embeddable":true,"href":"https:\/\/www.visit-ulcinj.com\/blog\/wp-json\/wp\/v2\/categories?post=66450"},{"taxonomy":"post_tag","embeddable":true,"href":"https:\/\/www.visit-ulcinj.com\/blog\/wp-json\/wp\/v2\/tags?post=66450"}],"curies":[{"name":"wp","href":"https:\/\/api.w.org\/{rel}","templated":true}]}}