{"id":66456,"date":"2012-12-04T09:06:13","date_gmt":"2012-12-04T08:06:13","guid":{"rendered":"http:\/\/www.visit-ulcinj.com\/blog\/?p=66456"},"modified":"2012-12-04T09:06:13","modified_gmt":"2012-12-04T08:06:13","slug":"pirro-i-shmanget-zhurmes-se-koncertit-te-inves-100-vjetorin-e-feston-jashte","status":"publish","type":"post","link":"https:\/\/www.visit-ulcinj.com\/blog\/2012\/12\/04\/pirro-i-shmanget-zhurmes-se-koncertit-te-inves-100-vjetorin-e-feston-jashte\/","title":{"rendered":"Pirro i shmanget zhurm\u00ebs s\u00eb koncertit t\u00eb Inv\u00ebs, 100-vjetorin e feston jasht\u00eb"},"content":{"rendered":"<p>T\u00eb ndar\u00eb, q\u00eb bashkohen n\u00eb nj\u00eb eveniment n\u00eb karrierat e tyre muzikore. Kan\u00eb publikuar albumet e tyre n\u00eb t\u00eb nj\u00ebjt\u00ebn dit\u00eb, pik\u00ebrisht n\u00eb k\u00ebt\u00eb 100-vjetor Pavar\u00ebsie p\u00ebr Shqip\u00ebrin\u00eb. T\u00eb dyja albumet jan\u00eb publikuar nga \u201cSupersonic\u201d, q\u00eb do t\u00eb thot\u00eb se dy ish-bashk\u00ebshort\u00ebt kan\u00eb qen\u00eb n\u00eb dijeni t\u00eb albumit m\u00eb t\u00eb ri t\u00eb secilit. Ndoshta n\u00eb k\u00ebt\u00eb rast jan\u00eb bashkuar t\u00eb dy n\u00eb iden\u00eb, q\u00eb p\u00ebr t\u00eb b\u00ebr\u00eb edhe m\u00eb shum\u00eb buj\u00eb, ata t\u00eb mund t\u2019i publikonin n\u00eb nj\u00eb dit\u00eb albumet e reja, n\u00eb m\u00ebnyr\u00eb q\u00eb me k\u00ebt\u00eb rast t\u00eb flitej m\u00eb shum\u00eb p\u00ebr ta, dhe kjo t\u00eb ndikoj\u00eb direkt n\u00eb shitjet e albumeve q\u00eb tashm\u00eb jan\u00eb n\u00eb treg.<\/p>\n<p><a href=\"http:\/\/www.visit-ulcinj.com\/blog\/wp-content\/uploads\/2012\/12\/pirrocako.jpg\"><img loading=\"lazy\" class=\"alignleft  wp-image-66457\" title=\"pirrocako\" src=\"http:\/\/www.visit-ulcinj.com\/blog\/wp-content\/uploads\/2012\/12\/pirrocako.jpg\" alt=\"\" width=\"508\" height=\"360\" \/><\/a><\/p>\n<p>Disa site online e kan\u00eb cil\u00ebsuar rast\u00ebsi dhe t\u00eb tjer\u00eb \u201ct\u00eb q\u00ebllimt\u00eb\u201d faktin q\u00eb Pirro \u00c7ako promovon albumin e tij dhe klipin \u201cAshensor\u201d n\u00eb t\u00eb nj\u00ebjt\u00ebn dit\u00eb me ish-bashk\u00ebshorten e tij Inva Mula, nga martesa me t\u00eb cil\u00ebn ka dhe nj\u00eb djal\u00eb me emrin, Anthony. Kantautori i mir\u00ebnjohur, Pirro \u00c7ako, publikon albumin e tij m\u00eb t\u00eb fundit \u201cAshensor\u201d, t\u00eb shoq\u00ebruar me klipin me k\u00ebt\u00eb titull, nj\u00eb fabul dashurie, ku Pirro flet p\u00ebr dashurin\u00eb e v\u00ebrtet\u00eb q\u00eb \u00ebsht\u00eb duke jetuar. Nuk dihet ende sa doza t\u00eb v\u00ebrteta ka nga jeta e tij e momentit, nd\u00ebrkoh\u00eb q\u00eb sht\u00ebpia diskografike \u201cSupersonic\u201d ka nxjerr\u00eb k\u00ebt\u00eb album n\u00eb t\u00eb gjitha pikat e shitjes s\u00eb CD-ve dhe t\u00eb gjitha dyqanet virtuale.<\/p>\n<p>Promovimin e albumit Pirro \u00c7ako e ka b\u00ebr\u00eb n\u00eb studion e emisionit \u201cE diela Shqiptare\u201d, ku prezantoi dhe klipin. Nga ana tjet\u00ebr, Inva Mula e martuar me Et\u2019hem Ramadanin dhe me t\u00eb cilin ka dhe nj\u00eb vajz\u00eb, ka promovuar albumin e saj \u201cP\u00ebr ty atdhe\u201d si nj\u00eb dhurat\u00eb dedikuar 100- vjetorit. Pirro ka preferuar q\u00eb t\u00eb mos q\u00ebndroj\u00eb n\u00eb Tiran\u00eb nat\u00ebn e koncertit madh\u00ebshtor \u201cRrug\u00ebtimi i kombit\u201d t\u00eb Inva Mul\u00ebs n\u00eb Pallatin e Kongreseve, ku k\u00ebnduan emra t\u00eb m\u00ebdhenj t\u00eb muzik\u00ebs lirike shqiptare. E veshur me ngjyrat komb\u00ebtare e motive popullore, sopranoja e madhe erdhi shum\u00eb natyrsh\u00ebm p\u00ebr publikun e zgjedhur edhe n\u00eb pozicionin e prezantueses. N\u00eb sall\u00ebn e koncertit ishin t\u00eb pranish\u00ebm edhe krer\u00ebt m\u00eb t\u00eb lart\u00eb t\u00eb shtetit shqiptar.<\/p>\n<p>PanoramaPlus<\/p>\n<p><iframe loading=\"lazy\" width=\"508\" height=\"360\" src=\"http:\/\/www.youtube.com\/embed\/j6H3kNxMFAc?rel=0\" frameborder=\"0\" allowfullscreen><\/iframe><\/p>\n","protected":false},"excerpt":{"rendered":"<p>T\u00eb ndar\u00eb, q\u00eb bashkohen n\u00eb nj\u00eb eveniment n\u00eb karrierat e tyre muzikore. Kan\u00eb publikuar albumet e tyre n\u00eb t\u00eb nj\u00ebjt\u00ebn dit\u00eb, pik\u00ebrisht n\u00eb k\u00ebt\u00eb 100-vjetor Pavar\u00ebsie p\u00ebr Shqip\u00ebrin\u00eb. T\u00eb dyja albumet jan\u00eb publikuar nga \u201cSupersonic\u201d, q\u00eb do t\u00eb thot\u00eb se dy ish-bashk\u00ebshort\u00ebt kan\u00eb qen\u00eb n\u00eb dijeni t\u00eb albumit m\u00eb t\u00eb ri t\u00eb secilit. Ndoshta n\u00eb [&hellip;]<\/p>\n","protected":false},"author":1,"featured_media":0,"comment_status":"open","ping_status":"closed","sticky":false,"template":"","format":"standard","meta":{"spay_email":"","jetpack_publicize_message":"","jetpack_is_tweetstorm":false,"jetpack_publicize_feature_enabled":true},"categories":[1],"tags":[19677,19806,16036,19514,19511,7419,6693,4684,19460],"jetpack_publicize_connections":[],"yoast_head":"<!-- This site is optimized with the Yoast SEO plugin v19.1 - https:\/\/yoast.com\/wordpress\/plugins\/seo\/ -->\n<title>Pirro i shmanget zhurm\u00ebs s\u00eb koncertit t\u00eb Inv\u00ebs, 100-vjetorin e feston jasht\u00eb - Lajme nga Ulqini<\/title>\n<meta name=\"description\" content=\"T\u00eb ndar\u00eb, q\u00eb bashkohen n\u00eb nj\u00eb eveniment n\u00eb karrierat e tyre muzikore. Kan\u00eb publikuar albumet e tyre n\u00eb t\u00eb nj\u00ebjt\u00ebn dit\u00eb, pik\u00ebrisht n\u00eb k\u00ebt\u00eb 100-vjetor\" \/>\n<meta name=\"robots\" content=\"index, follow, max-snippet:-1, max-image-preview:large, max-video-preview:-1\" \/>\n<link rel=\"canonical\" href=\"https:\/\/www.visit-ulcinj.com\/blog\/2012\/12\/04\/pirro-i-shmanget-zhurmes-se-koncertit-te-inves-100-vjetorin-e-feston-jashte\/\" \/>\n<meta property=\"og:locale\" content=\"en_US\" \/>\n<meta property=\"og:type\" content=\"article\" \/>\n<meta property=\"og:title\" content=\"Pirro i shmanget zhurm\u00ebs s\u00eb koncertit t\u00eb Inv\u00ebs, 100-vjetorin e feston jasht\u00eb - Lajme nga Ulqini\" \/>\n<meta property=\"og:description\" content=\"T\u00eb ndar\u00eb, q\u00eb bashkohen n\u00eb nj\u00eb eveniment n\u00eb karrierat e tyre muzikore. Kan\u00eb publikuar albumet e tyre n\u00eb t\u00eb nj\u00ebjt\u00ebn dit\u00eb, pik\u00ebrisht n\u00eb k\u00ebt\u00eb 100-vjetor\" \/>\n<meta property=\"og:url\" content=\"https:\/\/www.visit-ulcinj.com\/blog\/2012\/12\/04\/pirro-i-shmanget-zhurmes-se-koncertit-te-inves-100-vjetorin-e-feston-jashte\/\" \/>\n<meta property=\"og:site_name\" content=\"Lajme nga Ulqini\" \/>\n<meta property=\"article:published_time\" content=\"2012-12-04T08:06:13+00:00\" \/>\n<meta property=\"og:image\" content=\"http:\/\/www.visit-ulcinj.com\/blog\/wp-content\/uploads\/2012\/12\/pirrocako.jpg\" \/>\n<meta name=\"twitter:label1\" content=\"Written by\" \/>\n\t<meta name=\"twitter:data1\" content=\"ulqini\" \/>\n\t<meta name=\"twitter:label2\" content=\"Est. reading time\" \/>\n\t<meta name=\"twitter:data2\" content=\"2 minutes\" \/>\n<script type=\"application\/ld+json\" class=\"yoast-schema-graph\">{\"@context\":\"https:\/\/schema.org\",\"@graph\":[{\"@type\":\"WebSite\",\"@id\":\"https:\/\/www.visit-ulcinj.com\/blog\/#website\",\"url\":\"https:\/\/www.visit-ulcinj.com\/blog\/\",\"name\":\"Lajme nga Ulqini\",\"description\":\"Lajme,Vijesti,Ulqini,Ulqin,Crna Gora,Mali i Zi\",\"potentialAction\":[{\"@type\":\"SearchAction\",\"target\":{\"@type\":\"EntryPoint\",\"urlTemplate\":\"https:\/\/www.visit-ulcinj.com\/blog\/?s={search_term_string}\"},\"query-input\":\"required name=search_term_string\"}],\"inLanguage\":\"en-US\"},{\"@type\":\"ImageObject\",\"inLanguage\":\"en-US\",\"@id\":\"https:\/\/www.visit-ulcinj.com\/blog\/2012\/12\/04\/pirro-i-shmanget-zhurmes-se-koncertit-te-inves-100-vjetorin-e-feston-jashte\/#primaryimage\",\"url\":\"http:\/\/www.visit-ulcinj.com\/blog\/wp-content\/uploads\/2012\/12\/pirrocako.jpg\",\"contentUrl\":\"http:\/\/www.visit-ulcinj.com\/blog\/wp-content\/uploads\/2012\/12\/pirrocako.jpg\"},{\"@type\":\"WebPage\",\"@id\":\"https:\/\/www.visit-ulcinj.com\/blog\/2012\/12\/04\/pirro-i-shmanget-zhurmes-se-koncertit-te-inves-100-vjetorin-e-feston-jashte\/#webpage\",\"url\":\"https:\/\/www.visit-ulcinj.com\/blog\/2012\/12\/04\/pirro-i-shmanget-zhurmes-se-koncertit-te-inves-100-vjetorin-e-feston-jashte\/\",\"name\":\"Pirro i shmanget zhurm\u00ebs s\u00eb koncertit t\u00eb Inv\u00ebs, 100-vjetorin e feston jasht\u00eb - Lajme nga Ulqini\",\"isPartOf\":{\"@id\":\"https:\/\/www.visit-ulcinj.com\/blog\/#website\"},\"primaryImageOfPage\":{\"@id\":\"https:\/\/www.visit-ulcinj.com\/blog\/2012\/12\/04\/pirro-i-shmanget-zhurmes-se-koncertit-te-inves-100-vjetorin-e-feston-jashte\/#primaryimage\"},\"datePublished\":\"2012-12-04T08:06:13+00:00\",\"dateModified\":\"2012-12-04T08:06:13+00:00\",\"author\":{\"@id\":\"https:\/\/www.visit-ulcinj.com\/blog\/#\/schema\/person\/dcab619c614d3038751c63bc2aadc06d\"},\"description\":\"T\u00eb ndar\u00eb, q\u00eb bashkohen n\u00eb nj\u00eb eveniment n\u00eb karrierat e tyre muzikore. Kan\u00eb publikuar albumet e tyre n\u00eb t\u00eb nj\u00ebjt\u00ebn dit\u00eb, pik\u00ebrisht n\u00eb k\u00ebt\u00eb 100-vjetor\",\"breadcrumb\":{\"@id\":\"https:\/\/www.visit-ulcinj.com\/blog\/2012\/12\/04\/pirro-i-shmanget-zhurmes-se-koncertit-te-inves-100-vjetorin-e-feston-jashte\/#breadcrumb\"},\"inLanguage\":\"en-US\",\"potentialAction\":[{\"@type\":\"ReadAction\",\"target\":[\"https:\/\/www.visit-ulcinj.com\/blog\/2012\/12\/04\/pirro-i-shmanget-zhurmes-se-koncertit-te-inves-100-vjetorin-e-feston-jashte\/\"]}]},{\"@type\":\"BreadcrumbList\",\"@id\":\"https:\/\/www.visit-ulcinj.com\/blog\/2012\/12\/04\/pirro-i-shmanget-zhurmes-se-koncertit-te-inves-100-vjetorin-e-feston-jashte\/#breadcrumb\",\"itemListElement\":[{\"@type\":\"ListItem\",\"position\":1,\"name\":\"Pirro i shmanget zhurm\u00ebs s\u00eb koncertit t\u00eb Inv\u00ebs, 100-vjetorin e feston jasht\u00eb\"}]},{\"@type\":\"Person\",\"@id\":\"https:\/\/www.visit-ulcinj.com\/blog\/#\/schema\/person\/dcab619c614d3038751c63bc2aadc06d\",\"name\":\"ulqini\",\"sameAs\":[\"http:\/\/www.visit-ulcinj.com\"],\"url\":\"https:\/\/www.visit-ulcinj.com\/blog\/author\/admin\/\"}]}<\/script>\n<!-- \/ Yoast SEO plugin. -->","yoast_head_json":{"title":"Pirro i shmanget zhurm\u00ebs s\u00eb koncertit t\u00eb Inv\u00ebs, 100-vjetorin e feston jasht\u00eb - Lajme nga Ulqini","description":"T\u00eb ndar\u00eb, q\u00eb bashkohen n\u00eb nj\u00eb eveniment n\u00eb karrierat e tyre muzikore. Kan\u00eb publikuar albumet e tyre n\u00eb t\u00eb nj\u00ebjt\u00ebn dit\u00eb, pik\u00ebrisht n\u00eb k\u00ebt\u00eb 100-vjetor","robots":{"index":"index","follow":"follow","max-snippet":"max-snippet:-1","max-image-preview":"max-image-preview:large","max-video-preview":"max-video-preview:-1"},"canonical":"https:\/\/www.visit-ulcinj.com\/blog\/2012\/12\/04\/pirro-i-shmanget-zhurmes-se-koncertit-te-inves-100-vjetorin-e-feston-jashte\/","og_locale":"en_US","og_type":"article","og_title":"Pirro i shmanget zhurm\u00ebs s\u00eb koncertit t\u00eb Inv\u00ebs, 100-vjetorin e feston jasht\u00eb - Lajme nga Ulqini","og_description":"T\u00eb ndar\u00eb, q\u00eb bashkohen n\u00eb nj\u00eb eveniment n\u00eb karrierat e tyre muzikore. Kan\u00eb publikuar albumet e tyre n\u00eb t\u00eb nj\u00ebjt\u00ebn dit\u00eb, pik\u00ebrisht n\u00eb k\u00ebt\u00eb 100-vjetor","og_url":"https:\/\/www.visit-ulcinj.com\/blog\/2012\/12\/04\/pirro-i-shmanget-zhurmes-se-koncertit-te-inves-100-vjetorin-e-feston-jashte\/","og_site_name":"Lajme nga Ulqini","article_published_time":"2012-12-04T08:06:13+00:00","og_image":[{"url":"http:\/\/www.visit-ulcinj.com\/blog\/wp-content\/uploads\/2012\/12\/pirrocako.jpg"}],"twitter_misc":{"Written by":"ulqini","Est. reading time":"2 minutes"},"schema":{"@context":"https:\/\/schema.org","@graph":[{"@type":"WebSite","@id":"https:\/\/www.visit-ulcinj.com\/blog\/#website","url":"https:\/\/www.visit-ulcinj.com\/blog\/","name":"Lajme nga Ulqini","description":"Lajme,Vijesti,Ulqini,Ulqin,Crna Gora,Mali i Zi","potentialAction":[{"@type":"SearchAction","target":{"@type":"EntryPoint","urlTemplate":"https:\/\/www.visit-ulcinj.com\/blog\/?s={search_term_string}"},"query-input":"required name=search_term_string"}],"inLanguage":"en-US"},{"@type":"ImageObject","inLanguage":"en-US","@id":"https:\/\/www.visit-ulcinj.com\/blog\/2012\/12\/04\/pirro-i-shmanget-zhurmes-se-koncertit-te-inves-100-vjetorin-e-feston-jashte\/#primaryimage","url":"http:\/\/www.visit-ulcinj.com\/blog\/wp-content\/uploads\/2012\/12\/pirrocako.jpg","contentUrl":"http:\/\/www.visit-ulcinj.com\/blog\/wp-content\/uploads\/2012\/12\/pirrocako.jpg"},{"@type":"WebPage","@id":"https:\/\/www.visit-ulcinj.com\/blog\/2012\/12\/04\/pirro-i-shmanget-zhurmes-se-koncertit-te-inves-100-vjetorin-e-feston-jashte\/#webpage","url":"https:\/\/www.visit-ulcinj.com\/blog\/2012\/12\/04\/pirro-i-shmanget-zhurmes-se-koncertit-te-inves-100-vjetorin-e-feston-jashte\/","name":"Pirro i shmanget zhurm\u00ebs s\u00eb koncertit t\u00eb Inv\u00ebs, 100-vjetorin e feston jasht\u00eb - Lajme nga Ulqini","isPartOf":{"@id":"https:\/\/www.visit-ulcinj.com\/blog\/#website"},"primaryImageOfPage":{"@id":"https:\/\/www.visit-ulcinj.com\/blog\/2012\/12\/04\/pirro-i-shmanget-zhurmes-se-koncertit-te-inves-100-vjetorin-e-feston-jashte\/#primaryimage"},"datePublished":"2012-12-04T08:06:13+00:00","dateModified":"2012-12-04T08:06:13+00:00","author":{"@id":"https:\/\/www.visit-ulcinj.com\/blog\/#\/schema\/person\/dcab619c614d3038751c63bc2aadc06d"},"description":"T\u00eb ndar\u00eb, q\u00eb bashkohen n\u00eb nj\u00eb eveniment n\u00eb karrierat e tyre muzikore. Kan\u00eb publikuar albumet e tyre n\u00eb t\u00eb nj\u00ebjt\u00ebn dit\u00eb, pik\u00ebrisht n\u00eb k\u00ebt\u00eb 100-vjetor","breadcrumb":{"@id":"https:\/\/www.visit-ulcinj.com\/blog\/2012\/12\/04\/pirro-i-shmanget-zhurmes-se-koncertit-te-inves-100-vjetorin-e-feston-jashte\/#breadcrumb"},"inLanguage":"en-US","potentialAction":[{"@type":"ReadAction","target":["https:\/\/www.visit-ulcinj.com\/blog\/2012\/12\/04\/pirro-i-shmanget-zhurmes-se-koncertit-te-inves-100-vjetorin-e-feston-jashte\/"]}]},{"@type":"BreadcrumbList","@id":"https:\/\/www.visit-ulcinj.com\/blog\/2012\/12\/04\/pirro-i-shmanget-zhurmes-se-koncertit-te-inves-100-vjetorin-e-feston-jashte\/#breadcrumb","itemListElement":[{"@type":"ListItem","position":1,"name":"Pirro i shmanget zhurm\u00ebs s\u00eb koncertit t\u00eb Inv\u00ebs, 100-vjetorin e feston jasht\u00eb"}]},{"@type":"Person","@id":"https:\/\/www.visit-ulcinj.com\/blog\/#\/schema\/person\/dcab619c614d3038751c63bc2aadc06d","name":"ulqini","sameAs":["http:\/\/www.visit-ulcinj.com"],"url":"https:\/\/www.visit-ulcinj.com\/blog\/author\/admin\/"}]}},"jetpack_featured_media_url":"","jetpack_sharing_enabled":true,"jetpack_shortlink":"https:\/\/wp.me\/pe6lTn-hhS","_links":{"self":[{"href":"https:\/\/www.visit-ulcinj.com\/blog\/wp-json\/wp\/v2\/posts\/66456"}],"collection":[{"href":"https:\/\/www.visit-ulcinj.com\/blog\/wp-json\/wp\/v2\/posts"}],"about":[{"href":"https:\/\/www.visit-ulcinj.com\/blog\/wp-json\/wp\/v2\/types\/post"}],"author":[{"embeddable":true,"href":"https:\/\/www.visit-ulcinj.com\/blog\/wp-json\/wp\/v2\/users\/1"}],"replies":[{"embeddable":true,"href":"https:\/\/www.visit-ulcinj.com\/blog\/wp-json\/wp\/v2\/comments?post=66456"}],"version-history":[{"count":1,"href":"https:\/\/www.visit-ulcinj.com\/blog\/wp-json\/wp\/v2\/posts\/66456\/revisions"}],"predecessor-version":[{"id":66458,"href":"https:\/\/www.visit-ulcinj.com\/blog\/wp-json\/wp\/v2\/posts\/66456\/revisions\/66458"}],"wp:attachment":[{"href":"https:\/\/www.visit-ulcinj.com\/blog\/wp-json\/wp\/v2\/media?parent=66456"}],"wp:term":[{"taxonomy":"category","embeddable":true,"href":"https:\/\/www.visit-ulcinj.com\/blog\/wp-json\/wp\/v2\/categories?post=66456"},{"taxonomy":"post_tag","embeddable":true,"href":"https:\/\/www.visit-ulcinj.com\/blog\/wp-json\/wp\/v2\/tags?post=66456"}],"curies":[{"name":"wp","href":"https:\/\/api.w.org\/{rel}","templated":true}]}}