{"id":66459,"date":"2012-12-04T09:18:14","date_gmt":"2012-12-04T08:18:14","guid":{"rendered":"http:\/\/www.visit-ulcinj.com\/blog\/?p=66459"},"modified":"2012-12-04T09:18:14","modified_gmt":"2012-12-04T08:18:14","slug":"aferdita-dreshaj-koha-para-dhe-pas-babait-tim","status":"publish","type":"post","link":"https:\/\/www.visit-ulcinj.com\/blog\/2012\/12\/04\/aferdita-dreshaj-koha-para-dhe-pas-babait-tim\/","title":{"rendered":"Af\u00ebrdita Dreshaj: Koha para dhe pas babait tim"},"content":{"rendered":"<p><a href=\"http:\/\/www.visit-ulcinj.com\/blog\/wp-content\/uploads\/2012\/12\/aferditadreshaj.jpg\"><img loading=\"lazy\" class=\"alignleft  wp-image-66460\" title=\"aferditadreshaj\" src=\"http:\/\/www.visit-ulcinj.com\/blog\/wp-content\/uploads\/2012\/12\/aferditadreshaj.jpg\" alt=\"\" width=\"350\" height=\"450\" \/><\/a>Kujtimet m\u00eb t\u00eb bukura i p\u00ebrkasin koh\u00ebs kur babai i saj ishte akoma n\u00eb k\u00ebt\u00eb jet\u00eb. Ato m\u00eb t\u00eb hidhurat, pasi ai nuk jetonte m\u00eb. Ndaj tani gjith\u00e7ka duket se e ndan me t\u00eb \u00ebm\u00ebn, q\u00eb \u00ebsht\u00eb dhe i vetmi ditar i gjith\u00eb sekreteve t\u00eb saj. Disa prej t\u00eb cilave, Af\u00ebrdita Dreshaj i rr\u00ebfen n\u00eb k\u00ebt\u00eb pyet\u00ebsor\u2026 ku edhe Shpati ka sigurisht vendin e tij.<\/p>\n<p><strong>Cili \u00ebsht\u00eb m\u00ebngjesi yt rutin\u00eb?<\/strong><br \/>\nZgjohem dhe gj\u00ebja e par\u00eb q\u00eb b\u00ebj marr telefonin, shoh mesazhet dhe thirrjet e humbura, shoh e-mailin, iu p\u00ebrgjigjem gj\u00ebrave urgjente \u2026pastaj m\u00eb pret kafja q\u00eb m\u00eb b\u00ebn mami.\u00a0<strong>\u00a0<\/strong><\/p>\n<p><strong>Cili do t\u00eb ishte m\u00ebngjesi yt ideal?<\/strong><br \/>\nOm\u00eblet\u00eb vegjetariane, ose corn flakes.<strong><br \/>\nJasht\u00eb sht\u00ebpis\u00eb, cili \u00ebsht\u00eb vendi i preferuar p\u00ebr kafen e m\u00ebngjesit?<\/strong><br \/>\nStarbucks.<strong><br \/>\nMe k\u00eb d\u00ebshiron t\u00eb jesh n\u00eb k\u00ebt\u00eb gjerbje kafeje m\u00ebngjesi?<\/strong><br \/>\nMe mamin, motr\u00ebn, v\u00ebllain dhe Shpatin.<strong><br \/>\nA t\u00eb p\u00eblqen puna q\u00eb b\u00ebn, profesioni q\u00eb ke?\u00a0<\/strong><br \/>\nE dashuroj\u2026<strong><br \/>\nA u devijon shpesh detyrimeve apo afateve ditore q\u00eb ke?<\/strong><br \/>\nNdonj\u00ebher\u00eb.<strong><br \/>\nCila \u00ebsht\u00eb \u201cg\u00ebnjeshtra e bardh\u00eb\u201d m\u00eb e p\u00ebrdorur n\u00eb k\u00ebsi rastesh?<\/strong><br \/>\nIsha shum\u00eb e ngarkuar, por nuk \u00ebsht\u00eb g\u00ebnjesht\u00ebr.<strong><br \/>\nA je dembele? N\u00ebse po, kur t\u00eb ka kushtuar m\u00eb shum\u00eb ky dembeliz\u00ebm?<\/strong><br \/>\nAsnj\u00ebher\u00eb. Kurr\u00eb vet\u00ebm dembele nuk kam qen\u00eb.\u00a0<strong><br \/>\nKu t\u00eb z\u00eb dreka zakonisht?<\/strong><\/p>\n<p>Mundohem t\u00eb jem n\u00eb sht\u00ebpi, por t\u00eb shumt\u00ebn e rasteve duhet t\u00eb ha n\u00eb restorante.<strong><br \/>\nCilat jan\u00eb restorantet m\u00eb t\u00eb preferuara p\u00ebr drek\u00ebn t\u00ebnde?<\/strong><br \/>\nSushi, italian apo \u201cSofra e ariut\u201d.\u00a0<strong><br \/>\nFton apo t\u00eb ftojn\u00eb m\u00eb shpesh p\u00ebr dreka?<\/strong><br \/>\nM\u00eb ftojn\u00eb.\u00a0\u00a0<strong><br \/>\nA je kursimtare?<\/strong><br \/>\nJooo!!!\u00a0<strong><br \/>\nA ke n\u00eb rit gjumin, apo pushimin e drek\u00ebs?<\/strong><br \/>\nNuk b\u00ebj kurr\u00eb gjum\u00eb dit\u00ebn. Mami m\u00eb ka th\u00ebn\u00eb q\u00eb edhe kur kam qen\u00eb e vog\u00ebl ka pasur k\u00ebt\u00eb problem me mua. J<strong><br \/>\nKur ke qen\u00eb e vog\u00ebl, a ta kan\u00eb diktuar prind\u00ebrit pushimin e detyruar t\u00eb drek\u00ebs? B\u00ebje rrenga p\u00ebr t\u2019i shp\u00ebtuar?<\/strong><br \/>\nKam pasur babin profesor t\u00eb Gjuh\u00ebs Shqipe dhe ai \u00e7do her\u00eb ka qen\u00eb pran\u00eb meje p\u00ebr detyrat e p\u00ebr \u00e7do gj\u00eb, edhe p\u00ebr regjimin ditor. Pa diskutim m\u00eb \u00ebsht\u00eb dashur t\u2019i kem t\u00eb gjitha 10-ta n\u00eb shkoll\u00eb.\u00a0<strong><\/strong><\/p>\n<p><strong>\u00c7far\u00eb ke ruajtur q\u00eb nga f\u00ebmij\u00ebria?<\/strong><br \/>\nNgroht\u00ebsin\u00eb familjare q\u00eb kemi pasur dhe e kemi akoma\u2026dark\u00ebn q\u00eb ham\u00eb s\u00eb bashku, festat q\u00eb patjet\u00ebr duhet t\u00eb na z\u00ebn\u00eb bashk\u00eb, pavar\u00ebsisht sa larg jemi, si dhe m\u00ebngjesi i Krishtlindjes, duke hapur dhuratat q\u00eb kemi bler\u00eb p\u00ebr nj\u00ebri- tjetrin.<strong><br \/>\nCila \u00ebsht\u00eb koha q\u00eb mbart p\u00ebr ty kujtimet m\u00eb t\u00eb bukura?<\/strong><\/p>\n<p>Definitivisht koha kur babi im ishte akoma n\u00eb k\u00ebt\u00eb jet\u00eb.<strong><br \/>\nPo kujtimet e hidhura?<\/strong><br \/>\nKur ai u largua nga jeta.<strong><br \/>\n\u00c7\u2019ndodh me sekretet e tua? I rr\u00ebfen diku, i shkruan diku, i mban vet\u00ebm p\u00ebr vete\u2026? Ke mbajtur ditar?<\/strong><br \/>\nMami \u00ebsht\u00eb ditari i sekreteve, vet\u00ebm mami!<strong><br \/>\nN\u00eb m\u00ebngjes e gjen gjithmon\u00eb menj\u00ebher\u00eb at\u00eb q\u00eb k\u00ebrkon n\u00eb dollapin e rrobave?<\/strong><br \/>\nZakonisht po.<strong><br \/>\nCila \u00ebsht\u00eb ngjyra q\u00eb mbizot\u00ebron n\u00eb sht\u00ebpin\u00eb t\u00ebnde?<\/strong><br \/>\nPINK.\u00a0<strong><br \/>\nA ekziston nj\u00eb arom\u00eb t\u00eb cil\u00ebn ti e preferon p\u00ebr produkte kozmetike, ushqime t\u00eb paketuara, aromatizues ambienti apo makine?<\/strong><br \/>\nParfumi q\u00eb dashuroj p\u00ebr momentin \u00ebsht\u00eb \u2018Alien\u2019. Nd\u00ebrsa kur hyj n\u00eb sht\u00ebpi, kam shum\u00eb qejf kur ndjej er\u00ebn e pites q\u00eb gatuan mami.<strong><\/strong><\/p>\n<p><strong>\u00c7far\u00eb CD ke n\u00eb makin\u00eb?<\/strong><br \/>\nMomentalisht RITA ORA mbizot\u00ebron n\u00eb makin\u00ebn time.<strong><br \/>\n\u00c7far\u00eb muzike ke zile telefoni?<\/strong><br \/>\nIphone -normale<strong><br \/>\nA ke miq t\u00eb vjet\u00ebr? N\u00ebse po, a takoheni shpesh me ta?<\/strong><br \/>\nPo, kam shum\u00eb dhe \u00e7do her\u00eb q\u00eb jam n\u00eb Michigan kaloj koh\u00ebn e lir\u00eb me ta.<strong><\/strong><\/p>\n<p><strong>A je e hapur p\u00ebr miq\u00ebsi t\u00eb reja, apo duhet koh\u00eb e prova p\u00ebr t\u2019u b\u00ebr\u00eb mik i yti?<\/strong><br \/>\nDuhet koh\u00eb p\u00ebr t\u2019u hapur, ndoshta dhe nj\u00eb jet\u00eb.\u00a0<strong><br \/>\nKu rri zakonisht me miqt\u00eb?\u00a0<\/strong><br \/>\nDiku filluar nga sht\u00ebpia, n\u00eb kafe, restorante\u2026kinema etj<strong><br \/>\nN\u00eb \u00e7\u2019or\u00eb mbyllesh zakonisht n\u00eb sht\u00ebpi? Pra kur mbaron zakonisht dita jote?<\/strong><br \/>\nVaret nga puna. N\u00ebse kam koncert dita ime mbaron shum\u00eb von\u00eb, n\u00ebse kam<em>fotosesion<\/em>\u00a0mbaron n\u00eb dark\u00eb, rreth or\u00ebs 6 apo 7 maksimumi. Nd\u00ebrsa n\u00ebse kam<em>casting<\/em>\u00a0mbaron m\u00eb her\u00ebt.<strong><br \/>\nCila \u00ebsht\u00eb mbr\u00ebmja e zakonshme n\u00eb sht\u00ebpin\u00eb t\u00ebnde?<\/strong><br \/>\nN\u00eb dark\u00eb me mamin, v\u00ebllain dhe motr\u00ebn, pastaj nj\u00eb \u00e7aj dhe nj\u00eb film i bukur.<strong><\/strong><\/p>\n<p><strong>Po idealja, cila do t\u00eb ishte?<\/strong><br \/>\nE nj\u00ebjta.<strong><br \/>\nKur shkon p\u00ebr t\u00eb fjetur?<\/strong><br \/>\nNdodh q\u00eb shkoj n\u00eb 10:30, por ndodh q\u00eb shkoj dhe n\u00eb 4 t\u00eb m\u00ebngjesit.<strong><br \/>\nCila \u00ebsht\u00eb uniforma jote e gjumit?\u00a0<\/strong><br \/>\nVictorias secret! Asgj\u00eb m\u00eb shum\u00eb.\u00a0<strong><br \/>\nKush \u00ebsht\u00eb njeriu i fundit q\u00eb i thua \u201cNat\u00ebn e mir\u00eb dhe gjum\u00eb t\u00eb \u00ebmb\u00ebl\u201d?<\/strong><br \/>\nK\u00ebto muajt e fundit ka qen\u00eb motra, sepse ndajm\u00eb nj\u00eb krevat s\u00eb bashku. Jemi t\u00eb pandara.<\/p>\n<p>&nbsp;<\/p>\n<p><strong>Muzika<\/strong><\/p>\n<p>Momentalisht vet\u00ebm Rita Ora mbizot\u00ebron n\u00eb makin\u00ebn e saj, asnj\u00eb lloj muzike tjet\u00ebr.<\/p>\n<p><strong>N\u00eb gjum\u00eb<\/strong><\/p>\n<p>Victorias secret, dhe asgj\u00eb m\u00eb shum\u00eb nuk vlen p\u00ebr shtratin e saj.<\/p>\n<p><strong>Aromat<\/strong><\/p>\n<p>Parfumi q\u00eb dashuron p\u00ebr momentin \u00ebsht\u00eb \u201cAlien\u201d. Nd\u00ebrsa kur hyn n\u00eb sht\u00ebpi ka shum\u00eb qejf kur ndjen er\u00ebn e pites q\u00eb i gatuan mami.<\/p>\n<p>Gazeta MAPO<br \/>\n<iframe loading=\"lazy\" width=\"508\" height=\"360\" src=\"http:\/\/www.youtube.com\/embed\/ovDf3M9JHiI?rel=0\" frameborder=\"0\" allowfullscreen><\/iframe><\/p>\n","protected":false},"excerpt":{"rendered":"<p>Kujtimet m\u00eb t\u00eb bukura i p\u00ebrkasin koh\u00ebs kur babai i saj ishte akoma n\u00eb k\u00ebt\u00eb jet\u00eb. Ato m\u00eb t\u00eb hidhurat, pasi ai nuk jetonte m\u00eb. Ndaj tani gjith\u00e7ka duket se e ndan me t\u00eb \u00ebm\u00ebn, q\u00eb \u00ebsht\u00eb dhe i vetmi ditar i gjith\u00eb sekreteve t\u00eb saj. Disa prej t\u00eb cilave, Af\u00ebrdita Dreshaj i rr\u00ebfen n\u00eb [&hellip;]<\/p>\n","protected":false},"author":1,"featured_media":0,"comment_status":"open","ping_status":"closed","sticky":false,"template":"","format":"standard","meta":{"spay_email":"","jetpack_publicize_message":"","jetpack_is_tweetstorm":false,"jetpack_publicize_feature_enabled":true},"categories":[1],"tags":[6121,19677,19806,16036,8966,19514,19511,19513,19679,4684,19460],"jetpack_publicize_connections":[],"yoast_head":"<!-- This site is optimized with the Yoast SEO plugin v19.1 - https:\/\/yoast.com\/wordpress\/plugins\/seo\/ -->\n<title>Af\u00ebrdita Dreshaj: Koha para dhe pas babait tim - Lajme nga Ulqini<\/title>\n<meta name=\"description\" content=\"Kujtimet m\u00eb t\u00eb bukura i p\u00ebrkasin koh\u00ebs kur babai i saj ishte akoma n\u00eb k\u00ebt\u00eb jet\u00eb. Ato m\u00eb t\u00eb hidhurat, pasi ai nuk jetonte m\u00eb. Ndaj tani gjith\u00e7ka duket se e\" \/>\n<meta name=\"robots\" content=\"index, follow, max-snippet:-1, max-image-preview:large, max-video-preview:-1\" \/>\n<link rel=\"canonical\" href=\"https:\/\/www.visit-ulcinj.com\/blog\/2012\/12\/04\/aferdita-dreshaj-koha-para-dhe-pas-babait-tim\/\" \/>\n<meta property=\"og:locale\" content=\"en_US\" \/>\n<meta property=\"og:type\" content=\"article\" \/>\n<meta property=\"og:title\" content=\"Af\u00ebrdita Dreshaj: Koha para dhe pas babait tim - Lajme nga Ulqini\" \/>\n<meta property=\"og:description\" content=\"Kujtimet m\u00eb t\u00eb bukura i p\u00ebrkasin koh\u00ebs kur babai i saj ishte akoma n\u00eb k\u00ebt\u00eb jet\u00eb. Ato m\u00eb t\u00eb hidhurat, pasi ai nuk jetonte m\u00eb. Ndaj tani gjith\u00e7ka duket se e\" \/>\n<meta property=\"og:url\" content=\"https:\/\/www.visit-ulcinj.com\/blog\/2012\/12\/04\/aferdita-dreshaj-koha-para-dhe-pas-babait-tim\/\" \/>\n<meta property=\"og:site_name\" content=\"Lajme nga Ulqini\" \/>\n<meta property=\"article:published_time\" content=\"2012-12-04T08:18:14+00:00\" \/>\n<meta property=\"og:image\" content=\"http:\/\/www.visit-ulcinj.com\/blog\/wp-content\/uploads\/2012\/12\/aferditadreshaj.jpg\" \/>\n<meta name=\"twitter:label1\" content=\"Written by\" \/>\n\t<meta name=\"twitter:data1\" content=\"ulqini\" \/>\n\t<meta name=\"twitter:label2\" content=\"Est. reading time\" \/>\n\t<meta name=\"twitter:data2\" content=\"5 minutes\" \/>\n<script type=\"application\/ld+json\" class=\"yoast-schema-graph\">{\"@context\":\"https:\/\/schema.org\",\"@graph\":[{\"@type\":\"WebSite\",\"@id\":\"https:\/\/www.visit-ulcinj.com\/blog\/#website\",\"url\":\"https:\/\/www.visit-ulcinj.com\/blog\/\",\"name\":\"Lajme nga Ulqini\",\"description\":\"Lajme,Vijesti,Ulqini,Ulqin,Crna Gora,Mali i Zi\",\"potentialAction\":[{\"@type\":\"SearchAction\",\"target\":{\"@type\":\"EntryPoint\",\"urlTemplate\":\"https:\/\/www.visit-ulcinj.com\/blog\/?s={search_term_string}\"},\"query-input\":\"required name=search_term_string\"}],\"inLanguage\":\"en-US\"},{\"@type\":\"ImageObject\",\"inLanguage\":\"en-US\",\"@id\":\"https:\/\/www.visit-ulcinj.com\/blog\/2012\/12\/04\/aferdita-dreshaj-koha-para-dhe-pas-babait-tim\/#primaryimage\",\"url\":\"http:\/\/www.visit-ulcinj.com\/blog\/wp-content\/uploads\/2012\/12\/aferditadreshaj.jpg\",\"contentUrl\":\"http:\/\/www.visit-ulcinj.com\/blog\/wp-content\/uploads\/2012\/12\/aferditadreshaj.jpg\"},{\"@type\":\"WebPage\",\"@id\":\"https:\/\/www.visit-ulcinj.com\/blog\/2012\/12\/04\/aferdita-dreshaj-koha-para-dhe-pas-babait-tim\/#webpage\",\"url\":\"https:\/\/www.visit-ulcinj.com\/blog\/2012\/12\/04\/aferdita-dreshaj-koha-para-dhe-pas-babait-tim\/\",\"name\":\"Af\u00ebrdita Dreshaj: Koha para dhe pas babait tim - Lajme nga Ulqini\",\"isPartOf\":{\"@id\":\"https:\/\/www.visit-ulcinj.com\/blog\/#website\"},\"primaryImageOfPage\":{\"@id\":\"https:\/\/www.visit-ulcinj.com\/blog\/2012\/12\/04\/aferdita-dreshaj-koha-para-dhe-pas-babait-tim\/#primaryimage\"},\"datePublished\":\"2012-12-04T08:18:14+00:00\",\"dateModified\":\"2012-12-04T08:18:14+00:00\",\"author\":{\"@id\":\"https:\/\/www.visit-ulcinj.com\/blog\/#\/schema\/person\/dcab619c614d3038751c63bc2aadc06d\"},\"description\":\"Kujtimet m\u00eb t\u00eb bukura i p\u00ebrkasin koh\u00ebs kur babai i saj ishte akoma n\u00eb k\u00ebt\u00eb jet\u00eb. Ato m\u00eb t\u00eb hidhurat, pasi ai nuk jetonte m\u00eb. Ndaj tani gjith\u00e7ka duket se e\",\"breadcrumb\":{\"@id\":\"https:\/\/www.visit-ulcinj.com\/blog\/2012\/12\/04\/aferdita-dreshaj-koha-para-dhe-pas-babait-tim\/#breadcrumb\"},\"inLanguage\":\"en-US\",\"potentialAction\":[{\"@type\":\"ReadAction\",\"target\":[\"https:\/\/www.visit-ulcinj.com\/blog\/2012\/12\/04\/aferdita-dreshaj-koha-para-dhe-pas-babait-tim\/\"]}]},{\"@type\":\"BreadcrumbList\",\"@id\":\"https:\/\/www.visit-ulcinj.com\/blog\/2012\/12\/04\/aferdita-dreshaj-koha-para-dhe-pas-babait-tim\/#breadcrumb\",\"itemListElement\":[{\"@type\":\"ListItem\",\"position\":1,\"name\":\"Af\u00ebrdita Dreshaj: Koha para dhe pas babait tim\"}]},{\"@type\":\"Person\",\"@id\":\"https:\/\/www.visit-ulcinj.com\/blog\/#\/schema\/person\/dcab619c614d3038751c63bc2aadc06d\",\"name\":\"ulqini\",\"sameAs\":[\"http:\/\/www.visit-ulcinj.com\"],\"url\":\"https:\/\/www.visit-ulcinj.com\/blog\/author\/admin\/\"}]}<\/script>\n<!-- \/ Yoast SEO plugin. -->","yoast_head_json":{"title":"Af\u00ebrdita Dreshaj: Koha para dhe pas babait tim - Lajme nga Ulqini","description":"Kujtimet m\u00eb t\u00eb bukura i p\u00ebrkasin koh\u00ebs kur babai i saj ishte akoma n\u00eb k\u00ebt\u00eb jet\u00eb. Ato m\u00eb t\u00eb hidhurat, pasi ai nuk jetonte m\u00eb. Ndaj tani gjith\u00e7ka duket se e","robots":{"index":"index","follow":"follow","max-snippet":"max-snippet:-1","max-image-preview":"max-image-preview:large","max-video-preview":"max-video-preview:-1"},"canonical":"https:\/\/www.visit-ulcinj.com\/blog\/2012\/12\/04\/aferdita-dreshaj-koha-para-dhe-pas-babait-tim\/","og_locale":"en_US","og_type":"article","og_title":"Af\u00ebrdita Dreshaj: Koha para dhe pas babait tim - Lajme nga Ulqini","og_description":"Kujtimet m\u00eb t\u00eb bukura i p\u00ebrkasin koh\u00ebs kur babai i saj ishte akoma n\u00eb k\u00ebt\u00eb jet\u00eb. Ato m\u00eb t\u00eb hidhurat, pasi ai nuk jetonte m\u00eb. Ndaj tani gjith\u00e7ka duket se e","og_url":"https:\/\/www.visit-ulcinj.com\/blog\/2012\/12\/04\/aferdita-dreshaj-koha-para-dhe-pas-babait-tim\/","og_site_name":"Lajme nga Ulqini","article_published_time":"2012-12-04T08:18:14+00:00","og_image":[{"url":"http:\/\/www.visit-ulcinj.com\/blog\/wp-content\/uploads\/2012\/12\/aferditadreshaj.jpg"}],"twitter_misc":{"Written by":"ulqini","Est. reading time":"5 minutes"},"schema":{"@context":"https:\/\/schema.org","@graph":[{"@type":"WebSite","@id":"https:\/\/www.visit-ulcinj.com\/blog\/#website","url":"https:\/\/www.visit-ulcinj.com\/blog\/","name":"Lajme nga Ulqini","description":"Lajme,Vijesti,Ulqini,Ulqin,Crna Gora,Mali i Zi","potentialAction":[{"@type":"SearchAction","target":{"@type":"EntryPoint","urlTemplate":"https:\/\/www.visit-ulcinj.com\/blog\/?s={search_term_string}"},"query-input":"required name=search_term_string"}],"inLanguage":"en-US"},{"@type":"ImageObject","inLanguage":"en-US","@id":"https:\/\/www.visit-ulcinj.com\/blog\/2012\/12\/04\/aferdita-dreshaj-koha-para-dhe-pas-babait-tim\/#primaryimage","url":"http:\/\/www.visit-ulcinj.com\/blog\/wp-content\/uploads\/2012\/12\/aferditadreshaj.jpg","contentUrl":"http:\/\/www.visit-ulcinj.com\/blog\/wp-content\/uploads\/2012\/12\/aferditadreshaj.jpg"},{"@type":"WebPage","@id":"https:\/\/www.visit-ulcinj.com\/blog\/2012\/12\/04\/aferdita-dreshaj-koha-para-dhe-pas-babait-tim\/#webpage","url":"https:\/\/www.visit-ulcinj.com\/blog\/2012\/12\/04\/aferdita-dreshaj-koha-para-dhe-pas-babait-tim\/","name":"Af\u00ebrdita Dreshaj: Koha para dhe pas babait tim - Lajme nga Ulqini","isPartOf":{"@id":"https:\/\/www.visit-ulcinj.com\/blog\/#website"},"primaryImageOfPage":{"@id":"https:\/\/www.visit-ulcinj.com\/blog\/2012\/12\/04\/aferdita-dreshaj-koha-para-dhe-pas-babait-tim\/#primaryimage"},"datePublished":"2012-12-04T08:18:14+00:00","dateModified":"2012-12-04T08:18:14+00:00","author":{"@id":"https:\/\/www.visit-ulcinj.com\/blog\/#\/schema\/person\/dcab619c614d3038751c63bc2aadc06d"},"description":"Kujtimet m\u00eb t\u00eb bukura i p\u00ebrkasin koh\u00ebs kur babai i saj ishte akoma n\u00eb k\u00ebt\u00eb jet\u00eb. Ato m\u00eb t\u00eb hidhurat, pasi ai nuk jetonte m\u00eb. Ndaj tani gjith\u00e7ka duket se e","breadcrumb":{"@id":"https:\/\/www.visit-ulcinj.com\/blog\/2012\/12\/04\/aferdita-dreshaj-koha-para-dhe-pas-babait-tim\/#breadcrumb"},"inLanguage":"en-US","potentialAction":[{"@type":"ReadAction","target":["https:\/\/www.visit-ulcinj.com\/blog\/2012\/12\/04\/aferdita-dreshaj-koha-para-dhe-pas-babait-tim\/"]}]},{"@type":"BreadcrumbList","@id":"https:\/\/www.visit-ulcinj.com\/blog\/2012\/12\/04\/aferdita-dreshaj-koha-para-dhe-pas-babait-tim\/#breadcrumb","itemListElement":[{"@type":"ListItem","position":1,"name":"Af\u00ebrdita Dreshaj: Koha para dhe pas babait tim"}]},{"@type":"Person","@id":"https:\/\/www.visit-ulcinj.com\/blog\/#\/schema\/person\/dcab619c614d3038751c63bc2aadc06d","name":"ulqini","sameAs":["http:\/\/www.visit-ulcinj.com"],"url":"https:\/\/www.visit-ulcinj.com\/blog\/author\/admin\/"}]}},"jetpack_featured_media_url":"","jetpack_sharing_enabled":true,"jetpack_shortlink":"https:\/\/wp.me\/pe6lTn-hhV","_links":{"self":[{"href":"https:\/\/www.visit-ulcinj.com\/blog\/wp-json\/wp\/v2\/posts\/66459"}],"collection":[{"href":"https:\/\/www.visit-ulcinj.com\/blog\/wp-json\/wp\/v2\/posts"}],"about":[{"href":"https:\/\/www.visit-ulcinj.com\/blog\/wp-json\/wp\/v2\/types\/post"}],"author":[{"embeddable":true,"href":"https:\/\/www.visit-ulcinj.com\/blog\/wp-json\/wp\/v2\/users\/1"}],"replies":[{"embeddable":true,"href":"https:\/\/www.visit-ulcinj.com\/blog\/wp-json\/wp\/v2\/comments?post=66459"}],"version-history":[{"count":1,"href":"https:\/\/www.visit-ulcinj.com\/blog\/wp-json\/wp\/v2\/posts\/66459\/revisions"}],"predecessor-version":[{"id":66461,"href":"https:\/\/www.visit-ulcinj.com\/blog\/wp-json\/wp\/v2\/posts\/66459\/revisions\/66461"}],"wp:attachment":[{"href":"https:\/\/www.visit-ulcinj.com\/blog\/wp-json\/wp\/v2\/media?parent=66459"}],"wp:term":[{"taxonomy":"category","embeddable":true,"href":"https:\/\/www.visit-ulcinj.com\/blog\/wp-json\/wp\/v2\/categories?post=66459"},{"taxonomy":"post_tag","embeddable":true,"href":"https:\/\/www.visit-ulcinj.com\/blog\/wp-json\/wp\/v2\/tags?post=66459"}],"curies":[{"name":"wp","href":"https:\/\/api.w.org\/{rel}","templated":true}]}}