{"id":66462,"date":"2012-12-04T10:35:56","date_gmt":"2012-12-04T09:35:56","guid":{"rendered":"http:\/\/www.visit-ulcinj.com\/blog\/?p=66462"},"modified":"2012-12-04T10:35:56","modified_gmt":"2012-12-04T09:35:56","slug":"karate-ulqini-te-fuqishem-si-cdo-here","status":"publish","type":"post","link":"https:\/\/www.visit-ulcinj.com\/blog\/2012\/12\/04\/karate-ulqini-te-fuqishem-si-cdo-here\/","title":{"rendered":"Karate Ulqini t\u00eb fuqish\u00ebm si \u00e7do her\u00eb"},"content":{"rendered":"<p><strong><a href=\"http:\/\/www.visit-ulcinj.com\/blog\/wp-content\/uploads\/2012\/12\/Karate-Ulqini_Dita-e-Pavarsise-se-Shqiperise.jpg\"><img loading=\"lazy\" class=\"alignleft  wp-image-66463\" title=\"Karate Ulqini_Dita e Pavarsise se Shqiperise\" src=\"http:\/\/www.visit-ulcinj.com\/blog\/wp-content\/uploads\/2012\/12\/Karate-Ulqini_Dita-e-Pavarsise-se-Shqiperise.jpg\" alt=\"\" width=\"508\" height=\"360\" \/><\/a>Turneu i 13-te Mbarekombetare i karates\u00eb me rastin e Dites se Pavarsise se Shqiperise<\/strong><\/p>\n<p>P\u00ebrfaq\u00ebsuesja e Karateist\u00ebve Shqiptar\u00eb nga Mali i Zi, t\u00eb diel\u00ebn, m\u00eb 02 dhjetor 2012, n\u00eb Tiran\u00eb mori pjes\u00eb n\u00eb Kampionatin XIII Mbar\u00ebkomb\u00ebtar t\u00eb Karates\u00eb p\u00ebr Senior\u00eb, q\u00eb u organizua nga Federata shqiptare e Karates\u00eb e n\u00ebn patronatin e Ministris\u00eb s\u00eb Kultur\u00ebs, Rinis\u00eb dhe Sportit, p\u00ebr nder\u00eb t\u00eb dit\u00ebs s\u00eb flamurit ton\u00eb komb\u00ebtar dhe n\u00eb kuad\u00ebr t\u00eb festimeve t\u00eb 100 vjetorit t\u00eb Pavar\u00ebsis\u00eb s\u00eb shtetit shqiptar. P\u00ebrfaq\u00ebsuesja jon\u00eb n\u00eb k\u00ebt\u00eb turne mori pjes\u00eb me 11 garues. Garuesit e P\u00ebrfaq\u00ebsueses s\u00eb Karateist\u00ebve Shqiptar\u00eb nga Mali i Zi arrit\u00ebn t\u00eb fitojn\u00eb 12 medalje n\u00eb disiplinat ekipore dhe individuale: 4 medalje t\u00eb arta, 3 t\u00eb argjendta dhe 5 t\u00eb bronzta. Kampion\u00eb mbar\u00ebkomb\u00ebtar n\u00eb disiplin\u00ebn luft\u00ebra individuale u shpall\u00ebn Dardan Ceka -60kg dhe Nikoll Hoti -75kg, kurse kampion\u00eb n\u00eb disiplin\u00ebn kata ekipore u shpall\u00ebn ekipi i vajzave dhe ekipi i djemve. P\u00ebr ekipin e vajzave punuan Antigona Rama, Venesa Nuhi dhe Seida Suma, nd\u00ebrsa p\u00ebr ekipin e djem\u00ebve punuan Dardan Ceka, Edin Kraja dhe Lulzim Suma. N\u00ebnkampione i Kampionatit Mbar\u00ebkomb\u00ebtar u shpall Xheneta Vu\u00e7iq n\u00eb luft\u00ebra individuale -68kg. Po ashtu n\u00ebnkampion\u00eb u shpall\u00ebn dhe dy ekipet n\u00eb luft\u00ebra, vajzat dhe djemt\u00eb. Ekipi i vajzave ishte i p\u00ebrb\u00ebr\u00eb nga Seida Suma, Azra Lihari, Hantije Ibro\u00e7i dhe Xheneta Vu\u00e7iq, kurse ekipi i djemve nga Dardan Ceka, Nikoll Hoti dhe Allmir Hajdari. Me medalje t\u00eb bronzt\u00eb u kuror\u00ebzua Lulzim Suma (kata individuale), kurse n\u00eb luft\u00ebra individuale me medaljen e bronzt\u00eb u kuror\u00ebzua Seida Suma -68kg, Hantije Ibro\u00e7i +68kg, Azra Lihari +68kg dhe Allmir Hajdari +84kg. -Ky ishte edhe nj\u00eb sukses i madh i P\u00ebrfaq\u00ebsueses s\u00eb Karateist\u00ebve Shqiptar\u00eb nga Mali i Zi, pasi q\u00eb n\u00eb k\u00ebt\u00eb gar\u00eb mor\u00ebn pjes\u00eb garues elitar\u00eb nga mbar\u00eb trojet shqiptare t\u00eb gjenerat\u00ebs s\u00eb senior\u00ebve dhe ne u treguam t\u00eb fuqish\u00ebm si \u00e7do her\u00eb. Udh\u00ebheq\u00ebsit e P\u00ebrfaq\u00ebsueses fal\u00ebnderojn\u00eb Federat\u00ebn Shqiptare t\u00eb Karates\u00eb p\u00ebr organizimin e Kampionatit Mbar\u00ebkom\u00ebtar n\u00eb nj\u00eb nivel shum\u00eb t\u00eb lart\u00eb. Organizatori ndau edhe plaketa me logo t\u00eb 100-vjetorit t\u00eb Pavar\u00ebsis\u00eb p\u00ebr kontributin e dh\u00ebn\u00eb n\u00eb zhvillimin e sportit t\u00eb karates\u00eb n\u00eb mbar\u00eb trojet Shqiptare. Me k\u00ebt\u00eb plaket u nderuan edhe Skender Tahiri dhe Ruzhdi Rama. Me mir\u00ebnjohje u dekorua edhe trajneri Jasmin Hot dhe gjyqtari Naim Duraku.<\/p>\n<p><strong>Sh\u00ebrbimi informativ i P\u00ebrfaq\u00ebsueses s\u00eb Karateist\u00ebve Shqiptar\u00eb nga Mali i Zi<br \/>\n\n\t\t<style type=\"text\/css\">\n\t\t\t#gallery-1 {\n\t\t\t\tmargin: auto;\n\t\t\t}\n\t\t\t#gallery-1 .gallery-item {\n\t\t\t\tfloat: left;\n\t\t\t\tmargin-top: 10px;\n\t\t\t\ttext-align: center;\n\t\t\t\twidth: 33%;\n\t\t\t}\n\t\t\t#gallery-1 img {\n\t\t\t\tborder: 2px solid #cfcfcf;\n\t\t\t}\n\t\t\t#gallery-1 .gallery-caption {\n\t\t\t\tmargin-left: 0;\n\t\t\t}\n\t\t\t\/* see gallery_shortcode() in wp-includes\/media.php *\/\n\t\t<\/style>\n\t\t<div id='gallery-1' class='gallery galleryid-66462 gallery-columns-3 gallery-size-thumbnail'><dl class='gallery-item'>\n\t\t\t<dt class='gallery-icon landscape'>\n\t\t\t\t<a href='https:\/\/www.visit-ulcinj.com\/blog\/wp-content\/uploads\/2012\/12\/Karate-Ulqini_Dita-e-Pavarsise-se-Shqiperise.jpg'><img width=\"150\" height=\"150\" src=\"https:\/\/www.visit-ulcinj.com\/blog\/wp-content\/uploads\/2012\/12\/Karate-Ulqini_Dita-e-Pavarsise-se-Shqiperise-150x150.jpg\" class=\"attachment-thumbnail size-thumbnail\" alt=\"\" loading=\"lazy\" \/><\/a>\n\t\t\t<\/dt><\/dl><dl class='gallery-item'>\n\t\t\t<dt class='gallery-icon landscape'>\n\t\t\t\t<a href='https:\/\/www.visit-ulcinj.com\/blog\/wp-content\/uploads\/2012\/12\/Karate-Ulqini_Dita-e-Pavarsise-se-Shqiperise.1.jpg'><img width=\"150\" height=\"150\" src=\"https:\/\/www.visit-ulcinj.com\/blog\/wp-content\/uploads\/2012\/12\/Karate-Ulqini_Dita-e-Pavarsise-se-Shqiperise.1-150x150.jpg\" class=\"attachment-thumbnail size-thumbnail\" alt=\"\" loading=\"lazy\" \/><\/a>\n\t\t\t<\/dt><\/dl><dl class='gallery-item'>\n\t\t\t<dt class='gallery-icon portrait'>\n\t\t\t\t<a href='https:\/\/www.visit-ulcinj.com\/blog\/wp-content\/uploads\/2012\/12\/Karate-Ulqini_Dita-e-Pavarsise-se-Shqiperise.2.jpg'><img width=\"150\" height=\"150\" src=\"https:\/\/www.visit-ulcinj.com\/blog\/wp-content\/uploads\/2012\/12\/Karate-Ulqini_Dita-e-Pavarsise-se-Shqiperise.2-150x150.jpg\" class=\"attachment-thumbnail size-thumbnail\" alt=\"\" loading=\"lazy\" \/><\/a>\n\t\t\t<\/dt><\/dl><br style=\"clear: both\" \/><dl class='gallery-item'>\n\t\t\t<dt class='gallery-icon landscape'>\n\t\t\t\t<a href='https:\/\/www.visit-ulcinj.com\/blog\/wp-content\/uploads\/2012\/12\/Karate-Ulqini_Dita-e-Pavarsise-se-Shqiperise.3.jpg'><img width=\"150\" height=\"150\" src=\"https:\/\/www.visit-ulcinj.com\/blog\/wp-content\/uploads\/2012\/12\/Karate-Ulqini_Dita-e-Pavarsise-se-Shqiperise.3-150x150.jpg\" class=\"attachment-thumbnail size-thumbnail\" alt=\"\" loading=\"lazy\" \/><\/a>\n\t\t\t<\/dt><\/dl><dl class='gallery-item'>\n\t\t\t<dt class='gallery-icon portrait'>\n\t\t\t\t<a href='https:\/\/www.visit-ulcinj.com\/blog\/wp-content\/uploads\/2012\/12\/Karate-Ulqini_Dita-e-Pavarsise-se-Shqiperise.4.jpg'><img width=\"150\" height=\"150\" src=\"https:\/\/www.visit-ulcinj.com\/blog\/wp-content\/uploads\/2012\/12\/Karate-Ulqini_Dita-e-Pavarsise-se-Shqiperise.4-150x150.jpg\" class=\"attachment-thumbnail size-thumbnail\" alt=\"\" loading=\"lazy\" \/><\/a>\n\t\t\t<\/dt><\/dl><dl class='gallery-item'>\n\t\t\t<dt class='gallery-icon landscape'>\n\t\t\t\t<a href='https:\/\/www.visit-ulcinj.com\/blog\/wp-content\/uploads\/2012\/12\/Karate-Ulqini_Dita-e-Pavarsise-se-Shqiperise.5.jpg'><img width=\"150\" height=\"150\" src=\"https:\/\/www.visit-ulcinj.com\/blog\/wp-content\/uploads\/2012\/12\/Karate-Ulqini_Dita-e-Pavarsise-se-Shqiperise.5-150x150.jpg\" class=\"attachment-thumbnail size-thumbnail\" alt=\"\" loading=\"lazy\" \/><\/a>\n\t\t\t<\/dt><\/dl><br style=\"clear: both\" \/><dl class='gallery-item'>\n\t\t\t<dt class='gallery-icon landscape'>\n\t\t\t\t<a href='https:\/\/www.visit-ulcinj.com\/blog\/wp-content\/uploads\/2012\/12\/Karate-Ulqini_Dita-e-Pavarsise-se-Shqiperise.6.jpg'><img width=\"150\" height=\"150\" src=\"https:\/\/www.visit-ulcinj.com\/blog\/wp-content\/uploads\/2012\/12\/Karate-Ulqini_Dita-e-Pavarsise-se-Shqiperise.6-150x150.jpg\" class=\"attachment-thumbnail size-thumbnail\" alt=\"\" loading=\"lazy\" \/><\/a>\n\t\t\t<\/dt><\/dl><dl class='gallery-item'>\n\t\t\t<dt class='gallery-icon landscape'>\n\t\t\t\t<a href='https:\/\/www.visit-ulcinj.com\/blog\/wp-content\/uploads\/2012\/12\/Karate-Ulqini_Dita-e-Pavarsise-se-Shqiperise.7.jpg'><img width=\"150\" height=\"150\" src=\"https:\/\/www.visit-ulcinj.com\/blog\/wp-content\/uploads\/2012\/12\/Karate-Ulqini_Dita-e-Pavarsise-se-Shqiperise.7-150x150.jpg\" class=\"attachment-thumbnail size-thumbnail\" alt=\"\" loading=\"lazy\" \/><\/a>\n\t\t\t<\/dt><\/dl><dl class='gallery-item'>\n\t\t\t<dt class='gallery-icon landscape'>\n\t\t\t\t<a href='https:\/\/www.visit-ulcinj.com\/blog\/wp-content\/uploads\/2012\/12\/Karate-Ulqini_Dita-e-Pavarsise-se-Shqiperise.8.jpg'><img width=\"150\" height=\"150\" src=\"https:\/\/www.visit-ulcinj.com\/blog\/wp-content\/uploads\/2012\/12\/Karate-Ulqini_Dita-e-Pavarsise-se-Shqiperise.8-150x150.jpg\" class=\"attachment-thumbnail size-thumbnail\" alt=\"\" loading=\"lazy\" \/><\/a>\n\t\t\t<\/dt><\/dl><br style=\"clear: both\" \/>\n\t\t<\/div>\n<br \/>\n<\/strong><\/p>\n","protected":false},"excerpt":{"rendered":"<p>Turneu i 13-te Mbarekombetare i karates\u00eb me rastin e Dites se Pavarsise se Shqiperise P\u00ebrfaq\u00ebsuesja e Karateist\u00ebve Shqiptar\u00eb nga Mali i Zi, t\u00eb diel\u00ebn, m\u00eb 02 dhjetor 2012, n\u00eb Tiran\u00eb mori pjes\u00eb n\u00eb Kampionatin XIII Mbar\u00ebkomb\u00ebtar t\u00eb Karates\u00eb p\u00ebr Senior\u00eb, q\u00eb u organizua nga Federata shqiptare e Karates\u00eb e n\u00ebn patronatin e Ministris\u00eb s\u00eb Kultur\u00ebs, [&hellip;]<\/p>\n","protected":false},"author":1,"featured_media":0,"comment_status":"open","ping_status":"closed","sticky":false,"template":"","format":"standard","meta":{"spay_email":"","jetpack_publicize_message":"","jetpack_is_tweetstorm":false,"jetpack_publicize_feature_enabled":true},"categories":[11],"tags":[5025,13956],"jetpack_publicize_connections":[],"yoast_head":"<!-- This site is optimized with the Yoast SEO plugin v19.1 - https:\/\/yoast.com\/wordpress\/plugins\/seo\/ -->\n<title>Karate Ulqini t\u00eb fuqish\u00ebm si \u00e7do her\u00eb - Lajme nga Ulqini<\/title>\n<meta name=\"description\" content=\"Turneu i 13-te Mbarekombetare i karates\u00eb me rastin e Dites se Pavarsise se Shqiperise P\u00ebrfaq\u00ebsuesja e Karateist\u00ebve Shqiptar\u00eb nga Mali i Zi, t\u00eb diel\u00ebn, m\u00eb\" \/>\n<meta name=\"robots\" content=\"index, follow, max-snippet:-1, max-image-preview:large, max-video-preview:-1\" \/>\n<link rel=\"canonical\" href=\"https:\/\/www.visit-ulcinj.com\/blog\/2012\/12\/04\/karate-ulqini-te-fuqishem-si-cdo-here\/\" \/>\n<meta property=\"og:locale\" content=\"en_US\" \/>\n<meta property=\"og:type\" content=\"article\" \/>\n<meta property=\"og:title\" content=\"Karate Ulqini t\u00eb fuqish\u00ebm si \u00e7do her\u00eb - Lajme nga Ulqini\" \/>\n<meta property=\"og:description\" content=\"Turneu i 13-te Mbarekombetare i karates\u00eb me rastin e Dites se Pavarsise se Shqiperise P\u00ebrfaq\u00ebsuesja e Karateist\u00ebve Shqiptar\u00eb nga Mali i Zi, t\u00eb diel\u00ebn, m\u00eb\" \/>\n<meta property=\"og:url\" content=\"https:\/\/www.visit-ulcinj.com\/blog\/2012\/12\/04\/karate-ulqini-te-fuqishem-si-cdo-here\/\" \/>\n<meta property=\"og:site_name\" content=\"Lajme nga Ulqini\" \/>\n<meta property=\"article:published_time\" content=\"2012-12-04T09:35:56+00:00\" \/>\n<meta property=\"og:image\" content=\"https:\/\/www.visit-ulcinj.com\/blog\/wp-content\/uploads\/2012\/12\/Karate-Ulqini_Dita-e-Pavarsise-se-Shqiperise-150x150.jpg\" \/>\n<meta name=\"twitter:label1\" content=\"Written by\" \/>\n\t<meta name=\"twitter:data1\" content=\"ulqini\" \/>\n\t<meta name=\"twitter:label2\" content=\"Est. reading time\" \/>\n\t<meta name=\"twitter:data2\" content=\"2 minutes\" \/>\n<script type=\"application\/ld+json\" class=\"yoast-schema-graph\">{\"@context\":\"https:\/\/schema.org\",\"@graph\":[{\"@type\":\"WebSite\",\"@id\":\"https:\/\/www.visit-ulcinj.com\/blog\/#website\",\"url\":\"https:\/\/www.visit-ulcinj.com\/blog\/\",\"name\":\"Lajme nga Ulqini\",\"description\":\"Lajme,Vijesti,Ulqini,Ulqin,Crna Gora,Mali i Zi\",\"potentialAction\":[{\"@type\":\"SearchAction\",\"target\":{\"@type\":\"EntryPoint\",\"urlTemplate\":\"https:\/\/www.visit-ulcinj.com\/blog\/?s={search_term_string}\"},\"query-input\":\"required name=search_term_string\"}],\"inLanguage\":\"en-US\"},{\"@type\":\"ImageObject\",\"inLanguage\":\"en-US\",\"@id\":\"https:\/\/www.visit-ulcinj.com\/blog\/2012\/12\/04\/karate-ulqini-te-fuqishem-si-cdo-here\/#primaryimage\",\"url\":\"https:\/\/www.visit-ulcinj.com\/blog\/wp-content\/uploads\/2012\/12\/Karate-Ulqini_Dita-e-Pavarsise-se-Shqiperise.jpg\",\"contentUrl\":\"https:\/\/www.visit-ulcinj.com\/blog\/wp-content\/uploads\/2012\/12\/Karate-Ulqini_Dita-e-Pavarsise-se-Shqiperise.jpg\",\"width\":\"960\",\"height\":\"720\"},{\"@type\":\"WebPage\",\"@id\":\"https:\/\/www.visit-ulcinj.com\/blog\/2012\/12\/04\/karate-ulqini-te-fuqishem-si-cdo-here\/#webpage\",\"url\":\"https:\/\/www.visit-ulcinj.com\/blog\/2012\/12\/04\/karate-ulqini-te-fuqishem-si-cdo-here\/\",\"name\":\"Karate Ulqini t\u00eb fuqish\u00ebm si \u00e7do her\u00eb - Lajme nga Ulqini\",\"isPartOf\":{\"@id\":\"https:\/\/www.visit-ulcinj.com\/blog\/#website\"},\"primaryImageOfPage\":{\"@id\":\"https:\/\/www.visit-ulcinj.com\/blog\/2012\/12\/04\/karate-ulqini-te-fuqishem-si-cdo-here\/#primaryimage\"},\"datePublished\":\"2012-12-04T09:35:56+00:00\",\"dateModified\":\"2012-12-04T09:35:56+00:00\",\"author\":{\"@id\":\"https:\/\/www.visit-ulcinj.com\/blog\/#\/schema\/person\/dcab619c614d3038751c63bc2aadc06d\"},\"description\":\"Turneu i 13-te Mbarekombetare i karates\u00eb me rastin e Dites se Pavarsise se Shqiperise P\u00ebrfaq\u00ebsuesja e Karateist\u00ebve Shqiptar\u00eb nga Mali i Zi, t\u00eb diel\u00ebn, m\u00eb\",\"breadcrumb\":{\"@id\":\"https:\/\/www.visit-ulcinj.com\/blog\/2012\/12\/04\/karate-ulqini-te-fuqishem-si-cdo-here\/#breadcrumb\"},\"inLanguage\":\"en-US\",\"potentialAction\":[{\"@type\":\"ReadAction\",\"target\":[\"https:\/\/www.visit-ulcinj.com\/blog\/2012\/12\/04\/karate-ulqini-te-fuqishem-si-cdo-here\/\"]}]},{\"@type\":\"BreadcrumbList\",\"@id\":\"https:\/\/www.visit-ulcinj.com\/blog\/2012\/12\/04\/karate-ulqini-te-fuqishem-si-cdo-here\/#breadcrumb\",\"itemListElement\":[{\"@type\":\"ListItem\",\"position\":1,\"name\":\"Karate Ulqini t\u00eb fuqish\u00ebm si \u00e7do her\u00eb\"}]},{\"@type\":\"Person\",\"@id\":\"https:\/\/www.visit-ulcinj.com\/blog\/#\/schema\/person\/dcab619c614d3038751c63bc2aadc06d\",\"name\":\"ulqini\",\"sameAs\":[\"http:\/\/www.visit-ulcinj.com\"],\"url\":\"https:\/\/www.visit-ulcinj.com\/blog\/author\/admin\/\"}]}<\/script>\n<!-- \/ Yoast SEO plugin. -->","yoast_head_json":{"title":"Karate Ulqini t\u00eb fuqish\u00ebm si \u00e7do her\u00eb - Lajme nga Ulqini","description":"Turneu i 13-te Mbarekombetare i karates\u00eb me rastin e Dites se Pavarsise se Shqiperise P\u00ebrfaq\u00ebsuesja e Karateist\u00ebve Shqiptar\u00eb nga Mali i Zi, t\u00eb diel\u00ebn, m\u00eb","robots":{"index":"index","follow":"follow","max-snippet":"max-snippet:-1","max-image-preview":"max-image-preview:large","max-video-preview":"max-video-preview:-1"},"canonical":"https:\/\/www.visit-ulcinj.com\/blog\/2012\/12\/04\/karate-ulqini-te-fuqishem-si-cdo-here\/","og_locale":"en_US","og_type":"article","og_title":"Karate Ulqini t\u00eb fuqish\u00ebm si \u00e7do her\u00eb - Lajme nga Ulqini","og_description":"Turneu i 13-te Mbarekombetare i karates\u00eb me rastin e Dites se Pavarsise se Shqiperise P\u00ebrfaq\u00ebsuesja e Karateist\u00ebve Shqiptar\u00eb nga Mali i Zi, t\u00eb diel\u00ebn, m\u00eb","og_url":"https:\/\/www.visit-ulcinj.com\/blog\/2012\/12\/04\/karate-ulqini-te-fuqishem-si-cdo-here\/","og_site_name":"Lajme nga Ulqini","article_published_time":"2012-12-04T09:35:56+00:00","og_image":[{"url":"https:\/\/www.visit-ulcinj.com\/blog\/wp-content\/uploads\/2012\/12\/Karate-Ulqini_Dita-e-Pavarsise-se-Shqiperise-150x150.jpg"}],"twitter_misc":{"Written by":"ulqini","Est. reading time":"2 minutes"},"schema":{"@context":"https:\/\/schema.org","@graph":[{"@type":"WebSite","@id":"https:\/\/www.visit-ulcinj.com\/blog\/#website","url":"https:\/\/www.visit-ulcinj.com\/blog\/","name":"Lajme nga Ulqini","description":"Lajme,Vijesti,Ulqini,Ulqin,Crna Gora,Mali i Zi","potentialAction":[{"@type":"SearchAction","target":{"@type":"EntryPoint","urlTemplate":"https:\/\/www.visit-ulcinj.com\/blog\/?s={search_term_string}"},"query-input":"required name=search_term_string"}],"inLanguage":"en-US"},{"@type":"ImageObject","inLanguage":"en-US","@id":"https:\/\/www.visit-ulcinj.com\/blog\/2012\/12\/04\/karate-ulqini-te-fuqishem-si-cdo-here\/#primaryimage","url":"https:\/\/www.visit-ulcinj.com\/blog\/wp-content\/uploads\/2012\/12\/Karate-Ulqini_Dita-e-Pavarsise-se-Shqiperise.jpg","contentUrl":"https:\/\/www.visit-ulcinj.com\/blog\/wp-content\/uploads\/2012\/12\/Karate-Ulqini_Dita-e-Pavarsise-se-Shqiperise.jpg","width":"960","height":"720"},{"@type":"WebPage","@id":"https:\/\/www.visit-ulcinj.com\/blog\/2012\/12\/04\/karate-ulqini-te-fuqishem-si-cdo-here\/#webpage","url":"https:\/\/www.visit-ulcinj.com\/blog\/2012\/12\/04\/karate-ulqini-te-fuqishem-si-cdo-here\/","name":"Karate Ulqini t\u00eb fuqish\u00ebm si \u00e7do her\u00eb - Lajme nga Ulqini","isPartOf":{"@id":"https:\/\/www.visit-ulcinj.com\/blog\/#website"},"primaryImageOfPage":{"@id":"https:\/\/www.visit-ulcinj.com\/blog\/2012\/12\/04\/karate-ulqini-te-fuqishem-si-cdo-here\/#primaryimage"},"datePublished":"2012-12-04T09:35:56+00:00","dateModified":"2012-12-04T09:35:56+00:00","author":{"@id":"https:\/\/www.visit-ulcinj.com\/blog\/#\/schema\/person\/dcab619c614d3038751c63bc2aadc06d"},"description":"Turneu i 13-te Mbarekombetare i karates\u00eb me rastin e Dites se Pavarsise se Shqiperise P\u00ebrfaq\u00ebsuesja e Karateist\u00ebve Shqiptar\u00eb nga Mali i Zi, t\u00eb diel\u00ebn, m\u00eb","breadcrumb":{"@id":"https:\/\/www.visit-ulcinj.com\/blog\/2012\/12\/04\/karate-ulqini-te-fuqishem-si-cdo-here\/#breadcrumb"},"inLanguage":"en-US","potentialAction":[{"@type":"ReadAction","target":["https:\/\/www.visit-ulcinj.com\/blog\/2012\/12\/04\/karate-ulqini-te-fuqishem-si-cdo-here\/"]}]},{"@type":"BreadcrumbList","@id":"https:\/\/www.visit-ulcinj.com\/blog\/2012\/12\/04\/karate-ulqini-te-fuqishem-si-cdo-here\/#breadcrumb","itemListElement":[{"@type":"ListItem","position":1,"name":"Karate Ulqini t\u00eb fuqish\u00ebm si \u00e7do her\u00eb"}]},{"@type":"Person","@id":"https:\/\/www.visit-ulcinj.com\/blog\/#\/schema\/person\/dcab619c614d3038751c63bc2aadc06d","name":"ulqini","sameAs":["http:\/\/www.visit-ulcinj.com"],"url":"https:\/\/www.visit-ulcinj.com\/blog\/author\/admin\/"}]}},"jetpack_featured_media_url":"","jetpack_sharing_enabled":true,"jetpack_shortlink":"https:\/\/wp.me\/pe6lTn-hhY","_links":{"self":[{"href":"https:\/\/www.visit-ulcinj.com\/blog\/wp-json\/wp\/v2\/posts\/66462"}],"collection":[{"href":"https:\/\/www.visit-ulcinj.com\/blog\/wp-json\/wp\/v2\/posts"}],"about":[{"href":"https:\/\/www.visit-ulcinj.com\/blog\/wp-json\/wp\/v2\/types\/post"}],"author":[{"embeddable":true,"href":"https:\/\/www.visit-ulcinj.com\/blog\/wp-json\/wp\/v2\/users\/1"}],"replies":[{"embeddable":true,"href":"https:\/\/www.visit-ulcinj.com\/blog\/wp-json\/wp\/v2\/comments?post=66462"}],"version-history":[{"count":1,"href":"https:\/\/www.visit-ulcinj.com\/blog\/wp-json\/wp\/v2\/posts\/66462\/revisions"}],"predecessor-version":[{"id":66472,"href":"https:\/\/www.visit-ulcinj.com\/blog\/wp-json\/wp\/v2\/posts\/66462\/revisions\/66472"}],"wp:attachment":[{"href":"https:\/\/www.visit-ulcinj.com\/blog\/wp-json\/wp\/v2\/media?parent=66462"}],"wp:term":[{"taxonomy":"category","embeddable":true,"href":"https:\/\/www.visit-ulcinj.com\/blog\/wp-json\/wp\/v2\/categories?post=66462"},{"taxonomy":"post_tag","embeddable":true,"href":"https:\/\/www.visit-ulcinj.com\/blog\/wp-json\/wp\/v2\/tags?post=66462"}],"curies":[{"name":"wp","href":"https:\/\/api.w.org\/{rel}","templated":true}]}}