{"id":66473,"date":"2012-12-04T18:59:53","date_gmt":"2012-12-04T17:59:53","guid":{"rendered":"http:\/\/www.visit-ulcinj.com\/blog\/?p=66473"},"modified":"2012-12-04T19:47:07","modified_gmt":"2012-12-04T18:47:07","slug":"udsh-telegram-urimi-kryetarit-z-ramush-haradinaj","status":"publish","type":"post","link":"https:\/\/www.visit-ulcinj.com\/blog\/2012\/12\/04\/udsh-telegram-urimi-kryetarit-z-ramush-haradinaj\/","title":{"rendered":"UDSH telegram urimi kryetarit z.Ramush Haradinaj"},"content":{"rendered":"<p><strong><a href=\"http:\/\/www.visit-ulcinj.com\/blog\/wp-content\/uploads\/2012\/12\/udsh.jpeg\"><img loading=\"lazy\" class=\"alignleft  wp-image-66474\" title=\"udsh\" src=\"http:\/\/www.visit-ulcinj.com\/blog\/wp-content\/uploads\/2012\/12\/udsh.jpeg\" alt=\"\" width=\"300\" height=\"300\" \/><\/a>UNIONI\u00a0 DEMOKRATIK I SHQIPTAR\u00cbVE\u00a0<\/strong><br \/>\n<strong>THE DEMOCRATIC UNION OF ALBANIANS <\/strong><\/p>\n<p>&nbsp;<\/p>\n<p>&nbsp;<\/p>\n<p><strong>Ulqin,m\u00eb\u00a0 04. 12. 2012 v.<\/strong><\/p>\n<p><strong>Aleanca p\u00ebr Ardhm\u00ebrin\u00eb e Kosov\u00ebs<\/strong><\/p>\n<p>Kryetarit z.Ramush Haradinaj<\/p>\n<p><strong>\u00a0<\/strong><\/p>\n<p>Zot\u00ebri i nderuar Ramush Hajredini kryetar i AAK, m\u00eb lejoni q\u00eb para Unionit Demokratik te Shqiptar\u00ebve dhe n\u00eb emrin tim personal t\u00eb iu uroj shpalljen e pafaj\u00ebsis\u00eb tuaj nga ana e gjykat\u00ebs se Hag\u00ebs.<\/p>\n<p>Vendim t\u00eb cilin gjith\u00eb shqiptar\u00ebt e ndersh\u00ebm dhe patriot e kan\u00eb pritur me g\u00ebzim dhe na ka nderuar te gjith\u00ebve.<\/p>\n<p>Vendim i cili v\u00ebrtetoj se lufta juaj dhe e gjith\u00eb pjes\u00ebtar\u00ebve t\u00eb U\u00c7K-s\u00eb \u00ebsht\u00eb dhe do t\u00eb q\u00ebndroj gjithmon\u00eb n\u00eb maje t\u00eb piedestalit t\u00eb nderit.<\/p>\n<p>Urojm\u00eb dhe besojm\u00eb q\u00eb edhe n\u00eb paqe do jeni bart\u00ebsi i atyre vlera dhe virtyte nderi te cilat Shqiptar\u00ebt i kan\u00eb kultivuar me shekuj.<\/p>\n<p>S\u00eb pari ju urojm\u00eb sh\u00ebndet juve dhe familjes suaj ,gjithashtu ju urojm\u00eb nga zemra suksese te m\u00ebtejshme n\u00eb t\u00eb gjitha angazhimet tuaja.<\/p>\n<p>&nbsp;<\/p>\n<p>Edhe nj\u00eb her\u00eb urime nga zemra.<\/p>\n<p>&nbsp;<\/p>\n<p>Kryetari i U D S H-se<\/p>\n<p>Mehmet Zenka<\/p>\n<p>_______________<\/p>\n","protected":false},"excerpt":{"rendered":"<p>UNIONI\u00a0 DEMOKRATIK I SHQIPTAR\u00cbVE\u00a0 THE DEMOCRATIC UNION OF ALBANIANS &nbsp; &nbsp; Ulqin,m\u00eb\u00a0 04. 12. 2012 v. Aleanca p\u00ebr Ardhm\u00ebrin\u00eb e Kosov\u00ebs Kryetarit z.Ramush Haradinaj \u00a0 Zot\u00ebri i nderuar Ramush Hajredini kryetar i AAK, m\u00eb lejoni q\u00eb para Unionit Demokratik te Shqiptar\u00ebve dhe n\u00eb emrin tim personal t\u00eb iu uroj shpalljen e pafaj\u00ebsis\u00eb tuaj nga ana [&hellip;]<\/p>\n","protected":false},"author":1,"featured_media":0,"comment_status":"open","ping_status":"closed","sticky":false,"template":"","format":"standard","meta":{"spay_email":"","jetpack_publicize_message":"","jetpack_is_tweetstorm":false,"jetpack_publicize_feature_enabled":true},"categories":[6950],"tags":[],"jetpack_publicize_connections":[],"yoast_head":"<!-- This site is optimized with the Yoast SEO plugin v19.1 - https:\/\/yoast.com\/wordpress\/plugins\/seo\/ -->\n<title>UDSH telegram urimi kryetarit z.Ramush Haradinaj - Lajme nga Ulqini<\/title>\n<meta name=\"description\" content=\"UNIONI\u00a0 DEMOKRATIK I SHQIPTAR\u00cbVE\u00a0 THE DEMOCRATIC UNION OF ALBANIANS &nbsp; &nbsp; Ulqin,m\u00eb\u00a0 04. 12. 2012 v. Aleanca p\u00ebr Ardhm\u00ebrin\u00eb e Kosov\u00ebs Kryetarit\" \/>\n<meta name=\"robots\" content=\"index, follow, max-snippet:-1, max-image-preview:large, max-video-preview:-1\" \/>\n<link rel=\"canonical\" href=\"https:\/\/www.visit-ulcinj.com\/blog\/2012\/12\/04\/udsh-telegram-urimi-kryetarit-z-ramush-haradinaj\/\" \/>\n<meta property=\"og:locale\" content=\"en_US\" \/>\n<meta property=\"og:type\" content=\"article\" \/>\n<meta property=\"og:title\" content=\"UDSH telegram urimi kryetarit z.Ramush Haradinaj - Lajme nga Ulqini\" \/>\n<meta property=\"og:description\" content=\"UNIONI\u00a0 DEMOKRATIK I SHQIPTAR\u00cbVE\u00a0 THE DEMOCRATIC UNION OF ALBANIANS &nbsp; &nbsp; Ulqin,m\u00eb\u00a0 04. 12. 2012 v. Aleanca p\u00ebr Ardhm\u00ebrin\u00eb e Kosov\u00ebs Kryetarit\" \/>\n<meta property=\"og:url\" content=\"https:\/\/www.visit-ulcinj.com\/blog\/2012\/12\/04\/udsh-telegram-urimi-kryetarit-z-ramush-haradinaj\/\" \/>\n<meta property=\"og:site_name\" content=\"Lajme nga Ulqini\" \/>\n<meta property=\"article:published_time\" content=\"2012-12-04T17:59:53+00:00\" \/>\n<meta property=\"article:modified_time\" content=\"2012-12-04T18:47:07+00:00\" \/>\n<meta property=\"og:image\" content=\"http:\/\/www.visit-ulcinj.com\/blog\/wp-content\/uploads\/2012\/12\/udsh.jpeg\" \/>\n<meta name=\"twitter:label1\" content=\"Written by\" \/>\n\t<meta name=\"twitter:data1\" content=\"ulqini\" \/>\n\t<meta name=\"twitter:label2\" content=\"Est. reading time\" \/>\n\t<meta name=\"twitter:data2\" content=\"1 minute\" \/>\n<script type=\"application\/ld+json\" class=\"yoast-schema-graph\">{\"@context\":\"https:\/\/schema.org\",\"@graph\":[{\"@type\":\"WebSite\",\"@id\":\"https:\/\/www.visit-ulcinj.com\/blog\/#website\",\"url\":\"https:\/\/www.visit-ulcinj.com\/blog\/\",\"name\":\"Lajme nga Ulqini\",\"description\":\"Lajme,Vijesti,Ulqini,Ulqin,Crna Gora,Mali i Zi\",\"potentialAction\":[{\"@type\":\"SearchAction\",\"target\":{\"@type\":\"EntryPoint\",\"urlTemplate\":\"https:\/\/www.visit-ulcinj.com\/blog\/?s={search_term_string}\"},\"query-input\":\"required name=search_term_string\"}],\"inLanguage\":\"en-US\"},{\"@type\":\"ImageObject\",\"inLanguage\":\"en-US\",\"@id\":\"https:\/\/www.visit-ulcinj.com\/blog\/2012\/12\/04\/udsh-telegram-urimi-kryetarit-z-ramush-haradinaj\/#primaryimage\",\"url\":\"https:\/\/www.visit-ulcinj.com\/blog\/wp-content\/uploads\/2012\/12\/udsh.jpeg\",\"contentUrl\":\"https:\/\/www.visit-ulcinj.com\/blog\/wp-content\/uploads\/2012\/12\/udsh.jpeg\",\"width\":\"355\",\"height\":\"338\"},{\"@type\":\"WebPage\",\"@id\":\"https:\/\/www.visit-ulcinj.com\/blog\/2012\/12\/04\/udsh-telegram-urimi-kryetarit-z-ramush-haradinaj\/#webpage\",\"url\":\"https:\/\/www.visit-ulcinj.com\/blog\/2012\/12\/04\/udsh-telegram-urimi-kryetarit-z-ramush-haradinaj\/\",\"name\":\"UDSH telegram urimi kryetarit z.Ramush Haradinaj - Lajme nga Ulqini\",\"isPartOf\":{\"@id\":\"https:\/\/www.visit-ulcinj.com\/blog\/#website\"},\"primaryImageOfPage\":{\"@id\":\"https:\/\/www.visit-ulcinj.com\/blog\/2012\/12\/04\/udsh-telegram-urimi-kryetarit-z-ramush-haradinaj\/#primaryimage\"},\"datePublished\":\"2012-12-04T17:59:53+00:00\",\"dateModified\":\"2012-12-04T18:47:07+00:00\",\"author\":{\"@id\":\"https:\/\/www.visit-ulcinj.com\/blog\/#\/schema\/person\/dcab619c614d3038751c63bc2aadc06d\"},\"description\":\"UNIONI\u00a0 DEMOKRATIK I SHQIPTAR\u00cbVE\u00a0 THE DEMOCRATIC UNION OF ALBANIANS &nbsp; &nbsp; Ulqin,m\u00eb\u00a0 04. 12. 2012 v. Aleanca p\u00ebr Ardhm\u00ebrin\u00eb e Kosov\u00ebs Kryetarit\",\"breadcrumb\":{\"@id\":\"https:\/\/www.visit-ulcinj.com\/blog\/2012\/12\/04\/udsh-telegram-urimi-kryetarit-z-ramush-haradinaj\/#breadcrumb\"},\"inLanguage\":\"en-US\",\"potentialAction\":[{\"@type\":\"ReadAction\",\"target\":[\"https:\/\/www.visit-ulcinj.com\/blog\/2012\/12\/04\/udsh-telegram-urimi-kryetarit-z-ramush-haradinaj\/\"]}]},{\"@type\":\"BreadcrumbList\",\"@id\":\"https:\/\/www.visit-ulcinj.com\/blog\/2012\/12\/04\/udsh-telegram-urimi-kryetarit-z-ramush-haradinaj\/#breadcrumb\",\"itemListElement\":[{\"@type\":\"ListItem\",\"position\":1,\"name\":\"UDSH telegram urimi kryetarit z.Ramush Haradinaj\"}]},{\"@type\":\"Person\",\"@id\":\"https:\/\/www.visit-ulcinj.com\/blog\/#\/schema\/person\/dcab619c614d3038751c63bc2aadc06d\",\"name\":\"ulqini\",\"sameAs\":[\"http:\/\/www.visit-ulcinj.com\"],\"url\":\"https:\/\/www.visit-ulcinj.com\/blog\/author\/admin\/\"}]}<\/script>\n<!-- \/ Yoast SEO plugin. -->","yoast_head_json":{"title":"UDSH telegram urimi kryetarit z.Ramush Haradinaj - Lajme nga Ulqini","description":"UNIONI\u00a0 DEMOKRATIK I SHQIPTAR\u00cbVE\u00a0 THE DEMOCRATIC UNION OF ALBANIANS &nbsp; &nbsp; Ulqin,m\u00eb\u00a0 04. 12. 2012 v. Aleanca p\u00ebr Ardhm\u00ebrin\u00eb e Kosov\u00ebs Kryetarit","robots":{"index":"index","follow":"follow","max-snippet":"max-snippet:-1","max-image-preview":"max-image-preview:large","max-video-preview":"max-video-preview:-1"},"canonical":"https:\/\/www.visit-ulcinj.com\/blog\/2012\/12\/04\/udsh-telegram-urimi-kryetarit-z-ramush-haradinaj\/","og_locale":"en_US","og_type":"article","og_title":"UDSH telegram urimi kryetarit z.Ramush Haradinaj - Lajme nga Ulqini","og_description":"UNIONI\u00a0 DEMOKRATIK I SHQIPTAR\u00cbVE\u00a0 THE DEMOCRATIC UNION OF ALBANIANS &nbsp; &nbsp; Ulqin,m\u00eb\u00a0 04. 12. 2012 v. Aleanca p\u00ebr Ardhm\u00ebrin\u00eb e Kosov\u00ebs Kryetarit","og_url":"https:\/\/www.visit-ulcinj.com\/blog\/2012\/12\/04\/udsh-telegram-urimi-kryetarit-z-ramush-haradinaj\/","og_site_name":"Lajme nga Ulqini","article_published_time":"2012-12-04T17:59:53+00:00","article_modified_time":"2012-12-04T18:47:07+00:00","og_image":[{"url":"http:\/\/www.visit-ulcinj.com\/blog\/wp-content\/uploads\/2012\/12\/udsh.jpeg"}],"twitter_misc":{"Written by":"ulqini","Est. reading time":"1 minute"},"schema":{"@context":"https:\/\/schema.org","@graph":[{"@type":"WebSite","@id":"https:\/\/www.visit-ulcinj.com\/blog\/#website","url":"https:\/\/www.visit-ulcinj.com\/blog\/","name":"Lajme nga Ulqini","description":"Lajme,Vijesti,Ulqini,Ulqin,Crna Gora,Mali i Zi","potentialAction":[{"@type":"SearchAction","target":{"@type":"EntryPoint","urlTemplate":"https:\/\/www.visit-ulcinj.com\/blog\/?s={search_term_string}"},"query-input":"required name=search_term_string"}],"inLanguage":"en-US"},{"@type":"ImageObject","inLanguage":"en-US","@id":"https:\/\/www.visit-ulcinj.com\/blog\/2012\/12\/04\/udsh-telegram-urimi-kryetarit-z-ramush-haradinaj\/#primaryimage","url":"https:\/\/www.visit-ulcinj.com\/blog\/wp-content\/uploads\/2012\/12\/udsh.jpeg","contentUrl":"https:\/\/www.visit-ulcinj.com\/blog\/wp-content\/uploads\/2012\/12\/udsh.jpeg","width":"355","height":"338"},{"@type":"WebPage","@id":"https:\/\/www.visit-ulcinj.com\/blog\/2012\/12\/04\/udsh-telegram-urimi-kryetarit-z-ramush-haradinaj\/#webpage","url":"https:\/\/www.visit-ulcinj.com\/blog\/2012\/12\/04\/udsh-telegram-urimi-kryetarit-z-ramush-haradinaj\/","name":"UDSH telegram urimi kryetarit z.Ramush Haradinaj - Lajme nga Ulqini","isPartOf":{"@id":"https:\/\/www.visit-ulcinj.com\/blog\/#website"},"primaryImageOfPage":{"@id":"https:\/\/www.visit-ulcinj.com\/blog\/2012\/12\/04\/udsh-telegram-urimi-kryetarit-z-ramush-haradinaj\/#primaryimage"},"datePublished":"2012-12-04T17:59:53+00:00","dateModified":"2012-12-04T18:47:07+00:00","author":{"@id":"https:\/\/www.visit-ulcinj.com\/blog\/#\/schema\/person\/dcab619c614d3038751c63bc2aadc06d"},"description":"UNIONI\u00a0 DEMOKRATIK I SHQIPTAR\u00cbVE\u00a0 THE DEMOCRATIC UNION OF ALBANIANS &nbsp; &nbsp; Ulqin,m\u00eb\u00a0 04. 12. 2012 v. Aleanca p\u00ebr Ardhm\u00ebrin\u00eb e Kosov\u00ebs Kryetarit","breadcrumb":{"@id":"https:\/\/www.visit-ulcinj.com\/blog\/2012\/12\/04\/udsh-telegram-urimi-kryetarit-z-ramush-haradinaj\/#breadcrumb"},"inLanguage":"en-US","potentialAction":[{"@type":"ReadAction","target":["https:\/\/www.visit-ulcinj.com\/blog\/2012\/12\/04\/udsh-telegram-urimi-kryetarit-z-ramush-haradinaj\/"]}]},{"@type":"BreadcrumbList","@id":"https:\/\/www.visit-ulcinj.com\/blog\/2012\/12\/04\/udsh-telegram-urimi-kryetarit-z-ramush-haradinaj\/#breadcrumb","itemListElement":[{"@type":"ListItem","position":1,"name":"UDSH telegram urimi kryetarit z.Ramush Haradinaj"}]},{"@type":"Person","@id":"https:\/\/www.visit-ulcinj.com\/blog\/#\/schema\/person\/dcab619c614d3038751c63bc2aadc06d","name":"ulqini","sameAs":["http:\/\/www.visit-ulcinj.com"],"url":"https:\/\/www.visit-ulcinj.com\/blog\/author\/admin\/"}]}},"jetpack_featured_media_url":"","jetpack_sharing_enabled":true,"jetpack_shortlink":"https:\/\/wp.me\/pe6lTn-hi9","_links":{"self":[{"href":"https:\/\/www.visit-ulcinj.com\/blog\/wp-json\/wp\/v2\/posts\/66473"}],"collection":[{"href":"https:\/\/www.visit-ulcinj.com\/blog\/wp-json\/wp\/v2\/posts"}],"about":[{"href":"https:\/\/www.visit-ulcinj.com\/blog\/wp-json\/wp\/v2\/types\/post"}],"author":[{"embeddable":true,"href":"https:\/\/www.visit-ulcinj.com\/blog\/wp-json\/wp\/v2\/users\/1"}],"replies":[{"embeddable":true,"href":"https:\/\/www.visit-ulcinj.com\/blog\/wp-json\/wp\/v2\/comments?post=66473"}],"version-history":[{"count":3,"href":"https:\/\/www.visit-ulcinj.com\/blog\/wp-json\/wp\/v2\/posts\/66473\/revisions"}],"predecessor-version":[{"id":66476,"href":"https:\/\/www.visit-ulcinj.com\/blog\/wp-json\/wp\/v2\/posts\/66473\/revisions\/66476"}],"wp:attachment":[{"href":"https:\/\/www.visit-ulcinj.com\/blog\/wp-json\/wp\/v2\/media?parent=66473"}],"wp:term":[{"taxonomy":"category","embeddable":true,"href":"https:\/\/www.visit-ulcinj.com\/blog\/wp-json\/wp\/v2\/categories?post=66473"},{"taxonomy":"post_tag","embeddable":true,"href":"https:\/\/www.visit-ulcinj.com\/blog\/wp-json\/wp\/v2\/tags?post=66473"}],"curies":[{"name":"wp","href":"https:\/\/api.w.org\/{rel}","templated":true}]}}