{"id":66478,"date":"2012-12-04T23:02:48","date_gmt":"2012-12-04T22:02:48","guid":{"rendered":"http:\/\/www.visit-ulcinj.com\/blog\/?p=66478"},"modified":"2012-12-04T23:02:48","modified_gmt":"2012-12-04T22:02:48","slug":"sali-berisha-nenshtetesi-per-te-gjithe-shqiptaret-video","status":"publish","type":"post","link":"https:\/\/www.visit-ulcinj.com\/blog\/2012\/12\/04\/sali-berisha-nenshtetesi-per-te-gjithe-shqiptaret-video\/","title":{"rendered":"Sali Berisha: N\u00ebnshtet\u00ebsi p\u00ebr t\u00eb gjith\u00eb shqiptar\u00ebt &#8211; Video"},"content":{"rendered":"<p>Kryeministri mbledh qeverin\u00eb n\u00eb Vlor\u00eb dhe i rikthehet retorik\u00ebs me nota nacionaliste. \u201cC\u00ebshtja shqiptare ekziston ende. Albanofobia zhduket me bashkimin e shqiptar\u00ebve\u201d<br \/>\n<a href=\"http:\/\/www.visit-ulcinj.com\/blog\/wp-content\/uploads\/2012\/12\/Sali-Berisha-NENSHTESIA-FOTO-VOA.jpg\"><img loading=\"lazy\" class=\"alignleft  wp-image-66479\" title=\"Sali Berisha-NENSHTESIA - FOTO VOA\" src=\"http:\/\/www.visit-ulcinj.com\/blog\/wp-content\/uploads\/2012\/12\/Sali-Berisha-NENSHTESIA-FOTO-VOA.jpg\" alt=\"\" width=\"508\" height=\"360\" \/><\/a><\/p>\n<p>N\u00eb Shqip\u00ebri kryeministri Sali Berisha tha sot se do t\u00eb p\u00ebrgatitet nj\u00eb ligj i ri n\u00eb m\u00ebnyr\u00eb q\u00eb t\u00eb gjith\u00eb shqiptar\u00ebt kudo q\u00eb jan\u00eb t\u00eb mund t\u00eb marrin shtet\u00ebsin\u00eb shqiptare. K\u00ebto komente zoti Berisha i b\u00ebri gjat\u00eb mbledhjes s\u00eb qeveris\u00eb e cila u zhvillua n\u00eb qytetin e Vlor\u00ebs n\u00eb sht\u00ebpin\u00eb muze, aty ku Ismail Qemali kishte zhvilluar m\u00eb 4 dhjetor t\u00eb 1912 mbledhjen e par\u00eb t\u00eb qeveris\u00eb s\u00eb tij. Kryeministri tha se me k\u00ebt\u00eb vendim nuk b\u00ebhet asgj\u00eb tjet\u00ebr vecse u rikthehet shqiptar\u00ebve nj\u00eb e drejt\u00eb e mohuar p\u00ebr 100 vjet.<\/p>\n<p>Kryeministri Sali Berisha ju rikthye sot retorikave me tone nacionaliste nd\u00ebrsa drejtoi mbledhjen e \u00a0qeveris\u00eb s\u00eb tij nga poltrona ku 100 vjet m\u00eb par\u00eb Ismail Qemali ishte ulur me kabinetin e tij t\u00eb porsakrijuar pas shpalljes s\u00eb pavar\u00ebsis\u00eb. Prej k\u00ebsaj dhome ai njoftoi p\u00ebr nism\u00ebn p\u00ebr dh\u00ebnien pa kushte t\u00eb n\u00ebnshtesis\u00eb p\u00ebr t\u00eb gjith\u00eb shqiptar\u00ebt kudo q\u00eb jan\u00eb, tha ai: &#8220;Nga ky vend, nga kjo mbledhje, n\u00eb k\u00ebt\u00eb dat\u00eb, un\u00eb dua t\u00eb informoj shqiptar\u00ebt se kjo qeveri do t\u00eb nd\u00ebrmarr\u00eb ligjin e shtet\u00ebsis\u00eb shqiptare p\u00ebr ta, kudo q\u00eb jetojn\u00eb. Kombi \u00ebsht\u00eb nj\u00eb dhe \u00e7do shqiptar, kudo q\u00eb jeton, meriton shtet\u00ebsin\u00eb shqiptare&#8221;.<\/p>\n<p>Duke p\u00ebrs\u00ebritur se projekti kryesor \u00ebsht\u00eb bashkimi i i shqiptar\u00ebve me nj\u00eb tjetrin dhe bashkimi me Europ\u00ebn, kryeministri tha se me k\u00ebt\u00eb vendim po kthehej n\u00eb vend nj\u00eb e drejt\u00eb e mohuar gjat\u00eb nj\u00eb shekulli: &#8220;Ky \u00ebsht\u00eb mesazhi i 100 vjetorit. Ne nuk po b\u00ebjm\u00eb asgj\u00eb, por vet\u00ebm po u kthejm\u00eb atyre nj\u00eb t\u00eb drejt\u00eb, p\u00ebr t\u00eb cil\u00ebn kan\u00eb luftuar 100 vjet dhe u \u00ebsht\u00eb mohuar 100 vjet&#8221;.<\/p>\n<p>Vecan\u00ebrisht gjat\u00eb festimeve q\u00eb i paraprin\u00eb 28 n\u00ebntorit, fjalimet e kryeministrit pat\u00ebn nj\u00eb ngarkes\u00eb t\u00eb fort\u00eb nacionaliste nd\u00ebrsa p\u00ebrmendi disa her\u00eb bashkimin e shqiptar\u00ebve n\u00eb trojet e tyre etnike. Ai deklaroi se interpretimet sipas t\u00eb cilave k\u00ebto q\u00ebndrime kishin nj\u00eb sfond elektoral, nuk q\u00ebndronin, pasi sipas tij, ato p\u00ebrb\u00ebnin p\u00ebr t\u00eb q\u00ebllimin e jet\u00ebs.<\/p>\n<p>Deklarimet e kryeministrit shkaktuan jo pak alarm te vendet fqinje. Por sot kryeministri tha se ato por dhe faktori nd\u00ebrkomb\u00ebtar duhet t\u00eb ishin mir\u00ebkuptues, nd\u00ebrsa rip\u00ebrs\u00ebriti iden\u00eb per ekzistencen e nj\u00eb albanofobie:&#8221;Un\u00eb dua t\u00eb k\u00ebrkoj mir\u00ebkuptimin e fqinj\u00ebve, por edhe t\u00eb faktorit nd\u00ebrkomb\u00ebtar. \u00c7\u00ebshtja shqiptare \u00ebsht\u00eb s\u00ebrish nj\u00eb \u00e7\u00ebshtje. Me gjith\u00eb ndryshimet thelb\u00ebsore, pozitive, q\u00eb ka, s\u00ebrish ajo ekziston n\u00eb m\u00ebnyr\u00eb t\u00eb padiskutueshme. Ka nj\u00eb albanofobi ndaj shqiptar\u00ebve dhe kjo do t\u00eb zhduket vet\u00ebm n\u00ebp\u00ebrmjet procesit t\u00eb bashkimit t\u00eb shqiptar\u00ebve. Kjo nuk mund t\u00eb zhduket n\u00ebp\u00ebrmjet status quo-ve q\u00eb e thellojn\u00eb gjithnj\u00eb e m\u00eb shum\u00eb albanofobin\u00eb&#8221;.<br \/>\nP\u00ebr ligjin p\u00ebr n\u00ebnshtet\u00ebsin\u00eb kryeministri tha se do t\u00eb bisedohet dhe me opozit\u00ebn nd\u00ebrsa k\u00ebmb\u00ebnguli q\u00eb mes shqiptar\u00ebve t\u00eb hiqen barrierat q\u00eb pengojn\u00eb afrimin me nj\u00ebri tjetrin.<\/p>\n<div><strong>\u00a0Armand Mero<\/strong><br \/>\n<strong>Z\u00ebri i Amerik\u00ebs &#8211; VOA<\/strong><\/div>\n<p><iframe loading=\"lazy\" width=\"508\" height=\"360\" src=\"http:\/\/www.youtube.com\/embed\/rLAnae0E0LE?rel=0\" frameborder=\"0\" allowfullscreen><\/iframe><\/p>\n","protected":false},"excerpt":{"rendered":"<p>Kryeministri mbledh qeverin\u00eb n\u00eb Vlor\u00eb dhe i rikthehet retorik\u00ebs me nota nacionaliste. \u201cC\u00ebshtja shqiptare ekziston ende. Albanofobia zhduket me bashkimin e shqiptar\u00ebve\u201d N\u00eb Shqip\u00ebri kryeministri Sali Berisha tha sot se do t\u00eb p\u00ebrgatitet nj\u00eb ligj i ri n\u00eb m\u00ebnyr\u00eb q\u00eb t\u00eb gjith\u00eb shqiptar\u00ebt kudo q\u00eb jan\u00eb t\u00eb mund t\u00eb marrin shtet\u00ebsin\u00eb shqiptare. K\u00ebto komente zoti [&hellip;]<\/p>\n","protected":false},"author":1,"featured_media":0,"comment_status":"open","ping_status":"closed","sticky":false,"template":"","format":"standard","meta":{"spay_email":"","jetpack_publicize_message":"","jetpack_is_tweetstorm":false,"jetpack_publicize_feature_enabled":true},"categories":[14],"tags":[2224],"jetpack_publicize_connections":[],"yoast_head":"<!-- This site is optimized with the Yoast SEO plugin v19.1 - https:\/\/yoast.com\/wordpress\/plugins\/seo\/ -->\n<title>Sali Berisha: N\u00ebnshtet\u00ebsi p\u00ebr t\u00eb gjith\u00eb shqiptar\u00ebt - Video - Lajme nga Ulqini<\/title>\n<meta name=\"description\" content=\"Kryeministri mbledh qeverin\u00eb n\u00eb Vlor\u00eb dhe i rikthehet retorik\u00ebs me nota nacionaliste. \u201cC\u00ebshtja shqiptare ekziston ende. Albanofobia zhduket me bashkimin e\" \/>\n<meta name=\"robots\" content=\"index, follow, max-snippet:-1, max-image-preview:large, max-video-preview:-1\" \/>\n<link rel=\"canonical\" href=\"https:\/\/www.visit-ulcinj.com\/blog\/2012\/12\/04\/sali-berisha-nenshtetesi-per-te-gjithe-shqiptaret-video\/\" \/>\n<meta property=\"og:locale\" content=\"en_US\" \/>\n<meta property=\"og:type\" content=\"article\" \/>\n<meta property=\"og:title\" content=\"Sali Berisha: N\u00ebnshtet\u00ebsi p\u00ebr t\u00eb gjith\u00eb shqiptar\u00ebt - Video - Lajme nga Ulqini\" \/>\n<meta property=\"og:description\" content=\"Kryeministri mbledh qeverin\u00eb n\u00eb Vlor\u00eb dhe i rikthehet retorik\u00ebs me nota nacionaliste. \u201cC\u00ebshtja shqiptare ekziston ende. Albanofobia zhduket me bashkimin e\" \/>\n<meta property=\"og:url\" content=\"https:\/\/www.visit-ulcinj.com\/blog\/2012\/12\/04\/sali-berisha-nenshtetesi-per-te-gjithe-shqiptaret-video\/\" \/>\n<meta property=\"og:site_name\" content=\"Lajme nga Ulqini\" \/>\n<meta property=\"article:published_time\" content=\"2012-12-04T22:02:48+00:00\" \/>\n<meta property=\"og:image\" content=\"http:\/\/www.visit-ulcinj.com\/blog\/wp-content\/uploads\/2012\/12\/Sali-Berisha-NENSHTESIA-FOTO-VOA.jpg\" \/>\n<meta name=\"twitter:label1\" content=\"Written by\" \/>\n\t<meta name=\"twitter:data1\" content=\"ulqini\" \/>\n\t<meta name=\"twitter:label2\" content=\"Est. reading time\" \/>\n\t<meta name=\"twitter:data2\" content=\"3 minutes\" \/>\n<script type=\"application\/ld+json\" class=\"yoast-schema-graph\">{\"@context\":\"https:\/\/schema.org\",\"@graph\":[{\"@type\":\"WebSite\",\"@id\":\"https:\/\/www.visit-ulcinj.com\/blog\/#website\",\"url\":\"https:\/\/www.visit-ulcinj.com\/blog\/\",\"name\":\"Lajme nga Ulqini\",\"description\":\"Lajme,Vijesti,Ulqini,Ulqin,Crna Gora,Mali i Zi\",\"potentialAction\":[{\"@type\":\"SearchAction\",\"target\":{\"@type\":\"EntryPoint\",\"urlTemplate\":\"https:\/\/www.visit-ulcinj.com\/blog\/?s={search_term_string}\"},\"query-input\":\"required name=search_term_string\"}],\"inLanguage\":\"en-US\"},{\"@type\":\"ImageObject\",\"inLanguage\":\"en-US\",\"@id\":\"https:\/\/www.visit-ulcinj.com\/blog\/2012\/12\/04\/sali-berisha-nenshtetesi-per-te-gjithe-shqiptaret-video\/#primaryimage\",\"url\":\"https:\/\/www.visit-ulcinj.com\/blog\/wp-content\/uploads\/2012\/12\/Sali-Berisha-NENSHTESIA-FOTO-VOA.jpg\",\"contentUrl\":\"https:\/\/www.visit-ulcinj.com\/blog\/wp-content\/uploads\/2012\/12\/Sali-Berisha-NENSHTESIA-FOTO-VOA.jpg\",\"width\":\"640\",\"height\":\"360\"},{\"@type\":\"WebPage\",\"@id\":\"https:\/\/www.visit-ulcinj.com\/blog\/2012\/12\/04\/sali-berisha-nenshtetesi-per-te-gjithe-shqiptaret-video\/#webpage\",\"url\":\"https:\/\/www.visit-ulcinj.com\/blog\/2012\/12\/04\/sali-berisha-nenshtetesi-per-te-gjithe-shqiptaret-video\/\",\"name\":\"Sali Berisha: N\u00ebnshtet\u00ebsi p\u00ebr t\u00eb gjith\u00eb shqiptar\u00ebt - Video - Lajme nga Ulqini\",\"isPartOf\":{\"@id\":\"https:\/\/www.visit-ulcinj.com\/blog\/#website\"},\"primaryImageOfPage\":{\"@id\":\"https:\/\/www.visit-ulcinj.com\/blog\/2012\/12\/04\/sali-berisha-nenshtetesi-per-te-gjithe-shqiptaret-video\/#primaryimage\"},\"datePublished\":\"2012-12-04T22:02:48+00:00\",\"dateModified\":\"2012-12-04T22:02:48+00:00\",\"author\":{\"@id\":\"https:\/\/www.visit-ulcinj.com\/blog\/#\/schema\/person\/dcab619c614d3038751c63bc2aadc06d\"},\"description\":\"Kryeministri mbledh qeverin\u00eb n\u00eb Vlor\u00eb dhe i rikthehet retorik\u00ebs me nota nacionaliste. \u201cC\u00ebshtja shqiptare ekziston ende. Albanofobia zhduket me bashkimin e\",\"breadcrumb\":{\"@id\":\"https:\/\/www.visit-ulcinj.com\/blog\/2012\/12\/04\/sali-berisha-nenshtetesi-per-te-gjithe-shqiptaret-video\/#breadcrumb\"},\"inLanguage\":\"en-US\",\"potentialAction\":[{\"@type\":\"ReadAction\",\"target\":[\"https:\/\/www.visit-ulcinj.com\/blog\/2012\/12\/04\/sali-berisha-nenshtetesi-per-te-gjithe-shqiptaret-video\/\"]}]},{\"@type\":\"BreadcrumbList\",\"@id\":\"https:\/\/www.visit-ulcinj.com\/blog\/2012\/12\/04\/sali-berisha-nenshtetesi-per-te-gjithe-shqiptaret-video\/#breadcrumb\",\"itemListElement\":[{\"@type\":\"ListItem\",\"position\":1,\"name\":\"Sali Berisha: N\u00ebnshtet\u00ebsi p\u00ebr t\u00eb gjith\u00eb shqiptar\u00ebt &#8211; Video\"}]},{\"@type\":\"Person\",\"@id\":\"https:\/\/www.visit-ulcinj.com\/blog\/#\/schema\/person\/dcab619c614d3038751c63bc2aadc06d\",\"name\":\"ulqini\",\"sameAs\":[\"http:\/\/www.visit-ulcinj.com\"],\"url\":\"https:\/\/www.visit-ulcinj.com\/blog\/author\/admin\/\"}]}<\/script>\n<!-- \/ Yoast SEO plugin. -->","yoast_head_json":{"title":"Sali Berisha: N\u00ebnshtet\u00ebsi p\u00ebr t\u00eb gjith\u00eb shqiptar\u00ebt - Video - Lajme nga Ulqini","description":"Kryeministri mbledh qeverin\u00eb n\u00eb Vlor\u00eb dhe i rikthehet retorik\u00ebs me nota nacionaliste. \u201cC\u00ebshtja shqiptare ekziston ende. Albanofobia zhduket me bashkimin e","robots":{"index":"index","follow":"follow","max-snippet":"max-snippet:-1","max-image-preview":"max-image-preview:large","max-video-preview":"max-video-preview:-1"},"canonical":"https:\/\/www.visit-ulcinj.com\/blog\/2012\/12\/04\/sali-berisha-nenshtetesi-per-te-gjithe-shqiptaret-video\/","og_locale":"en_US","og_type":"article","og_title":"Sali Berisha: N\u00ebnshtet\u00ebsi p\u00ebr t\u00eb gjith\u00eb shqiptar\u00ebt - Video - Lajme nga Ulqini","og_description":"Kryeministri mbledh qeverin\u00eb n\u00eb Vlor\u00eb dhe i rikthehet retorik\u00ebs me nota nacionaliste. \u201cC\u00ebshtja shqiptare ekziston ende. Albanofobia zhduket me bashkimin e","og_url":"https:\/\/www.visit-ulcinj.com\/blog\/2012\/12\/04\/sali-berisha-nenshtetesi-per-te-gjithe-shqiptaret-video\/","og_site_name":"Lajme nga Ulqini","article_published_time":"2012-12-04T22:02:48+00:00","og_image":[{"url":"http:\/\/www.visit-ulcinj.com\/blog\/wp-content\/uploads\/2012\/12\/Sali-Berisha-NENSHTESIA-FOTO-VOA.jpg"}],"twitter_misc":{"Written by":"ulqini","Est. reading time":"3 minutes"},"schema":{"@context":"https:\/\/schema.org","@graph":[{"@type":"WebSite","@id":"https:\/\/www.visit-ulcinj.com\/blog\/#website","url":"https:\/\/www.visit-ulcinj.com\/blog\/","name":"Lajme nga Ulqini","description":"Lajme,Vijesti,Ulqini,Ulqin,Crna Gora,Mali i Zi","potentialAction":[{"@type":"SearchAction","target":{"@type":"EntryPoint","urlTemplate":"https:\/\/www.visit-ulcinj.com\/blog\/?s={search_term_string}"},"query-input":"required name=search_term_string"}],"inLanguage":"en-US"},{"@type":"ImageObject","inLanguage":"en-US","@id":"https:\/\/www.visit-ulcinj.com\/blog\/2012\/12\/04\/sali-berisha-nenshtetesi-per-te-gjithe-shqiptaret-video\/#primaryimage","url":"https:\/\/www.visit-ulcinj.com\/blog\/wp-content\/uploads\/2012\/12\/Sali-Berisha-NENSHTESIA-FOTO-VOA.jpg","contentUrl":"https:\/\/www.visit-ulcinj.com\/blog\/wp-content\/uploads\/2012\/12\/Sali-Berisha-NENSHTESIA-FOTO-VOA.jpg","width":"640","height":"360"},{"@type":"WebPage","@id":"https:\/\/www.visit-ulcinj.com\/blog\/2012\/12\/04\/sali-berisha-nenshtetesi-per-te-gjithe-shqiptaret-video\/#webpage","url":"https:\/\/www.visit-ulcinj.com\/blog\/2012\/12\/04\/sali-berisha-nenshtetesi-per-te-gjithe-shqiptaret-video\/","name":"Sali Berisha: N\u00ebnshtet\u00ebsi p\u00ebr t\u00eb gjith\u00eb shqiptar\u00ebt - Video - Lajme nga Ulqini","isPartOf":{"@id":"https:\/\/www.visit-ulcinj.com\/blog\/#website"},"primaryImageOfPage":{"@id":"https:\/\/www.visit-ulcinj.com\/blog\/2012\/12\/04\/sali-berisha-nenshtetesi-per-te-gjithe-shqiptaret-video\/#primaryimage"},"datePublished":"2012-12-04T22:02:48+00:00","dateModified":"2012-12-04T22:02:48+00:00","author":{"@id":"https:\/\/www.visit-ulcinj.com\/blog\/#\/schema\/person\/dcab619c614d3038751c63bc2aadc06d"},"description":"Kryeministri mbledh qeverin\u00eb n\u00eb Vlor\u00eb dhe i rikthehet retorik\u00ebs me nota nacionaliste. \u201cC\u00ebshtja shqiptare ekziston ende. Albanofobia zhduket me bashkimin e","breadcrumb":{"@id":"https:\/\/www.visit-ulcinj.com\/blog\/2012\/12\/04\/sali-berisha-nenshtetesi-per-te-gjithe-shqiptaret-video\/#breadcrumb"},"inLanguage":"en-US","potentialAction":[{"@type":"ReadAction","target":["https:\/\/www.visit-ulcinj.com\/blog\/2012\/12\/04\/sali-berisha-nenshtetesi-per-te-gjithe-shqiptaret-video\/"]}]},{"@type":"BreadcrumbList","@id":"https:\/\/www.visit-ulcinj.com\/blog\/2012\/12\/04\/sali-berisha-nenshtetesi-per-te-gjithe-shqiptaret-video\/#breadcrumb","itemListElement":[{"@type":"ListItem","position":1,"name":"Sali Berisha: N\u00ebnshtet\u00ebsi p\u00ebr t\u00eb gjith\u00eb shqiptar\u00ebt &#8211; Video"}]},{"@type":"Person","@id":"https:\/\/www.visit-ulcinj.com\/blog\/#\/schema\/person\/dcab619c614d3038751c63bc2aadc06d","name":"ulqini","sameAs":["http:\/\/www.visit-ulcinj.com"],"url":"https:\/\/www.visit-ulcinj.com\/blog\/author\/admin\/"}]}},"jetpack_featured_media_url":"","jetpack_sharing_enabled":true,"jetpack_shortlink":"https:\/\/wp.me\/pe6lTn-hie","_links":{"self":[{"href":"https:\/\/www.visit-ulcinj.com\/blog\/wp-json\/wp\/v2\/posts\/66478"}],"collection":[{"href":"https:\/\/www.visit-ulcinj.com\/blog\/wp-json\/wp\/v2\/posts"}],"about":[{"href":"https:\/\/www.visit-ulcinj.com\/blog\/wp-json\/wp\/v2\/types\/post"}],"author":[{"embeddable":true,"href":"https:\/\/www.visit-ulcinj.com\/blog\/wp-json\/wp\/v2\/users\/1"}],"replies":[{"embeddable":true,"href":"https:\/\/www.visit-ulcinj.com\/blog\/wp-json\/wp\/v2\/comments?post=66478"}],"version-history":[{"count":2,"href":"https:\/\/www.visit-ulcinj.com\/blog\/wp-json\/wp\/v2\/posts\/66478\/revisions"}],"predecessor-version":[{"id":66481,"href":"https:\/\/www.visit-ulcinj.com\/blog\/wp-json\/wp\/v2\/posts\/66478\/revisions\/66481"}],"wp:attachment":[{"href":"https:\/\/www.visit-ulcinj.com\/blog\/wp-json\/wp\/v2\/media?parent=66478"}],"wp:term":[{"taxonomy":"category","embeddable":true,"href":"https:\/\/www.visit-ulcinj.com\/blog\/wp-json\/wp\/v2\/categories?post=66478"},{"taxonomy":"post_tag","embeddable":true,"href":"https:\/\/www.visit-ulcinj.com\/blog\/wp-json\/wp\/v2\/tags?post=66478"}],"curies":[{"name":"wp","href":"https:\/\/api.w.org\/{rel}","templated":true}]}}