{"id":66482,"date":"2012-12-05T07:25:03","date_gmt":"2012-12-05T06:25:03","guid":{"rendered":"http:\/\/www.visit-ulcinj.com\/blog\/?p=66482"},"modified":"2012-12-05T07:25:03","modified_gmt":"2012-12-05T06:25:03","slug":"fatmir-deka-daje-punu-podrsku-vladi-crne-gore","status":"publish","type":"post","link":"https:\/\/www.visit-ulcinj.com\/blog\/2012\/12\/05\/fatmir-deka-daje-punu-podrsku-vladi-crne-gore\/","title":{"rendered":"Fatmir \u0110eka daje punu podr\u0161ku Vladi Crne Gore"},"content":{"rendered":"<div id=\"attachment_66483\" style=\"width: 518px\" class=\"wp-caption alignleft\"><a href=\"http:\/\/www.visit-ulcinj.com\/blog\/wp-content\/uploads\/2012\/12\/Fatmir-Djeka-daje-podrsku-vladi.jpg\"><img aria-describedby=\"caption-attachment-66483\" loading=\"lazy\" class=\" wp-image-66483\" title=\"Fatmir Djeka daje podrsku vladi\" src=\"http:\/\/www.visit-ulcinj.com\/blog\/wp-content\/uploads\/2012\/12\/Fatmir-Djeka-daje-podrsku-vladi.jpg\" alt=\"\" width=\"508\" height=\"600\" \/><\/a><p id=\"caption-attachment-66483\" class=\"wp-caption-text\">Foto: Vijesti<\/p><\/div>\n<p>Fatmir \u0110eka, u ime kluba albanskih partija, LP i HGI, rekao je da \u0107e biti konstruktivna snaga u budu\u0107em radu parlamenta, ali da \u0107e biti protiv inicjativa koje su na \u0161tetu gra\u0111ana Crne Gore. On je izrazio o\u010dekivanje da Crna Gora i Kosovo uskoro razmijeniti ambasadore.<\/p>\n<p><a href=\"http:\/\/www.vijesti.me\/vijesti\/knezevic-povratak-dukanovica-je-kao-horor-film-sa-previse-nastavaka-clanak-103262\" target=\"_blank\"><strong>Igor Pejovi\u0107<\/strong><\/a><br \/>\n<a href=\"http:\/\/www.vijesti.me\/vijesti\/knezevic-povratak-dukanovica-je-kao-horor-film-sa-previse-nastavaka-clanak-103262\" target=\"_blank\"><strong>Vijesti online<\/strong><\/a><\/p>\n<p><iframe loading=\"lazy\" src=\"http:\/\/www.youtube.com\/embed\/SkF7AXWkGsE?rel=0\" frameborder=\"0\" width=\"508\" height=\"360\"><\/iframe><\/p>\n","protected":false},"excerpt":{"rendered":"<p>Fatmir \u0110eka, u ime kluba albanskih partija, LP i HGI, rekao je da \u0107e biti konstruktivna snaga u budu\u0107em radu parlamenta, ali da \u0107e biti protiv inicjativa koje su na \u0161tetu gra\u0111ana Crne Gore. On je izrazio o\u010dekivanje da Crna Gora i Kosovo uskoro razmijeniti ambasadore. Igor Pejovi\u0107 Vijesti online<\/p>\n","protected":false},"author":1,"featured_media":0,"comment_status":"open","ping_status":"closed","sticky":false,"template":"","format":"standard","meta":{"spay_email":"","jetpack_publicize_message":"","jetpack_is_tweetstorm":false,"jetpack_publicize_feature_enabled":true},"categories":[8337],"tags":[6228,19738,19],"jetpack_publicize_connections":[],"yoast_head":"<!-- This site is optimized with the Yoast SEO plugin v19.1 - https:\/\/yoast.com\/wordpress\/plugins\/seo\/ -->\n<title>Fatmir \u0110eka daje punu podr\u0161ku Vladi Crne Gore - Lajme nga Ulqini<\/title>\n<meta name=\"description\" content=\"Fatmir \u0110eka, u ime kluba albanskih partija, LP i HGI, rekao je da \u0107e biti konstruktivna snaga u budu\u0107em radu parlamenta, ali da \u0107e biti protiv inicjativa\" \/>\n<meta name=\"robots\" content=\"index, follow, max-snippet:-1, max-image-preview:large, max-video-preview:-1\" \/>\n<link rel=\"canonical\" href=\"https:\/\/www.visit-ulcinj.com\/blog\/2012\/12\/05\/fatmir-deka-daje-punu-podrsku-vladi-crne-gore\/\" \/>\n<meta property=\"og:locale\" content=\"en_US\" \/>\n<meta property=\"og:type\" content=\"article\" \/>\n<meta property=\"og:title\" content=\"Fatmir \u0110eka daje punu podr\u0161ku Vladi Crne Gore - Lajme nga Ulqini\" \/>\n<meta property=\"og:description\" content=\"Fatmir \u0110eka, u ime kluba albanskih partija, LP i HGI, rekao je da \u0107e biti konstruktivna snaga u budu\u0107em radu parlamenta, ali da \u0107e biti protiv inicjativa\" \/>\n<meta property=\"og:url\" content=\"https:\/\/www.visit-ulcinj.com\/blog\/2012\/12\/05\/fatmir-deka-daje-punu-podrsku-vladi-crne-gore\/\" \/>\n<meta property=\"og:site_name\" content=\"Lajme nga Ulqini\" \/>\n<meta property=\"article:published_time\" content=\"2012-12-05T06:25:03+00:00\" \/>\n<meta property=\"og:image\" content=\"http:\/\/www.visit-ulcinj.com\/blog\/wp-content\/uploads\/2012\/12\/Fatmir-Djeka-daje-podrsku-vladi.jpg\" \/>\n<meta name=\"twitter:label1\" content=\"Written by\" \/>\n\t<meta name=\"twitter:data1\" content=\"ulqini\" \/>\n<script type=\"application\/ld+json\" class=\"yoast-schema-graph\">{\"@context\":\"https:\/\/schema.org\",\"@graph\":[{\"@type\":\"WebSite\",\"@id\":\"https:\/\/www.visit-ulcinj.com\/blog\/#website\",\"url\":\"https:\/\/www.visit-ulcinj.com\/blog\/\",\"name\":\"Lajme nga Ulqini\",\"description\":\"Lajme,Vijesti,Ulqini,Ulqin,Crna Gora,Mali i Zi\",\"potentialAction\":[{\"@type\":\"SearchAction\",\"target\":{\"@type\":\"EntryPoint\",\"urlTemplate\":\"https:\/\/www.visit-ulcinj.com\/blog\/?s={search_term_string}\"},\"query-input\":\"required name=search_term_string\"}],\"inLanguage\":\"en-US\"},{\"@type\":\"ImageObject\",\"inLanguage\":\"en-US\",\"@id\":\"https:\/\/www.visit-ulcinj.com\/blog\/2012\/12\/05\/fatmir-deka-daje-punu-podrsku-vladi-crne-gore\/#primaryimage\",\"url\":\"https:\/\/www.visit-ulcinj.com\/blog\/wp-content\/uploads\/2012\/12\/Fatmir-Djeka-daje-podrsku-vladi.jpg\",\"contentUrl\":\"https:\/\/www.visit-ulcinj.com\/blog\/wp-content\/uploads\/2012\/12\/Fatmir-Djeka-daje-podrsku-vladi.jpg\",\"width\":\"519\",\"height\":\"701\"},{\"@type\":\"WebPage\",\"@id\":\"https:\/\/www.visit-ulcinj.com\/blog\/2012\/12\/05\/fatmir-deka-daje-punu-podrsku-vladi-crne-gore\/#webpage\",\"url\":\"https:\/\/www.visit-ulcinj.com\/blog\/2012\/12\/05\/fatmir-deka-daje-punu-podrsku-vladi-crne-gore\/\",\"name\":\"Fatmir \u0110eka daje punu podr\u0161ku Vladi Crne Gore - Lajme nga Ulqini\",\"isPartOf\":{\"@id\":\"https:\/\/www.visit-ulcinj.com\/blog\/#website\"},\"primaryImageOfPage\":{\"@id\":\"https:\/\/www.visit-ulcinj.com\/blog\/2012\/12\/05\/fatmir-deka-daje-punu-podrsku-vladi-crne-gore\/#primaryimage\"},\"datePublished\":\"2012-12-05T06:25:03+00:00\",\"dateModified\":\"2012-12-05T06:25:03+00:00\",\"author\":{\"@id\":\"https:\/\/www.visit-ulcinj.com\/blog\/#\/schema\/person\/dcab619c614d3038751c63bc2aadc06d\"},\"description\":\"Fatmir \u0110eka, u ime kluba albanskih partija, LP i HGI, rekao je da \u0107e biti konstruktivna snaga u budu\u0107em radu parlamenta, ali da \u0107e biti protiv inicjativa\",\"breadcrumb\":{\"@id\":\"https:\/\/www.visit-ulcinj.com\/blog\/2012\/12\/05\/fatmir-deka-daje-punu-podrsku-vladi-crne-gore\/#breadcrumb\"},\"inLanguage\":\"en-US\",\"potentialAction\":[{\"@type\":\"ReadAction\",\"target\":[\"https:\/\/www.visit-ulcinj.com\/blog\/2012\/12\/05\/fatmir-deka-daje-punu-podrsku-vladi-crne-gore\/\"]}]},{\"@type\":\"BreadcrumbList\",\"@id\":\"https:\/\/www.visit-ulcinj.com\/blog\/2012\/12\/05\/fatmir-deka-daje-punu-podrsku-vladi-crne-gore\/#breadcrumb\",\"itemListElement\":[{\"@type\":\"ListItem\",\"position\":1,\"name\":\"Fatmir \u0110eka daje punu podr\u0161ku Vladi Crne Gore\"}]},{\"@type\":\"Person\",\"@id\":\"https:\/\/www.visit-ulcinj.com\/blog\/#\/schema\/person\/dcab619c614d3038751c63bc2aadc06d\",\"name\":\"ulqini\",\"sameAs\":[\"http:\/\/www.visit-ulcinj.com\"],\"url\":\"https:\/\/www.visit-ulcinj.com\/blog\/author\/admin\/\"}]}<\/script>\n<!-- \/ Yoast SEO plugin. -->","yoast_head_json":{"title":"Fatmir \u0110eka daje punu podr\u0161ku Vladi Crne Gore - Lajme nga Ulqini","description":"Fatmir \u0110eka, u ime kluba albanskih partija, LP i HGI, rekao je da \u0107e biti konstruktivna snaga u budu\u0107em radu parlamenta, ali da \u0107e biti protiv inicjativa","robots":{"index":"index","follow":"follow","max-snippet":"max-snippet:-1","max-image-preview":"max-image-preview:large","max-video-preview":"max-video-preview:-1"},"canonical":"https:\/\/www.visit-ulcinj.com\/blog\/2012\/12\/05\/fatmir-deka-daje-punu-podrsku-vladi-crne-gore\/","og_locale":"en_US","og_type":"article","og_title":"Fatmir \u0110eka daje punu podr\u0161ku Vladi Crne Gore - Lajme nga Ulqini","og_description":"Fatmir \u0110eka, u ime kluba albanskih partija, LP i HGI, rekao je da \u0107e biti konstruktivna snaga u budu\u0107em radu parlamenta, ali da \u0107e biti protiv inicjativa","og_url":"https:\/\/www.visit-ulcinj.com\/blog\/2012\/12\/05\/fatmir-deka-daje-punu-podrsku-vladi-crne-gore\/","og_site_name":"Lajme nga Ulqini","article_published_time":"2012-12-05T06:25:03+00:00","og_image":[{"url":"http:\/\/www.visit-ulcinj.com\/blog\/wp-content\/uploads\/2012\/12\/Fatmir-Djeka-daje-podrsku-vladi.jpg"}],"twitter_misc":{"Written by":"ulqini"},"schema":{"@context":"https:\/\/schema.org","@graph":[{"@type":"WebSite","@id":"https:\/\/www.visit-ulcinj.com\/blog\/#website","url":"https:\/\/www.visit-ulcinj.com\/blog\/","name":"Lajme nga Ulqini","description":"Lajme,Vijesti,Ulqini,Ulqin,Crna Gora,Mali i Zi","potentialAction":[{"@type":"SearchAction","target":{"@type":"EntryPoint","urlTemplate":"https:\/\/www.visit-ulcinj.com\/blog\/?s={search_term_string}"},"query-input":"required name=search_term_string"}],"inLanguage":"en-US"},{"@type":"ImageObject","inLanguage":"en-US","@id":"https:\/\/www.visit-ulcinj.com\/blog\/2012\/12\/05\/fatmir-deka-daje-punu-podrsku-vladi-crne-gore\/#primaryimage","url":"https:\/\/www.visit-ulcinj.com\/blog\/wp-content\/uploads\/2012\/12\/Fatmir-Djeka-daje-podrsku-vladi.jpg","contentUrl":"https:\/\/www.visit-ulcinj.com\/blog\/wp-content\/uploads\/2012\/12\/Fatmir-Djeka-daje-podrsku-vladi.jpg","width":"519","height":"701"},{"@type":"WebPage","@id":"https:\/\/www.visit-ulcinj.com\/blog\/2012\/12\/05\/fatmir-deka-daje-punu-podrsku-vladi-crne-gore\/#webpage","url":"https:\/\/www.visit-ulcinj.com\/blog\/2012\/12\/05\/fatmir-deka-daje-punu-podrsku-vladi-crne-gore\/","name":"Fatmir \u0110eka daje punu podr\u0161ku Vladi Crne Gore - Lajme nga Ulqini","isPartOf":{"@id":"https:\/\/www.visit-ulcinj.com\/blog\/#website"},"primaryImageOfPage":{"@id":"https:\/\/www.visit-ulcinj.com\/blog\/2012\/12\/05\/fatmir-deka-daje-punu-podrsku-vladi-crne-gore\/#primaryimage"},"datePublished":"2012-12-05T06:25:03+00:00","dateModified":"2012-12-05T06:25:03+00:00","author":{"@id":"https:\/\/www.visit-ulcinj.com\/blog\/#\/schema\/person\/dcab619c614d3038751c63bc2aadc06d"},"description":"Fatmir \u0110eka, u ime kluba albanskih partija, LP i HGI, rekao je da \u0107e biti konstruktivna snaga u budu\u0107em radu parlamenta, ali da \u0107e biti protiv inicjativa","breadcrumb":{"@id":"https:\/\/www.visit-ulcinj.com\/blog\/2012\/12\/05\/fatmir-deka-daje-punu-podrsku-vladi-crne-gore\/#breadcrumb"},"inLanguage":"en-US","potentialAction":[{"@type":"ReadAction","target":["https:\/\/www.visit-ulcinj.com\/blog\/2012\/12\/05\/fatmir-deka-daje-punu-podrsku-vladi-crne-gore\/"]}]},{"@type":"BreadcrumbList","@id":"https:\/\/www.visit-ulcinj.com\/blog\/2012\/12\/05\/fatmir-deka-daje-punu-podrsku-vladi-crne-gore\/#breadcrumb","itemListElement":[{"@type":"ListItem","position":1,"name":"Fatmir \u0110eka daje punu podr\u0161ku Vladi Crne Gore"}]},{"@type":"Person","@id":"https:\/\/www.visit-ulcinj.com\/blog\/#\/schema\/person\/dcab619c614d3038751c63bc2aadc06d","name":"ulqini","sameAs":["http:\/\/www.visit-ulcinj.com"],"url":"https:\/\/www.visit-ulcinj.com\/blog\/author\/admin\/"}]}},"jetpack_featured_media_url":"","jetpack_sharing_enabled":true,"jetpack_shortlink":"https:\/\/wp.me\/pe6lTn-hii","_links":{"self":[{"href":"https:\/\/www.visit-ulcinj.com\/blog\/wp-json\/wp\/v2\/posts\/66482"}],"collection":[{"href":"https:\/\/www.visit-ulcinj.com\/blog\/wp-json\/wp\/v2\/posts"}],"about":[{"href":"https:\/\/www.visit-ulcinj.com\/blog\/wp-json\/wp\/v2\/types\/post"}],"author":[{"embeddable":true,"href":"https:\/\/www.visit-ulcinj.com\/blog\/wp-json\/wp\/v2\/users\/1"}],"replies":[{"embeddable":true,"href":"https:\/\/www.visit-ulcinj.com\/blog\/wp-json\/wp\/v2\/comments?post=66482"}],"version-history":[{"count":2,"href":"https:\/\/www.visit-ulcinj.com\/blog\/wp-json\/wp\/v2\/posts\/66482\/revisions"}],"predecessor-version":[{"id":66485,"href":"https:\/\/www.visit-ulcinj.com\/blog\/wp-json\/wp\/v2\/posts\/66482\/revisions\/66485"}],"wp:attachment":[{"href":"https:\/\/www.visit-ulcinj.com\/blog\/wp-json\/wp\/v2\/media?parent=66482"}],"wp:term":[{"taxonomy":"category","embeddable":true,"href":"https:\/\/www.visit-ulcinj.com\/blog\/wp-json\/wp\/v2\/categories?post=66482"},{"taxonomy":"post_tag","embeddable":true,"href":"https:\/\/www.visit-ulcinj.com\/blog\/wp-json\/wp\/v2\/tags?post=66482"}],"curies":[{"name":"wp","href":"https:\/\/api.w.org\/{rel}","templated":true}]}}