{"id":66502,"date":"2012-12-05T15:32:52","date_gmt":"2012-12-05T14:32:52","guid":{"rendered":"http:\/\/www.visit-ulcinj.com\/blog\/?p=66502"},"modified":"2012-12-06T22:41:18","modified_gmt":"2012-12-06T21:41:18","slug":"kumtese-nga-ld-ne-mz-policia-merr-ne-pyetje-nxenesin-se-ka-kenduar-kengen-xhamadanin-vija-vija","status":"publish","type":"post","link":"https:\/\/www.visit-ulcinj.com\/blog\/2012\/12\/05\/kumtese-nga-ld-ne-mz-policia-merr-ne-pyetje-nxenesin-se-ka-kenduar-kengen-xhamadanin-vija-vija\/","title":{"rendered":"Kumtes\u00eb nga LD n\u00eb MZ &#8211; Policia merr n\u00eb pyetje nx\u00ebn\u00ebsin se ka k\u00ebnduar k\u00ebng\u00ebn Xhamadanin vija-vija.."},"content":{"rendered":"<p style=\"text-align: left;\">\u00a0\u00a0\u00a0\u00a0\u00a0\u00a0\u00a0\u00a0\u00a0\u00a0\u00a0\u00a0\u00a0\u00a0\u00a0\u00a0\u00a0\u00a0\u00a0\u00a0\u00a0\u00a0\u00a0\u00a0\u00a0\u00a0\u00a0\u00a0\u00a0<a href=\"http:\/\/www.visit-ulcinj.com\/blog\/wp-content\/uploads\/2012\/12\/lidhja_demokratike_logo.jpg\"><img loading=\"lazy\" class=\"alignleft  wp-image-66503\" title=\"lidhja_demokratike_logo\" src=\"http:\/\/www.visit-ulcinj.com\/blog\/wp-content\/uploads\/2012\/12\/lidhja_demokratike_logo.jpg\" alt=\"\" width=\"140\" height=\"140\" \/><\/a>\u00a0\u00a0\u00a0\u00a0\u00a0\u00a0\u00a0\u00a0\u00a0\u00a0\u00a0 <strong>LIDHJA DEMOKRATIKE N\u00cb MAL T\u00cb ZI<\/strong><\/p>\n<p style=\"text-align: left;\">\u00a0\u00a0\u00a0\u00a0\u00a0\u00a0\u00a0\u00a0\u00a0\u00a0\u00a0\u00a0\u00a0\u00a0\u00a0\u00a0\u00a0\u00a0\u00a0\u00a0\u00a0\u00a0 <strong>\u00a0\u00a0\u00a0\u00a0\u00a0\u00a0\u00a0\u00a0\u00a0\u00a0\u00a0\u00a0\u00a0\u00a0\u00a0\u00a0\u00a0 <\/strong>DEMOKRATSKI SAVEZ U CRNOJ GORI<\/p>\n<p style=\"text-align: left;\">\u00a0\u00a0\u00a0\u00a0\u00a0\u00a0\u00a0\u00a0\u00a0\u00a0\u00a0\u00a0\u00a0\u00a0\u00a0\u00a0\u00a0\u00a0\u00a0\u00a0\u00a0\u00a0\u00a0\u00a0\u00a0\u00a0\u00a0\u00a0\u00a0\u00a0\u00a0\u00a0\u00a0\u00a0\u00a0\u00a0\u00a0\u00a0\u00a0\u00a0 DEMOCRATIC LEAGUE IN MONTENEGRO<\/p>\n<h3><\/h3>\n<h3 style=\"text-align: right;\">\u00a0\u00a0\u00a0\u00a0\u00a0\u00a0\u00a0\u00a0\u00a0\u00a0\u00a0\u00a0\u00a0\u00a0\u00a0\u00a0\u00a0\u00a0\u00a0\u00a0\u00a0\u00a0\u00a0\u00a0\u00a0\u00a0\u00a0\u00a0\u00a0\u00a0\u00a0\u00a0\u00a0\u00a0\u00a0\u00a0\u00a0\u00a0\u00a0\u00a0\u00a0\u00a0\u00a0\u00a0\u00a0 Nr.\u00a0\u00a0\u00a0 308 \/12<\/h3>\n<p style=\"text-align: right;\">\u00a0\u00a0\u00a0\u00a0\u00a0\u00a0\u00a0\u00a0\u00a0\u00a0\u00a0\u00a0\u00a0\u00a0\u00a0\u00a0\u00a0\u00a0\u00a0\u00a0\u00a0\u00a0\u00a0\u00a0\u00a0\u00a0\u00a0\u00a0\u00a0\u00a0\u00a0\u00a0\u00a0\u00a0\u00a0\u00a0\u00a0\u00a0\u00a0\u00a0\u00a0\u00a0\u00a0\u00a0\u00a0 Tuz , m\u00eb 29. 12.\u00a0 2012<\/p>\n<p style=\"text-align: right;\">\u00a0\u00a0\u00a0\u00a0\u00a0\u00a0\u00a0\u00a0\u00a0\u00a0\u00a0\u00a0\u00a0\u00a0\u00a0\u00a0\u00a0\u00a0\u00a0\u00a0\u00a0\u00a0\u00a0\u00a0\u00a0\u00a0\u00a0\u00a0\u00a0\u00a0\u00a0\u00a0\u00a0\u00a0\u00a0\u00a0\u00a0\u00a0\u00a0\u00a0\u00a0\u00a0\u00a0\u00a0\u00a0 tel.\/fax (+382\u00a0 (0) 30) <strong>413 009,<\/strong> (0) 20\u00a0 <strong>875\u00a0 903<\/strong><\/p>\n<p><strong>\u00a0<\/strong><\/p>\n<p><strong>\u00a0<\/strong><\/p>\n<p><strong>\u00a0<\/strong><\/p>\n<p align=\"center\"><strong>Kumtes\u00eb p\u00ebr opinion<\/strong><\/p>\n<p>&nbsp;<\/p>\n<p>28 N\u00ebntori \u2013 Dita e Flamurit dhe 100-vjetori i Pavar\u00ebsis\u00eb s\u00eb Shqip\u00ebris\u00eb u festua si asnj\u00ebher\u00eb deri tash, n\u00eb m\u00ebnyra t\u00eb ndryshme, me g\u00ebzim e hare, n\u00eb \u00e7do skaj shqiptar, n\u00eb \u00e7do familje shqiptare, n\u00eb atdhe e n\u00eb diaspor\u00eb. Vendi u b\u00eb kuq e zi, \u00e7do kund. Flamujt shqiptar\u00eb pothuaj se val\u00ebviteshin me bukurin\u00eb madh\u00ebshtore si asnj\u00ebher\u00eb tjet\u00ebr. K\u00ebshtu edhe shqiptar\u00ebt n\u00eb trojet e veta , sot n\u00eb Malin e Zi, nuk ngelen prapa. P\u00ebrkundrazi, organizuan manifestime me programe t\u00eb begata : n\u00eb Rozhaj\u00eb, Plav\u00eb, Mal\u00ebsi, Kraj\u00eb, An\u00eb t\u00eb Malit e Ulqin. Organizoi K\u00ebshilli Nacional i Shqiptar\u00ebve, me p\u00ebrkrahje financiare t\u00eb Fondit t\u00eb Pakicave. Edhe Lidhja festoi n\u00eb t\u00eb gjitha deg\u00ebt e saja. Flamuri shqiptar, k\u00ebto dit\u00eb Feste, zbukuroi sht\u00ebpi, ballkone e dritare kudo, n\u00eb katunde e n\u00eb qytete.<\/p>\n<p>Madh\u00ebshtia e k\u00ebsaj feste kulmin e arriti m\u00eb 28 N\u00ebntor n\u00eb Vlor\u00eb e n\u00eb Tiran\u00eb, ku n\u00eb fest\u00ebn m\u00eb t\u00eb madhe shqiptare u mblodh\u00ebn m\u00eb se nj\u00eb milion shqiptar\u00eb nga t\u00eb gjitha trojet\u00a0 dhe nga diaspora dhe me qindra mysafir\u00eb.<\/p>\n<p>&nbsp;<\/p>\n<p>Megjithate, sukur pushtetit t\u00eb Malit t\u00eb Zi apo dikujt nga pushteti, disi k\u00ebto manifestime nuk i shkuan p\u00ebr shtati. Shqiptar\u00ebt edhe me k\u00ebt\u00eb rast po vazhdojn\u00eb t\u00eb ndiejn\u00eb presionet e pushtetit malazias, q\u00eb nga m\u00ebnyrat m\u00eb t\u00eb sofistikuara deri te ato m\u00eb t\u00eb vrazhdta. Kjo u tregua edhe n\u00eb Ulqin, kur Policia, n\u00ebpun\u00ebsi i autorizuar i policis\u00eb, m\u00eb dat\u00ebn 29 n\u00ebntor 2012,\u00a0 mori n\u00eb pyetje &#8211; proces nx\u00ebn\u00ebsin e klas\u00ebs IV t\u00eb Qendr\u00ebs Shkollore n\u00eb Ulqin Fatlum \u00c7apriqin, sepse m\u00eb 28 n\u00ebntor 2012, kah ora 19:00, n\u00eb oborrin e Shkoll\u00ebs, bashk\u00eb me shok\u00ebt e klas\u00ebs, kishin k\u00ebnduar k\u00ebng\u00ebn Xhamadanin Vija-vija \/ \u00cbsht\u00eb Kosova \u00ebsht\u00eb\u00a0 Shqipnia\u2026 se ka(n\u00eb) pas flamurin e Shqipnis\u00eb\u2026 se shok\u00ebt kan\u00eb pas\u00eb majicat me stem\u00ebn e Shqip\u00ebris\u00eb\u2026 dhe, se pas nj\u00eb kohe, me k\u00ebrkes\u00ebn e<\/p>\n<p>Ndihm\u00ebsdrejtoresh\u00ebs s\u00eb Shkoll\u00ebs e kan\u00eb nd\u00ebrpre k\u00ebndimin\u2026\u00a0\u00a0 (\u201cProcesverbali p\u00ebr mbledhjen e informatave nga qytetar\u00ebt, pa nr., dat\u00eb 29. 11. 2012 \u201c).<\/p>\n<p>&nbsp;<\/p>\n<p>Lidhja Demokratike e d\u00ebnon k\u00ebt\u00eb akt presioni ndaj nx\u00ebn\u00ebsit e nx\u00ebn\u00ebsve. K\u00ebt\u00eb e konsiderojm\u00eb akt presioni ndaj shqiptar\u00ebve, kultur\u00ebs s\u00eb son\u00eb, ndaj historis\u00eb shum\u00ebshekullore dhe qenies son\u00eb.<\/p>\n<p>Prandaj i lusim kompetent\u00ebt n\u00eb Polici q\u00eb ta analizojn\u00eb k\u00ebt\u00eb rast t\u00eb papresedan dhe sidomos t\u00eb shikohet pozita e\u00a0 urdh\u00ebrdh\u00ebn\u00ebsit apo urdh\u00ebrdh\u00ebn\u00ebsve q\u00eb n\u00ebpun\u00ebsi i autorizuar policor\u00a0 t\u00eb marr\u00eb n\u00eb pyetje nx\u00ebn\u00ebsin(-t) q\u00eb ka(-n\u00eb) k\u00ebnduar k\u00ebng\u00eb p\u00ebr fest\u00ebn dhe n\u00eb fest\u00ebn m\u00eb t\u00eb madhe t\u00eb kombit shqiptar, 28 N\u00ebntorit \u2013 Dit\u00ebs s\u00eb Flamurit.<\/p>\n<p>&nbsp;<\/p>\n<p>SH\u00cbRBIMI P\u00cbR INFORMIM<\/p>\n<p>V\u00ebrejtje: Kumtes\u00ebs i bashkangjesim kopjen e Procesverbalit t\u00eb Policis\u00eb<\/p>\n<div id=\"attachment_66506\" style=\"width: 518px\" class=\"wp-caption alignleft\"><a href=\"http:\/\/www.visit-ulcinj.com\/blog\/wp-content\/uploads\/2012\/12\/Procesverbali-i-Policise.jpg\"><img aria-describedby=\"caption-attachment-66506\" loading=\"lazy\" class=\" wp-image-66506\" title=\"Procesverbali i Policise\" src=\"http:\/\/www.visit-ulcinj.com\/blog\/wp-content\/uploads\/2012\/12\/Procesverbali-i-Policise.jpg\" alt=\"\" width=\"508\" height=\"610\" \/><\/a><p id=\"caption-attachment-66506\" class=\"wp-caption-text\">Zmadho Foto<\/p><\/div>\n<p>&nbsp;<\/p>\n","protected":false},"excerpt":{"rendered":"<p>\u00a0\u00a0\u00a0\u00a0\u00a0\u00a0\u00a0\u00a0\u00a0\u00a0\u00a0\u00a0\u00a0\u00a0\u00a0\u00a0\u00a0\u00a0\u00a0\u00a0\u00a0\u00a0\u00a0\u00a0\u00a0\u00a0\u00a0\u00a0\u00a0\u00a0\u00a0\u00a0\u00a0\u00a0\u00a0\u00a0\u00a0\u00a0\u00a0\u00a0 LIDHJA DEMOKRATIKE N\u00cb MAL T\u00cb ZI \u00a0\u00a0\u00a0\u00a0\u00a0\u00a0\u00a0\u00a0\u00a0\u00a0\u00a0\u00a0\u00a0\u00a0\u00a0\u00a0\u00a0\u00a0\u00a0\u00a0\u00a0\u00a0 \u00a0\u00a0\u00a0\u00a0\u00a0\u00a0\u00a0\u00a0\u00a0\u00a0\u00a0\u00a0\u00a0\u00a0\u00a0\u00a0\u00a0 DEMOKRATSKI SAVEZ U CRNOJ GORI \u00a0\u00a0\u00a0\u00a0\u00a0\u00a0\u00a0\u00a0\u00a0\u00a0\u00a0\u00a0\u00a0\u00a0\u00a0\u00a0\u00a0\u00a0\u00a0\u00a0\u00a0\u00a0\u00a0\u00a0\u00a0\u00a0\u00a0\u00a0\u00a0\u00a0\u00a0\u00a0\u00a0\u00a0\u00a0\u00a0\u00a0\u00a0\u00a0\u00a0 DEMOCRATIC LEAGUE IN MONTENEGRO \u00a0\u00a0\u00a0\u00a0\u00a0\u00a0\u00a0\u00a0\u00a0\u00a0\u00a0\u00a0\u00a0\u00a0\u00a0\u00a0\u00a0\u00a0\u00a0\u00a0\u00a0\u00a0\u00a0\u00a0\u00a0\u00a0\u00a0\u00a0\u00a0\u00a0\u00a0\u00a0\u00a0\u00a0\u00a0\u00a0\u00a0\u00a0\u00a0\u00a0\u00a0\u00a0\u00a0\u00a0\u00a0 Nr.\u00a0\u00a0\u00a0 308 \/12 \u00a0\u00a0\u00a0\u00a0\u00a0\u00a0\u00a0\u00a0\u00a0\u00a0\u00a0\u00a0\u00a0\u00a0\u00a0\u00a0\u00a0\u00a0\u00a0\u00a0\u00a0\u00a0\u00a0\u00a0\u00a0\u00a0\u00a0\u00a0\u00a0\u00a0\u00a0\u00a0\u00a0\u00a0\u00a0\u00a0\u00a0\u00a0\u00a0\u00a0\u00a0\u00a0\u00a0\u00a0\u00a0 Tuz , m\u00eb 29. 12.\u00a0 2012 \u00a0\u00a0\u00a0\u00a0\u00a0\u00a0\u00a0\u00a0\u00a0\u00a0\u00a0\u00a0\u00a0\u00a0\u00a0\u00a0\u00a0\u00a0\u00a0\u00a0\u00a0\u00a0\u00a0\u00a0\u00a0\u00a0\u00a0\u00a0\u00a0\u00a0\u00a0\u00a0\u00a0\u00a0\u00a0\u00a0\u00a0\u00a0\u00a0\u00a0\u00a0\u00a0\u00a0\u00a0\u00a0 tel.\/fax (+382\u00a0 (0) 30) 413 009, (0) 20\u00a0 875\u00a0 903 \u00a0 \u00a0 \u00a0 Kumtes\u00eb p\u00ebr opinion &nbsp; 28 N\u00ebntori \u2013 Dita e Flamurit dhe [&hellip;]<\/p>\n","protected":false},"author":1,"featured_media":0,"comment_status":"open","ping_status":"closed","sticky":false,"template":"","format":"standard","meta":{"spay_email":"","jetpack_publicize_message":"","jetpack_is_tweetstorm":false,"jetpack_publicize_feature_enabled":true},"categories":[14249,6],"tags":[16554,16560,16567,19022,19021,14351,3505,212,16553,17828,16552,17834,18370,17811,14352,17831,18362,14349,15136,14353,3510,17808,16245,17401,3502,14354,714,12340,14355,15798,17840,17839,18363,16558,19585,16216,17835,20,17814,17810,17816,14356,17071,17807,3730,3516,14652,14357,3511,15139,17837,17827,16246,16237,16238,21579,10203,3504,14358,19020,3220,222,17802,17812,17803,16214,17820,17825,17817,16249,16564,16547,16559,16565,16551,17805,8966,22011,305,16491,19584,16247,16563,17823,17832,19586,14359,3506,17818,3499,214,17680,14360,14361,3509,16210,17402,16211,14362,19541,216,14363,18371,194,16248,19501,3507,14655,17800,498,3717,3500,1762,4625,16490,115,3228,14364,362,22008,128,17799,14657,3327,15140,17841,19627,17826,15213,18236,13230,3512,17806,729,16212,11648,18289,17838,95,19583,17813,19587,17804,5937,14365,15141,14658,3227,17836,14366,79,14661,17073,3513,14348,1082,16234,16241,16233,18369,16478,4642,3514,1653,16244,1909,17815,14367,92,13393,16566,17801,18360,14663,19543,125,14906,17822,3501,14368,14369,19542,14665,14664,16243,17824,14370,14666,18291,16557,10472,16236,16232,2083,3231,14371,41,3617,16769,3508,15143,14372,3503,14373,14374,17844,3515,17821,16235,16240,5589,18372,17830,16215,17077,3498,2800,18295,15160,14375,17833,17829,899,16242,16546,19,409,200,18,17819,1388,17809,16570,16213,16239,14376],"jetpack_publicize_connections":[],"yoast_head":"<!-- This site is optimized with the Yoast SEO plugin v19.1 - https:\/\/yoast.com\/wordpress\/plugins\/seo\/ -->\n<title>Kumtes\u00eb nga LD n\u00eb MZ - Policia merr n\u00eb pyetje nx\u00ebn\u00ebsin se ka k\u00ebnduar k\u00ebng\u00ebn Xhamadanin vija-vija.. - Lajme nga Ulqini<\/title>\n<meta name=\"description\" content=\"\u00a0\u00a0\u00a0\u00a0\u00a0\u00a0\u00a0\u00a0\u00a0\u00a0\u00a0\u00a0\u00a0\u00a0\u00a0\u00a0\u00a0\u00a0\u00a0\u00a0\u00a0\u00a0\u00a0\u00a0\u00a0\u00a0\u00a0\u00a0\u00a0\u00a0\u00a0\u00a0\u00a0\u00a0\u00a0\u00a0\u00a0\u00a0\u00a0\u00a0 LIDHJA DEMOKRATIKE N\u00cb MAL T\u00cb ZI \u00a0\u00a0\u00a0\u00a0\u00a0\u00a0\u00a0\u00a0\u00a0\u00a0\u00a0\u00a0\u00a0\u00a0\u00a0\u00a0\u00a0\u00a0\u00a0\u00a0\u00a0\u00a0 \u00a0\u00a0\u00a0\u00a0\u00a0\u00a0\u00a0\u00a0\u00a0\u00a0\u00a0\u00a0\u00a0\u00a0\u00a0\u00a0\u00a0 DEMOKRATSKI SAVEZ U CRNOJ GORI\" \/>\n<meta name=\"robots\" content=\"index, follow, max-snippet:-1, max-image-preview:large, max-video-preview:-1\" \/>\n<link rel=\"canonical\" href=\"https:\/\/www.visit-ulcinj.com\/blog\/2012\/12\/05\/kumtese-nga-ld-ne-mz-policia-merr-ne-pyetje-nxenesin-se-ka-kenduar-kengen-xhamadanin-vija-vija\/\" \/>\n<meta property=\"og:locale\" content=\"en_US\" \/>\n<meta property=\"og:type\" content=\"article\" \/>\n<meta property=\"og:title\" content=\"Kumtes\u00eb nga LD n\u00eb MZ - Policia merr n\u00eb pyetje nx\u00ebn\u00ebsin se ka k\u00ebnduar k\u00ebng\u00ebn Xhamadanin vija-vija.. - Lajme nga Ulqini\" \/>\n<meta property=\"og:description\" content=\"\u00a0\u00a0\u00a0\u00a0\u00a0\u00a0\u00a0\u00a0\u00a0\u00a0\u00a0\u00a0\u00a0\u00a0\u00a0\u00a0\u00a0\u00a0\u00a0\u00a0\u00a0\u00a0\u00a0\u00a0\u00a0\u00a0\u00a0\u00a0\u00a0\u00a0\u00a0\u00a0\u00a0\u00a0\u00a0\u00a0\u00a0\u00a0\u00a0\u00a0 LIDHJA DEMOKRATIKE N\u00cb MAL T\u00cb ZI \u00a0\u00a0\u00a0\u00a0\u00a0\u00a0\u00a0\u00a0\u00a0\u00a0\u00a0\u00a0\u00a0\u00a0\u00a0\u00a0\u00a0\u00a0\u00a0\u00a0\u00a0\u00a0 \u00a0\u00a0\u00a0\u00a0\u00a0\u00a0\u00a0\u00a0\u00a0\u00a0\u00a0\u00a0\u00a0\u00a0\u00a0\u00a0\u00a0 DEMOKRATSKI SAVEZ U CRNOJ GORI\" \/>\n<meta property=\"og:url\" content=\"https:\/\/www.visit-ulcinj.com\/blog\/2012\/12\/05\/kumtese-nga-ld-ne-mz-policia-merr-ne-pyetje-nxenesin-se-ka-kenduar-kengen-xhamadanin-vija-vija\/\" \/>\n<meta property=\"og:site_name\" content=\"Lajme nga Ulqini\" \/>\n<meta property=\"article:published_time\" content=\"2012-12-05T14:32:52+00:00\" \/>\n<meta property=\"article:modified_time\" content=\"2012-12-06T21:41:18+00:00\" \/>\n<meta property=\"og:image\" content=\"http:\/\/www.visit-ulcinj.com\/blog\/wp-content\/uploads\/2012\/12\/lidhja_demokratike_logo.jpg\" \/>\n<meta name=\"twitter:label1\" content=\"Written by\" \/>\n\t<meta name=\"twitter:data1\" content=\"ulqini\" \/>\n\t<meta name=\"twitter:label2\" content=\"Est. reading time\" \/>\n\t<meta name=\"twitter:data2\" content=\"3 minutes\" \/>\n<script type=\"application\/ld+json\" class=\"yoast-schema-graph\">{\"@context\":\"https:\/\/schema.org\",\"@graph\":[{\"@type\":\"WebSite\",\"@id\":\"https:\/\/www.visit-ulcinj.com\/blog\/#website\",\"url\":\"https:\/\/www.visit-ulcinj.com\/blog\/\",\"name\":\"Lajme nga Ulqini\",\"description\":\"Lajme,Vijesti,Ulqini,Ulqin,Crna Gora,Mali i Zi\",\"potentialAction\":[{\"@type\":\"SearchAction\",\"target\":{\"@type\":\"EntryPoint\",\"urlTemplate\":\"https:\/\/www.visit-ulcinj.com\/blog\/?s={search_term_string}\"},\"query-input\":\"required name=search_term_string\"}],\"inLanguage\":\"en-US\"},{\"@type\":\"ImageObject\",\"inLanguage\":\"en-US\",\"@id\":\"https:\/\/www.visit-ulcinj.com\/blog\/2012\/12\/05\/kumtese-nga-ld-ne-mz-policia-merr-ne-pyetje-nxenesin-se-ka-kenduar-kengen-xhamadanin-vija-vija\/#primaryimage\",\"url\":\"https:\/\/www.visit-ulcinj.com\/blog\/wp-content\/uploads\/2012\/12\/lidhja_demokratike_logo.jpg\",\"contentUrl\":\"https:\/\/www.visit-ulcinj.com\/blog\/wp-content\/uploads\/2012\/12\/lidhja_demokratike_logo.jpg\",\"width\":\"136\",\"height\":\"125\"},{\"@type\":\"WebPage\",\"@id\":\"https:\/\/www.visit-ulcinj.com\/blog\/2012\/12\/05\/kumtese-nga-ld-ne-mz-policia-merr-ne-pyetje-nxenesin-se-ka-kenduar-kengen-xhamadanin-vija-vija\/#webpage\",\"url\":\"https:\/\/www.visit-ulcinj.com\/blog\/2012\/12\/05\/kumtese-nga-ld-ne-mz-policia-merr-ne-pyetje-nxenesin-se-ka-kenduar-kengen-xhamadanin-vija-vija\/\",\"name\":\"Kumtes\u00eb nga LD n\u00eb MZ - Policia merr n\u00eb pyetje nx\u00ebn\u00ebsin se ka k\u00ebnduar k\u00ebng\u00ebn Xhamadanin vija-vija.. - Lajme nga Ulqini\",\"isPartOf\":{\"@id\":\"https:\/\/www.visit-ulcinj.com\/blog\/#website\"},\"primaryImageOfPage\":{\"@id\":\"https:\/\/www.visit-ulcinj.com\/blog\/2012\/12\/05\/kumtese-nga-ld-ne-mz-policia-merr-ne-pyetje-nxenesin-se-ka-kenduar-kengen-xhamadanin-vija-vija\/#primaryimage\"},\"datePublished\":\"2012-12-05T14:32:52+00:00\",\"dateModified\":\"2012-12-06T21:41:18+00:00\",\"author\":{\"@id\":\"https:\/\/www.visit-ulcinj.com\/blog\/#\/schema\/person\/dcab619c614d3038751c63bc2aadc06d\"},\"description\":\"\u00a0\u00a0\u00a0\u00a0\u00a0\u00a0\u00a0\u00a0\u00a0\u00a0\u00a0\u00a0\u00a0\u00a0\u00a0\u00a0\u00a0\u00a0\u00a0\u00a0\u00a0\u00a0\u00a0\u00a0\u00a0\u00a0\u00a0\u00a0\u00a0\u00a0\u00a0\u00a0\u00a0\u00a0\u00a0\u00a0\u00a0\u00a0\u00a0\u00a0 LIDHJA DEMOKRATIKE N\u00cb MAL T\u00cb ZI \u00a0\u00a0\u00a0\u00a0\u00a0\u00a0\u00a0\u00a0\u00a0\u00a0\u00a0\u00a0\u00a0\u00a0\u00a0\u00a0\u00a0\u00a0\u00a0\u00a0\u00a0\u00a0 \u00a0\u00a0\u00a0\u00a0\u00a0\u00a0\u00a0\u00a0\u00a0\u00a0\u00a0\u00a0\u00a0\u00a0\u00a0\u00a0\u00a0 DEMOKRATSKI SAVEZ U CRNOJ GORI\",\"breadcrumb\":{\"@id\":\"https:\/\/www.visit-ulcinj.com\/blog\/2012\/12\/05\/kumtese-nga-ld-ne-mz-policia-merr-ne-pyetje-nxenesin-se-ka-kenduar-kengen-xhamadanin-vija-vija\/#breadcrumb\"},\"inLanguage\":\"en-US\",\"potentialAction\":[{\"@type\":\"ReadAction\",\"target\":[\"https:\/\/www.visit-ulcinj.com\/blog\/2012\/12\/05\/kumtese-nga-ld-ne-mz-policia-merr-ne-pyetje-nxenesin-se-ka-kenduar-kengen-xhamadanin-vija-vija\/\"]}]},{\"@type\":\"BreadcrumbList\",\"@id\":\"https:\/\/www.visit-ulcinj.com\/blog\/2012\/12\/05\/kumtese-nga-ld-ne-mz-policia-merr-ne-pyetje-nxenesin-se-ka-kenduar-kengen-xhamadanin-vija-vija\/#breadcrumb\",\"itemListElement\":[{\"@type\":\"ListItem\",\"position\":1,\"name\":\"Kumtes\u00eb nga LD n\u00eb MZ &#8211; Policia merr n\u00eb pyetje nx\u00ebn\u00ebsin se ka k\u00ebnduar k\u00ebng\u00ebn Xhamadanin vija-vija..\"}]},{\"@type\":\"Person\",\"@id\":\"https:\/\/www.visit-ulcinj.com\/blog\/#\/schema\/person\/dcab619c614d3038751c63bc2aadc06d\",\"name\":\"ulqini\",\"sameAs\":[\"http:\/\/www.visit-ulcinj.com\"],\"url\":\"https:\/\/www.visit-ulcinj.com\/blog\/author\/admin\/\"}]}<\/script>\n<!-- \/ Yoast SEO plugin. -->","yoast_head_json":{"title":"Kumtes\u00eb nga LD n\u00eb MZ - Policia merr n\u00eb pyetje nx\u00ebn\u00ebsin se ka k\u00ebnduar k\u00ebng\u00ebn Xhamadanin vija-vija.. - Lajme nga Ulqini","description":"\u00a0\u00a0\u00a0\u00a0\u00a0\u00a0\u00a0\u00a0\u00a0\u00a0\u00a0\u00a0\u00a0\u00a0\u00a0\u00a0\u00a0\u00a0\u00a0\u00a0\u00a0\u00a0\u00a0\u00a0\u00a0\u00a0\u00a0\u00a0\u00a0\u00a0\u00a0\u00a0\u00a0\u00a0\u00a0\u00a0\u00a0\u00a0\u00a0\u00a0 LIDHJA DEMOKRATIKE N\u00cb MAL T\u00cb ZI \u00a0\u00a0\u00a0\u00a0\u00a0\u00a0\u00a0\u00a0\u00a0\u00a0\u00a0\u00a0\u00a0\u00a0\u00a0\u00a0\u00a0\u00a0\u00a0\u00a0\u00a0\u00a0 \u00a0\u00a0\u00a0\u00a0\u00a0\u00a0\u00a0\u00a0\u00a0\u00a0\u00a0\u00a0\u00a0\u00a0\u00a0\u00a0\u00a0 DEMOKRATSKI SAVEZ U CRNOJ GORI","robots":{"index":"index","follow":"follow","max-snippet":"max-snippet:-1","max-image-preview":"max-image-preview:large","max-video-preview":"max-video-preview:-1"},"canonical":"https:\/\/www.visit-ulcinj.com\/blog\/2012\/12\/05\/kumtese-nga-ld-ne-mz-policia-merr-ne-pyetje-nxenesin-se-ka-kenduar-kengen-xhamadanin-vija-vija\/","og_locale":"en_US","og_type":"article","og_title":"Kumtes\u00eb nga LD n\u00eb MZ - Policia merr n\u00eb pyetje nx\u00ebn\u00ebsin se ka k\u00ebnduar k\u00ebng\u00ebn Xhamadanin vija-vija.. - Lajme nga Ulqini","og_description":"\u00a0\u00a0\u00a0\u00a0\u00a0\u00a0\u00a0\u00a0\u00a0\u00a0\u00a0\u00a0\u00a0\u00a0\u00a0\u00a0\u00a0\u00a0\u00a0\u00a0\u00a0\u00a0\u00a0\u00a0\u00a0\u00a0\u00a0\u00a0\u00a0\u00a0\u00a0\u00a0\u00a0\u00a0\u00a0\u00a0\u00a0\u00a0\u00a0\u00a0 LIDHJA DEMOKRATIKE N\u00cb MAL T\u00cb ZI \u00a0\u00a0\u00a0\u00a0\u00a0\u00a0\u00a0\u00a0\u00a0\u00a0\u00a0\u00a0\u00a0\u00a0\u00a0\u00a0\u00a0\u00a0\u00a0\u00a0\u00a0\u00a0 \u00a0\u00a0\u00a0\u00a0\u00a0\u00a0\u00a0\u00a0\u00a0\u00a0\u00a0\u00a0\u00a0\u00a0\u00a0\u00a0\u00a0 DEMOKRATSKI SAVEZ U CRNOJ GORI","og_url":"https:\/\/www.visit-ulcinj.com\/blog\/2012\/12\/05\/kumtese-nga-ld-ne-mz-policia-merr-ne-pyetje-nxenesin-se-ka-kenduar-kengen-xhamadanin-vija-vija\/","og_site_name":"Lajme nga Ulqini","article_published_time":"2012-12-05T14:32:52+00:00","article_modified_time":"2012-12-06T21:41:18+00:00","og_image":[{"url":"http:\/\/www.visit-ulcinj.com\/blog\/wp-content\/uploads\/2012\/12\/lidhja_demokratike_logo.jpg"}],"twitter_misc":{"Written by":"ulqini","Est. reading time":"3 minutes"},"schema":{"@context":"https:\/\/schema.org","@graph":[{"@type":"WebSite","@id":"https:\/\/www.visit-ulcinj.com\/blog\/#website","url":"https:\/\/www.visit-ulcinj.com\/blog\/","name":"Lajme nga Ulqini","description":"Lajme,Vijesti,Ulqini,Ulqin,Crna Gora,Mali i Zi","potentialAction":[{"@type":"SearchAction","target":{"@type":"EntryPoint","urlTemplate":"https:\/\/www.visit-ulcinj.com\/blog\/?s={search_term_string}"},"query-input":"required name=search_term_string"}],"inLanguage":"en-US"},{"@type":"ImageObject","inLanguage":"en-US","@id":"https:\/\/www.visit-ulcinj.com\/blog\/2012\/12\/05\/kumtese-nga-ld-ne-mz-policia-merr-ne-pyetje-nxenesin-se-ka-kenduar-kengen-xhamadanin-vija-vija\/#primaryimage","url":"https:\/\/www.visit-ulcinj.com\/blog\/wp-content\/uploads\/2012\/12\/lidhja_demokratike_logo.jpg","contentUrl":"https:\/\/www.visit-ulcinj.com\/blog\/wp-content\/uploads\/2012\/12\/lidhja_demokratike_logo.jpg","width":"136","height":"125"},{"@type":"WebPage","@id":"https:\/\/www.visit-ulcinj.com\/blog\/2012\/12\/05\/kumtese-nga-ld-ne-mz-policia-merr-ne-pyetje-nxenesin-se-ka-kenduar-kengen-xhamadanin-vija-vija\/#webpage","url":"https:\/\/www.visit-ulcinj.com\/blog\/2012\/12\/05\/kumtese-nga-ld-ne-mz-policia-merr-ne-pyetje-nxenesin-se-ka-kenduar-kengen-xhamadanin-vija-vija\/","name":"Kumtes\u00eb nga LD n\u00eb MZ - Policia merr n\u00eb pyetje nx\u00ebn\u00ebsin se ka k\u00ebnduar k\u00ebng\u00ebn Xhamadanin vija-vija.. - Lajme nga Ulqini","isPartOf":{"@id":"https:\/\/www.visit-ulcinj.com\/blog\/#website"},"primaryImageOfPage":{"@id":"https:\/\/www.visit-ulcinj.com\/blog\/2012\/12\/05\/kumtese-nga-ld-ne-mz-policia-merr-ne-pyetje-nxenesin-se-ka-kenduar-kengen-xhamadanin-vija-vija\/#primaryimage"},"datePublished":"2012-12-05T14:32:52+00:00","dateModified":"2012-12-06T21:41:18+00:00","author":{"@id":"https:\/\/www.visit-ulcinj.com\/blog\/#\/schema\/person\/dcab619c614d3038751c63bc2aadc06d"},"description":"\u00a0\u00a0\u00a0\u00a0\u00a0\u00a0\u00a0\u00a0\u00a0\u00a0\u00a0\u00a0\u00a0\u00a0\u00a0\u00a0\u00a0\u00a0\u00a0\u00a0\u00a0\u00a0\u00a0\u00a0\u00a0\u00a0\u00a0\u00a0\u00a0\u00a0\u00a0\u00a0\u00a0\u00a0\u00a0\u00a0\u00a0\u00a0\u00a0\u00a0 LIDHJA DEMOKRATIKE N\u00cb MAL T\u00cb ZI \u00a0\u00a0\u00a0\u00a0\u00a0\u00a0\u00a0\u00a0\u00a0\u00a0\u00a0\u00a0\u00a0\u00a0\u00a0\u00a0\u00a0\u00a0\u00a0\u00a0\u00a0\u00a0 \u00a0\u00a0\u00a0\u00a0\u00a0\u00a0\u00a0\u00a0\u00a0\u00a0\u00a0\u00a0\u00a0\u00a0\u00a0\u00a0\u00a0 DEMOKRATSKI SAVEZ U CRNOJ GORI","breadcrumb":{"@id":"https:\/\/www.visit-ulcinj.com\/blog\/2012\/12\/05\/kumtese-nga-ld-ne-mz-policia-merr-ne-pyetje-nxenesin-se-ka-kenduar-kengen-xhamadanin-vija-vija\/#breadcrumb"},"inLanguage":"en-US","potentialAction":[{"@type":"ReadAction","target":["https:\/\/www.visit-ulcinj.com\/blog\/2012\/12\/05\/kumtese-nga-ld-ne-mz-policia-merr-ne-pyetje-nxenesin-se-ka-kenduar-kengen-xhamadanin-vija-vija\/"]}]},{"@type":"BreadcrumbList","@id":"https:\/\/www.visit-ulcinj.com\/blog\/2012\/12\/05\/kumtese-nga-ld-ne-mz-policia-merr-ne-pyetje-nxenesin-se-ka-kenduar-kengen-xhamadanin-vija-vija\/#breadcrumb","itemListElement":[{"@type":"ListItem","position":1,"name":"Kumtes\u00eb nga LD n\u00eb MZ &#8211; Policia merr n\u00eb pyetje nx\u00ebn\u00ebsin se ka k\u00ebnduar k\u00ebng\u00ebn Xhamadanin vija-vija.."}]},{"@type":"Person","@id":"https:\/\/www.visit-ulcinj.com\/blog\/#\/schema\/person\/dcab619c614d3038751c63bc2aadc06d","name":"ulqini","sameAs":["http:\/\/www.visit-ulcinj.com"],"url":"https:\/\/www.visit-ulcinj.com\/blog\/author\/admin\/"}]}},"jetpack_featured_media_url":"","jetpack_sharing_enabled":true,"jetpack_shortlink":"https:\/\/wp.me\/pe6lTn-hiC","_links":{"self":[{"href":"https:\/\/www.visit-ulcinj.com\/blog\/wp-json\/wp\/v2\/posts\/66502"}],"collection":[{"href":"https:\/\/www.visit-ulcinj.com\/blog\/wp-json\/wp\/v2\/posts"}],"about":[{"href":"https:\/\/www.visit-ulcinj.com\/blog\/wp-json\/wp\/v2\/types\/post"}],"author":[{"embeddable":true,"href":"https:\/\/www.visit-ulcinj.com\/blog\/wp-json\/wp\/v2\/users\/1"}],"replies":[{"embeddable":true,"href":"https:\/\/www.visit-ulcinj.com\/blog\/wp-json\/wp\/v2\/comments?post=66502"}],"version-history":[{"count":4,"href":"https:\/\/www.visit-ulcinj.com\/blog\/wp-json\/wp\/v2\/posts\/66502\/revisions"}],"predecessor-version":[{"id":66566,"href":"https:\/\/www.visit-ulcinj.com\/blog\/wp-json\/wp\/v2\/posts\/66502\/revisions\/66566"}],"wp:attachment":[{"href":"https:\/\/www.visit-ulcinj.com\/blog\/wp-json\/wp\/v2\/media?parent=66502"}],"wp:term":[{"taxonomy":"category","embeddable":true,"href":"https:\/\/www.visit-ulcinj.com\/blog\/wp-json\/wp\/v2\/categories?post=66502"},{"taxonomy":"post_tag","embeddable":true,"href":"https:\/\/www.visit-ulcinj.com\/blog\/wp-json\/wp\/v2\/tags?post=66502"}],"curies":[{"name":"wp","href":"https:\/\/api.w.org\/{rel}","templated":true}]}}