{"id":66517,"date":"2012-12-05T19:54:05","date_gmt":"2012-12-05T18:54:05","guid":{"rendered":"http:\/\/www.visit-ulcinj.com\/blog\/?p=66517"},"modified":"2012-12-05T19:54:05","modified_gmt":"2012-12-05T18:54:05","slug":"kumtese-per-opinion-bashkesia-lokale-katerkolle","status":"publish","type":"post","link":"https:\/\/www.visit-ulcinj.com\/blog\/2012\/12\/05\/kumtese-per-opinion-bashkesia-lokale-katerkolle\/","title":{"rendered":"Kumtes\u00eb p\u00ebr opinion: Bashk\u00ebsia Lokale Katerkoll\u00eb"},"content":{"rendered":"<p><strong><a href=\"http:\/\/www.visit-ulcinj.com\/blog\/wp-content\/uploads\/2012\/12\/Bashk\u00ebsia-Lokale-Katerkoll\u00eb.jpg\"><img loading=\"lazy\" class=\"alignleft  wp-image-66518\" title=\"Bashk\u00ebsia Lokale Katerkoll\u00eb\" src=\"http:\/\/www.visit-ulcinj.com\/blog\/wp-content\/uploads\/2012\/12\/Bashk\u00ebsia-Lokale-Katerkoll\u00eb.jpg\" alt=\"\" width=\"508\" height=\"360\" \/><\/a>Kumtes\u00eb p\u00ebr opinion<\/strong><\/p>\n<p style=\"text-align: left;\">\nT\u00eb nderuar qytetar\u00eb t\u00eb B.L.Katerkoll\u00eb- Dit\u00ebn e shtune t\u00eb dat\u00ebs 01.12.2012 n\u00eb Kinosall\u00eb- Katerkoll\u00eb u b\u00eb shqyrtimi publik i projekt- buxhetit p\u00ebr vitin 2013. Duhet t\u00eb potencojm\u00eb se n\u00eb mbledhje ishin prezent vet\u00ebm dy k\u00ebshilltar t\u00eb An\u00ebs s\u00eb Malit , z.Astrit Kurti dhe z.Faik Nika , kurse munguan t\u00eb gjith\u00eb k\u00ebshilltar\u00ebt e tj\u00ebr\u00eb t\u00eb cil\u00ebt me vota t\u00eb qytetar\u00ebve t\u00eb An\u00ebs s\u00eb Malit kan\u00eb marr\u00eb p\u00ebrsip\u00ebr q\u00eb t\u00eb p\u00ebrfaq\u00ebsojn\u00eb popullin dhe vendin e tyre n\u00eb Kuvendin Komunal-Ulqin. Buxheti i vitit 2012 n\u00eb lidhje m\u00eb B.L.Kat\u00ebrkoll\u00eb \u00ebsht\u00eb realizua -0% sa i p\u00ebrket investimeve kapitale. P\u00ebr vitin 2013 n\u00eb B.L.Kat\u00ebrkoll\u00eb \u00ebsht\u00eb parapar\u00eb n\u00eb investime kapitale nj\u00eb shum\u00eb prej 220 mij\u00eb euro. Ku duhet t\u00eb cekim se 200 mij\u00eb euro jan\u00eb t\u00eb parapara p\u00ebr ,,rrug\u00ebt dhe parkingjet &#8211; rregullimi i infrastuktur\u00ebs n\u00eb Kat\u00ebrkoll\u00eb dhe 20 mij\u00eb euro jan\u00eb parapar\u00eb p\u00ebr ,, rrug\u00ebt lokale- riparimi i rrug\u00ebs prej Shasit e deri te qyteti i vjet\u00ebr n\u00eb Shas. B.L.Katerkoll\u00eb- n\u00eb diskutimin q\u00eb ka pasur n\u00eb lidhje m\u00eb projekt-buxhetin e vitit 2013 ka dal\u00eb me disa propozime konkrete t\u00eb cilat iu b\u00ebm\u00eb prezent edhe p\u00ebrpilueseve t\u00eb buxhetit. P\u00ebr vitin 2013 k\u00ebrkuam q\u00eb :<\/p>\n<div style=\"text-align: left;\">\n<ul>\n<li>1. T\u00eb b\u00ebh\u00ebt rikonstruktimi dhe ndri\u00e7imi i rrug\u00ebs deri n\u00eb Kala t\u00eb Shasit(20 mij\u00eb euro)<\/li>\n<li>2. T\u00eb merren t\u00eb gjitha masat n\u00eb nd\u00ebrtimin e tregut n\u00eb Katerkoll\u00eb<\/li>\n<li>3.T\u00eb b\u00ebh\u00ebt nd\u00ebrtimi i trotuareve( t\u00eb lihet hapsira p\u00ebr ndri\u00e7im t\u00eb ul\u00ebt dhe hapsira e gjelb\u00ebrt p\u00ebr pem\u00eb) nga shkolla,, Bedri Elezaga\u2019\u2019 Katerkoll\u00eb \u2013 deri t\u00eb rreth rrotullimi n\u00eb Kryth\u00eb , m\u00eb q\u00ebllim q\u00eb e gjitha kjo zon\u00eb t\u00eb kthehet n\u00eb zon\u00eb urbane . (200 mij\u00eb euro ) ku k\u00ebsaj shume mund t\u2019iu bashkangjit\u00ebt edhe shuma prej 26 mij\u00eb euro e cila \u00ebsht\u00eb parapar\u00eb p\u00ebr ,, ndri\u00e7imi- ndri\u00e7imi publik nga rrethrretullimi deri t\u00eb shkolla e Kryth\u00ebs. (Pjes\u00eb e B.L.Kryth\u00eb).<\/li>\n<\/ul>\n<p>Ju faleminderit<br \/>\nK\u00ebshilli drejtues i B.L.Katerkoll\u00eb<\/p><\/div>\n","protected":false},"excerpt":{"rendered":"<p>Kumtes\u00eb p\u00ebr opinion T\u00eb nderuar qytetar\u00eb t\u00eb B.L.Katerkoll\u00eb- Dit\u00ebn e shtune t\u00eb dat\u00ebs 01.12.2012 n\u00eb Kinosall\u00eb- Katerkoll\u00eb u b\u00eb shqyrtimi publik i projekt- buxhetit p\u00ebr vitin 2013. Duhet t\u00eb potencojm\u00eb se n\u00eb mbledhje ishin prezent vet\u00ebm dy k\u00ebshilltar t\u00eb An\u00ebs s\u00eb Malit , z.Astrit Kurti dhe z.Faik Nika , kurse munguan t\u00eb gjith\u00eb k\u00ebshilltar\u00ebt e [&hellip;]<\/p>\n","protected":false},"author":1,"featured_media":0,"comment_status":"open","ping_status":"closed","sticky":false,"template":"","format":"standard","meta":{"spay_email":"","jetpack_publicize_message":"","jetpack_is_tweetstorm":false,"jetpack_publicize_feature_enabled":true},"categories":[6950],"tags":[21584],"jetpack_publicize_connections":[],"yoast_head":"<!-- This site is optimized with the Yoast SEO plugin v19.1 - https:\/\/yoast.com\/wordpress\/plugins\/seo\/ -->\n<title>Kumtes\u00eb p\u00ebr opinion: Bashk\u00ebsia Lokale Katerkoll\u00eb - Lajme nga Ulqini<\/title>\n<meta name=\"description\" content=\"Kumtes\u00eb p\u00ebr opinion T\u00eb nderuar qytetar\u00eb t\u00eb B.L.Katerkoll\u00eb- Dit\u00ebn e shtune t\u00eb dat\u00ebs 01.12.2012 n\u00eb Kinosall\u00eb- Katerkoll\u00eb u b\u00eb shqyrtimi publik i projekt-\" \/>\n<meta name=\"robots\" content=\"index, follow, max-snippet:-1, max-image-preview:large, max-video-preview:-1\" \/>\n<link rel=\"canonical\" href=\"https:\/\/www.visit-ulcinj.com\/blog\/2012\/12\/05\/kumtese-per-opinion-bashkesia-lokale-katerkolle\/\" \/>\n<meta property=\"og:locale\" content=\"en_US\" \/>\n<meta property=\"og:type\" content=\"article\" \/>\n<meta property=\"og:title\" content=\"Kumtes\u00eb p\u00ebr opinion: Bashk\u00ebsia Lokale Katerkoll\u00eb - Lajme nga Ulqini\" \/>\n<meta property=\"og:description\" content=\"Kumtes\u00eb p\u00ebr opinion T\u00eb nderuar qytetar\u00eb t\u00eb B.L.Katerkoll\u00eb- Dit\u00ebn e shtune t\u00eb dat\u00ebs 01.12.2012 n\u00eb Kinosall\u00eb- Katerkoll\u00eb u b\u00eb shqyrtimi publik i projekt-\" \/>\n<meta property=\"og:url\" content=\"https:\/\/www.visit-ulcinj.com\/blog\/2012\/12\/05\/kumtese-per-opinion-bashkesia-lokale-katerkolle\/\" \/>\n<meta property=\"og:site_name\" content=\"Lajme nga Ulqini\" \/>\n<meta property=\"article:published_time\" content=\"2012-12-05T18:54:05+00:00\" \/>\n<meta name=\"twitter:label1\" content=\"Written by\" \/>\n\t<meta name=\"twitter:data1\" content=\"ulqini\" \/>\n\t<meta name=\"twitter:label2\" content=\"Est. reading time\" \/>\n\t<meta name=\"twitter:data2\" content=\"2 minutes\" \/>\n<script type=\"application\/ld+json\" class=\"yoast-schema-graph\">{\"@context\":\"https:\/\/schema.org\",\"@graph\":[{\"@type\":\"WebSite\",\"@id\":\"https:\/\/www.visit-ulcinj.com\/blog\/#website\",\"url\":\"https:\/\/www.visit-ulcinj.com\/blog\/\",\"name\":\"Lajme nga Ulqini\",\"description\":\"Lajme,Vijesti,Ulqini,Ulqin,Crna Gora,Mali i Zi\",\"potentialAction\":[{\"@type\":\"SearchAction\",\"target\":{\"@type\":\"EntryPoint\",\"urlTemplate\":\"https:\/\/www.visit-ulcinj.com\/blog\/?s={search_term_string}\"},\"query-input\":\"required name=search_term_string\"}],\"inLanguage\":\"en-US\"},{\"@type\":\"WebPage\",\"@id\":\"https:\/\/www.visit-ulcinj.com\/blog\/2012\/12\/05\/kumtese-per-opinion-bashkesia-lokale-katerkolle\/#webpage\",\"url\":\"https:\/\/www.visit-ulcinj.com\/blog\/2012\/12\/05\/kumtese-per-opinion-bashkesia-lokale-katerkolle\/\",\"name\":\"Kumtes\u00eb p\u00ebr opinion: Bashk\u00ebsia Lokale Katerkoll\u00eb - Lajme nga Ulqini\",\"isPartOf\":{\"@id\":\"https:\/\/www.visit-ulcinj.com\/blog\/#website\"},\"datePublished\":\"2012-12-05T18:54:05+00:00\",\"dateModified\":\"2012-12-05T18:54:05+00:00\",\"author\":{\"@id\":\"https:\/\/www.visit-ulcinj.com\/blog\/#\/schema\/person\/dcab619c614d3038751c63bc2aadc06d\"},\"description\":\"Kumtes\u00eb p\u00ebr opinion T\u00eb nderuar qytetar\u00eb t\u00eb B.L.Katerkoll\u00eb- Dit\u00ebn e shtune t\u00eb dat\u00ebs 01.12.2012 n\u00eb Kinosall\u00eb- Katerkoll\u00eb u b\u00eb shqyrtimi publik i projekt-\",\"breadcrumb\":{\"@id\":\"https:\/\/www.visit-ulcinj.com\/blog\/2012\/12\/05\/kumtese-per-opinion-bashkesia-lokale-katerkolle\/#breadcrumb\"},\"inLanguage\":\"en-US\",\"potentialAction\":[{\"@type\":\"ReadAction\",\"target\":[\"https:\/\/www.visit-ulcinj.com\/blog\/2012\/12\/05\/kumtese-per-opinion-bashkesia-lokale-katerkolle\/\"]}]},{\"@type\":\"BreadcrumbList\",\"@id\":\"https:\/\/www.visit-ulcinj.com\/blog\/2012\/12\/05\/kumtese-per-opinion-bashkesia-lokale-katerkolle\/#breadcrumb\",\"itemListElement\":[{\"@type\":\"ListItem\",\"position\":1,\"name\":\"Kumtes\u00eb p\u00ebr opinion: Bashk\u00ebsia Lokale Katerkoll\u00eb\"}]},{\"@type\":\"Person\",\"@id\":\"https:\/\/www.visit-ulcinj.com\/blog\/#\/schema\/person\/dcab619c614d3038751c63bc2aadc06d\",\"name\":\"ulqini\",\"sameAs\":[\"http:\/\/www.visit-ulcinj.com\"],\"url\":\"https:\/\/www.visit-ulcinj.com\/blog\/author\/admin\/\"}]}<\/script>\n<!-- \/ Yoast SEO plugin. -->","yoast_head_json":{"title":"Kumtes\u00eb p\u00ebr opinion: Bashk\u00ebsia Lokale Katerkoll\u00eb - Lajme nga Ulqini","description":"Kumtes\u00eb p\u00ebr opinion T\u00eb nderuar qytetar\u00eb t\u00eb B.L.Katerkoll\u00eb- Dit\u00ebn e shtune t\u00eb dat\u00ebs 01.12.2012 n\u00eb Kinosall\u00eb- Katerkoll\u00eb u b\u00eb shqyrtimi publik i projekt-","robots":{"index":"index","follow":"follow","max-snippet":"max-snippet:-1","max-image-preview":"max-image-preview:large","max-video-preview":"max-video-preview:-1"},"canonical":"https:\/\/www.visit-ulcinj.com\/blog\/2012\/12\/05\/kumtese-per-opinion-bashkesia-lokale-katerkolle\/","og_locale":"en_US","og_type":"article","og_title":"Kumtes\u00eb p\u00ebr opinion: Bashk\u00ebsia Lokale Katerkoll\u00eb - Lajme nga Ulqini","og_description":"Kumtes\u00eb p\u00ebr opinion T\u00eb nderuar qytetar\u00eb t\u00eb B.L.Katerkoll\u00eb- Dit\u00ebn e shtune t\u00eb dat\u00ebs 01.12.2012 n\u00eb Kinosall\u00eb- Katerkoll\u00eb u b\u00eb shqyrtimi publik i projekt-","og_url":"https:\/\/www.visit-ulcinj.com\/blog\/2012\/12\/05\/kumtese-per-opinion-bashkesia-lokale-katerkolle\/","og_site_name":"Lajme nga Ulqini","article_published_time":"2012-12-05T18:54:05+00:00","twitter_misc":{"Written by":"ulqini","Est. reading time":"2 minutes"},"schema":{"@context":"https:\/\/schema.org","@graph":[{"@type":"WebSite","@id":"https:\/\/www.visit-ulcinj.com\/blog\/#website","url":"https:\/\/www.visit-ulcinj.com\/blog\/","name":"Lajme nga Ulqini","description":"Lajme,Vijesti,Ulqini,Ulqin,Crna Gora,Mali i Zi","potentialAction":[{"@type":"SearchAction","target":{"@type":"EntryPoint","urlTemplate":"https:\/\/www.visit-ulcinj.com\/blog\/?s={search_term_string}"},"query-input":"required name=search_term_string"}],"inLanguage":"en-US"},{"@type":"WebPage","@id":"https:\/\/www.visit-ulcinj.com\/blog\/2012\/12\/05\/kumtese-per-opinion-bashkesia-lokale-katerkolle\/#webpage","url":"https:\/\/www.visit-ulcinj.com\/blog\/2012\/12\/05\/kumtese-per-opinion-bashkesia-lokale-katerkolle\/","name":"Kumtes\u00eb p\u00ebr opinion: Bashk\u00ebsia Lokale Katerkoll\u00eb - Lajme nga Ulqini","isPartOf":{"@id":"https:\/\/www.visit-ulcinj.com\/blog\/#website"},"datePublished":"2012-12-05T18:54:05+00:00","dateModified":"2012-12-05T18:54:05+00:00","author":{"@id":"https:\/\/www.visit-ulcinj.com\/blog\/#\/schema\/person\/dcab619c614d3038751c63bc2aadc06d"},"description":"Kumtes\u00eb p\u00ebr opinion T\u00eb nderuar qytetar\u00eb t\u00eb B.L.Katerkoll\u00eb- Dit\u00ebn e shtune t\u00eb dat\u00ebs 01.12.2012 n\u00eb Kinosall\u00eb- Katerkoll\u00eb u b\u00eb shqyrtimi publik i projekt-","breadcrumb":{"@id":"https:\/\/www.visit-ulcinj.com\/blog\/2012\/12\/05\/kumtese-per-opinion-bashkesia-lokale-katerkolle\/#breadcrumb"},"inLanguage":"en-US","potentialAction":[{"@type":"ReadAction","target":["https:\/\/www.visit-ulcinj.com\/blog\/2012\/12\/05\/kumtese-per-opinion-bashkesia-lokale-katerkolle\/"]}]},{"@type":"BreadcrumbList","@id":"https:\/\/www.visit-ulcinj.com\/blog\/2012\/12\/05\/kumtese-per-opinion-bashkesia-lokale-katerkolle\/#breadcrumb","itemListElement":[{"@type":"ListItem","position":1,"name":"Kumtes\u00eb p\u00ebr opinion: Bashk\u00ebsia Lokale Katerkoll\u00eb"}]},{"@type":"Person","@id":"https:\/\/www.visit-ulcinj.com\/blog\/#\/schema\/person\/dcab619c614d3038751c63bc2aadc06d","name":"ulqini","sameAs":["http:\/\/www.visit-ulcinj.com"],"url":"https:\/\/www.visit-ulcinj.com\/blog\/author\/admin\/"}]}},"jetpack_featured_media_url":"","jetpack_sharing_enabled":true,"jetpack_shortlink":"https:\/\/wp.me\/pe6lTn-hiR","_links":{"self":[{"href":"https:\/\/www.visit-ulcinj.com\/blog\/wp-json\/wp\/v2\/posts\/66517"}],"collection":[{"href":"https:\/\/www.visit-ulcinj.com\/blog\/wp-json\/wp\/v2\/posts"}],"about":[{"href":"https:\/\/www.visit-ulcinj.com\/blog\/wp-json\/wp\/v2\/types\/post"}],"author":[{"embeddable":true,"href":"https:\/\/www.visit-ulcinj.com\/blog\/wp-json\/wp\/v2\/users\/1"}],"replies":[{"embeddable":true,"href":"https:\/\/www.visit-ulcinj.com\/blog\/wp-json\/wp\/v2\/comments?post=66517"}],"version-history":[{"count":1,"href":"https:\/\/www.visit-ulcinj.com\/blog\/wp-json\/wp\/v2\/posts\/66517\/revisions"}],"predecessor-version":[{"id":66519,"href":"https:\/\/www.visit-ulcinj.com\/blog\/wp-json\/wp\/v2\/posts\/66517\/revisions\/66519"}],"wp:attachment":[{"href":"https:\/\/www.visit-ulcinj.com\/blog\/wp-json\/wp\/v2\/media?parent=66517"}],"wp:term":[{"taxonomy":"category","embeddable":true,"href":"https:\/\/www.visit-ulcinj.com\/blog\/wp-json\/wp\/v2\/categories?post=66517"},{"taxonomy":"post_tag","embeddable":true,"href":"https:\/\/www.visit-ulcinj.com\/blog\/wp-json\/wp\/v2\/tags?post=66517"}],"curies":[{"name":"wp","href":"https:\/\/api.w.org\/{rel}","templated":true}]}}