{"id":66541,"date":"2012-12-06T19:54:59","date_gmt":"2012-12-06T18:54:59","guid":{"rendered":"http:\/\/www.visit-ulcinj.com\/blog\/?p=66541"},"modified":"2012-12-07T18:29:37","modified_gmt":"2012-12-07T17:29:37","slug":"dritan-i-genci-ocekuju-pasos-albanije","status":"publish","type":"post","link":"https:\/\/www.visit-ulcinj.com\/blog\/2012\/12\/06\/dritan-i-genci-ocekuju-pasos-albanije\/","title":{"rendered":"Dritan i Genci o\u010dekuju paso\u0161 Albanije"},"content":{"rendered":"<p><a href=\"http:\/\/www.visit-ulcinj.com\/blog\/wp-content\/uploads\/2012\/12\/Nimanbegu-Abazovic.jpg\"><img loading=\"lazy\" class=\"alignleft size-full wp-image-66542\" title=\"Nimanbegu - Abazovic\" src=\"http:\/\/www.visit-ulcinj.com\/blog\/wp-content\/uploads\/2012\/12\/Nimanbegu-Abazovic.jpg\" alt=\"\" width=\"508\" height=\"309\" srcset=\"https:\/\/www.visit-ulcinj.com\/blog\/wp-content\/uploads\/2012\/12\/Nimanbegu-Abazovic.jpg 508w, https:\/\/www.visit-ulcinj.com\/blog\/wp-content\/uploads\/2012\/12\/Nimanbegu-Abazovic-300x182.jpg 300w\" sizes=\"(max-width: 508px) 100vw, 508px\" \/><\/a>Dio poslanika albanske nacionalnosti iz crnogorskog parlamenta prihvatio bi albansko dr\u017eavljanstvo ukoliko se u toj zemlji zakonom reguli\u0161e takva mogu\u0107nost. Komentari\u0161u\u0107i inicijativu predsjednika albanske vlade Salji Beri\u0161e da svi Albanci u svijetu dobiju dr\u017eavljanstvo te zemlje, isti\u010du da bi to prihvatili, zadr\u017eavaju\u0107i i crnogorski paso\u0161, uz o\u010dekivanje da se ovo pitanje reguli\u0161e me\u0111udr\u017eavnim sporazumima.<br \/>\nMogu\u0107nost dobijanja dr\u017eavljanstva Albanije primamljiva je za poslanika Force Gencija Nimanbegua.<br \/>\n\u2013 Rado bih uzeo dr\u017eavljanstvo Albanije. Naravno, zadr\u017eao bih i crnogorsko dr\u017eavljanstvo. Praksu davanja dr\u017eavljanstva svim svojim sunarodnicima ima Hrvatska \u2013 kazao je Nimanbegu.<br \/>\nNa pitanje da li o\u010dekuje da bi u slu\u010daju da dobije i crnogorsko dr\u017eavljanstvo mogao da ima problema u Crnoj Gori, odgovorio je da bi se ta problematika sigurno rje\u0161avala me\u0111udr\u017eavnim sporazumima.<br \/>\nAlbanski paso\u0161 bi, ukoliko mu se uka\u017ee prilika, najvjerovatnije uzeo i poslanik Pozitivne Crne Gore Dritan Abazovi\u0107.<br \/>\n\u2013 \u0160to se ti\u010de dvojnog dr\u017eavljanstva sve \u0161to je po me\u0111unarodnim standardima, smatram da u tome nema ni\u0161ta lo\u0161e. Imamo veliki problem sa dr\u017eavljanstvima i ne vidim za\u0161to ne bi imala podr\u0161ku takva inicijativa. Vjerovatno bih iskoristio mogu\u0107nost da uzmem i dr\u017eavljanstvo Albanije. Ako \u010dovjek mo\u017ee da ima dva dr\u017eavljanstva, za\u0161to bi imao samo jedno \u2013 prokomentarisao je Abazovi\u0107 inicijativu albanskog premijera.<br \/>\nPoslanik Pozitivne ipak nagla\u0161ava da je Beri\u0161ina najava najvjerovatnije samo u funkciji politi\u010dkog marketinga i ja\u010danja pozicije, imaju\u0107i u vidu da se u Albaniji pribli\u017eavaju izbori.<br \/>\nBeri\u0161a je prekju\u010de poru\u010dio da svi Albanci u svijetu treba da imaju albansko dr\u017eavljanstvo. Najavio je da \u0107e tra\u017eiti da se to pitanje defini\u0161e posebnim zakonom.<br \/>\n\u2013 O\u010dekujemo razumijevanje susjednih dr\u017eava i me\u0111unarodnih institucija \u2013 naveo je Beri\u0161a tokom sastanka Savjeta ministara Albanije, uz poruku da mu je cilj ujedinjenje svih Albanaca.<br \/>\nPoku\u0161ali smo da i od poslanika Demokratske partije Fatmira \u0110eke dobijemo odgovor da li bi, ako bude u prilici, uzeo albanski paso\u0161, ali je on odbijao telefosnke pozive.<\/p>\n<p><strong>V.R.<\/strong><\/p>\n<p><strong> \u0160krelja: Dovoljno mi je crnogorsko dr\u017eavljanstvo<\/strong><\/p>\n<p>Za razliku od svojih skup\u0161tinskih kolega i sunarodnika, poslanik Demokratske partije socijalista Ljui\u0111 \u0160krelja ka\u017ee da ne bi pristao da bude me\u0111u Albancima koji \u0107e dobiti albansko dr\u017eavljanstvo.<br \/>\n\u2013 Moje nacionalno opredjeljenje je uvijek bilo poznato, ali \u0161to se ti\u010de dr\u017eavljanstva, vezan sam za Crnu Goru. Zalagao sam se da Crna Gora postane suverena i me\u0111unarodno priznata dr\u017eava, zbog toga bi svako druga\u010dije razmi\u0161ljanje u pogledu dr\u017eavljanstva poni\u0161tilo moja politi\u010dka zalaganja. Osim crnogorskog ne bih uzeo nijedno drugo dr\u017eavljanstvo \u2013 kategori\u010dan je \u0160krelja.<br \/>\nNije \u017eelio da detaljnije komentari\u0161e najavu albanskog premijera da \u0107e tra\u017eiti dono\u0161enje zakona po kojem \u0107e svi Albanci dobiti dr\u017eavljanstvo te zemlje.<br \/>\n\u2013 Nijesam upoznat sa tom inicijativom, ali u svakom slu\u010daju u pitanju je unutra\u0161nja stvar druge dr\u017eave, tako da je ne bih komentarisao \u2013 zaklju\u010dio je \u0160krelja.<\/p>\n<p><a href=\"http:\/\/www.dan.co.me\/?nivo=3&amp;rubrika=Politika&amp;clanak=358432&amp;datum=2012-12-06&amp;naslov=Dritan%20i%20Genci%20o%E8ekuju%20paso%B9%20Albanije\" target=\"_blank\"><strong>Izvor: DAN<\/strong><\/a><\/p>\n","protected":false},"excerpt":{"rendered":"<p>Dio poslanika albanske nacionalnosti iz crnogorskog parlamenta prihvatio bi albansko dr\u017eavljanstvo ukoliko se u toj zemlji zakonom reguli\u0161e takva mogu\u0107nost. Komentari\u0161u\u0107i inicijativu predsjednika albanske vlade Salji Beri\u0161e da svi Albanci u svijetu dobiju dr\u017eavljanstvo te zemlje, isti\u010du da bi to prihvatili, zadr\u017eavaju\u0107i i crnogorski paso\u0161, uz o\u010dekivanje da se ovo pitanje reguli\u0161e me\u0111udr\u017eavnim sporazumima. Mogu\u0107nost [&hellip;]<\/p>\n","protected":false},"author":1,"featured_media":0,"comment_status":"open","ping_status":"closed","sticky":false,"template":"","format":"standard","meta":{"spay_email":"","jetpack_publicize_message":"","jetpack_is_tweetstorm":false,"jetpack_publicize_feature_enabled":true},"categories":[8337],"tags":[13706,1073,19],"jetpack_publicize_connections":[],"yoast_head":"<!-- This site is optimized with the Yoast SEO plugin v19.1 - https:\/\/yoast.com\/wordpress\/plugins\/seo\/ -->\n<title>Dritan i Genci o\u010dekuju paso\u0161 Albanije - Lajme nga Ulqini<\/title>\n<meta name=\"description\" content=\"Dio poslanika albanske nacionalnosti iz crnogorskog parlamenta prihvatio bi albansko dr\u017eavljanstvo ukoliko se u toj zemlji zakonom reguli\u0161e takva\" \/>\n<meta name=\"robots\" content=\"index, follow, max-snippet:-1, max-image-preview:large, max-video-preview:-1\" \/>\n<link rel=\"canonical\" href=\"https:\/\/www.visit-ulcinj.com\/blog\/2012\/12\/06\/dritan-i-genci-ocekuju-pasos-albanije\/\" \/>\n<meta property=\"og:locale\" content=\"en_US\" \/>\n<meta property=\"og:type\" content=\"article\" \/>\n<meta property=\"og:title\" content=\"Dritan i Genci o\u010dekuju paso\u0161 Albanije - Lajme nga Ulqini\" \/>\n<meta property=\"og:description\" content=\"Dio poslanika albanske nacionalnosti iz crnogorskog parlamenta prihvatio bi albansko dr\u017eavljanstvo ukoliko se u toj zemlji zakonom reguli\u0161e takva\" \/>\n<meta property=\"og:url\" content=\"https:\/\/www.visit-ulcinj.com\/blog\/2012\/12\/06\/dritan-i-genci-ocekuju-pasos-albanije\/\" \/>\n<meta property=\"og:site_name\" content=\"Lajme nga Ulqini\" \/>\n<meta property=\"article:published_time\" content=\"2012-12-06T18:54:59+00:00\" \/>\n<meta property=\"article:modified_time\" content=\"2012-12-07T17:29:37+00:00\" \/>\n<meta property=\"og:image\" content=\"http:\/\/www.visit-ulcinj.com\/blog\/wp-content\/uploads\/2012\/12\/Nimanbegu-Abazovic.jpg\" \/>\n<meta name=\"twitter:label1\" content=\"Written by\" \/>\n\t<meta name=\"twitter:data1\" content=\"ulqini\" \/>\n\t<meta name=\"twitter:label2\" content=\"Est. reading time\" \/>\n\t<meta name=\"twitter:data2\" content=\"3 minutes\" \/>\n<script type=\"application\/ld+json\" class=\"yoast-schema-graph\">{\"@context\":\"https:\/\/schema.org\",\"@graph\":[{\"@type\":\"WebSite\",\"@id\":\"https:\/\/www.visit-ulcinj.com\/blog\/#website\",\"url\":\"https:\/\/www.visit-ulcinj.com\/blog\/\",\"name\":\"Lajme nga Ulqini\",\"description\":\"Lajme,Vijesti,Ulqini,Ulqin,Crna Gora,Mali i Zi\",\"potentialAction\":[{\"@type\":\"SearchAction\",\"target\":{\"@type\":\"EntryPoint\",\"urlTemplate\":\"https:\/\/www.visit-ulcinj.com\/blog\/?s={search_term_string}\"},\"query-input\":\"required name=search_term_string\"}],\"inLanguage\":\"en-US\"},{\"@type\":\"ImageObject\",\"inLanguage\":\"en-US\",\"@id\":\"https:\/\/www.visit-ulcinj.com\/blog\/2012\/12\/06\/dritan-i-genci-ocekuju-pasos-albanije\/#primaryimage\",\"url\":\"https:\/\/www.visit-ulcinj.com\/blog\/wp-content\/uploads\/2012\/12\/Nimanbegu-Abazovic.jpg\",\"contentUrl\":\"https:\/\/www.visit-ulcinj.com\/blog\/wp-content\/uploads\/2012\/12\/Nimanbegu-Abazovic.jpg\",\"width\":\"508\",\"height\":\"309\"},{\"@type\":\"WebPage\",\"@id\":\"https:\/\/www.visit-ulcinj.com\/blog\/2012\/12\/06\/dritan-i-genci-ocekuju-pasos-albanije\/#webpage\",\"url\":\"https:\/\/www.visit-ulcinj.com\/blog\/2012\/12\/06\/dritan-i-genci-ocekuju-pasos-albanije\/\",\"name\":\"Dritan i Genci o\u010dekuju paso\u0161 Albanije - Lajme nga Ulqini\",\"isPartOf\":{\"@id\":\"https:\/\/www.visit-ulcinj.com\/blog\/#website\"},\"primaryImageOfPage\":{\"@id\":\"https:\/\/www.visit-ulcinj.com\/blog\/2012\/12\/06\/dritan-i-genci-ocekuju-pasos-albanije\/#primaryimage\"},\"datePublished\":\"2012-12-06T18:54:59+00:00\",\"dateModified\":\"2012-12-07T17:29:37+00:00\",\"author\":{\"@id\":\"https:\/\/www.visit-ulcinj.com\/blog\/#\/schema\/person\/dcab619c614d3038751c63bc2aadc06d\"},\"description\":\"Dio poslanika albanske nacionalnosti iz crnogorskog parlamenta prihvatio bi albansko dr\u017eavljanstvo ukoliko se u toj zemlji zakonom reguli\u0161e takva\",\"breadcrumb\":{\"@id\":\"https:\/\/www.visit-ulcinj.com\/blog\/2012\/12\/06\/dritan-i-genci-ocekuju-pasos-albanije\/#breadcrumb\"},\"inLanguage\":\"en-US\",\"potentialAction\":[{\"@type\":\"ReadAction\",\"target\":[\"https:\/\/www.visit-ulcinj.com\/blog\/2012\/12\/06\/dritan-i-genci-ocekuju-pasos-albanije\/\"]}]},{\"@type\":\"BreadcrumbList\",\"@id\":\"https:\/\/www.visit-ulcinj.com\/blog\/2012\/12\/06\/dritan-i-genci-ocekuju-pasos-albanije\/#breadcrumb\",\"itemListElement\":[{\"@type\":\"ListItem\",\"position\":1,\"name\":\"Dritan i Genci o\u010dekuju paso\u0161 Albanije\"}]},{\"@type\":\"Person\",\"@id\":\"https:\/\/www.visit-ulcinj.com\/blog\/#\/schema\/person\/dcab619c614d3038751c63bc2aadc06d\",\"name\":\"ulqini\",\"sameAs\":[\"http:\/\/www.visit-ulcinj.com\"],\"url\":\"https:\/\/www.visit-ulcinj.com\/blog\/author\/admin\/\"}]}<\/script>\n<!-- \/ Yoast SEO plugin. -->","yoast_head_json":{"title":"Dritan i Genci o\u010dekuju paso\u0161 Albanije - Lajme nga Ulqini","description":"Dio poslanika albanske nacionalnosti iz crnogorskog parlamenta prihvatio bi albansko dr\u017eavljanstvo ukoliko se u toj zemlji zakonom reguli\u0161e takva","robots":{"index":"index","follow":"follow","max-snippet":"max-snippet:-1","max-image-preview":"max-image-preview:large","max-video-preview":"max-video-preview:-1"},"canonical":"https:\/\/www.visit-ulcinj.com\/blog\/2012\/12\/06\/dritan-i-genci-ocekuju-pasos-albanije\/","og_locale":"en_US","og_type":"article","og_title":"Dritan i Genci o\u010dekuju paso\u0161 Albanije - Lajme nga Ulqini","og_description":"Dio poslanika albanske nacionalnosti iz crnogorskog parlamenta prihvatio bi albansko dr\u017eavljanstvo ukoliko se u toj zemlji zakonom reguli\u0161e takva","og_url":"https:\/\/www.visit-ulcinj.com\/blog\/2012\/12\/06\/dritan-i-genci-ocekuju-pasos-albanije\/","og_site_name":"Lajme nga Ulqini","article_published_time":"2012-12-06T18:54:59+00:00","article_modified_time":"2012-12-07T17:29:37+00:00","og_image":[{"url":"http:\/\/www.visit-ulcinj.com\/blog\/wp-content\/uploads\/2012\/12\/Nimanbegu-Abazovic.jpg"}],"twitter_misc":{"Written by":"ulqini","Est. reading time":"3 minutes"},"schema":{"@context":"https:\/\/schema.org","@graph":[{"@type":"WebSite","@id":"https:\/\/www.visit-ulcinj.com\/blog\/#website","url":"https:\/\/www.visit-ulcinj.com\/blog\/","name":"Lajme nga Ulqini","description":"Lajme,Vijesti,Ulqini,Ulqin,Crna Gora,Mali i Zi","potentialAction":[{"@type":"SearchAction","target":{"@type":"EntryPoint","urlTemplate":"https:\/\/www.visit-ulcinj.com\/blog\/?s={search_term_string}"},"query-input":"required name=search_term_string"}],"inLanguage":"en-US"},{"@type":"ImageObject","inLanguage":"en-US","@id":"https:\/\/www.visit-ulcinj.com\/blog\/2012\/12\/06\/dritan-i-genci-ocekuju-pasos-albanije\/#primaryimage","url":"https:\/\/www.visit-ulcinj.com\/blog\/wp-content\/uploads\/2012\/12\/Nimanbegu-Abazovic.jpg","contentUrl":"https:\/\/www.visit-ulcinj.com\/blog\/wp-content\/uploads\/2012\/12\/Nimanbegu-Abazovic.jpg","width":"508","height":"309"},{"@type":"WebPage","@id":"https:\/\/www.visit-ulcinj.com\/blog\/2012\/12\/06\/dritan-i-genci-ocekuju-pasos-albanije\/#webpage","url":"https:\/\/www.visit-ulcinj.com\/blog\/2012\/12\/06\/dritan-i-genci-ocekuju-pasos-albanije\/","name":"Dritan i Genci o\u010dekuju paso\u0161 Albanije - Lajme nga Ulqini","isPartOf":{"@id":"https:\/\/www.visit-ulcinj.com\/blog\/#website"},"primaryImageOfPage":{"@id":"https:\/\/www.visit-ulcinj.com\/blog\/2012\/12\/06\/dritan-i-genci-ocekuju-pasos-albanije\/#primaryimage"},"datePublished":"2012-12-06T18:54:59+00:00","dateModified":"2012-12-07T17:29:37+00:00","author":{"@id":"https:\/\/www.visit-ulcinj.com\/blog\/#\/schema\/person\/dcab619c614d3038751c63bc2aadc06d"},"description":"Dio poslanika albanske nacionalnosti iz crnogorskog parlamenta prihvatio bi albansko dr\u017eavljanstvo ukoliko se u toj zemlji zakonom reguli\u0161e takva","breadcrumb":{"@id":"https:\/\/www.visit-ulcinj.com\/blog\/2012\/12\/06\/dritan-i-genci-ocekuju-pasos-albanije\/#breadcrumb"},"inLanguage":"en-US","potentialAction":[{"@type":"ReadAction","target":["https:\/\/www.visit-ulcinj.com\/blog\/2012\/12\/06\/dritan-i-genci-ocekuju-pasos-albanije\/"]}]},{"@type":"BreadcrumbList","@id":"https:\/\/www.visit-ulcinj.com\/blog\/2012\/12\/06\/dritan-i-genci-ocekuju-pasos-albanije\/#breadcrumb","itemListElement":[{"@type":"ListItem","position":1,"name":"Dritan i Genci o\u010dekuju paso\u0161 Albanije"}]},{"@type":"Person","@id":"https:\/\/www.visit-ulcinj.com\/blog\/#\/schema\/person\/dcab619c614d3038751c63bc2aadc06d","name":"ulqini","sameAs":["http:\/\/www.visit-ulcinj.com"],"url":"https:\/\/www.visit-ulcinj.com\/blog\/author\/admin\/"}]}},"jetpack_featured_media_url":"","jetpack_sharing_enabled":true,"jetpack_shortlink":"https:\/\/wp.me\/pe6lTn-hjf","_links":{"self":[{"href":"https:\/\/www.visit-ulcinj.com\/blog\/wp-json\/wp\/v2\/posts\/66541"}],"collection":[{"href":"https:\/\/www.visit-ulcinj.com\/blog\/wp-json\/wp\/v2\/posts"}],"about":[{"href":"https:\/\/www.visit-ulcinj.com\/blog\/wp-json\/wp\/v2\/types\/post"}],"author":[{"embeddable":true,"href":"https:\/\/www.visit-ulcinj.com\/blog\/wp-json\/wp\/v2\/users\/1"}],"replies":[{"embeddable":true,"href":"https:\/\/www.visit-ulcinj.com\/blog\/wp-json\/wp\/v2\/comments?post=66541"}],"version-history":[{"count":4,"href":"https:\/\/www.visit-ulcinj.com\/blog\/wp-json\/wp\/v2\/posts\/66541\/revisions"}],"predecessor-version":[{"id":66593,"href":"https:\/\/www.visit-ulcinj.com\/blog\/wp-json\/wp\/v2\/posts\/66541\/revisions\/66593"}],"wp:attachment":[{"href":"https:\/\/www.visit-ulcinj.com\/blog\/wp-json\/wp\/v2\/media?parent=66541"}],"wp:term":[{"taxonomy":"category","embeddable":true,"href":"https:\/\/www.visit-ulcinj.com\/blog\/wp-json\/wp\/v2\/categories?post=66541"},{"taxonomy":"post_tag","embeddable":true,"href":"https:\/\/www.visit-ulcinj.com\/blog\/wp-json\/wp\/v2\/tags?post=66541"}],"curies":[{"name":"wp","href":"https:\/\/api.w.org\/{rel}","templated":true}]}}