{"id":66549,"date":"2012-12-06T21:36:06","date_gmt":"2012-12-06T20:36:06","guid":{"rendered":"http:\/\/www.visit-ulcinj.com\/blog\/?p=66549"},"modified":"2012-12-06T21:36:06","modified_gmt":"2012-12-06T20:36:06","slug":"ulcinjani-u-posjeti-beranama","status":"publish","type":"post","link":"https:\/\/www.visit-ulcinj.com\/blog\/2012\/12\/06\/ulcinjani-u-posjeti-beranama\/","title":{"rendered":"Ulcinjani u posjeti Beranama"},"content":{"rendered":"<p><a href=\"http:\/\/www.visit-ulcinj.com\/blog\/wp-content\/uploads\/2012\/12\/Ulcinjani-u-posjeti-Beranama.jpg\"><img loading=\"lazy\" class=\"alignleft  wp-image-66550\" title=\"Ulcinjani u posjeti Beranama\" src=\"http:\/\/www.visit-ulcinj.com\/blog\/wp-content\/uploads\/2012\/12\/Ulcinjani-u-posjeti-Beranama.jpg\" alt=\"\" width=\"508\" height=\"360\" \/><\/a>BERANE \u2013 U okviru realizacije projekta \u201eNATO i mladi, raznolikost dijaloga\u201d predstavnici NVO \u201eNovi horizonti\u201d iz Ulcinja i 27 srednjo\u0161kolaca iz tog grada posjetili su Berane. Oni su kao gosti NVO \u201eSpona\u201d, zajedno sa beranskim srednjo\u0161kolcima razgovarali sa \u010delnicima op\u0161tine i obi\u0161li znamenitosti grada.<br \/>\n\u2013 Tokom dru\u017eenja ulcinjski i beranski srednjo\u0161kolci obi\u0161li su manastir \u0110ur\u0111evi stupovi, upoznavaju\u0107i se s njegovom, osam vjekova, dugom istorijom. Obi\u0161li su i Polimski muzej i Spomen ku\u0107u vojvode Gavra Vukovi\u0107a.<br \/>\nSrednjo\u0161kolce su primili i predsjednici op\u0161tine i sku\u0161tine Vuka Goluboivi\u0107 i Samir Agovi\u0107, izra\u017eavaju\u0107i zadovoljstvo \u0161to je u projekat \u201eNATO i mladi, raznolikost dijaloga\u201d uklju\u010dena mladost sjevera i juga Crne Gore \u2013 naglasio je Sa\u0161a Radunovi\u0107, predsjednik Izvr\u0161nog odbora NVO \u201eSpona\u201d.<br \/>\nOn je podsjetio da je gostovanje NVO \u201eNovi horizonti\u201d Beranama predstavljalo uzvratnu posjetu NVO \u201eSpona\u201d i beranskim srednjo\u0161kolcima koji su u novembru boravili u Ulcinju. Radunovi\u0107 je naglasio da se projekat \u201eNATO i mladi, raznolikost dijaloga\u201d realizuje zahvaljaju\u0107i pomo\u0107i Ambasade SAD u Crnoj Gori i da zavr\u0161ne aktivnosti predvi\u0111aju zajedni\u010dku posjetu Podgorici, kada \u0107e u\u010denicima iz Berana i Ulcinja biti uru\u010deni sertifikati.<\/p>\n<p><strong>D.J.<\/strong><\/p>\n<p><strong>Izvor: DAN<\/strong><\/p>\n","protected":false},"excerpt":{"rendered":"<p>BERANE \u2013 U okviru realizacije projekta \u201eNATO i mladi, raznolikost dijaloga\u201d predstavnici NVO \u201eNovi horizonti\u201d iz Ulcinja i 27 srednjo\u0161kolaca iz tog grada posjetili su Berane. Oni su kao gosti NVO \u201eSpona\u201d, zajedno sa beranskim srednjo\u0161kolcima razgovarali sa \u010delnicima op\u0161tine i obi\u0161li znamenitosti grada. \u2013 Tokom dru\u017eenja ulcinjski i beranski srednjo\u0161kolci obi\u0161li su manastir \u0110ur\u0111evi [&hellip;]<\/p>\n","protected":false},"author":1,"featured_media":0,"comment_status":"open","ping_status":"closed","sticky":false,"template":"","format":"standard","meta":{"spay_email":"","jetpack_publicize_message":"","jetpack_is_tweetstorm":false,"jetpack_publicize_feature_enabled":true},"categories":[6950],"tags":[17509],"jetpack_publicize_connections":[],"yoast_head":"<!-- This site is optimized with the Yoast SEO plugin v19.1 - https:\/\/yoast.com\/wordpress\/plugins\/seo\/ -->\n<title>Ulcinjani u posjeti Beranama - Lajme nga Ulqini<\/title>\n<meta name=\"description\" content=\"BERANE \u2013 U okviru realizacije projekta \u201eNATO i mladi, raznolikost dijaloga\u201d predstavnici NVO \u201eNovi horizonti\u201d iz Ulcinja i 27 srednjo\u0161kolaca iz tog grada\" \/>\n<meta name=\"robots\" content=\"index, follow, max-snippet:-1, max-image-preview:large, max-video-preview:-1\" \/>\n<link rel=\"canonical\" href=\"https:\/\/www.visit-ulcinj.com\/blog\/2012\/12\/06\/ulcinjani-u-posjeti-beranama\/\" \/>\n<meta property=\"og:locale\" content=\"en_US\" \/>\n<meta property=\"og:type\" content=\"article\" \/>\n<meta property=\"og:title\" content=\"Ulcinjani u posjeti Beranama - Lajme nga Ulqini\" \/>\n<meta property=\"og:description\" content=\"BERANE \u2013 U okviru realizacije projekta \u201eNATO i mladi, raznolikost dijaloga\u201d predstavnici NVO \u201eNovi horizonti\u201d iz Ulcinja i 27 srednjo\u0161kolaca iz tog grada\" \/>\n<meta property=\"og:url\" content=\"https:\/\/www.visit-ulcinj.com\/blog\/2012\/12\/06\/ulcinjani-u-posjeti-beranama\/\" \/>\n<meta property=\"og:site_name\" content=\"Lajme nga Ulqini\" \/>\n<meta property=\"article:published_time\" content=\"2012-12-06T20:36:06+00:00\" \/>\n<meta property=\"og:image\" content=\"http:\/\/www.visit-ulcinj.com\/blog\/wp-content\/uploads\/2012\/12\/Ulcinjani-u-posjeti-Beranama.jpg\" \/>\n<meta name=\"twitter:label1\" content=\"Written by\" \/>\n\t<meta name=\"twitter:data1\" content=\"ulqini\" \/>\n\t<meta name=\"twitter:label2\" content=\"Est. reading time\" \/>\n\t<meta name=\"twitter:data2\" content=\"1 minute\" \/>\n<script type=\"application\/ld+json\" class=\"yoast-schema-graph\">{\"@context\":\"https:\/\/schema.org\",\"@graph\":[{\"@type\":\"WebSite\",\"@id\":\"https:\/\/www.visit-ulcinj.com\/blog\/#website\",\"url\":\"https:\/\/www.visit-ulcinj.com\/blog\/\",\"name\":\"Lajme nga Ulqini\",\"description\":\"Lajme,Vijesti,Ulqini,Ulqin,Crna Gora,Mali i Zi\",\"potentialAction\":[{\"@type\":\"SearchAction\",\"target\":{\"@type\":\"EntryPoint\",\"urlTemplate\":\"https:\/\/www.visit-ulcinj.com\/blog\/?s={search_term_string}\"},\"query-input\":\"required name=search_term_string\"}],\"inLanguage\":\"en-US\"},{\"@type\":\"ImageObject\",\"inLanguage\":\"en-US\",\"@id\":\"https:\/\/www.visit-ulcinj.com\/blog\/2012\/12\/06\/ulcinjani-u-posjeti-beranama\/#primaryimage\",\"url\":\"https:\/\/www.visit-ulcinj.com\/blog\/wp-content\/uploads\/2012\/12\/Ulcinjani-u-posjeti-Beranama.jpg\",\"contentUrl\":\"https:\/\/www.visit-ulcinj.com\/blog\/wp-content\/uploads\/2012\/12\/Ulcinjani-u-posjeti-Beranama.jpg\",\"width\":\"960\",\"height\":\"524\"},{\"@type\":\"WebPage\",\"@id\":\"https:\/\/www.visit-ulcinj.com\/blog\/2012\/12\/06\/ulcinjani-u-posjeti-beranama\/#webpage\",\"url\":\"https:\/\/www.visit-ulcinj.com\/blog\/2012\/12\/06\/ulcinjani-u-posjeti-beranama\/\",\"name\":\"Ulcinjani u posjeti Beranama - Lajme nga Ulqini\",\"isPartOf\":{\"@id\":\"https:\/\/www.visit-ulcinj.com\/blog\/#website\"},\"primaryImageOfPage\":{\"@id\":\"https:\/\/www.visit-ulcinj.com\/blog\/2012\/12\/06\/ulcinjani-u-posjeti-beranama\/#primaryimage\"},\"datePublished\":\"2012-12-06T20:36:06+00:00\",\"dateModified\":\"2012-12-06T20:36:06+00:00\",\"author\":{\"@id\":\"https:\/\/www.visit-ulcinj.com\/blog\/#\/schema\/person\/dcab619c614d3038751c63bc2aadc06d\"},\"description\":\"BERANE \u2013 U okviru realizacije projekta \u201eNATO i mladi, raznolikost dijaloga\u201d predstavnici NVO \u201eNovi horizonti\u201d iz Ulcinja i 27 srednjo\u0161kolaca iz tog grada\",\"breadcrumb\":{\"@id\":\"https:\/\/www.visit-ulcinj.com\/blog\/2012\/12\/06\/ulcinjani-u-posjeti-beranama\/#breadcrumb\"},\"inLanguage\":\"en-US\",\"potentialAction\":[{\"@type\":\"ReadAction\",\"target\":[\"https:\/\/www.visit-ulcinj.com\/blog\/2012\/12\/06\/ulcinjani-u-posjeti-beranama\/\"]}]},{\"@type\":\"BreadcrumbList\",\"@id\":\"https:\/\/www.visit-ulcinj.com\/blog\/2012\/12\/06\/ulcinjani-u-posjeti-beranama\/#breadcrumb\",\"itemListElement\":[{\"@type\":\"ListItem\",\"position\":1,\"name\":\"Ulcinjani u posjeti Beranama\"}]},{\"@type\":\"Person\",\"@id\":\"https:\/\/www.visit-ulcinj.com\/blog\/#\/schema\/person\/dcab619c614d3038751c63bc2aadc06d\",\"name\":\"ulqini\",\"sameAs\":[\"http:\/\/www.visit-ulcinj.com\"],\"url\":\"https:\/\/www.visit-ulcinj.com\/blog\/author\/admin\/\"}]}<\/script>\n<!-- \/ Yoast SEO plugin. -->","yoast_head_json":{"title":"Ulcinjani u posjeti Beranama - Lajme nga Ulqini","description":"BERANE \u2013 U okviru realizacije projekta \u201eNATO i mladi, raznolikost dijaloga\u201d predstavnici NVO \u201eNovi horizonti\u201d iz Ulcinja i 27 srednjo\u0161kolaca iz tog grada","robots":{"index":"index","follow":"follow","max-snippet":"max-snippet:-1","max-image-preview":"max-image-preview:large","max-video-preview":"max-video-preview:-1"},"canonical":"https:\/\/www.visit-ulcinj.com\/blog\/2012\/12\/06\/ulcinjani-u-posjeti-beranama\/","og_locale":"en_US","og_type":"article","og_title":"Ulcinjani u posjeti Beranama - Lajme nga Ulqini","og_description":"BERANE \u2013 U okviru realizacije projekta \u201eNATO i mladi, raznolikost dijaloga\u201d predstavnici NVO \u201eNovi horizonti\u201d iz Ulcinja i 27 srednjo\u0161kolaca iz tog grada","og_url":"https:\/\/www.visit-ulcinj.com\/blog\/2012\/12\/06\/ulcinjani-u-posjeti-beranama\/","og_site_name":"Lajme nga Ulqini","article_published_time":"2012-12-06T20:36:06+00:00","og_image":[{"url":"http:\/\/www.visit-ulcinj.com\/blog\/wp-content\/uploads\/2012\/12\/Ulcinjani-u-posjeti-Beranama.jpg"}],"twitter_misc":{"Written by":"ulqini","Est. reading time":"1 minute"},"schema":{"@context":"https:\/\/schema.org","@graph":[{"@type":"WebSite","@id":"https:\/\/www.visit-ulcinj.com\/blog\/#website","url":"https:\/\/www.visit-ulcinj.com\/blog\/","name":"Lajme nga Ulqini","description":"Lajme,Vijesti,Ulqini,Ulqin,Crna Gora,Mali i Zi","potentialAction":[{"@type":"SearchAction","target":{"@type":"EntryPoint","urlTemplate":"https:\/\/www.visit-ulcinj.com\/blog\/?s={search_term_string}"},"query-input":"required name=search_term_string"}],"inLanguage":"en-US"},{"@type":"ImageObject","inLanguage":"en-US","@id":"https:\/\/www.visit-ulcinj.com\/blog\/2012\/12\/06\/ulcinjani-u-posjeti-beranama\/#primaryimage","url":"https:\/\/www.visit-ulcinj.com\/blog\/wp-content\/uploads\/2012\/12\/Ulcinjani-u-posjeti-Beranama.jpg","contentUrl":"https:\/\/www.visit-ulcinj.com\/blog\/wp-content\/uploads\/2012\/12\/Ulcinjani-u-posjeti-Beranama.jpg","width":"960","height":"524"},{"@type":"WebPage","@id":"https:\/\/www.visit-ulcinj.com\/blog\/2012\/12\/06\/ulcinjani-u-posjeti-beranama\/#webpage","url":"https:\/\/www.visit-ulcinj.com\/blog\/2012\/12\/06\/ulcinjani-u-posjeti-beranama\/","name":"Ulcinjani u posjeti Beranama - Lajme nga Ulqini","isPartOf":{"@id":"https:\/\/www.visit-ulcinj.com\/blog\/#website"},"primaryImageOfPage":{"@id":"https:\/\/www.visit-ulcinj.com\/blog\/2012\/12\/06\/ulcinjani-u-posjeti-beranama\/#primaryimage"},"datePublished":"2012-12-06T20:36:06+00:00","dateModified":"2012-12-06T20:36:06+00:00","author":{"@id":"https:\/\/www.visit-ulcinj.com\/blog\/#\/schema\/person\/dcab619c614d3038751c63bc2aadc06d"},"description":"BERANE \u2013 U okviru realizacije projekta \u201eNATO i mladi, raznolikost dijaloga\u201d predstavnici NVO \u201eNovi horizonti\u201d iz Ulcinja i 27 srednjo\u0161kolaca iz tog grada","breadcrumb":{"@id":"https:\/\/www.visit-ulcinj.com\/blog\/2012\/12\/06\/ulcinjani-u-posjeti-beranama\/#breadcrumb"},"inLanguage":"en-US","potentialAction":[{"@type":"ReadAction","target":["https:\/\/www.visit-ulcinj.com\/blog\/2012\/12\/06\/ulcinjani-u-posjeti-beranama\/"]}]},{"@type":"BreadcrumbList","@id":"https:\/\/www.visit-ulcinj.com\/blog\/2012\/12\/06\/ulcinjani-u-posjeti-beranama\/#breadcrumb","itemListElement":[{"@type":"ListItem","position":1,"name":"Ulcinjani u posjeti Beranama"}]},{"@type":"Person","@id":"https:\/\/www.visit-ulcinj.com\/blog\/#\/schema\/person\/dcab619c614d3038751c63bc2aadc06d","name":"ulqini","sameAs":["http:\/\/www.visit-ulcinj.com"],"url":"https:\/\/www.visit-ulcinj.com\/blog\/author\/admin\/"}]}},"jetpack_featured_media_url":"","jetpack_sharing_enabled":true,"jetpack_shortlink":"https:\/\/wp.me\/pe6lTn-hjn","_links":{"self":[{"href":"https:\/\/www.visit-ulcinj.com\/blog\/wp-json\/wp\/v2\/posts\/66549"}],"collection":[{"href":"https:\/\/www.visit-ulcinj.com\/blog\/wp-json\/wp\/v2\/posts"}],"about":[{"href":"https:\/\/www.visit-ulcinj.com\/blog\/wp-json\/wp\/v2\/types\/post"}],"author":[{"embeddable":true,"href":"https:\/\/www.visit-ulcinj.com\/blog\/wp-json\/wp\/v2\/users\/1"}],"replies":[{"embeddable":true,"href":"https:\/\/www.visit-ulcinj.com\/blog\/wp-json\/wp\/v2\/comments?post=66549"}],"version-history":[{"count":1,"href":"https:\/\/www.visit-ulcinj.com\/blog\/wp-json\/wp\/v2\/posts\/66549\/revisions"}],"predecessor-version":[{"id":66551,"href":"https:\/\/www.visit-ulcinj.com\/blog\/wp-json\/wp\/v2\/posts\/66549\/revisions\/66551"}],"wp:attachment":[{"href":"https:\/\/www.visit-ulcinj.com\/blog\/wp-json\/wp\/v2\/media?parent=66549"}],"wp:term":[{"taxonomy":"category","embeddable":true,"href":"https:\/\/www.visit-ulcinj.com\/blog\/wp-json\/wp\/v2\/categories?post=66549"},{"taxonomy":"post_tag","embeddable":true,"href":"https:\/\/www.visit-ulcinj.com\/blog\/wp-json\/wp\/v2\/tags?post=66549"}],"curies":[{"name":"wp","href":"https:\/\/api.w.org\/{rel}","templated":true}]}}