{"id":66552,"date":"2012-12-06T21:44:19","date_gmt":"2012-12-06T20:44:19","guid":{"rendered":"http:\/\/www.visit-ulcinj.com\/blog\/?p=66552"},"modified":"2012-12-06T21:44:19","modified_gmt":"2012-12-06T20:44:19","slug":"rrezart-cungu-fiton-vendin-e-tret-ne-gotenburg-te-suedise","status":"publish","type":"post","link":"https:\/\/www.visit-ulcinj.com\/blog\/2012\/12\/06\/rrezart-cungu-fiton-vendin-e-tret-ne-gotenburg-te-suedise\/","title":{"rendered":"Rrezart Cungu fiton vendin e tret n\u00eb Gotenburg t\u00eb Suedis\u00eb"},"content":{"rendered":"<p><a href=\"http:\/\/www.visit-ulcinj.com\/blog\/wp-content\/uploads\/2012\/12\/Rrezart-Cungu-fiton-vendin-e-tret-n\u00eb-Gotenburg.jpg\"><img loading=\"lazy\" class=\"alignleft  wp-image-66553\" title=\"Rrezart Cungu fiton vendin e tret n\u00eb Gotenburg\" src=\"http:\/\/www.visit-ulcinj.com\/blog\/wp-content\/uploads\/2012\/12\/Rrezart-Cungu-fiton-vendin-e-tret-n\u00eb-Gotenburg.jpg\" alt=\"\" width=\"508\" height=\"360\" \/><\/a>Jav\u00ebn e kaluar u organizua turneu i tenisit n\u00eb Gotenburg t\u00eb Suedis. Turneu ishte i nivelit europian dhe i kategoris t\u00eb lart. Mbi 200 f\u00ebmij\u00eb u paraqit\u00ebn t\u00eb marrin pjes\u00eb n\u00eb k\u00ebt\u00eb turnej, por numri ishte i limituar vet\u00ebm p\u00ebr 32 garus. Mborr\u00ebn pjes\u00eb vet\u00ebm m\u00eb t\u00eb mir\u00ebt. Nj\u00ebri nga ato ishte edhe tenisti nga Ulqini, Rrezart Cungu.<\/p>\n<p>P\u00ebr Rrezartin ishte nj\u00eb sfid\u00eb e madhe sepse shtresa e fushave ishte m\u00eb ndryshe se fushat q\u00eb Rrezarti ka luajtur deri sot.<\/p>\n<p>Rrezarti shprehet: &#8220;Fusha e tenisit ishte shum\u00eb m\u00eb ndryshe. Prandaj edhe ndikoj n\u00eb loj\u00ebn time, duke mos m\u00eb lejuar t\u00eb jem i p\u00ebrpikt dhe t\u00eb jap maksimumin. M\u00eb duhet koh\u00eb q\u00eb t\u00eb adaptohem n\u00eb k\u00ebto fusha&#8221;.<\/p>\n<p>N\u00eb singel Rrezarti n\u00eb xhiron e par\u00eb u takua me Jakob Arvidsson nga Suedia. Rrezarti fitoi me rezultatin 6:1 6:0.<\/p>\n<p>N\u00eb xhiron e dyt\u00eb humbi nga Muslim Zaverbekov 5:7 5:7.<\/p>\n<p>Rrezarti s\u00ebbashku me partnerin e ti Nikolas Shell nga Gjermania ishin m\u00eb t\u00eb suksesshem n\u00eb dubel.<\/p>\n<p>N\u00eb xhiron e par fituan Linus Bergeri dhe Almir Nokiq nga Suedia. (6:1 6:0).<\/p>\n<p>N\u00eb \u00e7erek-finale u takuan me August Holmgren dhe Muslim Zaverbekov nga Danimarka. Triumfuan me rezultatin 6:3 6:4.<\/p>\n<p>Joel Akerlund dhe Gilberd Jaeger ishin kund\u00ebrshtar\u00ebt ne gjys\u00ebm-finale. Rrezarti dhe Nikolasi humb\u00ebn me rezultatin 1:6 2:6.<\/p>\n<p>Vendi i tret n\u00eb dubel i takoj Rrezartit dhe Nikolasit.<\/p>\n<p>Me k\u00ebt\u00eb turnej, Rrezarti e mbylli k\u00ebt\u00eb sezon shum\u00eb t\u00eb suksesshme.<br \/>\nPrej sot Rrezarti vazhdon p\u00ebrgaditjet me trajnerin e ti p\u00ebr sezonin e ardhsh\u00ebm n\u00eb vitin 2013.<\/p>\n\n\t\t<style type=\"text\/css\">\n\t\t\t#gallery-1 {\n\t\t\t\tmargin: auto;\n\t\t\t}\n\t\t\t#gallery-1 .gallery-item {\n\t\t\t\tfloat: left;\n\t\t\t\tmargin-top: 10px;\n\t\t\t\ttext-align: center;\n\t\t\t\twidth: 33%;\n\t\t\t}\n\t\t\t#gallery-1 img {\n\t\t\t\tborder: 2px solid #cfcfcf;\n\t\t\t}\n\t\t\t#gallery-1 .gallery-caption {\n\t\t\t\tmargin-left: 0;\n\t\t\t}\n\t\t\t\/* see gallery_shortcode() in wp-includes\/media.php *\/\n\t\t<\/style>\n\t\t<div id='gallery-1' class='gallery galleryid-66552 gallery-columns-3 gallery-size-thumbnail'><dl class='gallery-item'>\n\t\t\t<dt class='gallery-icon landscape'>\n\t\t\t\t<a href='https:\/\/www.visit-ulcinj.com\/blog\/wp-content\/uploads\/2012\/12\/Rrezart-Cungu-fiton-vendin-e-tret-n\u00eb-Gotenburg.jpg'><img width=\"150\" height=\"150\" src=\"https:\/\/www.visit-ulcinj.com\/blog\/wp-content\/uploads\/2012\/12\/Rrezart-Cungu-fiton-vendin-e-tret-n\u00eb-Gotenburg-150x150.jpg\" class=\"attachment-thumbnail size-thumbnail\" alt=\"\" loading=\"lazy\" \/><\/a>\n\t\t\t<\/dt><\/dl><dl class='gallery-item'>\n\t\t\t<dt class='gallery-icon landscape'>\n\t\t\t\t<a href='https:\/\/www.visit-ulcinj.com\/blog\/wp-content\/uploads\/2012\/12\/Rrezart-Cungu-fiton-vendin-e-tret-n\u00eb-Gotenburg.1.jpg'><img width=\"150\" height=\"150\" src=\"https:\/\/www.visit-ulcinj.com\/blog\/wp-content\/uploads\/2012\/12\/Rrezart-Cungu-fiton-vendin-e-tret-n\u00eb-Gotenburg.1-150x150.jpg\" class=\"attachment-thumbnail size-thumbnail\" alt=\"\" loading=\"lazy\" \/><\/a>\n\t\t\t<\/dt><\/dl><dl class='gallery-item'>\n\t\t\t<dt class='gallery-icon landscape'>\n\t\t\t\t<a href='https:\/\/www.visit-ulcinj.com\/blog\/wp-content\/uploads\/2012\/12\/Rrezart-Cungu-fiton-vendin-e-tret-n\u00eb-Gotenburg.2.jpg'><img width=\"150\" height=\"150\" src=\"https:\/\/www.visit-ulcinj.com\/blog\/wp-content\/uploads\/2012\/12\/Rrezart-Cungu-fiton-vendin-e-tret-n\u00eb-Gotenburg.2-150x150.jpg\" class=\"attachment-thumbnail size-thumbnail\" alt=\"\" loading=\"lazy\" \/><\/a>\n\t\t\t<\/dt><\/dl><br style=\"clear: both\" \/>\n\t\t<\/div>\n\n","protected":false},"excerpt":{"rendered":"<p>Jav\u00ebn e kaluar u organizua turneu i tenisit n\u00eb Gotenburg t\u00eb Suedis. Turneu ishte i nivelit europian dhe i kategoris t\u00eb lart. Mbi 200 f\u00ebmij\u00eb u paraqit\u00ebn t\u00eb marrin pjes\u00eb n\u00eb k\u00ebt\u00eb turnej, por numri ishte i limituar vet\u00ebm p\u00ebr 32 garus. Mborr\u00ebn pjes\u00eb vet\u00ebm m\u00eb t\u00eb mir\u00ebt. Nj\u00ebri nga ato ishte edhe tenisti nga [&hellip;]<\/p>\n","protected":false},"author":1,"featured_media":0,"comment_status":"open","ping_status":"closed","sticky":false,"template":"","format":"standard","meta":{"spay_email":"","jetpack_publicize_message":"","jetpack_is_tweetstorm":false,"jetpack_publicize_feature_enabled":true},"categories":[3],"tags":[14441,21588,21589,21590,21587,19059],"jetpack_publicize_connections":[],"yoast_head":"<!-- This site is optimized with the Yoast SEO plugin v19.1 - https:\/\/yoast.com\/wordpress\/plugins\/seo\/ -->\n<title>Rrezart Cungu fiton vendin e tret n\u00eb Gotenburg t\u00eb Suedis\u00eb - Lajme nga Ulqini<\/title>\n<meta name=\"description\" content=\"Jav\u00ebn e kaluar u organizua turneu i tenisit n\u00eb Gotenburg t\u00eb Suedis. Turneu ishte i nivelit europian dhe i kategoris t\u00eb lart. Mbi 200 f\u00ebmij\u00eb u paraqit\u00ebn t\u00eb\" \/>\n<meta name=\"robots\" content=\"index, follow, max-snippet:-1, max-image-preview:large, max-video-preview:-1\" \/>\n<link rel=\"canonical\" href=\"https:\/\/www.visit-ulcinj.com\/blog\/2012\/12\/06\/rrezart-cungu-fiton-vendin-e-tret-ne-gotenburg-te-suedise\/\" \/>\n<meta property=\"og:locale\" content=\"en_US\" \/>\n<meta property=\"og:type\" content=\"article\" \/>\n<meta property=\"og:title\" content=\"Rrezart Cungu fiton vendin e tret n\u00eb Gotenburg t\u00eb Suedis\u00eb - Lajme nga Ulqini\" \/>\n<meta property=\"og:description\" content=\"Jav\u00ebn e kaluar u organizua turneu i tenisit n\u00eb Gotenburg t\u00eb Suedis. Turneu ishte i nivelit europian dhe i kategoris t\u00eb lart. Mbi 200 f\u00ebmij\u00eb u paraqit\u00ebn t\u00eb\" \/>\n<meta property=\"og:url\" content=\"https:\/\/www.visit-ulcinj.com\/blog\/2012\/12\/06\/rrezart-cungu-fiton-vendin-e-tret-ne-gotenburg-te-suedise\/\" \/>\n<meta property=\"og:site_name\" content=\"Lajme nga Ulqini\" \/>\n<meta property=\"article:published_time\" content=\"2012-12-06T20:44:19+00:00\" \/>\n<meta property=\"og:image\" content=\"https:\/\/www.visit-ulcinj.com\/blog\/wp-content\/uploads\/2012\/12\/Rrezart-Cungu-fiton-vendin-e-tret-n\u00eb-Gotenburg-150x150.jpg\" \/>\n<meta name=\"twitter:label1\" content=\"Written by\" \/>\n\t<meta name=\"twitter:data1\" content=\"ulqini\" \/>\n\t<meta name=\"twitter:label2\" content=\"Est. reading time\" \/>\n\t<meta name=\"twitter:data2\" content=\"1 minute\" \/>\n<script type=\"application\/ld+json\" class=\"yoast-schema-graph\">{\"@context\":\"https:\/\/schema.org\",\"@graph\":[{\"@type\":\"WebSite\",\"@id\":\"https:\/\/www.visit-ulcinj.com\/blog\/#website\",\"url\":\"https:\/\/www.visit-ulcinj.com\/blog\/\",\"name\":\"Lajme nga Ulqini\",\"description\":\"Lajme,Vijesti,Ulqini,Ulqin,Crna Gora,Mali i Zi\",\"potentialAction\":[{\"@type\":\"SearchAction\",\"target\":{\"@type\":\"EntryPoint\",\"urlTemplate\":\"https:\/\/www.visit-ulcinj.com\/blog\/?s={search_term_string}\"},\"query-input\":\"required name=search_term_string\"}],\"inLanguage\":\"en-US\"},{\"@type\":\"WebPage\",\"@id\":\"https:\/\/www.visit-ulcinj.com\/blog\/2012\/12\/06\/rrezart-cungu-fiton-vendin-e-tret-ne-gotenburg-te-suedise\/#webpage\",\"url\":\"https:\/\/www.visit-ulcinj.com\/blog\/2012\/12\/06\/rrezart-cungu-fiton-vendin-e-tret-ne-gotenburg-te-suedise\/\",\"name\":\"Rrezart Cungu fiton vendin e tret n\u00eb Gotenburg t\u00eb Suedis\u00eb - Lajme nga Ulqini\",\"isPartOf\":{\"@id\":\"https:\/\/www.visit-ulcinj.com\/blog\/#website\"},\"datePublished\":\"2012-12-06T20:44:19+00:00\",\"dateModified\":\"2012-12-06T20:44:19+00:00\",\"author\":{\"@id\":\"https:\/\/www.visit-ulcinj.com\/blog\/#\/schema\/person\/dcab619c614d3038751c63bc2aadc06d\"},\"description\":\"Jav\u00ebn e kaluar u organizua turneu i tenisit n\u00eb Gotenburg t\u00eb Suedis. Turneu ishte i nivelit europian dhe i kategoris t\u00eb lart. Mbi 200 f\u00ebmij\u00eb u paraqit\u00ebn t\u00eb\",\"breadcrumb\":{\"@id\":\"https:\/\/www.visit-ulcinj.com\/blog\/2012\/12\/06\/rrezart-cungu-fiton-vendin-e-tret-ne-gotenburg-te-suedise\/#breadcrumb\"},\"inLanguage\":\"en-US\",\"potentialAction\":[{\"@type\":\"ReadAction\",\"target\":[\"https:\/\/www.visit-ulcinj.com\/blog\/2012\/12\/06\/rrezart-cungu-fiton-vendin-e-tret-ne-gotenburg-te-suedise\/\"]}]},{\"@type\":\"BreadcrumbList\",\"@id\":\"https:\/\/www.visit-ulcinj.com\/blog\/2012\/12\/06\/rrezart-cungu-fiton-vendin-e-tret-ne-gotenburg-te-suedise\/#breadcrumb\",\"itemListElement\":[{\"@type\":\"ListItem\",\"position\":1,\"name\":\"Rrezart Cungu fiton vendin e tret n\u00eb Gotenburg t\u00eb Suedis\u00eb\"}]},{\"@type\":\"Person\",\"@id\":\"https:\/\/www.visit-ulcinj.com\/blog\/#\/schema\/person\/dcab619c614d3038751c63bc2aadc06d\",\"name\":\"ulqini\",\"sameAs\":[\"http:\/\/www.visit-ulcinj.com\"],\"url\":\"https:\/\/www.visit-ulcinj.com\/blog\/author\/admin\/\"}]}<\/script>\n<!-- \/ Yoast SEO plugin. -->","yoast_head_json":{"title":"Rrezart Cungu fiton vendin e tret n\u00eb Gotenburg t\u00eb Suedis\u00eb - Lajme nga Ulqini","description":"Jav\u00ebn e kaluar u organizua turneu i tenisit n\u00eb Gotenburg t\u00eb Suedis. Turneu ishte i nivelit europian dhe i kategoris t\u00eb lart. Mbi 200 f\u00ebmij\u00eb u paraqit\u00ebn t\u00eb","robots":{"index":"index","follow":"follow","max-snippet":"max-snippet:-1","max-image-preview":"max-image-preview:large","max-video-preview":"max-video-preview:-1"},"canonical":"https:\/\/www.visit-ulcinj.com\/blog\/2012\/12\/06\/rrezart-cungu-fiton-vendin-e-tret-ne-gotenburg-te-suedise\/","og_locale":"en_US","og_type":"article","og_title":"Rrezart Cungu fiton vendin e tret n\u00eb Gotenburg t\u00eb Suedis\u00eb - Lajme nga Ulqini","og_description":"Jav\u00ebn e kaluar u organizua turneu i tenisit n\u00eb Gotenburg t\u00eb Suedis. Turneu ishte i nivelit europian dhe i kategoris t\u00eb lart. Mbi 200 f\u00ebmij\u00eb u paraqit\u00ebn t\u00eb","og_url":"https:\/\/www.visit-ulcinj.com\/blog\/2012\/12\/06\/rrezart-cungu-fiton-vendin-e-tret-ne-gotenburg-te-suedise\/","og_site_name":"Lajme nga Ulqini","article_published_time":"2012-12-06T20:44:19+00:00","og_image":[{"url":"https:\/\/www.visit-ulcinj.com\/blog\/wp-content\/uploads\/2012\/12\/Rrezart-Cungu-fiton-vendin-e-tret-n\u00eb-Gotenburg-150x150.jpg"}],"twitter_misc":{"Written by":"ulqini","Est. reading time":"1 minute"},"schema":{"@context":"https:\/\/schema.org","@graph":[{"@type":"WebSite","@id":"https:\/\/www.visit-ulcinj.com\/blog\/#website","url":"https:\/\/www.visit-ulcinj.com\/blog\/","name":"Lajme nga Ulqini","description":"Lajme,Vijesti,Ulqini,Ulqin,Crna Gora,Mali i Zi","potentialAction":[{"@type":"SearchAction","target":{"@type":"EntryPoint","urlTemplate":"https:\/\/www.visit-ulcinj.com\/blog\/?s={search_term_string}"},"query-input":"required name=search_term_string"}],"inLanguage":"en-US"},{"@type":"WebPage","@id":"https:\/\/www.visit-ulcinj.com\/blog\/2012\/12\/06\/rrezart-cungu-fiton-vendin-e-tret-ne-gotenburg-te-suedise\/#webpage","url":"https:\/\/www.visit-ulcinj.com\/blog\/2012\/12\/06\/rrezart-cungu-fiton-vendin-e-tret-ne-gotenburg-te-suedise\/","name":"Rrezart Cungu fiton vendin e tret n\u00eb Gotenburg t\u00eb Suedis\u00eb - Lajme nga Ulqini","isPartOf":{"@id":"https:\/\/www.visit-ulcinj.com\/blog\/#website"},"datePublished":"2012-12-06T20:44:19+00:00","dateModified":"2012-12-06T20:44:19+00:00","author":{"@id":"https:\/\/www.visit-ulcinj.com\/blog\/#\/schema\/person\/dcab619c614d3038751c63bc2aadc06d"},"description":"Jav\u00ebn e kaluar u organizua turneu i tenisit n\u00eb Gotenburg t\u00eb Suedis. Turneu ishte i nivelit europian dhe i kategoris t\u00eb lart. Mbi 200 f\u00ebmij\u00eb u paraqit\u00ebn t\u00eb","breadcrumb":{"@id":"https:\/\/www.visit-ulcinj.com\/blog\/2012\/12\/06\/rrezart-cungu-fiton-vendin-e-tret-ne-gotenburg-te-suedise\/#breadcrumb"},"inLanguage":"en-US","potentialAction":[{"@type":"ReadAction","target":["https:\/\/www.visit-ulcinj.com\/blog\/2012\/12\/06\/rrezart-cungu-fiton-vendin-e-tret-ne-gotenburg-te-suedise\/"]}]},{"@type":"BreadcrumbList","@id":"https:\/\/www.visit-ulcinj.com\/blog\/2012\/12\/06\/rrezart-cungu-fiton-vendin-e-tret-ne-gotenburg-te-suedise\/#breadcrumb","itemListElement":[{"@type":"ListItem","position":1,"name":"Rrezart Cungu fiton vendin e tret n\u00eb Gotenburg t\u00eb Suedis\u00eb"}]},{"@type":"Person","@id":"https:\/\/www.visit-ulcinj.com\/blog\/#\/schema\/person\/dcab619c614d3038751c63bc2aadc06d","name":"ulqini","sameAs":["http:\/\/www.visit-ulcinj.com"],"url":"https:\/\/www.visit-ulcinj.com\/blog\/author\/admin\/"}]}},"jetpack_featured_media_url":"","jetpack_sharing_enabled":true,"jetpack_shortlink":"https:\/\/wp.me\/pe6lTn-hjq","_links":{"self":[{"href":"https:\/\/www.visit-ulcinj.com\/blog\/wp-json\/wp\/v2\/posts\/66552"}],"collection":[{"href":"https:\/\/www.visit-ulcinj.com\/blog\/wp-json\/wp\/v2\/posts"}],"about":[{"href":"https:\/\/www.visit-ulcinj.com\/blog\/wp-json\/wp\/v2\/types\/post"}],"author":[{"embeddable":true,"href":"https:\/\/www.visit-ulcinj.com\/blog\/wp-json\/wp\/v2\/users\/1"}],"replies":[{"embeddable":true,"href":"https:\/\/www.visit-ulcinj.com\/blog\/wp-json\/wp\/v2\/comments?post=66552"}],"version-history":[{"count":2,"href":"https:\/\/www.visit-ulcinj.com\/blog\/wp-json\/wp\/v2\/posts\/66552\/revisions"}],"predecessor-version":[{"id":66557,"href":"https:\/\/www.visit-ulcinj.com\/blog\/wp-json\/wp\/v2\/posts\/66552\/revisions\/66557"}],"wp:attachment":[{"href":"https:\/\/www.visit-ulcinj.com\/blog\/wp-json\/wp\/v2\/media?parent=66552"}],"wp:term":[{"taxonomy":"category","embeddable":true,"href":"https:\/\/www.visit-ulcinj.com\/blog\/wp-json\/wp\/v2\/categories?post=66552"},{"taxonomy":"post_tag","embeddable":true,"href":"https:\/\/www.visit-ulcinj.com\/blog\/wp-json\/wp\/v2\/tags?post=66552"}],"curies":[{"name":"wp","href":"https:\/\/api.w.org\/{rel}","templated":true}]}}