{"id":66562,"date":"2012-12-06T22:34:43","date_gmt":"2012-12-06T21:34:43","guid":{"rendered":"http:\/\/www.visit-ulcinj.com\/blog\/?p=66562"},"modified":"2012-12-07T14:57:41","modified_gmt":"2012-12-07T13:57:41","slug":"zenka-nimanbegu-dhe-abazoviqi-perkrahin-iniciativen-e-brishes-per-nenshtetesi","status":"publish","type":"post","link":"https:\/\/www.visit-ulcinj.com\/blog\/2012\/12\/06\/zenka-nimanbegu-dhe-abazoviqi-perkrahin-iniciativen-e-brishes-per-nenshtetesi\/","title":{"rendered":"Zenka &#8211; Nimanbegu dhe Abazoviqi p\u00ebrkrahin iniciativ\u00ebn e Brish\u00ebs p\u00ebr n\u00ebnshtet\u00ebsi"},"content":{"rendered":"<p><strong><a href=\"http:\/\/www.visit-ulcinj.com\/blog\/wp-content\/uploads\/2012\/12\/Zenka-Abazoviq-Nimanbegu.jpg\"><img loading=\"lazy\" class=\"alignleft  wp-image-66563\" title=\"Zenka - Abazoviq - Nimanbegu\" src=\"http:\/\/www.visit-ulcinj.com\/blog\/wp-content\/uploads\/2012\/12\/Zenka-Abazoviq-Nimanbegu.jpg\" alt=\"\" width=\"508\" height=\"300\" \/><\/a><\/strong><\/p>\n<p><strong>P\u00ebrfaq\u00ebsuesit e Partive Shqiptare n\u00eb Mal t\u00eb Zi me t\u00eb cilat ka kontaktuar Portali Analitika, konsiderojn\u00eb se Iniciativa e kryeministrit t\u00eb Shqip\u00ebris\u00eb Sali Berisha, q\u00eb t\u00eb gjith\u00eb shqiptar\u00ebve n\u00eb rajon t&#8217;u mund\u00ebsohet t\u00eb ken\u00eb shtet\u00ebsin\u00eb e k\u00ebtij vendi, \u00ebsht\u00eb pozitive.<\/strong><\/p>\n<p>Berisha ka deklaruar se do t\u00eb k\u00ebrkoj\u00eb miratimin e ligjit, sipas t\u00eb cilit t\u00eb gjith\u00eb shqiptar\u00ebt pa marr\u00eb parasysh n\u00eb cil\u00ebn pjes\u00eb t\u00eb bot\u00ebs gjenden,do t\u00eb ken\u00eb mund\u00ebsi t\u00eb ken\u00eb shtet\u00ebsin\u00eb e vendit am\u00eb. N\u00ebnkryetari i Forc\u00ebs Genci Nimanbegu dhe kryetari i UDSH-s\u00eb Mehmet Zenka, kan\u00eb th\u00ebn\u00eb se shqiptar\u00ebt n\u00eb Mal t\u00eb Zi do t\u00eb duhej t\u00eb ken\u00eb shtet\u00ebsin\u00eb e Shqip\u00ebris\u00eb, por t\u00eb mos u merret ajo malazeze. Nimanbegu ka th\u00ebn\u00eb se me k\u00ebnaq\u00ebsi do ta merrte shtet\u00ebsin\u00eb e Shqip\u00ebris\u00eb dhe konsideron se iniciativa e kryeministrit t\u00eb Shqip\u00ebris\u00eb \u00ebsht\u00eb pozitive.<\/p>\n<p>Edhe kryetari i UDSH-s\u00eb Mehmet Zenka pajtohet me mendimin e Nimanbegut se iniciativa e Berish\u00ebs \u00ebsht\u00eb pozitive. Zenka ka th\u00ebn\u00eb se ky \u00ebsht\u00eb nd\u00ebr vendimet m\u00eb t\u00eb r\u00ebnd\u00ebsishme q\u00eb \u00ebsht\u00eb miratuar gjat\u00eb 20 vjet\u00ebve t\u00eb fundit p\u00ebr shqiptar\u00ebt n\u00eb rajon, dhe se shqiptar\u00ebve n\u00eb Mal t\u00eb Zi duhet t&#8217;u mund\u00ebsohet dyshtet\u00ebsia. Zenka ka theksuar se edhe t\u00eb gjith\u00eb malazezet q\u00eb jetojn\u00eb jasht\u00eb Malit t\u00eb Zi do t\u00eb duhej t\u00eb ken\u00eb dy shtet\u00ebsi.<\/p>\n<p><strong>TVCG<\/strong><\/p>\n<p><strong>P\u00ebrfaq\u00ebsuesit e partive shqiptare p\u00ebrkrahin iniciativ\u00ebn e Brish\u00ebs p\u00ebr n\u00ebnshtet\u00ebsi<\/strong><\/p>\n<p>P\u00ebrfaq\u00ebsuesit e partive shqiptare n\u00eb Mal t\u00eb Zi, n\u00ebnkryetari i Forc\u00ebs Genci Nimanbegu dhe kryetari i UDSH-s\u00eb Mehmet Zenkakonsiderojn\u00eb se iniciativa e kryeministrit t\u00eb Shqip\u00ebris\u00eb Sali Berisha, q\u00eb t\u00eb gjith\u00eb shqiptar\u00ebve n\u00eb rajon dhe kudo n\u00eb bot\u00eb t\u00eb u mund\u00ebsohet fitimi i n\u00ebnshtet\u00ebsis\u00eb shqiptare, \u00ebsht\u00eb nj\u00eb iniciativ\u00eb pozitive, njofton portali Analitika.<\/p>\n<p>Genci Nimanbegu (Forca) dhe Mehmet Zenka (UDSH), deklaruan se shqiptar\u00ebt n\u00eb Mal t\u00eb Zi do t\u00eb duhej t\u00eb ken\u00eb shtet\u00ebsin\u00eb e Shqip\u00ebris\u00eb, por t\u00eb mos u merret ajo malazeze.<\/p>\n<p>Nimanbegu tha se me k\u00ebnaq\u00ebsi do ta merrte shtet\u00ebsin\u00eb e Shqip\u00ebris\u00eb dhe konsideron se iniciativa e kryeministrit t\u00eb Shqip\u00ebris\u00eb \u00ebsht\u00eb pozitive.<\/p>\n<p>Zenka pajtohet me mendimin e Nimanbegut se iniciativa e Berish\u00ebs \u00ebsht\u00eb pozitive. Ai tha se ky \u00ebsht\u00eb nd\u00ebr vendimet m\u00eb t\u00eb r\u00ebnd\u00ebsishme q\u00eb \u00ebsht\u00eb miratuar gjat\u00eb 20 vjet\u00ebve t\u00eb fundit p\u00ebr shqiptar\u00ebt n\u00eb rajon, dhe se shqiptar\u00ebve n\u00eb Mal t\u00eb Zi duhet t\u2019u mund\u00ebsohet dyshtet\u00ebsia.<\/p>\n<p>Edhe deputeti i partis\u00eb qytetare, Mali i Zi Pozitiv Dritan Abazoviq p\u00ebr gazet\u00ebn Dan deklaroi se do t\u00eb p\u00ebrkrahte iniciativ\u00ebn duke th\u00ebn\u00eb se njeriu duhet t\u00eb ket\u00eb mund\u00ebsi t\u00eb zgjedhin m\u00eb shum\u00eb se nj\u00eb n\u00ebnshtet\u00ebsi. Ai megjithat\u00eb shtoi se iniciativa e Kryeministrit t\u00eb Shqip\u00ebris\u00eb sipas gjitha gjasave \u00ebsht\u00eb vet\u00ebm nj\u00eb marketing politik p\u00ebr zgjedhjet e ardhshme.<\/p>\n<p>Gazeta Dan shkruan se nga deputeti i Partis\u00eb Demokratike Fatmir Gjeka nuk fituan p\u00ebrgjigje pasi ai nuk p\u00ebrgjigjej n\u00eb thirrjet telefonike.<\/p>\n<p><a href=\"http:\/\/www.visit-ulcinj.com\/blog\/wp-content\/uploads\/2012\/12\/Luigj-Shkrela.jpg\"><img loading=\"lazy\" class=\"alignleft  wp-image-66564\" title=\"Luigj Shkrela\" src=\"http:\/\/www.visit-ulcinj.com\/blog\/wp-content\/uploads\/2012\/12\/Luigj-Shkrela.jpg\" alt=\"\" width=\"350\" height=\"400\" \/><\/a>M\u00ebndim t\u00eb kund\u00ebrt kishte deputeti i DPS-it Luigj Shkrela i cili sqaroi se nuk do t\u00eb pranonte asnj\u00eb n\u00ebnshtet\u00ebsi tjet\u00ebr p\u00ebrpos asaj malazeze.<\/p>\n<p>Berisha ka deklaruar se do t\u00eb k\u00ebrkoj\u00eb miratimin e ligjit, sipas t\u00eb cilit t\u00eb gjith\u00eb shqiptar\u00ebt pa marr\u00eb parasysh n\u00eb cil\u00ebn pjes\u00eb t\u00eb bot\u00ebs gjenden, do t\u00eb ken\u00eb mund\u00ebsi t\u00eb fitojn\u00eb shtet\u00ebsin\u00eb e vendit am\u00eb.<br \/>\nMbas k\u00ebsaj deklarate ishin zyrtar\u00eb dhe medie greke e maqedonase t\u00eb cil\u00ebt shpreh\u00ebn shqet\u00ebsimin se kjo \u00ebsht\u00eb nj\u00eb nism\u00eb p\u00ebr bashkimin komb\u00ebtar\u00eb t\u00eb cil\u00ebn e theksoi Berisha gjat\u00eb festave t\u00eb 100 vjetorit t\u00eb Pavar\u00ebsis\u00eb.<\/p>\n<p>Ligji aktual n\u00eb Mal t\u00eb Zi ndalon dyshtet\u00ebsin\u00eb, n\u00eb rast t\u00eb marrjes s\u00eb shtet\u00ebsie t\u00eb ndonj\u00eb shteti tjet\u00ebr, do t\u00eb n\u00ebnkuptonte humbjen e n\u00ebnshtet\u00ebsis\u00eb malazeze.<\/p>\n<p><strong>Malesia.Org<\/strong><\/p>\n","protected":false},"excerpt":{"rendered":"<p>P\u00ebrfaq\u00ebsuesit e Partive Shqiptare n\u00eb Mal t\u00eb Zi me t\u00eb cilat ka kontaktuar Portali Analitika, konsiderojn\u00eb se Iniciativa e kryeministrit t\u00eb Shqip\u00ebris\u00eb Sali Berisha, q\u00eb t\u00eb gjith\u00eb shqiptar\u00ebve n\u00eb rajon t&#8217;u mund\u00ebsohet t\u00eb ken\u00eb shtet\u00ebsin\u00eb e k\u00ebtij vendi, \u00ebsht\u00eb pozitive. Berisha ka deklaruar se do t\u00eb k\u00ebrkoj\u00eb miratimin e ligjit, sipas t\u00eb cilit t\u00eb gjith\u00eb [&hellip;]<\/p>\n","protected":false},"author":1,"featured_media":0,"comment_status":"open","ping_status":"closed","sticky":false,"template":"","format":"standard","meta":{"spay_email":"","jetpack_publicize_message":"","jetpack_is_tweetstorm":false,"jetpack_publicize_feature_enabled":true},"categories":[6],"tags":[13701,1073,3371,200],"jetpack_publicize_connections":[],"yoast_head":"<!-- This site is optimized with the Yoast SEO plugin v19.1 - https:\/\/yoast.com\/wordpress\/plugins\/seo\/ -->\n<title>Zenka - Nimanbegu dhe Abazoviqi p\u00ebrkrahin iniciativ\u00ebn e Brish\u00ebs p\u00ebr n\u00ebnshtet\u00ebsi - Lajme nga Ulqini<\/title>\n<meta name=\"description\" content=\"P\u00ebrfaq\u00ebsuesit e Partive Shqiptare n\u00eb Mal t\u00eb Zi me t\u00eb cilat ka kontaktuar Portali Analitika, konsiderojn\u00eb se Iniciativa e kryeministrit t\u00eb Shqip\u00ebris\u00eb Sali\" \/>\n<meta name=\"robots\" content=\"index, follow, max-snippet:-1, max-image-preview:large, max-video-preview:-1\" \/>\n<link rel=\"canonical\" href=\"https:\/\/www.visit-ulcinj.com\/blog\/2012\/12\/06\/zenka-nimanbegu-dhe-abazoviqi-perkrahin-iniciativen-e-brishes-per-nenshtetesi\/\" \/>\n<meta property=\"og:locale\" content=\"en_US\" \/>\n<meta property=\"og:type\" content=\"article\" \/>\n<meta property=\"og:title\" content=\"Zenka - Nimanbegu dhe Abazoviqi p\u00ebrkrahin iniciativ\u00ebn e Brish\u00ebs p\u00ebr n\u00ebnshtet\u00ebsi - Lajme nga Ulqini\" \/>\n<meta property=\"og:description\" content=\"P\u00ebrfaq\u00ebsuesit e Partive Shqiptare n\u00eb Mal t\u00eb Zi me t\u00eb cilat ka kontaktuar Portali Analitika, konsiderojn\u00eb se Iniciativa e kryeministrit t\u00eb Shqip\u00ebris\u00eb Sali\" \/>\n<meta property=\"og:url\" content=\"https:\/\/www.visit-ulcinj.com\/blog\/2012\/12\/06\/zenka-nimanbegu-dhe-abazoviqi-perkrahin-iniciativen-e-brishes-per-nenshtetesi\/\" \/>\n<meta property=\"og:site_name\" content=\"Lajme nga Ulqini\" \/>\n<meta property=\"article:published_time\" content=\"2012-12-06T21:34:43+00:00\" \/>\n<meta property=\"article:modified_time\" content=\"2012-12-07T13:57:41+00:00\" \/>\n<meta property=\"og:image\" content=\"http:\/\/www.visit-ulcinj.com\/blog\/wp-content\/uploads\/2012\/12\/Zenka-Abazoviq-Nimanbegu.jpg\" \/>\n<meta name=\"twitter:label1\" content=\"Written by\" \/>\n\t<meta name=\"twitter:data1\" content=\"ulqini\" \/>\n\t<meta name=\"twitter:label2\" content=\"Est. reading time\" \/>\n\t<meta name=\"twitter:data2\" content=\"3 minutes\" \/>\n<script type=\"application\/ld+json\" class=\"yoast-schema-graph\">{\"@context\":\"https:\/\/schema.org\",\"@graph\":[{\"@type\":\"WebSite\",\"@id\":\"https:\/\/www.visit-ulcinj.com\/blog\/#website\",\"url\":\"https:\/\/www.visit-ulcinj.com\/blog\/\",\"name\":\"Lajme nga Ulqini\",\"description\":\"Lajme,Vijesti,Ulqini,Ulqin,Crna Gora,Mali i Zi\",\"potentialAction\":[{\"@type\":\"SearchAction\",\"target\":{\"@type\":\"EntryPoint\",\"urlTemplate\":\"https:\/\/www.visit-ulcinj.com\/blog\/?s={search_term_string}\"},\"query-input\":\"required name=search_term_string\"}],\"inLanguage\":\"en-US\"},{\"@type\":\"ImageObject\",\"inLanguage\":\"en-US\",\"@id\":\"https:\/\/www.visit-ulcinj.com\/blog\/2012\/12\/06\/zenka-nimanbegu-dhe-abazoviqi-perkrahin-iniciativen-e-brishes-per-nenshtetesi\/#primaryimage\",\"url\":\"https:\/\/www.visit-ulcinj.com\/blog\/wp-content\/uploads\/2012\/12\/Zenka-Abazoviq-Nimanbegu.jpg\",\"contentUrl\":\"https:\/\/www.visit-ulcinj.com\/blog\/wp-content\/uploads\/2012\/12\/Zenka-Abazoviq-Nimanbegu.jpg\",\"width\":\"650\",\"height\":\"317\"},{\"@type\":\"WebPage\",\"@id\":\"https:\/\/www.visit-ulcinj.com\/blog\/2012\/12\/06\/zenka-nimanbegu-dhe-abazoviqi-perkrahin-iniciativen-e-brishes-per-nenshtetesi\/#webpage\",\"url\":\"https:\/\/www.visit-ulcinj.com\/blog\/2012\/12\/06\/zenka-nimanbegu-dhe-abazoviqi-perkrahin-iniciativen-e-brishes-per-nenshtetesi\/\",\"name\":\"Zenka - Nimanbegu dhe Abazoviqi p\u00ebrkrahin iniciativ\u00ebn e Brish\u00ebs p\u00ebr n\u00ebnshtet\u00ebsi - Lajme nga Ulqini\",\"isPartOf\":{\"@id\":\"https:\/\/www.visit-ulcinj.com\/blog\/#website\"},\"primaryImageOfPage\":{\"@id\":\"https:\/\/www.visit-ulcinj.com\/blog\/2012\/12\/06\/zenka-nimanbegu-dhe-abazoviqi-perkrahin-iniciativen-e-brishes-per-nenshtetesi\/#primaryimage\"},\"datePublished\":\"2012-12-06T21:34:43+00:00\",\"dateModified\":\"2012-12-07T13:57:41+00:00\",\"author\":{\"@id\":\"https:\/\/www.visit-ulcinj.com\/blog\/#\/schema\/person\/dcab619c614d3038751c63bc2aadc06d\"},\"description\":\"P\u00ebrfaq\u00ebsuesit e Partive Shqiptare n\u00eb Mal t\u00eb Zi me t\u00eb cilat ka kontaktuar Portali Analitika, konsiderojn\u00eb se Iniciativa e kryeministrit t\u00eb Shqip\u00ebris\u00eb Sali\",\"breadcrumb\":{\"@id\":\"https:\/\/www.visit-ulcinj.com\/blog\/2012\/12\/06\/zenka-nimanbegu-dhe-abazoviqi-perkrahin-iniciativen-e-brishes-per-nenshtetesi\/#breadcrumb\"},\"inLanguage\":\"en-US\",\"potentialAction\":[{\"@type\":\"ReadAction\",\"target\":[\"https:\/\/www.visit-ulcinj.com\/blog\/2012\/12\/06\/zenka-nimanbegu-dhe-abazoviqi-perkrahin-iniciativen-e-brishes-per-nenshtetesi\/\"]}]},{\"@type\":\"BreadcrumbList\",\"@id\":\"https:\/\/www.visit-ulcinj.com\/blog\/2012\/12\/06\/zenka-nimanbegu-dhe-abazoviqi-perkrahin-iniciativen-e-brishes-per-nenshtetesi\/#breadcrumb\",\"itemListElement\":[{\"@type\":\"ListItem\",\"position\":1,\"name\":\"Zenka &#8211; Nimanbegu dhe Abazoviqi p\u00ebrkrahin iniciativ\u00ebn e Brish\u00ebs p\u00ebr n\u00ebnshtet\u00ebsi\"}]},{\"@type\":\"Person\",\"@id\":\"https:\/\/www.visit-ulcinj.com\/blog\/#\/schema\/person\/dcab619c614d3038751c63bc2aadc06d\",\"name\":\"ulqini\",\"sameAs\":[\"http:\/\/www.visit-ulcinj.com\"],\"url\":\"https:\/\/www.visit-ulcinj.com\/blog\/author\/admin\/\"}]}<\/script>\n<!-- \/ Yoast SEO plugin. -->","yoast_head_json":{"title":"Zenka - Nimanbegu dhe Abazoviqi p\u00ebrkrahin iniciativ\u00ebn e Brish\u00ebs p\u00ebr n\u00ebnshtet\u00ebsi - Lajme nga Ulqini","description":"P\u00ebrfaq\u00ebsuesit e Partive Shqiptare n\u00eb Mal t\u00eb Zi me t\u00eb cilat ka kontaktuar Portali Analitika, konsiderojn\u00eb se Iniciativa e kryeministrit t\u00eb Shqip\u00ebris\u00eb Sali","robots":{"index":"index","follow":"follow","max-snippet":"max-snippet:-1","max-image-preview":"max-image-preview:large","max-video-preview":"max-video-preview:-1"},"canonical":"https:\/\/www.visit-ulcinj.com\/blog\/2012\/12\/06\/zenka-nimanbegu-dhe-abazoviqi-perkrahin-iniciativen-e-brishes-per-nenshtetesi\/","og_locale":"en_US","og_type":"article","og_title":"Zenka - Nimanbegu dhe Abazoviqi p\u00ebrkrahin iniciativ\u00ebn e Brish\u00ebs p\u00ebr n\u00ebnshtet\u00ebsi - Lajme nga Ulqini","og_description":"P\u00ebrfaq\u00ebsuesit e Partive Shqiptare n\u00eb Mal t\u00eb Zi me t\u00eb cilat ka kontaktuar Portali Analitika, konsiderojn\u00eb se Iniciativa e kryeministrit t\u00eb Shqip\u00ebris\u00eb Sali","og_url":"https:\/\/www.visit-ulcinj.com\/blog\/2012\/12\/06\/zenka-nimanbegu-dhe-abazoviqi-perkrahin-iniciativen-e-brishes-per-nenshtetesi\/","og_site_name":"Lajme nga Ulqini","article_published_time":"2012-12-06T21:34:43+00:00","article_modified_time":"2012-12-07T13:57:41+00:00","og_image":[{"url":"http:\/\/www.visit-ulcinj.com\/blog\/wp-content\/uploads\/2012\/12\/Zenka-Abazoviq-Nimanbegu.jpg"}],"twitter_misc":{"Written by":"ulqini","Est. reading time":"3 minutes"},"schema":{"@context":"https:\/\/schema.org","@graph":[{"@type":"WebSite","@id":"https:\/\/www.visit-ulcinj.com\/blog\/#website","url":"https:\/\/www.visit-ulcinj.com\/blog\/","name":"Lajme nga Ulqini","description":"Lajme,Vijesti,Ulqini,Ulqin,Crna Gora,Mali i Zi","potentialAction":[{"@type":"SearchAction","target":{"@type":"EntryPoint","urlTemplate":"https:\/\/www.visit-ulcinj.com\/blog\/?s={search_term_string}"},"query-input":"required name=search_term_string"}],"inLanguage":"en-US"},{"@type":"ImageObject","inLanguage":"en-US","@id":"https:\/\/www.visit-ulcinj.com\/blog\/2012\/12\/06\/zenka-nimanbegu-dhe-abazoviqi-perkrahin-iniciativen-e-brishes-per-nenshtetesi\/#primaryimage","url":"https:\/\/www.visit-ulcinj.com\/blog\/wp-content\/uploads\/2012\/12\/Zenka-Abazoviq-Nimanbegu.jpg","contentUrl":"https:\/\/www.visit-ulcinj.com\/blog\/wp-content\/uploads\/2012\/12\/Zenka-Abazoviq-Nimanbegu.jpg","width":"650","height":"317"},{"@type":"WebPage","@id":"https:\/\/www.visit-ulcinj.com\/blog\/2012\/12\/06\/zenka-nimanbegu-dhe-abazoviqi-perkrahin-iniciativen-e-brishes-per-nenshtetesi\/#webpage","url":"https:\/\/www.visit-ulcinj.com\/blog\/2012\/12\/06\/zenka-nimanbegu-dhe-abazoviqi-perkrahin-iniciativen-e-brishes-per-nenshtetesi\/","name":"Zenka - Nimanbegu dhe Abazoviqi p\u00ebrkrahin iniciativ\u00ebn e Brish\u00ebs p\u00ebr n\u00ebnshtet\u00ebsi - Lajme nga Ulqini","isPartOf":{"@id":"https:\/\/www.visit-ulcinj.com\/blog\/#website"},"primaryImageOfPage":{"@id":"https:\/\/www.visit-ulcinj.com\/blog\/2012\/12\/06\/zenka-nimanbegu-dhe-abazoviqi-perkrahin-iniciativen-e-brishes-per-nenshtetesi\/#primaryimage"},"datePublished":"2012-12-06T21:34:43+00:00","dateModified":"2012-12-07T13:57:41+00:00","author":{"@id":"https:\/\/www.visit-ulcinj.com\/blog\/#\/schema\/person\/dcab619c614d3038751c63bc2aadc06d"},"description":"P\u00ebrfaq\u00ebsuesit e Partive Shqiptare n\u00eb Mal t\u00eb Zi me t\u00eb cilat ka kontaktuar Portali Analitika, konsiderojn\u00eb se Iniciativa e kryeministrit t\u00eb Shqip\u00ebris\u00eb Sali","breadcrumb":{"@id":"https:\/\/www.visit-ulcinj.com\/blog\/2012\/12\/06\/zenka-nimanbegu-dhe-abazoviqi-perkrahin-iniciativen-e-brishes-per-nenshtetesi\/#breadcrumb"},"inLanguage":"en-US","potentialAction":[{"@type":"ReadAction","target":["https:\/\/www.visit-ulcinj.com\/blog\/2012\/12\/06\/zenka-nimanbegu-dhe-abazoviqi-perkrahin-iniciativen-e-brishes-per-nenshtetesi\/"]}]},{"@type":"BreadcrumbList","@id":"https:\/\/www.visit-ulcinj.com\/blog\/2012\/12\/06\/zenka-nimanbegu-dhe-abazoviqi-perkrahin-iniciativen-e-brishes-per-nenshtetesi\/#breadcrumb","itemListElement":[{"@type":"ListItem","position":1,"name":"Zenka &#8211; Nimanbegu dhe Abazoviqi p\u00ebrkrahin iniciativ\u00ebn e Brish\u00ebs p\u00ebr n\u00ebnshtet\u00ebsi"}]},{"@type":"Person","@id":"https:\/\/www.visit-ulcinj.com\/blog\/#\/schema\/person\/dcab619c614d3038751c63bc2aadc06d","name":"ulqini","sameAs":["http:\/\/www.visit-ulcinj.com"],"url":"https:\/\/www.visit-ulcinj.com\/blog\/author\/admin\/"}]}},"jetpack_featured_media_url":"","jetpack_sharing_enabled":true,"jetpack_shortlink":"https:\/\/wp.me\/pe6lTn-hjA","_links":{"self":[{"href":"https:\/\/www.visit-ulcinj.com\/blog\/wp-json\/wp\/v2\/posts\/66562"}],"collection":[{"href":"https:\/\/www.visit-ulcinj.com\/blog\/wp-json\/wp\/v2\/posts"}],"about":[{"href":"https:\/\/www.visit-ulcinj.com\/blog\/wp-json\/wp\/v2\/types\/post"}],"author":[{"embeddable":true,"href":"https:\/\/www.visit-ulcinj.com\/blog\/wp-json\/wp\/v2\/users\/1"}],"replies":[{"embeddable":true,"href":"https:\/\/www.visit-ulcinj.com\/blog\/wp-json\/wp\/v2\/comments?post=66562"}],"version-history":[{"count":3,"href":"https:\/\/www.visit-ulcinj.com\/blog\/wp-json\/wp\/v2\/posts\/66562\/revisions"}],"predecessor-version":[{"id":66580,"href":"https:\/\/www.visit-ulcinj.com\/blog\/wp-json\/wp\/v2\/posts\/66562\/revisions\/66580"}],"wp:attachment":[{"href":"https:\/\/www.visit-ulcinj.com\/blog\/wp-json\/wp\/v2\/media?parent=66562"}],"wp:term":[{"taxonomy":"category","embeddable":true,"href":"https:\/\/www.visit-ulcinj.com\/blog\/wp-json\/wp\/v2\/categories?post=66562"},{"taxonomy":"post_tag","embeddable":true,"href":"https:\/\/www.visit-ulcinj.com\/blog\/wp-json\/wp\/v2\/tags?post=66562"}],"curies":[{"name":"wp","href":"https:\/\/api.w.org\/{rel}","templated":true}]}}