{"id":66568,"date":"2012-12-07T11:59:49","date_gmt":"2012-12-07T10:59:49","guid":{"rendered":"http:\/\/www.visit-ulcinj.com\/blog\/?p=66568"},"modified":"2012-12-15T09:33:04","modified_gmt":"2012-12-15T08:33:04","slug":"nazif-cungu-takon-birol-cetin-koordinatorin-e-tika","status":"publish","type":"post","link":"https:\/\/www.visit-ulcinj.com\/blog\/2012\/12\/07\/nazif-cungu-takon-birol-cetin-koordinatorin-e-tika\/","title":{"rendered":"Nazif Cungu takon Birol \u00c7etin koordinatorin e TIKA"},"content":{"rendered":"<p><strong><a href=\"http:\/\/www.visit-ulcinj.com\/blog\/wp-content\/uploads\/2012\/12\/Nazif-Cungu-_-Birol-Cetin_Ulcinj_Tika_Montenegro.jpg\"><img loading=\"lazy\" class=\"alignleft size-full wp-image-66569\" title=\"Nazif Cungu _ Birol Cetin_Ulcinj_Tika_Montenegro\" src=\"http:\/\/www.visit-ulcinj.com\/blog\/wp-content\/uploads\/2012\/12\/Nazif-Cungu-_-Birol-Cetin_Ulcinj_Tika_Montenegro.jpg\" alt=\"\" width=\"640\" height=\"424\" srcset=\"https:\/\/www.visit-ulcinj.com\/blog\/wp-content\/uploads\/2012\/12\/Nazif-Cungu-_-Birol-Cetin_Ulcinj_Tika_Montenegro.jpg 640w, https:\/\/www.visit-ulcinj.com\/blog\/wp-content\/uploads\/2012\/12\/Nazif-Cungu-_-Birol-Cetin_Ulcinj_Tika_Montenegro-300x198.jpg 300w\" sizes=\"(max-width: 640px) 100vw, 640px\" \/><\/a>Kryetari Cungu \u00ebsht\u00eb takuar me koordinatorin e TIKA<\/strong><\/p>\n<p>Kryetari i Komun\u00ebs s\u00eb Ulqinit Nazif Cungu dhe bashk\u00ebpun\u00ebtor\u00ebt e tij jan\u00eb takuar sot me koordinatorin e Agjencis\u00eb Turke p\u00ebr bashk\u00ebpunim nd\u00ebrkomb\u00ebtar TIKA, Birol \u00c7etin. Objektiv i takimit ka qen\u00eb hartimi i planit t\u00eb mb\u00ebshtetjes s\u00eb projekteve n\u00eb Ulqin p\u00ebr vitin e ardhsh\u00ebm si dhe konkretizimi i aktiviteteve p\u00ebr projektet n\u00eb vazhdim. Kryetari Cungu e ka fal\u00ebnderuar z. Birtolu p\u00ebr p\u00ebrkrahjen e TIKA \u2013 s n\u00eb realizimin e projekteve t\u00eb caktuara n\u00eb Ulqin si dhe ka shtruar projekte t\u00eb rinj p\u00ebr realizimin e t\u00eb cil\u00ebve nevojitet p\u00ebrkrahja e agjencis\u00eb.<\/p>\n<p>P\u00ebrfaq\u00ebsuesit e Komun\u00ebs e kan\u00eb njoftuar z. \u00c7etin me aktivitetet e p\u00ebrgatitjeve p\u00ebr projekte t\u00eb caktuara p\u00ebr t\u00eb cil\u00ebt me k\u00ebt\u00eb agjenci \u00ebsht\u00eb biseduar m\u00eb her\u00ebt, prej t\u00eb cil\u00ebve kan\u00eb ve\u00e7uar: projektin e rikonstruksionit t\u00eb arteries kryesore rrug\u00ebs n\u00eb Kala, nd\u00ebrtimin e rezervarit t\u00eb ujit n\u00eb Brajsh\u00eb, hartimi i projektit dhe realizimi i restaurimit t\u00eb krojeve n\u00eb Ulqin. Prej projekteve t\u00eb rinj t\u00eb mundsh\u00ebm kan\u00eb p\u00ebrmendur nevoj\u00ebn p\u00ebr: laboratori p\u00ebr hulumtimin e vajit t\u00eb ullirit n\u00eb Ulqin, frigoriferin p\u00ebr shoqat\u00ebn bujq\u00ebsore Agrumet, serat p\u00ebr prodhimtarin\u00eb bujq\u00ebsore etj. Z. \u00c7etin e ka konfirmuar p\u00ebrkrahjen p\u00ebr Komun\u00ebn e Ulqinit n\u00eb realizimin e projekteve t\u00eb ardhshme dhe se TIKA do t\u00eb shqyrtoj\u00eb mund\u00ebsit n\u00eb 2013 p\u00ebr projektet e p\u00ebrmendura. Ai ka konfirmuar se mjetet p\u00ebr nevoj\u00ebn e shoqat\u00ebs s\u00eb ullishtar\u00ebve jan\u00eb lejuar dhe se procesi i sigurimit t\u00eb shkund\u00ebsve dhe rrjetave do t\u00eb p\u00ebrfundoj\u00eb deri kah fundi i k\u00ebtij muaji. Z. \u00c7etin gjithashtu ka konfirmuar realizimin e donacionit p\u00ebr sistemin e ndri\u00e7imit dhe z\u00ebrimit p\u00ebr Qendr\u00ebn p\u00ebr kultur\u00eb.<\/p>\n<p><strong>Op\u0161tina Ulcinj \/ Komuna e Ulqinit<\/strong><br \/>\nTel: +382 30 412 050<br \/>\nFax: +382 30 412 413<br \/>\nAdresa: Bul. Skenderbeu bb, 85360 Ulcinj, MNE<\/p>\n","protected":false},"excerpt":{"rendered":"<p>Kryetari Cungu \u00ebsht\u00eb takuar me koordinatorin e TIKA Kryetari i Komun\u00ebs s\u00eb Ulqinit Nazif Cungu dhe bashk\u00ebpun\u00ebtor\u00ebt e tij jan\u00eb takuar sot me koordinatorin e Agjencis\u00eb Turke p\u00ebr bashk\u00ebpunim nd\u00ebrkomb\u00ebtar TIKA, Birol \u00c7etin. Objektiv i takimit ka qen\u00eb hartimi i planit t\u00eb mb\u00ebshtetjes s\u00eb projekteve n\u00eb Ulqin p\u00ebr vitin e ardhsh\u00ebm si dhe konkretizimi i [&hellip;]<\/p>\n","protected":false},"author":1,"featured_media":0,"comment_status":"open","ping_status":"closed","sticky":false,"template":"","format":"standard","meta":{"spay_email":"","jetpack_publicize_message":"","jetpack_is_tweetstorm":false,"jetpack_publicize_feature_enabled":true},"categories":[10],"tags":[21591,118,16797,21592],"jetpack_publicize_connections":[],"yoast_head":"<!-- This site is optimized with the Yoast SEO plugin v19.1 - https:\/\/yoast.com\/wordpress\/plugins\/seo\/ -->\n<title>Nazif Cungu takon Birol \u00c7etin koordinatorin e TIKA - Lajme nga Ulqini<\/title>\n<meta name=\"description\" content=\"Kryetari Cungu \u00ebsht\u00eb takuar me koordinatorin e TIKA Kryetari i Komun\u00ebs s\u00eb Ulqinit Nazif Cungu dhe bashk\u00ebpun\u00ebtor\u00ebt e tij jan\u00eb takuar sot me koordinatorin e\" \/>\n<meta name=\"robots\" content=\"index, follow, max-snippet:-1, max-image-preview:large, max-video-preview:-1\" \/>\n<link rel=\"canonical\" href=\"https:\/\/www.visit-ulcinj.com\/blog\/2012\/12\/07\/nazif-cungu-takon-birol-cetin-koordinatorin-e-tika\/\" \/>\n<meta property=\"og:locale\" content=\"en_US\" \/>\n<meta property=\"og:type\" content=\"article\" \/>\n<meta property=\"og:title\" content=\"Nazif Cungu takon Birol \u00c7etin koordinatorin e TIKA - Lajme nga Ulqini\" \/>\n<meta property=\"og:description\" content=\"Kryetari Cungu \u00ebsht\u00eb takuar me koordinatorin e TIKA Kryetari i Komun\u00ebs s\u00eb Ulqinit Nazif Cungu dhe bashk\u00ebpun\u00ebtor\u00ebt e tij jan\u00eb takuar sot me koordinatorin e\" \/>\n<meta property=\"og:url\" content=\"https:\/\/www.visit-ulcinj.com\/blog\/2012\/12\/07\/nazif-cungu-takon-birol-cetin-koordinatorin-e-tika\/\" \/>\n<meta property=\"og:site_name\" content=\"Lajme nga Ulqini\" \/>\n<meta property=\"article:published_time\" content=\"2012-12-07T10:59:49+00:00\" \/>\n<meta property=\"article:modified_time\" content=\"2012-12-15T08:33:04+00:00\" \/>\n<meta property=\"og:image\" content=\"http:\/\/www.visit-ulcinj.com\/blog\/wp-content\/uploads\/2012\/12\/Nazif-Cungu-_-Birol-Cetin_Ulcinj_Tika_Montenegro.jpg\" \/>\n<meta name=\"twitter:label1\" content=\"Written by\" \/>\n\t<meta name=\"twitter:data1\" content=\"ulqini\" \/>\n\t<meta name=\"twitter:label2\" content=\"Est. reading time\" \/>\n\t<meta name=\"twitter:data2\" content=\"2 minutes\" \/>\n<script type=\"application\/ld+json\" class=\"yoast-schema-graph\">{\"@context\":\"https:\/\/schema.org\",\"@graph\":[{\"@type\":\"WebSite\",\"@id\":\"https:\/\/www.visit-ulcinj.com\/blog\/#website\",\"url\":\"https:\/\/www.visit-ulcinj.com\/blog\/\",\"name\":\"Lajme nga Ulqini\",\"description\":\"Lajme,Vijesti,Ulqini,Ulqin,Crna Gora,Mali i Zi\",\"potentialAction\":[{\"@type\":\"SearchAction\",\"target\":{\"@type\":\"EntryPoint\",\"urlTemplate\":\"https:\/\/www.visit-ulcinj.com\/blog\/?s={search_term_string}\"},\"query-input\":\"required name=search_term_string\"}],\"inLanguage\":\"en-US\"},{\"@type\":\"ImageObject\",\"inLanguage\":\"en-US\",\"@id\":\"https:\/\/www.visit-ulcinj.com\/blog\/2012\/12\/07\/nazif-cungu-takon-birol-cetin-koordinatorin-e-tika\/#primaryimage\",\"url\":\"https:\/\/www.visit-ulcinj.com\/blog\/wp-content\/uploads\/2012\/12\/Nazif-Cungu-_-Birol-Cetin_Ulcinj_Tika_Montenegro.jpg\",\"contentUrl\":\"https:\/\/www.visit-ulcinj.com\/blog\/wp-content\/uploads\/2012\/12\/Nazif-Cungu-_-Birol-Cetin_Ulcinj_Tika_Montenegro.jpg\",\"width\":\"640\",\"height\":\"424\"},{\"@type\":\"WebPage\",\"@id\":\"https:\/\/www.visit-ulcinj.com\/blog\/2012\/12\/07\/nazif-cungu-takon-birol-cetin-koordinatorin-e-tika\/#webpage\",\"url\":\"https:\/\/www.visit-ulcinj.com\/blog\/2012\/12\/07\/nazif-cungu-takon-birol-cetin-koordinatorin-e-tika\/\",\"name\":\"Nazif Cungu takon Birol \u00c7etin koordinatorin e TIKA - Lajme nga Ulqini\",\"isPartOf\":{\"@id\":\"https:\/\/www.visit-ulcinj.com\/blog\/#website\"},\"primaryImageOfPage\":{\"@id\":\"https:\/\/www.visit-ulcinj.com\/blog\/2012\/12\/07\/nazif-cungu-takon-birol-cetin-koordinatorin-e-tika\/#primaryimage\"},\"datePublished\":\"2012-12-07T10:59:49+00:00\",\"dateModified\":\"2012-12-15T08:33:04+00:00\",\"author\":{\"@id\":\"https:\/\/www.visit-ulcinj.com\/blog\/#\/schema\/person\/dcab619c614d3038751c63bc2aadc06d\"},\"description\":\"Kryetari Cungu \u00ebsht\u00eb takuar me koordinatorin e TIKA Kryetari i Komun\u00ebs s\u00eb Ulqinit Nazif Cungu dhe bashk\u00ebpun\u00ebtor\u00ebt e tij jan\u00eb takuar sot me koordinatorin e\",\"breadcrumb\":{\"@id\":\"https:\/\/www.visit-ulcinj.com\/blog\/2012\/12\/07\/nazif-cungu-takon-birol-cetin-koordinatorin-e-tika\/#breadcrumb\"},\"inLanguage\":\"en-US\",\"potentialAction\":[{\"@type\":\"ReadAction\",\"target\":[\"https:\/\/www.visit-ulcinj.com\/blog\/2012\/12\/07\/nazif-cungu-takon-birol-cetin-koordinatorin-e-tika\/\"]}]},{\"@type\":\"BreadcrumbList\",\"@id\":\"https:\/\/www.visit-ulcinj.com\/blog\/2012\/12\/07\/nazif-cungu-takon-birol-cetin-koordinatorin-e-tika\/#breadcrumb\",\"itemListElement\":[{\"@type\":\"ListItem\",\"position\":1,\"name\":\"Nazif Cungu takon Birol \u00c7etin koordinatorin e TIKA\"}]},{\"@type\":\"Person\",\"@id\":\"https:\/\/www.visit-ulcinj.com\/blog\/#\/schema\/person\/dcab619c614d3038751c63bc2aadc06d\",\"name\":\"ulqini\",\"sameAs\":[\"http:\/\/www.visit-ulcinj.com\"],\"url\":\"https:\/\/www.visit-ulcinj.com\/blog\/author\/admin\/\"}]}<\/script>\n<!-- \/ Yoast SEO plugin. -->","yoast_head_json":{"title":"Nazif Cungu takon Birol \u00c7etin koordinatorin e TIKA - Lajme nga Ulqini","description":"Kryetari Cungu \u00ebsht\u00eb takuar me koordinatorin e TIKA Kryetari i Komun\u00ebs s\u00eb Ulqinit Nazif Cungu dhe bashk\u00ebpun\u00ebtor\u00ebt e tij jan\u00eb takuar sot me koordinatorin e","robots":{"index":"index","follow":"follow","max-snippet":"max-snippet:-1","max-image-preview":"max-image-preview:large","max-video-preview":"max-video-preview:-1"},"canonical":"https:\/\/www.visit-ulcinj.com\/blog\/2012\/12\/07\/nazif-cungu-takon-birol-cetin-koordinatorin-e-tika\/","og_locale":"en_US","og_type":"article","og_title":"Nazif Cungu takon Birol \u00c7etin koordinatorin e TIKA - Lajme nga Ulqini","og_description":"Kryetari Cungu \u00ebsht\u00eb takuar me koordinatorin e TIKA Kryetari i Komun\u00ebs s\u00eb Ulqinit Nazif Cungu dhe bashk\u00ebpun\u00ebtor\u00ebt e tij jan\u00eb takuar sot me koordinatorin e","og_url":"https:\/\/www.visit-ulcinj.com\/blog\/2012\/12\/07\/nazif-cungu-takon-birol-cetin-koordinatorin-e-tika\/","og_site_name":"Lajme nga Ulqini","article_published_time":"2012-12-07T10:59:49+00:00","article_modified_time":"2012-12-15T08:33:04+00:00","og_image":[{"url":"http:\/\/www.visit-ulcinj.com\/blog\/wp-content\/uploads\/2012\/12\/Nazif-Cungu-_-Birol-Cetin_Ulcinj_Tika_Montenegro.jpg"}],"twitter_misc":{"Written by":"ulqini","Est. reading time":"2 minutes"},"schema":{"@context":"https:\/\/schema.org","@graph":[{"@type":"WebSite","@id":"https:\/\/www.visit-ulcinj.com\/blog\/#website","url":"https:\/\/www.visit-ulcinj.com\/blog\/","name":"Lajme nga Ulqini","description":"Lajme,Vijesti,Ulqini,Ulqin,Crna Gora,Mali i Zi","potentialAction":[{"@type":"SearchAction","target":{"@type":"EntryPoint","urlTemplate":"https:\/\/www.visit-ulcinj.com\/blog\/?s={search_term_string}"},"query-input":"required name=search_term_string"}],"inLanguage":"en-US"},{"@type":"ImageObject","inLanguage":"en-US","@id":"https:\/\/www.visit-ulcinj.com\/blog\/2012\/12\/07\/nazif-cungu-takon-birol-cetin-koordinatorin-e-tika\/#primaryimage","url":"https:\/\/www.visit-ulcinj.com\/blog\/wp-content\/uploads\/2012\/12\/Nazif-Cungu-_-Birol-Cetin_Ulcinj_Tika_Montenegro.jpg","contentUrl":"https:\/\/www.visit-ulcinj.com\/blog\/wp-content\/uploads\/2012\/12\/Nazif-Cungu-_-Birol-Cetin_Ulcinj_Tika_Montenegro.jpg","width":"640","height":"424"},{"@type":"WebPage","@id":"https:\/\/www.visit-ulcinj.com\/blog\/2012\/12\/07\/nazif-cungu-takon-birol-cetin-koordinatorin-e-tika\/#webpage","url":"https:\/\/www.visit-ulcinj.com\/blog\/2012\/12\/07\/nazif-cungu-takon-birol-cetin-koordinatorin-e-tika\/","name":"Nazif Cungu takon Birol \u00c7etin koordinatorin e TIKA - Lajme nga Ulqini","isPartOf":{"@id":"https:\/\/www.visit-ulcinj.com\/blog\/#website"},"primaryImageOfPage":{"@id":"https:\/\/www.visit-ulcinj.com\/blog\/2012\/12\/07\/nazif-cungu-takon-birol-cetin-koordinatorin-e-tika\/#primaryimage"},"datePublished":"2012-12-07T10:59:49+00:00","dateModified":"2012-12-15T08:33:04+00:00","author":{"@id":"https:\/\/www.visit-ulcinj.com\/blog\/#\/schema\/person\/dcab619c614d3038751c63bc2aadc06d"},"description":"Kryetari Cungu \u00ebsht\u00eb takuar me koordinatorin e TIKA Kryetari i Komun\u00ebs s\u00eb Ulqinit Nazif Cungu dhe bashk\u00ebpun\u00ebtor\u00ebt e tij jan\u00eb takuar sot me koordinatorin e","breadcrumb":{"@id":"https:\/\/www.visit-ulcinj.com\/blog\/2012\/12\/07\/nazif-cungu-takon-birol-cetin-koordinatorin-e-tika\/#breadcrumb"},"inLanguage":"en-US","potentialAction":[{"@type":"ReadAction","target":["https:\/\/www.visit-ulcinj.com\/blog\/2012\/12\/07\/nazif-cungu-takon-birol-cetin-koordinatorin-e-tika\/"]}]},{"@type":"BreadcrumbList","@id":"https:\/\/www.visit-ulcinj.com\/blog\/2012\/12\/07\/nazif-cungu-takon-birol-cetin-koordinatorin-e-tika\/#breadcrumb","itemListElement":[{"@type":"ListItem","position":1,"name":"Nazif Cungu takon Birol \u00c7etin koordinatorin e TIKA"}]},{"@type":"Person","@id":"https:\/\/www.visit-ulcinj.com\/blog\/#\/schema\/person\/dcab619c614d3038751c63bc2aadc06d","name":"ulqini","sameAs":["http:\/\/www.visit-ulcinj.com"],"url":"https:\/\/www.visit-ulcinj.com\/blog\/author\/admin\/"}]}},"jetpack_featured_media_url":"","jetpack_sharing_enabled":true,"jetpack_shortlink":"https:\/\/wp.me\/pe6lTn-hjG","_links":{"self":[{"href":"https:\/\/www.visit-ulcinj.com\/blog\/wp-json\/wp\/v2\/posts\/66568"}],"collection":[{"href":"https:\/\/www.visit-ulcinj.com\/blog\/wp-json\/wp\/v2\/posts"}],"about":[{"href":"https:\/\/www.visit-ulcinj.com\/blog\/wp-json\/wp\/v2\/types\/post"}],"author":[{"embeddable":true,"href":"https:\/\/www.visit-ulcinj.com\/blog\/wp-json\/wp\/v2\/users\/1"}],"replies":[{"embeddable":true,"href":"https:\/\/www.visit-ulcinj.com\/blog\/wp-json\/wp\/v2\/comments?post=66568"}],"version-history":[{"count":4,"href":"https:\/\/www.visit-ulcinj.com\/blog\/wp-json\/wp\/v2\/posts\/66568\/revisions"}],"predecessor-version":[{"id":66744,"href":"https:\/\/www.visit-ulcinj.com\/blog\/wp-json\/wp\/v2\/posts\/66568\/revisions\/66744"}],"wp:attachment":[{"href":"https:\/\/www.visit-ulcinj.com\/blog\/wp-json\/wp\/v2\/media?parent=66568"}],"wp:term":[{"taxonomy":"category","embeddable":true,"href":"https:\/\/www.visit-ulcinj.com\/blog\/wp-json\/wp\/v2\/categories?post=66568"},{"taxonomy":"post_tag","embeddable":true,"href":"https:\/\/www.visit-ulcinj.com\/blog\/wp-json\/wp\/v2\/tags?post=66568"}],"curies":[{"name":"wp","href":"https:\/\/api.w.org\/{rel}","templated":true}]}}