{"id":66571,"date":"2012-12-07T12:10:16","date_gmt":"2012-12-07T11:10:16","guid":{"rendered":"http:\/\/www.visit-ulcinj.com\/blog\/?p=66571"},"modified":"2012-12-07T12:10:16","modified_gmt":"2012-12-07T11:10:16","slug":"cungu-se-sastao-sa-birol-cetin-koordinatorom-tika-e","status":"publish","type":"post","link":"https:\/\/www.visit-ulcinj.com\/blog\/2012\/12\/07\/cungu-se-sastao-sa-birol-cetin-koordinatorom-tika-e\/","title":{"rendered":"Cungu se sastao sa Birol \u010cetin koordinatorom TIKA-e"},"content":{"rendered":"<p><a href=\"http:\/\/www.visit-ulcinj.com\/blog\/wp-content\/uploads\/2012\/12\/Predsjednik_Nazif-Cungu-_-Birol-Cetin_Ulcinj_Tika_Montenegro.jpg\"><img loading=\"lazy\" class=\"alignleft  wp-image-66572\" title=\"Predsjednik_Nazif Cungu _ Birol Cetin_Ulcinj_Tika_Montenegro\" src=\"http:\/\/www.visit-ulcinj.com\/blog\/wp-content\/uploads\/2012\/12\/Predsjednik_Nazif-Cungu-_-Birol-Cetin_Ulcinj_Tika_Montenegro.jpg\" alt=\"\" width=\"508\" height=\"360\" \/><\/a>Predsjednik Op\u0161tine Ulcinj Nazif Cungu i njegovi saradnici sastali su se danas sa Koordinatorom Turske Agencije za Me\u0111unarodnu saradnju TIKA-e, Birolom \u0106etinom. Cilj sastanka bila je izrada plana podr\u0161ke projekata u Ulcinju za sledecu godinu kao i konkretizovanje aktivnosti za teku\u0107e projekte. Predsjednik Cungu se zahvalio g-dinu Birtolu za podr\u0161ku TIKA-e u realizaciji odre\u0111enih projekata u Ulcinju kao i izlo\u017eio nove projekte, za realizaciju kojih je potrebna podr\u0161ka ove agencije.<\/p>\n<p>Predstavnici Op\u0161tine su upoznali g-dina \u010cetina sa aktivnostima priprema za odre\u0111ene projekte o kojima se sa ovom agencijom ve\u0107 ranije razgovaralo, od kojih su izdvojili: projekat rekonstrukcije glavne arterije ulice u Starome gradu; izgradnja rezervoara vode u Braj\u0161ima; izrada projekta i realizacija restauracije \u010desmi u Ulcinju. Od novih mogu\u0107ih projekata naveli su poterbu za: laboratoriju za ispitivanje maslinovog ulja u Ulcinju, hladnja\u010du za poljoprivredno udru\u017eenje Agrumi, plastenicim za poljoprivrednu proizvodnju itd.<\/p>\n<p>G-din \u010cetin je potvrdio podr\u0161ku Op\u0161tini Ulcinj u realizaciji budu\u0107ih projekata i da \u0107e TIKA razmatrati mogu\u0107nosti u 2013 godini za pomenute projekte. On je potvrdio da su sredstva za potrebe udru\u017eenja maslinara odobrena i da \u0107e se proces nabavke tresa\u010dica i mre\u017ea zavr\u0161iti do kraja ovog mjeseca. G-din \u010cetin je tako\u0111e potvrdio realizaciju donacije za sistem rasvjete i uzvu\u010denja za Centar za Kulturu.<\/p>\n<p><strong>Op\u0161tina Ulcinj \/ Komuna e Ulqinit<\/strong><br \/>\nTel: +382 30 412 050<br \/>\nFax: +382 30 412 413<br \/>\nAdresa: Bul. Skenderbeu bb, 85360 Ulcinj, MNE<\/p>\n","protected":false},"excerpt":{"rendered":"<p>Predsjednik Op\u0161tine Ulcinj Nazif Cungu i njegovi saradnici sastali su se danas sa Koordinatorom Turske Agencije za Me\u0111unarodnu saradnju TIKA-e, Birolom \u0106etinom. Cilj sastanka bila je izrada plana podr\u0161ke projekata u Ulcinju za sledecu godinu kao i konkretizovanje aktivnosti za teku\u0107e projekte. Predsjednik Cungu se zahvalio g-dinu Birtolu za podr\u0161ku TIKA-e u realizaciji odre\u0111enih projekata [&hellip;]<\/p>\n","protected":false},"author":1,"featured_media":0,"comment_status":"open","ping_status":"closed","sticky":false,"template":"","format":"standard","meta":{"spay_email":"","jetpack_publicize_message":"","jetpack_is_tweetstorm":false,"jetpack_publicize_feature_enabled":true},"categories":[8337],"tags":[21594,20,21593,16797,19],"jetpack_publicize_connections":[],"yoast_head":"<!-- This site is optimized with the Yoast SEO plugin v19.1 - https:\/\/yoast.com\/wordpress\/plugins\/seo\/ -->\n<title>Cungu se sastao sa Birol \u010cetin koordinatorom TIKA-e - Lajme nga Ulqini<\/title>\n<meta name=\"description\" content=\"Predsjednik Op\u0161tine Ulcinj Nazif Cungu i njegovi saradnici sastali su se danas sa Koordinatorom Turske Agencije za Me\u0111unarodnu saradnju TIKA-e, Birolom\" \/>\n<meta name=\"robots\" content=\"index, follow, max-snippet:-1, max-image-preview:large, max-video-preview:-1\" \/>\n<link rel=\"canonical\" href=\"https:\/\/www.visit-ulcinj.com\/blog\/2012\/12\/07\/cungu-se-sastao-sa-birol-cetin-koordinatorom-tika-e\/\" \/>\n<meta property=\"og:locale\" content=\"en_US\" \/>\n<meta property=\"og:type\" content=\"article\" \/>\n<meta property=\"og:title\" content=\"Cungu se sastao sa Birol \u010cetin koordinatorom TIKA-e - Lajme nga Ulqini\" \/>\n<meta property=\"og:description\" content=\"Predsjednik Op\u0161tine Ulcinj Nazif Cungu i njegovi saradnici sastali su se danas sa Koordinatorom Turske Agencije za Me\u0111unarodnu saradnju TIKA-e, Birolom\" \/>\n<meta property=\"og:url\" content=\"https:\/\/www.visit-ulcinj.com\/blog\/2012\/12\/07\/cungu-se-sastao-sa-birol-cetin-koordinatorom-tika-e\/\" \/>\n<meta property=\"og:site_name\" content=\"Lajme nga Ulqini\" \/>\n<meta property=\"article:published_time\" content=\"2012-12-07T11:10:16+00:00\" \/>\n<meta property=\"og:image\" content=\"http:\/\/www.visit-ulcinj.com\/blog\/wp-content\/uploads\/2012\/12\/Predsjednik_Nazif-Cungu-_-Birol-Cetin_Ulcinj_Tika_Montenegro.jpg\" \/>\n<meta name=\"twitter:label1\" content=\"Written by\" \/>\n\t<meta name=\"twitter:data1\" content=\"ulqini\" \/>\n\t<meta name=\"twitter:label2\" content=\"Est. reading time\" \/>\n\t<meta name=\"twitter:data2\" content=\"1 minute\" \/>\n<script type=\"application\/ld+json\" class=\"yoast-schema-graph\">{\"@context\":\"https:\/\/schema.org\",\"@graph\":[{\"@type\":\"WebSite\",\"@id\":\"https:\/\/www.visit-ulcinj.com\/blog\/#website\",\"url\":\"https:\/\/www.visit-ulcinj.com\/blog\/\",\"name\":\"Lajme nga Ulqini\",\"description\":\"Lajme,Vijesti,Ulqini,Ulqin,Crna Gora,Mali i Zi\",\"potentialAction\":[{\"@type\":\"SearchAction\",\"target\":{\"@type\":\"EntryPoint\",\"urlTemplate\":\"https:\/\/www.visit-ulcinj.com\/blog\/?s={search_term_string}\"},\"query-input\":\"required name=search_term_string\"}],\"inLanguage\":\"en-US\"},{\"@type\":\"ImageObject\",\"inLanguage\":\"en-US\",\"@id\":\"https:\/\/www.visit-ulcinj.com\/blog\/2012\/12\/07\/cungu-se-sastao-sa-birol-cetin-koordinatorom-tika-e\/#primaryimage\",\"url\":\"https:\/\/www.visit-ulcinj.com\/blog\/wp-content\/uploads\/2012\/12\/Predsjednik_Nazif-Cungu-_-Birol-Cetin_Ulcinj_Tika_Montenegro.jpg\",\"contentUrl\":\"https:\/\/www.visit-ulcinj.com\/blog\/wp-content\/uploads\/2012\/12\/Predsjednik_Nazif-Cungu-_-Birol-Cetin_Ulcinj_Tika_Montenegro.jpg\",\"width\":\"640\",\"height\":\"424\"},{\"@type\":\"WebPage\",\"@id\":\"https:\/\/www.visit-ulcinj.com\/blog\/2012\/12\/07\/cungu-se-sastao-sa-birol-cetin-koordinatorom-tika-e\/#webpage\",\"url\":\"https:\/\/www.visit-ulcinj.com\/blog\/2012\/12\/07\/cungu-se-sastao-sa-birol-cetin-koordinatorom-tika-e\/\",\"name\":\"Cungu se sastao sa Birol \u010cetin koordinatorom TIKA-e - Lajme nga Ulqini\",\"isPartOf\":{\"@id\":\"https:\/\/www.visit-ulcinj.com\/blog\/#website\"},\"primaryImageOfPage\":{\"@id\":\"https:\/\/www.visit-ulcinj.com\/blog\/2012\/12\/07\/cungu-se-sastao-sa-birol-cetin-koordinatorom-tika-e\/#primaryimage\"},\"datePublished\":\"2012-12-07T11:10:16+00:00\",\"dateModified\":\"2012-12-07T11:10:16+00:00\",\"author\":{\"@id\":\"https:\/\/www.visit-ulcinj.com\/blog\/#\/schema\/person\/dcab619c614d3038751c63bc2aadc06d\"},\"description\":\"Predsjednik Op\u0161tine Ulcinj Nazif Cungu i njegovi saradnici sastali su se danas sa Koordinatorom Turske Agencije za Me\u0111unarodnu saradnju TIKA-e, Birolom\",\"breadcrumb\":{\"@id\":\"https:\/\/www.visit-ulcinj.com\/blog\/2012\/12\/07\/cungu-se-sastao-sa-birol-cetin-koordinatorom-tika-e\/#breadcrumb\"},\"inLanguage\":\"en-US\",\"potentialAction\":[{\"@type\":\"ReadAction\",\"target\":[\"https:\/\/www.visit-ulcinj.com\/blog\/2012\/12\/07\/cungu-se-sastao-sa-birol-cetin-koordinatorom-tika-e\/\"]}]},{\"@type\":\"BreadcrumbList\",\"@id\":\"https:\/\/www.visit-ulcinj.com\/blog\/2012\/12\/07\/cungu-se-sastao-sa-birol-cetin-koordinatorom-tika-e\/#breadcrumb\",\"itemListElement\":[{\"@type\":\"ListItem\",\"position\":1,\"name\":\"Cungu se sastao sa Birol \u010cetin koordinatorom TIKA-e\"}]},{\"@type\":\"Person\",\"@id\":\"https:\/\/www.visit-ulcinj.com\/blog\/#\/schema\/person\/dcab619c614d3038751c63bc2aadc06d\",\"name\":\"ulqini\",\"sameAs\":[\"http:\/\/www.visit-ulcinj.com\"],\"url\":\"https:\/\/www.visit-ulcinj.com\/blog\/author\/admin\/\"}]}<\/script>\n<!-- \/ Yoast SEO plugin. -->","yoast_head_json":{"title":"Cungu se sastao sa Birol \u010cetin koordinatorom TIKA-e - Lajme nga Ulqini","description":"Predsjednik Op\u0161tine Ulcinj Nazif Cungu i njegovi saradnici sastali su se danas sa Koordinatorom Turske Agencije za Me\u0111unarodnu saradnju TIKA-e, Birolom","robots":{"index":"index","follow":"follow","max-snippet":"max-snippet:-1","max-image-preview":"max-image-preview:large","max-video-preview":"max-video-preview:-1"},"canonical":"https:\/\/www.visit-ulcinj.com\/blog\/2012\/12\/07\/cungu-se-sastao-sa-birol-cetin-koordinatorom-tika-e\/","og_locale":"en_US","og_type":"article","og_title":"Cungu se sastao sa Birol \u010cetin koordinatorom TIKA-e - Lajme nga Ulqini","og_description":"Predsjednik Op\u0161tine Ulcinj Nazif Cungu i njegovi saradnici sastali su se danas sa Koordinatorom Turske Agencije za Me\u0111unarodnu saradnju TIKA-e, Birolom","og_url":"https:\/\/www.visit-ulcinj.com\/blog\/2012\/12\/07\/cungu-se-sastao-sa-birol-cetin-koordinatorom-tika-e\/","og_site_name":"Lajme nga Ulqini","article_published_time":"2012-12-07T11:10:16+00:00","og_image":[{"url":"http:\/\/www.visit-ulcinj.com\/blog\/wp-content\/uploads\/2012\/12\/Predsjednik_Nazif-Cungu-_-Birol-Cetin_Ulcinj_Tika_Montenegro.jpg"}],"twitter_misc":{"Written by":"ulqini","Est. reading time":"1 minute"},"schema":{"@context":"https:\/\/schema.org","@graph":[{"@type":"WebSite","@id":"https:\/\/www.visit-ulcinj.com\/blog\/#website","url":"https:\/\/www.visit-ulcinj.com\/blog\/","name":"Lajme nga Ulqini","description":"Lajme,Vijesti,Ulqini,Ulqin,Crna Gora,Mali i Zi","potentialAction":[{"@type":"SearchAction","target":{"@type":"EntryPoint","urlTemplate":"https:\/\/www.visit-ulcinj.com\/blog\/?s={search_term_string}"},"query-input":"required name=search_term_string"}],"inLanguage":"en-US"},{"@type":"ImageObject","inLanguage":"en-US","@id":"https:\/\/www.visit-ulcinj.com\/blog\/2012\/12\/07\/cungu-se-sastao-sa-birol-cetin-koordinatorom-tika-e\/#primaryimage","url":"https:\/\/www.visit-ulcinj.com\/blog\/wp-content\/uploads\/2012\/12\/Predsjednik_Nazif-Cungu-_-Birol-Cetin_Ulcinj_Tika_Montenegro.jpg","contentUrl":"https:\/\/www.visit-ulcinj.com\/blog\/wp-content\/uploads\/2012\/12\/Predsjednik_Nazif-Cungu-_-Birol-Cetin_Ulcinj_Tika_Montenegro.jpg","width":"640","height":"424"},{"@type":"WebPage","@id":"https:\/\/www.visit-ulcinj.com\/blog\/2012\/12\/07\/cungu-se-sastao-sa-birol-cetin-koordinatorom-tika-e\/#webpage","url":"https:\/\/www.visit-ulcinj.com\/blog\/2012\/12\/07\/cungu-se-sastao-sa-birol-cetin-koordinatorom-tika-e\/","name":"Cungu se sastao sa Birol \u010cetin koordinatorom TIKA-e - Lajme nga Ulqini","isPartOf":{"@id":"https:\/\/www.visit-ulcinj.com\/blog\/#website"},"primaryImageOfPage":{"@id":"https:\/\/www.visit-ulcinj.com\/blog\/2012\/12\/07\/cungu-se-sastao-sa-birol-cetin-koordinatorom-tika-e\/#primaryimage"},"datePublished":"2012-12-07T11:10:16+00:00","dateModified":"2012-12-07T11:10:16+00:00","author":{"@id":"https:\/\/www.visit-ulcinj.com\/blog\/#\/schema\/person\/dcab619c614d3038751c63bc2aadc06d"},"description":"Predsjednik Op\u0161tine Ulcinj Nazif Cungu i njegovi saradnici sastali su se danas sa Koordinatorom Turske Agencije za Me\u0111unarodnu saradnju TIKA-e, Birolom","breadcrumb":{"@id":"https:\/\/www.visit-ulcinj.com\/blog\/2012\/12\/07\/cungu-se-sastao-sa-birol-cetin-koordinatorom-tika-e\/#breadcrumb"},"inLanguage":"en-US","potentialAction":[{"@type":"ReadAction","target":["https:\/\/www.visit-ulcinj.com\/blog\/2012\/12\/07\/cungu-se-sastao-sa-birol-cetin-koordinatorom-tika-e\/"]}]},{"@type":"BreadcrumbList","@id":"https:\/\/www.visit-ulcinj.com\/blog\/2012\/12\/07\/cungu-se-sastao-sa-birol-cetin-koordinatorom-tika-e\/#breadcrumb","itemListElement":[{"@type":"ListItem","position":1,"name":"Cungu se sastao sa Birol \u010cetin koordinatorom TIKA-e"}]},{"@type":"Person","@id":"https:\/\/www.visit-ulcinj.com\/blog\/#\/schema\/person\/dcab619c614d3038751c63bc2aadc06d","name":"ulqini","sameAs":["http:\/\/www.visit-ulcinj.com"],"url":"https:\/\/www.visit-ulcinj.com\/blog\/author\/admin\/"}]}},"jetpack_featured_media_url":"","jetpack_sharing_enabled":true,"jetpack_shortlink":"https:\/\/wp.me\/pe6lTn-hjJ","_links":{"self":[{"href":"https:\/\/www.visit-ulcinj.com\/blog\/wp-json\/wp\/v2\/posts\/66571"}],"collection":[{"href":"https:\/\/www.visit-ulcinj.com\/blog\/wp-json\/wp\/v2\/posts"}],"about":[{"href":"https:\/\/www.visit-ulcinj.com\/blog\/wp-json\/wp\/v2\/types\/post"}],"author":[{"embeddable":true,"href":"https:\/\/www.visit-ulcinj.com\/blog\/wp-json\/wp\/v2\/users\/1"}],"replies":[{"embeddable":true,"href":"https:\/\/www.visit-ulcinj.com\/blog\/wp-json\/wp\/v2\/comments?post=66571"}],"version-history":[{"count":2,"href":"https:\/\/www.visit-ulcinj.com\/blog\/wp-json\/wp\/v2\/posts\/66571\/revisions"}],"predecessor-version":[{"id":66574,"href":"https:\/\/www.visit-ulcinj.com\/blog\/wp-json\/wp\/v2\/posts\/66571\/revisions\/66574"}],"wp:attachment":[{"href":"https:\/\/www.visit-ulcinj.com\/blog\/wp-json\/wp\/v2\/media?parent=66571"}],"wp:term":[{"taxonomy":"category","embeddable":true,"href":"https:\/\/www.visit-ulcinj.com\/blog\/wp-json\/wp\/v2\/categories?post=66571"},{"taxonomy":"post_tag","embeddable":true,"href":"https:\/\/www.visit-ulcinj.com\/blog\/wp-json\/wp\/v2\/tags?post=66571"}],"curies":[{"name":"wp","href":"https:\/\/api.w.org\/{rel}","templated":true}]}}