{"id":66585,"date":"2012-12-07T18:24:18","date_gmt":"2012-12-07T17:24:18","guid":{"rendered":"http:\/\/www.visit-ulcinj.com\/blog\/?p=66585"},"modified":"2012-12-07T18:56:35","modified_gmt":"2012-12-07T17:56:35","slug":"port-milenu-opet-zatrpavaju-sutom-voda-zagadena","status":"publish","type":"post","link":"https:\/\/www.visit-ulcinj.com\/blog\/2012\/12\/07\/port-milenu-opet-zatrpavaju-sutom-voda-zagadena\/","title":{"rendered":"Port Milenu opet zatrpavaju \u0161utom &#8211; Voda zaga\u0111ena"},"content":{"rendered":"<p><strong><a href=\"http:\/\/www.visit-ulcinj.com\/blog\/wp-content\/uploads\/2012\/12\/Kanal-Port-Milena.jpg\"><img loading=\"lazy\" class=\"alignleft  wp-image-66587\" title=\"Kanal-Port-Milena\" src=\"http:\/\/www.visit-ulcinj.com\/blog\/wp-content\/uploads\/2012\/12\/Kanal-Port-Milena.jpg\" alt=\"\" width=\"508\" height=\"360\" \/><\/a>Direktor NVO \u201eZeleni Korak\u201d D\u017eeljal Hod\u017ei\u0107 apeluje na nadle\u017ene da hitno preduzmu mjere i zaustave devastaciju najve\u0107eg kanala u op\u0161tini<\/strong><\/p>\n<p>Direktor nevladine organizacije \u201eZeleni korak\u201c D\u017eeljal Hod\u017ei\u0107 apelovao je ju\u010de na predsjednika op\u0161tine Nazifa Cungua i direktora JP za upravljanje morskim dobrom Rajka Barovi\u0107a da hitno preduzmu mjere iz svoje nadle\u017enosti i zaustave devastaciju kanala Port Milena. <a href=\"http:\/\/www.visit-ulcinj.com\/blog\/wp-content\/uploads\/2012\/12\/dzelal-hodzic_ulcinj.jpg\"><img loading=\"lazy\" class=\"alignleft  wp-image-66589\" title=\"dzelal-hodzic_ulcinj\" src=\"http:\/\/www.visit-ulcinj.com\/blog\/wp-content\/uploads\/2012\/12\/dzelal-hodzic_ulcinj.jpg\" alt=\"\" width=\"300\" height=\"400\" \/><\/a>Hod\u017ei\u0107 tvrdi da ga ekolo\u0161ke patrole i mnogobrojni gra\u0111ani obavje\u0161tavaju o novom nasrtaju i devastaciji mitskog lokaliteta.<br \/>\n\u2013 U toku je agresivno deponovanje \u0161uta i zemlje na njenim obalama s obje strane i na mnogim mjestima, a posebno je to vidljivo preko puta hotela \u201eLido\u201c s ju\u017ene strane i u neposrednoj blizini novog mosta sa sjeverne strane kanala. Nasipanjem ogromnih koli\u010dina zemlje i \u0161uta pro\u0161iruju se privatne parcele, a drasti\u010dno i trajno uni\u0161tava ekosistem ovog jedinstvenog kanala od istorijskog, ribolovnog, turisti\u010dkog, etni\u010dkog i identitetskog zna\u010daja za Ulcinj, Crnu Goru i region. S obzirom na to da su Cungu i Barovi\u0107 najodgovornije osobe koje svojim \u010dinjenjem ili ne\u010dinjenjem mogu uticati na o\u010duvanje, sanaciju i valorizaciju ovog lokaliteta, a time dugoro\u010dno na pisanje istorije podru\u010dja Ulcinja za poslednjih 130 godina, pozivam ih da se izjasne da li \u017eele i imaju li kapaciteta da stanu na put tom primitivnom, anticivilizacijskim i protivprirodnom pona\u0161anju pojedinaca koje je protivno ustavnom opredjeljenju dr\u017eave Crne Gore kao ekolo\u0161ke dr\u017eave. Ve\u0107 godinama prisutno je divljanje na Port Mileni \u2013 isti\u010de Hod\u017ei\u0107. On smatra da je o\u010digledno da dosada\u0161nji kabinetsko-birokratski pristup rje\u0161avanju ovog problema ne daje rezultate.<br \/>\n\u2013 Molimo odgovorne da malo iza\u0111u na teren i da se na licu mjesta upoznaju sa situacijom. Upore\u0111uju\u0107i stanje na terenu sa stanjem iz dokumenata koja postoje u op\u0161tini Ulcinj, dobi\u0107e pravu sliku ovog prostora i neka se onda saop\u0161tenjem obrate lai\u010dkoj i stru\u010dnoj javnosti, kao i naslednicima dinastije Petrovi\u0107 koja mora biti uklju\u010dena u sve budu\u0107e aktivnosti vezane za ovaj lokalitet \u2013 isti\u010de Hod\u017ei\u0107. S druge strane, u lokalnoj samoupravi tvrde da su mjere za izradu programa ure\u0111enja kanala Port Milena ve\u0107 po\u010dele da se sprovode. Podsje\u0107aju da je u op\u0161tini nedavno boravila delegacija Insituta za ekologiju iz Velenja na \u010delu s potpredsjednikom te op\u0161tine Francom \u017derdinom i direktorom Markom Mavecom, a u vezi s po\u010detkom realizacije projekta sanacije. Podsjetimo, tom prilikom Mavec je izjavio da rje\u0161avanje problema treba realizovati fazno. Kako je analiza vode ve\u0107 realizovana, u prvoj fazi treba uraditi hemijsku analizu mulja akumuliranog u poslednjih 20 godina i utvrditi tip zaga\u0111enja. Na osnovu rezultata analiza, treba odrediti kako tretirati ovaj mulj. Pretpostavke su da je zaga\u0111enje takvo da bi samo odstranjivanje i premje\u0161tanje mulja s Port Milene na neku drugu lokaciju stvorilo novi problem, zato ga je i neophodno tretirati. U drugoj fazi neophodno je zaustaviti nastavak zaga\u0111enja Port Milene time \u0161to \u0107e se svi objekti kojima je problem otpadnih voda rije\u0161en putem ovog kanala biti u obavezi uklju\u010denja u sistem kanalizacije \u2013 rekao je tada Mavec.<br \/>\n<a href=\"http:\/\/www.visit-ulcinj.com\/blog\/wp-content\/uploads\/2012\/12\/VODA-kancerogenih-materija.jpg\"><img loading=\"lazy\" class=\"alignleft  wp-image-66586\" title=\"VODA  kancerogenih materija\" src=\"http:\/\/www.visit-ulcinj.com\/blog\/wp-content\/uploads\/2012\/12\/VODA-kancerogenih-materija.jpg\" alt=\"\" width=\"508\" height=\"290\" \/><\/a><\/p>\n<p><strong>Visoka koncentracija kancerogenih materija<\/strong><br \/>\nInstitut za javno zdravlje u Podgorici u vi\u0161e navrata vr\u0161io je uzorkovanje i potrebne analize vode, a ispitivanja su pokazala da je voda u Port Mileni izuzetno zaga\u0111ena, te da ima visoku koncentraciju kancerogenih materija te\u0161kih metala i fekalnih voda. Ina\u010de, nadle\u017eni organi i nadle\u017ene slu\u017ebe op\u0161tine Ulcinj i dr\u017eave Crne Gore nijesu nikad reagovali da sprije\u010de zaga\u0111enje, tim prije \u0161to svake turisti\u010dke sezone, visoke temperature i poja\u010dano izlivanje fekalnih voda u kanal prijete da izazovu velike zdravstveno \u2013 epidemiolo\u0161ke probleme. Prije nekoliko godina bio je aktuelan plan da se Port Milena spoji s rijekom Bojanom, napravljen je projekat, ali je sve ostalo na najavama.<br \/>\n<a href=\"http:\/\/www.visit-ulcinj.com\/blog\/wp-content\/uploads\/2012\/12\/Nazif-Cungu_Port-Milena.jpg\"><img loading=\"lazy\" class=\"alignleft  wp-image-66588\" title=\"Nazif Cungu_Port Milena\" src=\"http:\/\/www.visit-ulcinj.com\/blog\/wp-content\/uploads\/2012\/12\/Nazif-Cungu_Port-Milena.jpg\" alt=\"\" width=\"508\" height=\"300\" \/><\/a><br \/>\n<strong>Cungu tvrdi da je zaga\u0111enje smanjeno<\/strong><br \/>\nPredsjednik op\u0161tine Nazif Cungu nedavno je izjavio da bi kanal trebalo zatvoriti i po\u010deti akciju \u010di\u0161\u0107enja.<br \/>\n\u2013 Nadam se da \u0107emo za narednu sezonu uspjeti da o\u010distimo kanal i odredimo lokaciju za odlaganje mulja. Tako\u0111e, potrebno je nakon pregra\u0111ivanja kanala, ispumpati vodu i uraditi analizu da se vidi koncentracija hemikalija, metala i mikroorganizama \u2013 kazao je Cungu. On smatra da je poslije stavljanja u funkciju kolektora na Velikoj pla\u017ei zna\u010dajno smanjeno zaga\u0111ivanje Port Milene za 50 odsto. Ina\u010de, problem nasipanja \u0161uta u kanal aktuelan je ve\u0107 godinama. Ipak, najve\u0107e zaga\u0111enje kanala izazivaju kanalizacioni ispusti i enormno zaga\u0111eni kanal Bratica.<\/p>\n<p><a href=\"http:\/\/www.dan.co.me\/?nivo=3&amp;rubrika=Regioni&amp;clanak=358515&amp;datum=2012-12-07&amp;naslov=Port%20Milenu%20opet%20zatrpavaju%20utom\" target=\"_blank\"><strong>Izvor: DAN<\/strong><\/a><\/p>\n<p><iframe loading=\"lazy\" width=\"508\" height=\"360\" src=\"http:\/\/www.youtube.com\/embed\/eQV5pWfpTAQ?rel=0\" frameborder=\"0\" allowfullscreen><\/iframe><\/p>\n","protected":false},"excerpt":{"rendered":"<p>Direktor NVO \u201eZeleni Korak\u201d D\u017eeljal Hod\u017ei\u0107 apeluje na nadle\u017ene da hitno preduzmu mjere i zaustave devastaciju najve\u0107eg kanala u op\u0161tini Direktor nevladine organizacije \u201eZeleni korak\u201c D\u017eeljal Hod\u017ei\u0107 apelovao je ju\u010de na predsjednika op\u0161tine Nazifa Cungua i direktora JP za upravljanje morskim dobrom Rajka Barovi\u0107a da hitno preduzmu mjere iz svoje nadle\u017enosti i zaustave devastaciju kanala [&hellip;]<\/p>\n","protected":false},"author":1,"featured_media":0,"comment_status":"open","ping_status":"closed","sticky":false,"template":"","format":"standard","meta":{"spay_email":"","jetpack_publicize_message":"","jetpack_is_tweetstorm":false,"jetpack_publicize_feature_enabled":true},"categories":[8337],"tags":[3445,118,295,19,21596],"jetpack_publicize_connections":[],"yoast_head":"<!-- This site is optimized with the Yoast SEO plugin v19.1 - https:\/\/yoast.com\/wordpress\/plugins\/seo\/ -->\n<title>Port Milenu opet zatrpavaju \u0161utom - Voda zaga\u0111ena - Lajme nga Ulqini<\/title>\n<meta name=\"description\" content=\"Direktor NVO \u201eZeleni Korak\u201d D\u017eeljal Hod\u017ei\u0107 apeluje na nadle\u017ene da hitno preduzmu mjere i zaustave devastaciju najve\u0107eg kanala u op\u0161tini Direktor nevladine\" \/>\n<meta name=\"robots\" content=\"index, follow, max-snippet:-1, max-image-preview:large, max-video-preview:-1\" \/>\n<link rel=\"canonical\" href=\"https:\/\/www.visit-ulcinj.com\/blog\/2012\/12\/07\/port-milenu-opet-zatrpavaju-sutom-voda-zagadena\/\" \/>\n<meta property=\"og:locale\" content=\"en_US\" \/>\n<meta property=\"og:type\" content=\"article\" \/>\n<meta property=\"og:title\" content=\"Port Milenu opet zatrpavaju \u0161utom - Voda zaga\u0111ena - Lajme nga Ulqini\" \/>\n<meta property=\"og:description\" content=\"Direktor NVO \u201eZeleni Korak\u201d D\u017eeljal Hod\u017ei\u0107 apeluje na nadle\u017ene da hitno preduzmu mjere i zaustave devastaciju najve\u0107eg kanala u op\u0161tini Direktor nevladine\" \/>\n<meta property=\"og:url\" content=\"https:\/\/www.visit-ulcinj.com\/blog\/2012\/12\/07\/port-milenu-opet-zatrpavaju-sutom-voda-zagadena\/\" \/>\n<meta property=\"og:site_name\" content=\"Lajme nga Ulqini\" \/>\n<meta property=\"article:published_time\" content=\"2012-12-07T17:24:18+00:00\" \/>\n<meta property=\"article:modified_time\" content=\"2012-12-07T17:56:35+00:00\" \/>\n<meta property=\"og:image\" content=\"http:\/\/www.visit-ulcinj.com\/blog\/wp-content\/uploads\/2012\/12\/Kanal-Port-Milena.jpg\" \/>\n<meta name=\"twitter:label1\" content=\"Written by\" \/>\n\t<meta name=\"twitter:data1\" content=\"ulqini\" \/>\n\t<meta name=\"twitter:label2\" content=\"Est. reading time\" \/>\n\t<meta name=\"twitter:data2\" content=\"4 minutes\" \/>\n<script type=\"application\/ld+json\" class=\"yoast-schema-graph\">{\"@context\":\"https:\/\/schema.org\",\"@graph\":[{\"@type\":\"WebSite\",\"@id\":\"https:\/\/www.visit-ulcinj.com\/blog\/#website\",\"url\":\"https:\/\/www.visit-ulcinj.com\/blog\/\",\"name\":\"Lajme nga Ulqini\",\"description\":\"Lajme,Vijesti,Ulqini,Ulqin,Crna Gora,Mali i Zi\",\"potentialAction\":[{\"@type\":\"SearchAction\",\"target\":{\"@type\":\"EntryPoint\",\"urlTemplate\":\"https:\/\/www.visit-ulcinj.com\/blog\/?s={search_term_string}\"},\"query-input\":\"required name=search_term_string\"}],\"inLanguage\":\"en-US\"},{\"@type\":\"ImageObject\",\"inLanguage\":\"en-US\",\"@id\":\"https:\/\/www.visit-ulcinj.com\/blog\/2012\/12\/07\/port-milenu-opet-zatrpavaju-sutom-voda-zagadena\/#primaryimage\",\"url\":\"https:\/\/www.visit-ulcinj.com\/blog\/wp-content\/uploads\/2012\/12\/Kanal-Port-Milena.jpg\",\"contentUrl\":\"https:\/\/www.visit-ulcinj.com\/blog\/wp-content\/uploads\/2012\/12\/Kanal-Port-Milena.jpg\",\"width\":\"954\",\"height\":\"415\"},{\"@type\":\"WebPage\",\"@id\":\"https:\/\/www.visit-ulcinj.com\/blog\/2012\/12\/07\/port-milenu-opet-zatrpavaju-sutom-voda-zagadena\/#webpage\",\"url\":\"https:\/\/www.visit-ulcinj.com\/blog\/2012\/12\/07\/port-milenu-opet-zatrpavaju-sutom-voda-zagadena\/\",\"name\":\"Port Milenu opet zatrpavaju \u0161utom - Voda zaga\u0111ena - Lajme nga Ulqini\",\"isPartOf\":{\"@id\":\"https:\/\/www.visit-ulcinj.com\/blog\/#website\"},\"primaryImageOfPage\":{\"@id\":\"https:\/\/www.visit-ulcinj.com\/blog\/2012\/12\/07\/port-milenu-opet-zatrpavaju-sutom-voda-zagadena\/#primaryimage\"},\"datePublished\":\"2012-12-07T17:24:18+00:00\",\"dateModified\":\"2012-12-07T17:56:35+00:00\",\"author\":{\"@id\":\"https:\/\/www.visit-ulcinj.com\/blog\/#\/schema\/person\/dcab619c614d3038751c63bc2aadc06d\"},\"description\":\"Direktor NVO \u201eZeleni Korak\u201d D\u017eeljal Hod\u017ei\u0107 apeluje na nadle\u017ene da hitno preduzmu mjere i zaustave devastaciju najve\u0107eg kanala u op\u0161tini Direktor nevladine\",\"breadcrumb\":{\"@id\":\"https:\/\/www.visit-ulcinj.com\/blog\/2012\/12\/07\/port-milenu-opet-zatrpavaju-sutom-voda-zagadena\/#breadcrumb\"},\"inLanguage\":\"en-US\",\"potentialAction\":[{\"@type\":\"ReadAction\",\"target\":[\"https:\/\/www.visit-ulcinj.com\/blog\/2012\/12\/07\/port-milenu-opet-zatrpavaju-sutom-voda-zagadena\/\"]}]},{\"@type\":\"BreadcrumbList\",\"@id\":\"https:\/\/www.visit-ulcinj.com\/blog\/2012\/12\/07\/port-milenu-opet-zatrpavaju-sutom-voda-zagadena\/#breadcrumb\",\"itemListElement\":[{\"@type\":\"ListItem\",\"position\":1,\"name\":\"Port Milenu opet zatrpavaju \u0161utom &#8211; Voda zaga\u0111ena\"}]},{\"@type\":\"Person\",\"@id\":\"https:\/\/www.visit-ulcinj.com\/blog\/#\/schema\/person\/dcab619c614d3038751c63bc2aadc06d\",\"name\":\"ulqini\",\"sameAs\":[\"http:\/\/www.visit-ulcinj.com\"],\"url\":\"https:\/\/www.visit-ulcinj.com\/blog\/author\/admin\/\"}]}<\/script>\n<!-- \/ Yoast SEO plugin. -->","yoast_head_json":{"title":"Port Milenu opet zatrpavaju \u0161utom - Voda zaga\u0111ena - Lajme nga Ulqini","description":"Direktor NVO \u201eZeleni Korak\u201d D\u017eeljal Hod\u017ei\u0107 apeluje na nadle\u017ene da hitno preduzmu mjere i zaustave devastaciju najve\u0107eg kanala u op\u0161tini Direktor nevladine","robots":{"index":"index","follow":"follow","max-snippet":"max-snippet:-1","max-image-preview":"max-image-preview:large","max-video-preview":"max-video-preview:-1"},"canonical":"https:\/\/www.visit-ulcinj.com\/blog\/2012\/12\/07\/port-milenu-opet-zatrpavaju-sutom-voda-zagadena\/","og_locale":"en_US","og_type":"article","og_title":"Port Milenu opet zatrpavaju \u0161utom - Voda zaga\u0111ena - Lajme nga Ulqini","og_description":"Direktor NVO \u201eZeleni Korak\u201d D\u017eeljal Hod\u017ei\u0107 apeluje na nadle\u017ene da hitno preduzmu mjere i zaustave devastaciju najve\u0107eg kanala u op\u0161tini Direktor nevladine","og_url":"https:\/\/www.visit-ulcinj.com\/blog\/2012\/12\/07\/port-milenu-opet-zatrpavaju-sutom-voda-zagadena\/","og_site_name":"Lajme nga Ulqini","article_published_time":"2012-12-07T17:24:18+00:00","article_modified_time":"2012-12-07T17:56:35+00:00","og_image":[{"url":"http:\/\/www.visit-ulcinj.com\/blog\/wp-content\/uploads\/2012\/12\/Kanal-Port-Milena.jpg"}],"twitter_misc":{"Written by":"ulqini","Est. reading time":"4 minutes"},"schema":{"@context":"https:\/\/schema.org","@graph":[{"@type":"WebSite","@id":"https:\/\/www.visit-ulcinj.com\/blog\/#website","url":"https:\/\/www.visit-ulcinj.com\/blog\/","name":"Lajme nga Ulqini","description":"Lajme,Vijesti,Ulqini,Ulqin,Crna Gora,Mali i Zi","potentialAction":[{"@type":"SearchAction","target":{"@type":"EntryPoint","urlTemplate":"https:\/\/www.visit-ulcinj.com\/blog\/?s={search_term_string}"},"query-input":"required name=search_term_string"}],"inLanguage":"en-US"},{"@type":"ImageObject","inLanguage":"en-US","@id":"https:\/\/www.visit-ulcinj.com\/blog\/2012\/12\/07\/port-milenu-opet-zatrpavaju-sutom-voda-zagadena\/#primaryimage","url":"https:\/\/www.visit-ulcinj.com\/blog\/wp-content\/uploads\/2012\/12\/Kanal-Port-Milena.jpg","contentUrl":"https:\/\/www.visit-ulcinj.com\/blog\/wp-content\/uploads\/2012\/12\/Kanal-Port-Milena.jpg","width":"954","height":"415"},{"@type":"WebPage","@id":"https:\/\/www.visit-ulcinj.com\/blog\/2012\/12\/07\/port-milenu-opet-zatrpavaju-sutom-voda-zagadena\/#webpage","url":"https:\/\/www.visit-ulcinj.com\/blog\/2012\/12\/07\/port-milenu-opet-zatrpavaju-sutom-voda-zagadena\/","name":"Port Milenu opet zatrpavaju \u0161utom - Voda zaga\u0111ena - Lajme nga Ulqini","isPartOf":{"@id":"https:\/\/www.visit-ulcinj.com\/blog\/#website"},"primaryImageOfPage":{"@id":"https:\/\/www.visit-ulcinj.com\/blog\/2012\/12\/07\/port-milenu-opet-zatrpavaju-sutom-voda-zagadena\/#primaryimage"},"datePublished":"2012-12-07T17:24:18+00:00","dateModified":"2012-12-07T17:56:35+00:00","author":{"@id":"https:\/\/www.visit-ulcinj.com\/blog\/#\/schema\/person\/dcab619c614d3038751c63bc2aadc06d"},"description":"Direktor NVO \u201eZeleni Korak\u201d D\u017eeljal Hod\u017ei\u0107 apeluje na nadle\u017ene da hitno preduzmu mjere i zaustave devastaciju najve\u0107eg kanala u op\u0161tini Direktor nevladine","breadcrumb":{"@id":"https:\/\/www.visit-ulcinj.com\/blog\/2012\/12\/07\/port-milenu-opet-zatrpavaju-sutom-voda-zagadena\/#breadcrumb"},"inLanguage":"en-US","potentialAction":[{"@type":"ReadAction","target":["https:\/\/www.visit-ulcinj.com\/blog\/2012\/12\/07\/port-milenu-opet-zatrpavaju-sutom-voda-zagadena\/"]}]},{"@type":"BreadcrumbList","@id":"https:\/\/www.visit-ulcinj.com\/blog\/2012\/12\/07\/port-milenu-opet-zatrpavaju-sutom-voda-zagadena\/#breadcrumb","itemListElement":[{"@type":"ListItem","position":1,"name":"Port Milenu opet zatrpavaju \u0161utom &#8211; Voda zaga\u0111ena"}]},{"@type":"Person","@id":"https:\/\/www.visit-ulcinj.com\/blog\/#\/schema\/person\/dcab619c614d3038751c63bc2aadc06d","name":"ulqini","sameAs":["http:\/\/www.visit-ulcinj.com"],"url":"https:\/\/www.visit-ulcinj.com\/blog\/author\/admin\/"}]}},"jetpack_featured_media_url":"","jetpack_sharing_enabled":true,"jetpack_shortlink":"https:\/\/wp.me\/pe6lTn-hjX","_links":{"self":[{"href":"https:\/\/www.visit-ulcinj.com\/blog\/wp-json\/wp\/v2\/posts\/66585"}],"collection":[{"href":"https:\/\/www.visit-ulcinj.com\/blog\/wp-json\/wp\/v2\/posts"}],"about":[{"href":"https:\/\/www.visit-ulcinj.com\/blog\/wp-json\/wp\/v2\/types\/post"}],"author":[{"embeddable":true,"href":"https:\/\/www.visit-ulcinj.com\/blog\/wp-json\/wp\/v2\/users\/1"}],"replies":[{"embeddable":true,"href":"https:\/\/www.visit-ulcinj.com\/blog\/wp-json\/wp\/v2\/comments?post=66585"}],"version-history":[{"count":3,"href":"https:\/\/www.visit-ulcinj.com\/blog\/wp-json\/wp\/v2\/posts\/66585\/revisions"}],"predecessor-version":[{"id":66596,"href":"https:\/\/www.visit-ulcinj.com\/blog\/wp-json\/wp\/v2\/posts\/66585\/revisions\/66596"}],"wp:attachment":[{"href":"https:\/\/www.visit-ulcinj.com\/blog\/wp-json\/wp\/v2\/media?parent=66585"}],"wp:term":[{"taxonomy":"category","embeddable":true,"href":"https:\/\/www.visit-ulcinj.com\/blog\/wp-json\/wp\/v2\/categories?post=66585"},{"taxonomy":"post_tag","embeddable":true,"href":"https:\/\/www.visit-ulcinj.com\/blog\/wp-json\/wp\/v2\/tags?post=66585"}],"curies":[{"name":"wp","href":"https:\/\/api.w.org\/{rel}","templated":true}]}}