{"id":66599,"date":"2012-12-08T09:36:36","date_gmt":"2012-12-08T08:36:36","guid":{"rendered":"http:\/\/www.visit-ulcinj.com\/blog\/?p=66599"},"modified":"2012-12-08T09:36:36","modified_gmt":"2012-12-08T08:36:36","slug":"mali-i-zi-ne-ankth-nga-cikloni-ne-mberritje","status":"publish","type":"post","link":"https:\/\/www.visit-ulcinj.com\/blog\/2012\/12\/08\/mali-i-zi-ne-ankth-nga-cikloni-ne-mberritje\/","title":{"rendered":"Mali i Zi, n\u00eb ankth nga cikloni n\u00eb mb\u00ebrritje"},"content":{"rendered":"<p><strong><a href=\"http:\/\/www.visit-ulcinj.com\/blog\/wp-content\/uploads\/2012\/12\/Prognoza-e-ciklonit-te-ftoft-ne-mal-te-zi.gif\"><img loading=\"lazy\" class=\"alignleft  wp-image-66600\" title=\"Prognoza e ciklonit te ftoft ne mal te zi\" src=\"http:\/\/www.visit-ulcinj.com\/blog\/wp-content\/uploads\/2012\/12\/Prognoza-e-ciklonit-te-ftoft-ne-mal-te-zi.gif\" alt=\"\" width=\"350\" height=\"350\" srcset=\"https:\/\/www.visit-ulcinj.com\/blog\/wp-content\/uploads\/2012\/12\/Prognoza-e-ciklonit-te-ftoft-ne-mal-te-zi.gif 496w, https:\/\/www.visit-ulcinj.com\/blog\/wp-content\/uploads\/2012\/12\/Prognoza-e-ciklonit-te-ftoft-ne-mal-te-zi-150x150.gif 150w, https:\/\/www.visit-ulcinj.com\/blog\/wp-content\/uploads\/2012\/12\/Prognoza-e-ciklonit-te-ftoft-ne-mal-te-zi-300x300.gif 300w\" sizes=\"(max-width: 350px) 100vw, 350px\" \/><\/a>Policia malazeze dhe metereolog\u00ebt paralajm\u00ebruan t\u00eb premten p\u00ebr t\u00eb ashtuquajturin \u201cciklon malazez\u201d, i cili do t\u00eb sjell\u00eb rreshje t\u00eb dendura d\u00ebbore dhe shiu n\u00eb pothuajse t\u00eb gjith\u00eb territorin e fqinjit ton\u00eb verior. <\/strong><\/p>\n<p>Lajmi u raportua t\u00eb premten nga e p\u00ebrditshmja malazeze \u201cVijesti\u201d.Autoritetet kan\u00eb paralajm\u00ebruar se duke nisur nga dita e sotme, gjat\u00eb t\u00eb gjith\u00eb fundjav\u00ebs, mund t\u00eb ket\u00eb probleme n\u00eb qarkullimin rrugor dhe bllokime t\u00eb zonave t\u00eb ndryshme t\u00eb vendit.<\/p>\n<p>D\u00ebbora do t\u00eb jet\u00eb e mir\u00ebpritur n\u00eb disa prej destinacioneve malore, si Kolashin dhe Zabljak, q\u00eb p\u00ebrgatiten p\u00ebr t\u00eb pritur turist\u00ebt dim\u00ebror\u00eb, por pritet me ankth nga shumica e banor\u00ebve t\u00eb vendit me 650 mij\u00eb banor\u00eb, t\u00eb cil\u00ebt kujtojn\u00eb ende pasojat e dimrit t\u00eb ashp\u00ebr t\u00eb nj\u00eb viti m\u00eb par\u00eb.<\/p>\n<p>Si rrjedhoj\u00eb e temperaturave n\u00ebn mesataren historike dhe rreshjeve t\u00eb dendura, shum\u00eb zona n\u00eb Malin e Zi mbet\u00ebn t\u00eb bllokuar p\u00ebr disa jav\u00eb n\u00eb fillim t\u00eb 2012-s, duke detyruar autoritetet q\u00eb t\u00eb furnizonin banor\u00ebt nga ajri n\u00ebp\u00ebrmjet helikopter\u00ebve ushtarak\u00eb.\/Top Channel\/<\/p>\n<p><strong>Shtabi operativ shqyrton v\u00ebrejtjen e entit hidereometereologjike<\/strong><\/p>\n<p>Shtabi operativ p\u00ebr situatat e jasht\u00ebzakonshme shqyrton sot v\u00ebrejtjen e entit hidrometereologjik dhe sizmik p\u00ebr motin e paralajm\u00ebruar te lig i cili gjate vikendit do ta godis\u00eb Malin e Zi dhe do ta miratoje planin e aktiviteteve te m\u00ebtejme .<\/p>\n<p>Nderkaq Elektroekonomia e Malit te zi ka kumtuar sot se te gjitha ekipet dhe kapacitetet e saj jan\u00eb ne gatishm\u00ebri ne m\u00ebnyre qe brenda afatit sa me te shkurt\u00ebr ti zgjidhin problemet eventuale te cilat mund te pasojn\u00eb ne rrjete p\u00ebr shkak te motit te lig te paralajm\u00ebruar. P\u00ebrndryshe Ministria e pun\u00ebve te brendshme u ka d\u00ebrguar institucioneve kompetente ,udh\u00ebheqjeve komunale dhe sh\u00ebrbimeve komunale p\u00ebr mbrojtje dhe shp\u00ebtim v\u00ebrejtje p\u00ebr motin e lig i cili do ta p\u00ebrfshij Malin e Zi nes\u00ebr dhe pasnes\u00ebr. Elektroekonomia p\u00ebrkujton se cikloni i paralajm\u00ebruar mund te shkaktoje pengesa ne sektorin e transmetimit te energjis\u00eb elektrike,ne komunikacion,telekomunikacion dhe ne sektorin e aktiviteteve detare p\u00ebrgjat\u00eb bregdetit.\/TVCG\/<\/p>\n","protected":false},"excerpt":{"rendered":"<p>Policia malazeze dhe metereolog\u00ebt paralajm\u00ebruan t\u00eb premten p\u00ebr t\u00eb ashtuquajturin \u201cciklon malazez\u201d, i cili do t\u00eb sjell\u00eb rreshje t\u00eb dendura d\u00ebbore dhe shiu n\u00eb pothuajse t\u00eb gjith\u00eb territorin e fqinjit ton\u00eb verior. Lajmi u raportua t\u00eb premten nga e p\u00ebrditshmja malazeze \u201cVijesti\u201d.Autoritetet kan\u00eb paralajm\u00ebruar se duke nisur nga dita e sotme, gjat\u00eb t\u00eb gjith\u00eb fundjav\u00ebs, [&hellip;]<\/p>\n","protected":false},"author":1,"featured_media":0,"comment_status":"open","ping_status":"closed","sticky":false,"template":"","format":"standard","meta":{"spay_email":"","jetpack_publicize_message":"","jetpack_is_tweetstorm":false,"jetpack_publicize_feature_enabled":true},"categories":[6950],"tags":[21597],"jetpack_publicize_connections":[],"yoast_head":"<!-- This site is optimized with the Yoast SEO plugin v19.1 - https:\/\/yoast.com\/wordpress\/plugins\/seo\/ -->\n<title>Mali i Zi, n\u00eb ankth nga cikloni n\u00eb mb\u00ebrritje - Lajme nga Ulqini<\/title>\n<meta name=\"description\" content=\"Policia malazeze dhe metereolog\u00ebt paralajm\u00ebruan t\u00eb premten p\u00ebr t\u00eb ashtuquajturin \u201cciklon malazez\u201d, i cili do t\u00eb sjell\u00eb rreshje t\u00eb dendura d\u00ebbore dhe shiu\" \/>\n<meta name=\"robots\" content=\"index, follow, max-snippet:-1, max-image-preview:large, max-video-preview:-1\" \/>\n<link rel=\"canonical\" href=\"https:\/\/www.visit-ulcinj.com\/blog\/2012\/12\/08\/mali-i-zi-ne-ankth-nga-cikloni-ne-mberritje\/\" \/>\n<meta property=\"og:locale\" content=\"en_US\" \/>\n<meta property=\"og:type\" content=\"article\" \/>\n<meta property=\"og:title\" content=\"Mali i Zi, n\u00eb ankth nga cikloni n\u00eb mb\u00ebrritje - Lajme nga Ulqini\" \/>\n<meta property=\"og:description\" content=\"Policia malazeze dhe metereolog\u00ebt paralajm\u00ebruan t\u00eb premten p\u00ebr t\u00eb ashtuquajturin \u201cciklon malazez\u201d, i cili do t\u00eb sjell\u00eb rreshje t\u00eb dendura d\u00ebbore dhe shiu\" \/>\n<meta property=\"og:url\" content=\"https:\/\/www.visit-ulcinj.com\/blog\/2012\/12\/08\/mali-i-zi-ne-ankth-nga-cikloni-ne-mberritje\/\" \/>\n<meta property=\"og:site_name\" content=\"Lajme nga Ulqini\" \/>\n<meta property=\"article:published_time\" content=\"2012-12-08T08:36:36+00:00\" \/>\n<meta property=\"og:image\" content=\"http:\/\/www.visit-ulcinj.com\/blog\/wp-content\/uploads\/2012\/12\/Prognoza-e-ciklonit-te-ftoft-ne-mal-te-zi.gif\" \/>\n<meta name=\"twitter:label1\" content=\"Written by\" \/>\n\t<meta name=\"twitter:data1\" content=\"ulqini\" \/>\n\t<meta name=\"twitter:label2\" content=\"Est. reading time\" \/>\n\t<meta name=\"twitter:data2\" content=\"2 minutes\" \/>\n<script type=\"application\/ld+json\" class=\"yoast-schema-graph\">{\"@context\":\"https:\/\/schema.org\",\"@graph\":[{\"@type\":\"WebSite\",\"@id\":\"https:\/\/www.visit-ulcinj.com\/blog\/#website\",\"url\":\"https:\/\/www.visit-ulcinj.com\/blog\/\",\"name\":\"Lajme nga Ulqini\",\"description\":\"Lajme,Vijesti,Ulqini,Ulqin,Crna Gora,Mali i Zi\",\"potentialAction\":[{\"@type\":\"SearchAction\",\"target\":{\"@type\":\"EntryPoint\",\"urlTemplate\":\"https:\/\/www.visit-ulcinj.com\/blog\/?s={search_term_string}\"},\"query-input\":\"required name=search_term_string\"}],\"inLanguage\":\"en-US\"},{\"@type\":\"ImageObject\",\"inLanguage\":\"en-US\",\"@id\":\"https:\/\/www.visit-ulcinj.com\/blog\/2012\/12\/08\/mali-i-zi-ne-ankth-nga-cikloni-ne-mberritje\/#primaryimage\",\"url\":\"https:\/\/www.visit-ulcinj.com\/blog\/wp-content\/uploads\/2012\/12\/Prognoza-e-ciklonit-te-ftoft-ne-mal-te-zi.gif\",\"contentUrl\":\"https:\/\/www.visit-ulcinj.com\/blog\/wp-content\/uploads\/2012\/12\/Prognoza-e-ciklonit-te-ftoft-ne-mal-te-zi.gif\",\"width\":\"496\",\"height\":\"496\"},{\"@type\":\"WebPage\",\"@id\":\"https:\/\/www.visit-ulcinj.com\/blog\/2012\/12\/08\/mali-i-zi-ne-ankth-nga-cikloni-ne-mberritje\/#webpage\",\"url\":\"https:\/\/www.visit-ulcinj.com\/blog\/2012\/12\/08\/mali-i-zi-ne-ankth-nga-cikloni-ne-mberritje\/\",\"name\":\"Mali i Zi, n\u00eb ankth nga cikloni n\u00eb mb\u00ebrritje - Lajme nga Ulqini\",\"isPartOf\":{\"@id\":\"https:\/\/www.visit-ulcinj.com\/blog\/#website\"},\"primaryImageOfPage\":{\"@id\":\"https:\/\/www.visit-ulcinj.com\/blog\/2012\/12\/08\/mali-i-zi-ne-ankth-nga-cikloni-ne-mberritje\/#primaryimage\"},\"datePublished\":\"2012-12-08T08:36:36+00:00\",\"dateModified\":\"2012-12-08T08:36:36+00:00\",\"author\":{\"@id\":\"https:\/\/www.visit-ulcinj.com\/blog\/#\/schema\/person\/dcab619c614d3038751c63bc2aadc06d\"},\"description\":\"Policia malazeze dhe metereolog\u00ebt paralajm\u00ebruan t\u00eb premten p\u00ebr t\u00eb ashtuquajturin \u201cciklon malazez\u201d, i cili do t\u00eb sjell\u00eb rreshje t\u00eb dendura d\u00ebbore dhe shiu\",\"breadcrumb\":{\"@id\":\"https:\/\/www.visit-ulcinj.com\/blog\/2012\/12\/08\/mali-i-zi-ne-ankth-nga-cikloni-ne-mberritje\/#breadcrumb\"},\"inLanguage\":\"en-US\",\"potentialAction\":[{\"@type\":\"ReadAction\",\"target\":[\"https:\/\/www.visit-ulcinj.com\/blog\/2012\/12\/08\/mali-i-zi-ne-ankth-nga-cikloni-ne-mberritje\/\"]}]},{\"@type\":\"BreadcrumbList\",\"@id\":\"https:\/\/www.visit-ulcinj.com\/blog\/2012\/12\/08\/mali-i-zi-ne-ankth-nga-cikloni-ne-mberritje\/#breadcrumb\",\"itemListElement\":[{\"@type\":\"ListItem\",\"position\":1,\"name\":\"Mali i Zi, n\u00eb ankth nga cikloni n\u00eb mb\u00ebrritje\"}]},{\"@type\":\"Person\",\"@id\":\"https:\/\/www.visit-ulcinj.com\/blog\/#\/schema\/person\/dcab619c614d3038751c63bc2aadc06d\",\"name\":\"ulqini\",\"sameAs\":[\"http:\/\/www.visit-ulcinj.com\"],\"url\":\"https:\/\/www.visit-ulcinj.com\/blog\/author\/admin\/\"}]}<\/script>\n<!-- \/ Yoast SEO plugin. -->","yoast_head_json":{"title":"Mali i Zi, n\u00eb ankth nga cikloni n\u00eb mb\u00ebrritje - Lajme nga Ulqini","description":"Policia malazeze dhe metereolog\u00ebt paralajm\u00ebruan t\u00eb premten p\u00ebr t\u00eb ashtuquajturin \u201cciklon malazez\u201d, i cili do t\u00eb sjell\u00eb rreshje t\u00eb dendura d\u00ebbore dhe shiu","robots":{"index":"index","follow":"follow","max-snippet":"max-snippet:-1","max-image-preview":"max-image-preview:large","max-video-preview":"max-video-preview:-1"},"canonical":"https:\/\/www.visit-ulcinj.com\/blog\/2012\/12\/08\/mali-i-zi-ne-ankth-nga-cikloni-ne-mberritje\/","og_locale":"en_US","og_type":"article","og_title":"Mali i Zi, n\u00eb ankth nga cikloni n\u00eb mb\u00ebrritje - Lajme nga Ulqini","og_description":"Policia malazeze dhe metereolog\u00ebt paralajm\u00ebruan t\u00eb premten p\u00ebr t\u00eb ashtuquajturin \u201cciklon malazez\u201d, i cili do t\u00eb sjell\u00eb rreshje t\u00eb dendura d\u00ebbore dhe shiu","og_url":"https:\/\/www.visit-ulcinj.com\/blog\/2012\/12\/08\/mali-i-zi-ne-ankth-nga-cikloni-ne-mberritje\/","og_site_name":"Lajme nga Ulqini","article_published_time":"2012-12-08T08:36:36+00:00","og_image":[{"url":"http:\/\/www.visit-ulcinj.com\/blog\/wp-content\/uploads\/2012\/12\/Prognoza-e-ciklonit-te-ftoft-ne-mal-te-zi.gif"}],"twitter_misc":{"Written by":"ulqini","Est. reading time":"2 minutes"},"schema":{"@context":"https:\/\/schema.org","@graph":[{"@type":"WebSite","@id":"https:\/\/www.visit-ulcinj.com\/blog\/#website","url":"https:\/\/www.visit-ulcinj.com\/blog\/","name":"Lajme nga Ulqini","description":"Lajme,Vijesti,Ulqini,Ulqin,Crna Gora,Mali i Zi","potentialAction":[{"@type":"SearchAction","target":{"@type":"EntryPoint","urlTemplate":"https:\/\/www.visit-ulcinj.com\/blog\/?s={search_term_string}"},"query-input":"required name=search_term_string"}],"inLanguage":"en-US"},{"@type":"ImageObject","inLanguage":"en-US","@id":"https:\/\/www.visit-ulcinj.com\/blog\/2012\/12\/08\/mali-i-zi-ne-ankth-nga-cikloni-ne-mberritje\/#primaryimage","url":"https:\/\/www.visit-ulcinj.com\/blog\/wp-content\/uploads\/2012\/12\/Prognoza-e-ciklonit-te-ftoft-ne-mal-te-zi.gif","contentUrl":"https:\/\/www.visit-ulcinj.com\/blog\/wp-content\/uploads\/2012\/12\/Prognoza-e-ciklonit-te-ftoft-ne-mal-te-zi.gif","width":"496","height":"496"},{"@type":"WebPage","@id":"https:\/\/www.visit-ulcinj.com\/blog\/2012\/12\/08\/mali-i-zi-ne-ankth-nga-cikloni-ne-mberritje\/#webpage","url":"https:\/\/www.visit-ulcinj.com\/blog\/2012\/12\/08\/mali-i-zi-ne-ankth-nga-cikloni-ne-mberritje\/","name":"Mali i Zi, n\u00eb ankth nga cikloni n\u00eb mb\u00ebrritje - Lajme nga Ulqini","isPartOf":{"@id":"https:\/\/www.visit-ulcinj.com\/blog\/#website"},"primaryImageOfPage":{"@id":"https:\/\/www.visit-ulcinj.com\/blog\/2012\/12\/08\/mali-i-zi-ne-ankth-nga-cikloni-ne-mberritje\/#primaryimage"},"datePublished":"2012-12-08T08:36:36+00:00","dateModified":"2012-12-08T08:36:36+00:00","author":{"@id":"https:\/\/www.visit-ulcinj.com\/blog\/#\/schema\/person\/dcab619c614d3038751c63bc2aadc06d"},"description":"Policia malazeze dhe metereolog\u00ebt paralajm\u00ebruan t\u00eb premten p\u00ebr t\u00eb ashtuquajturin \u201cciklon malazez\u201d, i cili do t\u00eb sjell\u00eb rreshje t\u00eb dendura d\u00ebbore dhe shiu","breadcrumb":{"@id":"https:\/\/www.visit-ulcinj.com\/blog\/2012\/12\/08\/mali-i-zi-ne-ankth-nga-cikloni-ne-mberritje\/#breadcrumb"},"inLanguage":"en-US","potentialAction":[{"@type":"ReadAction","target":["https:\/\/www.visit-ulcinj.com\/blog\/2012\/12\/08\/mali-i-zi-ne-ankth-nga-cikloni-ne-mberritje\/"]}]},{"@type":"BreadcrumbList","@id":"https:\/\/www.visit-ulcinj.com\/blog\/2012\/12\/08\/mali-i-zi-ne-ankth-nga-cikloni-ne-mberritje\/#breadcrumb","itemListElement":[{"@type":"ListItem","position":1,"name":"Mali i Zi, n\u00eb ankth nga cikloni n\u00eb mb\u00ebrritje"}]},{"@type":"Person","@id":"https:\/\/www.visit-ulcinj.com\/blog\/#\/schema\/person\/dcab619c614d3038751c63bc2aadc06d","name":"ulqini","sameAs":["http:\/\/www.visit-ulcinj.com"],"url":"https:\/\/www.visit-ulcinj.com\/blog\/author\/admin\/"}]}},"jetpack_featured_media_url":"","jetpack_sharing_enabled":true,"jetpack_shortlink":"https:\/\/wp.me\/pe6lTn-hkb","_links":{"self":[{"href":"https:\/\/www.visit-ulcinj.com\/blog\/wp-json\/wp\/v2\/posts\/66599"}],"collection":[{"href":"https:\/\/www.visit-ulcinj.com\/blog\/wp-json\/wp\/v2\/posts"}],"about":[{"href":"https:\/\/www.visit-ulcinj.com\/blog\/wp-json\/wp\/v2\/types\/post"}],"author":[{"embeddable":true,"href":"https:\/\/www.visit-ulcinj.com\/blog\/wp-json\/wp\/v2\/users\/1"}],"replies":[{"embeddable":true,"href":"https:\/\/www.visit-ulcinj.com\/blog\/wp-json\/wp\/v2\/comments?post=66599"}],"version-history":[{"count":1,"href":"https:\/\/www.visit-ulcinj.com\/blog\/wp-json\/wp\/v2\/posts\/66599\/revisions"}],"predecessor-version":[{"id":66601,"href":"https:\/\/www.visit-ulcinj.com\/blog\/wp-json\/wp\/v2\/posts\/66599\/revisions\/66601"}],"wp:attachment":[{"href":"https:\/\/www.visit-ulcinj.com\/blog\/wp-json\/wp\/v2\/media?parent=66599"}],"wp:term":[{"taxonomy":"category","embeddable":true,"href":"https:\/\/www.visit-ulcinj.com\/blog\/wp-json\/wp\/v2\/categories?post=66599"},{"taxonomy":"post_tag","embeddable":true,"href":"https:\/\/www.visit-ulcinj.com\/blog\/wp-json\/wp\/v2\/tags?post=66599"}],"curies":[{"name":"wp","href":"https:\/\/api.w.org\/{rel}","templated":true}]}}