{"id":66602,"date":"2012-12-08T17:33:25","date_gmt":"2012-12-08T16:33:25","guid":{"rendered":"http:\/\/www.visit-ulcinj.com\/blog\/?p=66602"},"modified":"2012-12-08T17:36:56","modified_gmt":"2012-12-08T16:36:56","slug":"ne-dirajte-nam-samo-vlast-u-ulcinju","status":"publish","type":"post","link":"https:\/\/www.visit-ulcinj.com\/blog\/2012\/12\/08\/ne-dirajte-nam-samo-vlast-u-ulcinju\/","title":{"rendered":"Ne dirajte nam samo vlast u Ulcinju"},"content":{"rendered":"<p><a href=\"http:\/\/www.visit-ulcinj.com\/blog\/wp-content\/uploads\/2012\/12\/Ulcinj-danas_Sejdo-Ismajli.jpg\"><img loading=\"lazy\" class=\"alignleft size-full wp-image-66603\" title=\"Ulcinj danas_Sejdo Ismajli\" src=\"http:\/\/www.visit-ulcinj.com\/blog\/wp-content\/uploads\/2012\/12\/Ulcinj-danas_Sejdo-Ismajli.jpg\" alt=\"\" width=\"400\" height=\"304\" srcset=\"https:\/\/www.visit-ulcinj.com\/blog\/wp-content\/uploads\/2012\/12\/Ulcinj-danas_Sejdo-Ismajli.jpg 400w, https:\/\/www.visit-ulcinj.com\/blog\/wp-content\/uploads\/2012\/12\/Ulcinj-danas_Sejdo-Ismajli-300x228.jpg 300w\" sizes=\"(max-width: 400px) 100vw, 400px\" \/><\/a>Nedavni parlamentarni izbori i postizborna de\u0161avanja doveli su do zna\u010dajnog pomjeranja na politi\u010dkoj sceni u Ulcinju. Mo\u017eda su najve\u0107i gubitnici albanske nacionalne partije, jer su tek dvije stranke i to u \u0161irokim koalicijama uspjele da obezbjede samo dva poslani\u010dka mandata. Podsjetimo se da su u ranijem sazivu one imale dva puta vi\u0161e mjesta, odnosno \u010detiri mandata. Zbog svega toga nijesu uspjele ni da samostalno formiraju poslani\u010dki klub. I kada je to u\u010dinjeno, sasvim bespotrebno se u tom klubu uz Hrvatsku gra\u0111ansku inicijativu na\u0161la i Liberalna partija Andrije Popovi\u0107a, koji je, ina\u010de, bio na poslani\u010dkoj listi Demokratske partije socijalista i Socijaldemokratske partije.<br \/>\nI postizborna de\u0161avanja bila su, dakle, traljava i mu\u010dna. Jedna partija je postala dio vladaju\u0107e koalicije bez ikakvih uslova, a sada saznajemo da je tako ne\u0161to dogovoreno jo\u0161 prije izbora. Druga stranka je navodno ne\u0161to ispregovarala, niko ne zna ta\u010dno \u0161to i sa kime, mada oni koji razumiju politi\u010dka de\u0161avanja lako mogu pro\u010ditati njihovu molbu: ne dirajte nam samo vlast u Ulcinju.<br \/>\nI to je, da se razumijemo, sasvim legitimno, ali treba biti iskren i to bez uvijanja re\u0107i glasa\u010dima i simpatizerima. Jer, tra\u017eiti maglovite izgovore, mahati nekim konkretnim funkcijama u javnim institucijama i u vladi, kao dokazu \u010car\u0161iji da se postigao optimum, je veoma opasno. Vrijeme veoma brzo prolazi i svi \u0107e uskoro mo\u0107i da provjere ta\u010dnost tih navoda.<br \/>\nPitanje je tako\u0111e da li reli ovakvim politi\u010dkim serpentinama mogu pratiti bira\u010di. Siguran sam da dobar dio glasa\u010da ne \u017eeli olako prihvatiti ovakve \u010dokolade. Jo\u0161 je mo\u017eda zna\u010dajnije da se sa tim ne sla\u017eu istaknuti funkcioneri u ovim strankama i da je ve\u0107 po\u010dela sezona ostavki. To dokazuje da strana\u010dka rukovodstva ne mogu bez posljedica raditi \u0161to god im se prohtije. Dugo je u nekim partijama njegovan opozicioni duh, da bi on tako lako nestao.<br \/>\n<a href=\"http:\/\/www.visit-ulcinj.com\/blog\/wp-content\/uploads\/2012\/12\/Dritan-Abazovic_Ulcinj1.jpg\"><img loading=\"lazy\" class=\"alignleft  wp-image-66604\" title=\"Dritan Abazovic_Ulcinj\" src=\"http:\/\/www.visit-ulcinj.com\/blog\/wp-content\/uploads\/2012\/12\/Dritan-Abazovic_Ulcinj1.jpg\" alt=\"\" width=\"508\" height=\"300\" \/><\/a><br \/>\nPosebno ne sada kada im za vratom di\u0161e politi\u010dki Mesi, taj stra\u0161ni Dritan Abazovi\u0107. Njegov prvi nastup u crnogorskoj Skup\u0161tini potvrdio je da \u0107e ostalim poslanicima iz Ulcinja, a ima ih jo\u0161 \u010detiri, biti izuzetno te\u0161ko da do\u0111u do izra\u017eaja. Naro\u010dito se to odnosi na predstavnike albanskih stranaka i koalicija kojima je, u ovakvoj konstelaciji, izuzetno su\u017een manevarski prostor za politi\u010dko djelovanje.<br \/>\nZato su one osu\u0111ene da sve \u0161to znaju poka\u017eu na doma\u0107em terenu. Rezultati postignuti od po\u010detka vladavine, a ima tome ve\u0107 gotovo 15 mjeseci, nijesu pohvalni. Ako se uspje\u0161nost jedne politike najbolje \u010dita iz brojki onda \u010dinjenica da \u0107e ionako skromni bud\u017eet op\u0161tine biti realizovan tek oko 50 odsto dovoljno govori.<br \/>\nDakle, vremena za djelovanje ima veoma malo da bi se kona\u010dno pokazala umje\u0161nost njihovog vladanja \u00a0i dosljedno zalaganje za klju\u010dne interese op\u0161tine. To zna\u010di da oni u veoma kratkom roku moraju potvrditi da su odbranu prava I interesa svojih sugra\u0111ana i na\u0161e lokalne samouprave stavili ispred svojih funkcija. Najkonkretnije: oni moraju re\u0107i \u0110ukanovi\u0107u i njegovim ministrima da nema i ne mo\u017ee biti govora o nekakvom zakupu za Valdanos. I najmanje poga\u0111anje oko toga u\u010dini\u0107e da se te stranke uru\u0161e same od sebe, jer \u0107e udariti u temelje svojih programa. Za nauk \u00a0im mogu poslu\u017eiti sudbine nekada vode\u0107ih nacionalnih stranaka. Uostalom, stara je istina: narod ne vidi, ali osje\u0107a. Blago onom ko to razumije i bude narodni sluga. Taj \u0107e njime dugo vladati.<\/p>\n<p><strong>Mustafa Canka<\/strong><\/p>\n","protected":false},"excerpt":{"rendered":"<p>Nedavni parlamentarni izbori i postizborna de\u0161avanja doveli su do zna\u010dajnog pomjeranja na politi\u010dkoj sceni u Ulcinju. Mo\u017eda su najve\u0107i gubitnici albanske nacionalne partije, jer su tek dvije stranke i to u \u0161irokim koalicijama uspjele da obezbjede samo dva poslani\u010dka mandata. Podsjetimo se da su u ranijem sazivu one imale dva puta vi\u0161e mjesta, odnosno \u010detiri [&hellip;]<\/p>\n","protected":false},"author":1,"featured_media":0,"comment_status":"open","ping_status":"closed","sticky":false,"template":"","format":"standard","meta":{"spay_email":"","jetpack_publicize_message":"","jetpack_is_tweetstorm":false,"jetpack_publicize_feature_enabled":true},"categories":[8337],"tags":[19],"jetpack_publicize_connections":[],"yoast_head":"<!-- This site is optimized with the Yoast SEO plugin v19.1 - https:\/\/yoast.com\/wordpress\/plugins\/seo\/ -->\n<title>Ne dirajte nam samo vlast u Ulcinju - Lajme nga Ulqini<\/title>\n<meta name=\"description\" content=\"Nedavni parlamentarni izbori i postizborna de\u0161avanja doveli su do zna\u010dajnog pomjeranja na politi\u010dkoj sceni u Ulcinju. Mo\u017eda su najve\u0107i gubitnici albanske\" \/>\n<meta name=\"robots\" content=\"index, follow, max-snippet:-1, max-image-preview:large, max-video-preview:-1\" \/>\n<link rel=\"canonical\" href=\"https:\/\/www.visit-ulcinj.com\/blog\/2012\/12\/08\/ne-dirajte-nam-samo-vlast-u-ulcinju\/\" \/>\n<meta property=\"og:locale\" content=\"en_US\" \/>\n<meta property=\"og:type\" content=\"article\" \/>\n<meta property=\"og:title\" content=\"Ne dirajte nam samo vlast u Ulcinju - Lajme nga Ulqini\" \/>\n<meta property=\"og:description\" content=\"Nedavni parlamentarni izbori i postizborna de\u0161avanja doveli su do zna\u010dajnog pomjeranja na politi\u010dkoj sceni u Ulcinju. Mo\u017eda su najve\u0107i gubitnici albanske\" \/>\n<meta property=\"og:url\" content=\"https:\/\/www.visit-ulcinj.com\/blog\/2012\/12\/08\/ne-dirajte-nam-samo-vlast-u-ulcinju\/\" \/>\n<meta property=\"og:site_name\" content=\"Lajme nga Ulqini\" \/>\n<meta property=\"article:published_time\" content=\"2012-12-08T16:33:25+00:00\" \/>\n<meta property=\"article:modified_time\" content=\"2012-12-08T16:36:56+00:00\" \/>\n<meta property=\"og:image\" content=\"http:\/\/www.visit-ulcinj.com\/blog\/wp-content\/uploads\/2012\/12\/Ulcinj-danas_Sejdo-Ismajli.jpg\" \/>\n<meta name=\"twitter:label1\" content=\"Written by\" \/>\n\t<meta name=\"twitter:data1\" content=\"ulqini\" \/>\n\t<meta name=\"twitter:label2\" content=\"Est. reading time\" \/>\n\t<meta name=\"twitter:data2\" content=\"3 minutes\" \/>\n<script type=\"application\/ld+json\" class=\"yoast-schema-graph\">{\"@context\":\"https:\/\/schema.org\",\"@graph\":[{\"@type\":\"WebSite\",\"@id\":\"https:\/\/www.visit-ulcinj.com\/blog\/#website\",\"url\":\"https:\/\/www.visit-ulcinj.com\/blog\/\",\"name\":\"Lajme nga Ulqini\",\"description\":\"Lajme,Vijesti,Ulqini,Ulqin,Crna Gora,Mali i Zi\",\"potentialAction\":[{\"@type\":\"SearchAction\",\"target\":{\"@type\":\"EntryPoint\",\"urlTemplate\":\"https:\/\/www.visit-ulcinj.com\/blog\/?s={search_term_string}\"},\"query-input\":\"required name=search_term_string\"}],\"inLanguage\":\"en-US\"},{\"@type\":\"ImageObject\",\"inLanguage\":\"en-US\",\"@id\":\"https:\/\/www.visit-ulcinj.com\/blog\/2012\/12\/08\/ne-dirajte-nam-samo-vlast-u-ulcinju\/#primaryimage\",\"url\":\"https:\/\/www.visit-ulcinj.com\/blog\/wp-content\/uploads\/2012\/12\/Ulcinj-danas_Sejdo-Ismajli.jpg\",\"contentUrl\":\"https:\/\/www.visit-ulcinj.com\/blog\/wp-content\/uploads\/2012\/12\/Ulcinj-danas_Sejdo-Ismajli.jpg\",\"width\":\"400\",\"height\":\"304\"},{\"@type\":\"WebPage\",\"@id\":\"https:\/\/www.visit-ulcinj.com\/blog\/2012\/12\/08\/ne-dirajte-nam-samo-vlast-u-ulcinju\/#webpage\",\"url\":\"https:\/\/www.visit-ulcinj.com\/blog\/2012\/12\/08\/ne-dirajte-nam-samo-vlast-u-ulcinju\/\",\"name\":\"Ne dirajte nam samo vlast u Ulcinju - Lajme nga Ulqini\",\"isPartOf\":{\"@id\":\"https:\/\/www.visit-ulcinj.com\/blog\/#website\"},\"primaryImageOfPage\":{\"@id\":\"https:\/\/www.visit-ulcinj.com\/blog\/2012\/12\/08\/ne-dirajte-nam-samo-vlast-u-ulcinju\/#primaryimage\"},\"datePublished\":\"2012-12-08T16:33:25+00:00\",\"dateModified\":\"2012-12-08T16:36:56+00:00\",\"author\":{\"@id\":\"https:\/\/www.visit-ulcinj.com\/blog\/#\/schema\/person\/dcab619c614d3038751c63bc2aadc06d\"},\"description\":\"Nedavni parlamentarni izbori i postizborna de\u0161avanja doveli su do zna\u010dajnog pomjeranja na politi\u010dkoj sceni u Ulcinju. Mo\u017eda su najve\u0107i gubitnici albanske\",\"breadcrumb\":{\"@id\":\"https:\/\/www.visit-ulcinj.com\/blog\/2012\/12\/08\/ne-dirajte-nam-samo-vlast-u-ulcinju\/#breadcrumb\"},\"inLanguage\":\"en-US\",\"potentialAction\":[{\"@type\":\"ReadAction\",\"target\":[\"https:\/\/www.visit-ulcinj.com\/blog\/2012\/12\/08\/ne-dirajte-nam-samo-vlast-u-ulcinju\/\"]}]},{\"@type\":\"BreadcrumbList\",\"@id\":\"https:\/\/www.visit-ulcinj.com\/blog\/2012\/12\/08\/ne-dirajte-nam-samo-vlast-u-ulcinju\/#breadcrumb\",\"itemListElement\":[{\"@type\":\"ListItem\",\"position\":1,\"name\":\"Ne dirajte nam samo vlast u Ulcinju\"}]},{\"@type\":\"Person\",\"@id\":\"https:\/\/www.visit-ulcinj.com\/blog\/#\/schema\/person\/dcab619c614d3038751c63bc2aadc06d\",\"name\":\"ulqini\",\"sameAs\":[\"http:\/\/www.visit-ulcinj.com\"],\"url\":\"https:\/\/www.visit-ulcinj.com\/blog\/author\/admin\/\"}]}<\/script>\n<!-- \/ Yoast SEO plugin. -->","yoast_head_json":{"title":"Ne dirajte nam samo vlast u Ulcinju - Lajme nga Ulqini","description":"Nedavni parlamentarni izbori i postizborna de\u0161avanja doveli su do zna\u010dajnog pomjeranja na politi\u010dkoj sceni u Ulcinju. Mo\u017eda su najve\u0107i gubitnici albanske","robots":{"index":"index","follow":"follow","max-snippet":"max-snippet:-1","max-image-preview":"max-image-preview:large","max-video-preview":"max-video-preview:-1"},"canonical":"https:\/\/www.visit-ulcinj.com\/blog\/2012\/12\/08\/ne-dirajte-nam-samo-vlast-u-ulcinju\/","og_locale":"en_US","og_type":"article","og_title":"Ne dirajte nam samo vlast u Ulcinju - Lajme nga Ulqini","og_description":"Nedavni parlamentarni izbori i postizborna de\u0161avanja doveli su do zna\u010dajnog pomjeranja na politi\u010dkoj sceni u Ulcinju. Mo\u017eda su najve\u0107i gubitnici albanske","og_url":"https:\/\/www.visit-ulcinj.com\/blog\/2012\/12\/08\/ne-dirajte-nam-samo-vlast-u-ulcinju\/","og_site_name":"Lajme nga Ulqini","article_published_time":"2012-12-08T16:33:25+00:00","article_modified_time":"2012-12-08T16:36:56+00:00","og_image":[{"url":"http:\/\/www.visit-ulcinj.com\/blog\/wp-content\/uploads\/2012\/12\/Ulcinj-danas_Sejdo-Ismajli.jpg"}],"twitter_misc":{"Written by":"ulqini","Est. reading time":"3 minutes"},"schema":{"@context":"https:\/\/schema.org","@graph":[{"@type":"WebSite","@id":"https:\/\/www.visit-ulcinj.com\/blog\/#website","url":"https:\/\/www.visit-ulcinj.com\/blog\/","name":"Lajme nga Ulqini","description":"Lajme,Vijesti,Ulqini,Ulqin,Crna Gora,Mali i Zi","potentialAction":[{"@type":"SearchAction","target":{"@type":"EntryPoint","urlTemplate":"https:\/\/www.visit-ulcinj.com\/blog\/?s={search_term_string}"},"query-input":"required name=search_term_string"}],"inLanguage":"en-US"},{"@type":"ImageObject","inLanguage":"en-US","@id":"https:\/\/www.visit-ulcinj.com\/blog\/2012\/12\/08\/ne-dirajte-nam-samo-vlast-u-ulcinju\/#primaryimage","url":"https:\/\/www.visit-ulcinj.com\/blog\/wp-content\/uploads\/2012\/12\/Ulcinj-danas_Sejdo-Ismajli.jpg","contentUrl":"https:\/\/www.visit-ulcinj.com\/blog\/wp-content\/uploads\/2012\/12\/Ulcinj-danas_Sejdo-Ismajli.jpg","width":"400","height":"304"},{"@type":"WebPage","@id":"https:\/\/www.visit-ulcinj.com\/blog\/2012\/12\/08\/ne-dirajte-nam-samo-vlast-u-ulcinju\/#webpage","url":"https:\/\/www.visit-ulcinj.com\/blog\/2012\/12\/08\/ne-dirajte-nam-samo-vlast-u-ulcinju\/","name":"Ne dirajte nam samo vlast u Ulcinju - Lajme nga Ulqini","isPartOf":{"@id":"https:\/\/www.visit-ulcinj.com\/blog\/#website"},"primaryImageOfPage":{"@id":"https:\/\/www.visit-ulcinj.com\/blog\/2012\/12\/08\/ne-dirajte-nam-samo-vlast-u-ulcinju\/#primaryimage"},"datePublished":"2012-12-08T16:33:25+00:00","dateModified":"2012-12-08T16:36:56+00:00","author":{"@id":"https:\/\/www.visit-ulcinj.com\/blog\/#\/schema\/person\/dcab619c614d3038751c63bc2aadc06d"},"description":"Nedavni parlamentarni izbori i postizborna de\u0161avanja doveli su do zna\u010dajnog pomjeranja na politi\u010dkoj sceni u Ulcinju. Mo\u017eda su najve\u0107i gubitnici albanske","breadcrumb":{"@id":"https:\/\/www.visit-ulcinj.com\/blog\/2012\/12\/08\/ne-dirajte-nam-samo-vlast-u-ulcinju\/#breadcrumb"},"inLanguage":"en-US","potentialAction":[{"@type":"ReadAction","target":["https:\/\/www.visit-ulcinj.com\/blog\/2012\/12\/08\/ne-dirajte-nam-samo-vlast-u-ulcinju\/"]}]},{"@type":"BreadcrumbList","@id":"https:\/\/www.visit-ulcinj.com\/blog\/2012\/12\/08\/ne-dirajte-nam-samo-vlast-u-ulcinju\/#breadcrumb","itemListElement":[{"@type":"ListItem","position":1,"name":"Ne dirajte nam samo vlast u Ulcinju"}]},{"@type":"Person","@id":"https:\/\/www.visit-ulcinj.com\/blog\/#\/schema\/person\/dcab619c614d3038751c63bc2aadc06d","name":"ulqini","sameAs":["http:\/\/www.visit-ulcinj.com"],"url":"https:\/\/www.visit-ulcinj.com\/blog\/author\/admin\/"}]}},"jetpack_featured_media_url":"","jetpack_sharing_enabled":true,"jetpack_shortlink":"https:\/\/wp.me\/pe6lTn-hke","_links":{"self":[{"href":"https:\/\/www.visit-ulcinj.com\/blog\/wp-json\/wp\/v2\/posts\/66602"}],"collection":[{"href":"https:\/\/www.visit-ulcinj.com\/blog\/wp-json\/wp\/v2\/posts"}],"about":[{"href":"https:\/\/www.visit-ulcinj.com\/blog\/wp-json\/wp\/v2\/types\/post"}],"author":[{"embeddable":true,"href":"https:\/\/www.visit-ulcinj.com\/blog\/wp-json\/wp\/v2\/users\/1"}],"replies":[{"embeddable":true,"href":"https:\/\/www.visit-ulcinj.com\/blog\/wp-json\/wp\/v2\/comments?post=66602"}],"version-history":[{"count":4,"href":"https:\/\/www.visit-ulcinj.com\/blog\/wp-json\/wp\/v2\/posts\/66602\/revisions"}],"predecessor-version":[{"id":66608,"href":"https:\/\/www.visit-ulcinj.com\/blog\/wp-json\/wp\/v2\/posts\/66602\/revisions\/66608"}],"wp:attachment":[{"href":"https:\/\/www.visit-ulcinj.com\/blog\/wp-json\/wp\/v2\/media?parent=66602"}],"wp:term":[{"taxonomy":"category","embeddable":true,"href":"https:\/\/www.visit-ulcinj.com\/blog\/wp-json\/wp\/v2\/categories?post=66602"},{"taxonomy":"post_tag","embeddable":true,"href":"https:\/\/www.visit-ulcinj.com\/blog\/wp-json\/wp\/v2\/tags?post=66602"}],"curies":[{"name":"wp","href":"https:\/\/api.w.org\/{rel}","templated":true}]}}